{"id":9937,"date":"2023-10-17T17:46:37","date_gmt":"2023-10-17T15:46:37","guid":{"rendered":"https:\/\/www.antikvar.sk\/blog\/?p=9937"},"modified":"2023-10-18T15:25:40","modified_gmt":"2023-10-18T13:25:40","slug":"chyba-progresivne-zasvatenie-fejton","status":"publish","type":"post","link":"https:\/\/www.antikvar.sk\/blog\/chyba-progresivne-zasvatenie-fejton\/","title":{"rendered":"Ministrom ch\u00fdba progres\u00edvne zasv\u00e4tenie &#8211; fejt\u00f3n"},"content":{"rendered":"<p><span style=\"font-size: 14pt;\">\u0160ime\u010dka, bystr\u00fd to odchovanec zahrani\u010dn\u00e9ho agenta (<a href=\"https:\/\/www.extraplus.sk\/clanok\/fico-skoncila-sa-era-ked-v-tejto-krajine-vladli-mimovladne-organizacie\" target=\"_blank\" rel=\"noopener\">pokia\u013e Fico spln\u00ed svoj s\u013eub<\/a>) nezvl\u00e1dol jednu z\u00e1sadn\u00fa vec. Nestihol infiltrova\u0165 SNS tzv. <em>\u0160ime\u010dkov\u00fdmi svedkami. <\/em>Nemusel by teraz verejne \u00fatokom na ministersk\u00e9 nomin\u00e1cie Huliaka a \u0160imkovi\u010dovej prizna\u0165, \u017ee PS nemalo, ako sa zo za\u010diatku zdalo, v\u0161etko pod kontrolou.<\/span><\/p>\n<p><span style=\"font-size: 14pt;\"><strong><a href=\"https:\/\/www.hlavnespravy.sk\/ps-vyzvalo-fica-a-pellegriniho-aby-zabranili-nominaciam-sns\/3291758\" target=\"_blank\" rel=\"noopener\">\u201cVyz\u00fdvam Roberta Fica a Petra Pellegriniho, aby zamedzili t\u00fdmto nomin\u00e1ci\u00e1m\u201d<\/a>, <\/strong>zahrmel.<\/span><\/p>\n<p style=\"text-align: justify;\"><a href=\"https:\/\/www.hlavnespravy.sk\/ps-vyzvalo-fica-a-pellegriniho-aby-zabranili-nominaciam-sns\/3291758\" target=\"_blank\" rel=\"noopener\"><span style=\"font-size: 14pt;\">S Huliakom a \u0160imkovi\u010dovou na dan\u00fdch postoch pod\u013ea neho nedosiahnu, aby vl\u00e1da p\u00f4sobila navonok aspo\u0148 trochu kompetentne a Slovensko malo aspo\u0148 z\u00e1kladn\u00fd re\u0161pekt na medzin\u00e1rodnej sc\u00e9ne.&nbsp;<\/span><\/a><\/p>\n<p style=\"text-align: justify;\"><span style=\"font-size: 14pt;\">Zabudol pri tom v\u0161ak verejnosti ozn\u00e1mi\u0165 hlavn\u00fd d\u00f4vod jeho pohor\u0161enia: Obaja s\u00fa roduvern\u00ed Slov\u00e1ci, a preto nemohli prejs\u0165 progres\u00edvnym programovan\u00edm a zasv\u00e4ten\u00edm, aby vyhoveli.<br \/>\n<\/span><\/p>\n<p style=\"text-align: justify;\"><span style=\"font-size: 14pt;\">Nebu\u010fme ale vo\u010di \u0160ime\u010dkovi nespravodliv\u00ed: \u00fadajne prezradil <a href=\"https:\/\/www.antikvar.sk\/blog\/potkany-opustaju-lod-fejton\/\" target=\"_blank\" rel=\"noopener\">A. Solt\u00e9szovi<\/a>&nbsp; v bratislavskej kaviarni, \u017ee e\u0161te pred odchodom z funkcie podpredsedu Eur\u00f3pskeho parlamentu, podrob\u00ed kritike <a href=\"https:\/\/www.britannica.com\/biography\/Ursula-von-der-Leyen\" target=\"_blank\" rel=\"noopener\">Ur\u0161ulku von der Leyen, <\/a>preto\u017ee ako&nbsp; ministerka obrany doviedla Bundeswehr presne tam, kde jej to jej odbornos\u0165 gynekologi\u010dky predur\u010dila, a teraz rovnako do t\u00fdch ist\u00fdch miest smeruje na ve\u013ek\u00fa rados\u0165 Putina aj&nbsp; Eur\u00f3psku \u00faniu.<\/span><\/p>\n<p style=\"text-align: justify;\"><span style=\"font-size: 14pt;\">Podobne mus\u00edme oceni\u0165 jeho sebakritickos\u0165 a prezieravos\u0165, \u017ee n\u00e1ro\u010dn\u00fa funkciu predsedu vl\u00e1dy chcel prenecha\u0165 ostrie\u013ean\u00e9mu Pellegrinimu a on iba mal v \u00famysle z \u00fazadia \u0165aha\u0165 za mot\u00fazy. <a href=\"https:\/\/www.antikvar.sk\/blog\/progresivna-dizertacka-fejton\/\" target=\"_blank\" rel=\"noopener\">Spr\u00e1vne odhadol, \u017ee jeho zahrani\u010dn\u00e9 \u0161kolenia ho na to predur\u010duj\u00fa.<\/a><\/span><\/p>\n<p style=\"text-align: justify;\"><span style=\"font-size: 14pt;\">Preto&nbsp; d\u00f4vodom jeho kritiky ministersk\u00fdch nomin\u00e1cii SNS nebola pomsta ani z\u00e1vis\u0165 ale \u00faprimn\u00e1 snaha, aby Slovensko malo kone\u010dne vl\u00e1du progres\u00edvnych odborn\u00edkov, ke\u010f mu to u\u017e s t\u00fdm re\u00e1lnym zostavovan\u00edm vl\u00e1dy akosi nevy\u0161lo. <\/span><\/p>\n<p style=\"text-align: justify;\"><span style=\"font-size: 14pt;\">M\u0148a by len zauj\u00edmalo, <a href=\"https:\/\/www.antikvar.sk\/blog\/vsak-nech-to-ti-mladi-poznamka\/\" target=\"_blank\" rel=\"noopener\">\u010di&nbsp; \u0161tvorka na kandid\u00e1tke PS, ktor\u00e1 nevedela kedy vznikla \u010ceskoslovensk\u00e1 republika a kto bol jej prv\u00fd&nbsp; prezident<\/a>, by bola <a href=\"https:\/\/www.antikvar.sk\/blog\/autor-je-predsa-znamy-fejton\/\" target=\"_blank\" rel=\"noopener\">ministerkou kult\u00fary<\/a> alebo \u0161kolstva. Tipujem \u0161kolstvo, preto\u017ee to&nbsp; treba v prvom rade dorazi\u0165.<br \/>\n<\/span><\/p>\n<p>Dodatok z 18.05.2023 (T. Stohlov\u00e1 je t\u00e1 z PS, ktor\u00e1 nevedela kedy vznikla \u010cSR a nememoruje)<\/p>\n<div class=\"ast-oembed-container \" style=\"height: 100%;\"><iframe loading=\"lazy\" title=\"V T\u00e9me pri\u0161lo k stretu dvoch svetov. Tamara \u0160tohlova versus Rudolf Huliak\" width=\"500\" height=\"281\" src=\"https:\/\/www.youtube.com\/embed\/CPRHQsj9Lvo?feature=oembed\" frameborder=\"0\" allow=\"accelerometer; autoplay; clipboard-write; encrypted-media; gyroscope; picture-in-picture; web-share\" referrerpolicy=\"strict-origin-when-cross-origin\" allowfullscreen><\/iframe><\/div>\n<p>&nbsp;<\/p>\n<p>&nbsp;<\/p>\n<p><span style=\"font-size: 14pt;\"><strong>Literat\u00fara na doplnenie<\/strong><\/span><\/p>\n<blockquote class=\"wp-embedded-content\" data-secret=\"7bs6h7NFR3\"><p><a href=\"https:\/\/www.antikvar.sk\/blog\/programovanie-uspechu\/\">Programovanie politick\u00e9ho \u00faspechu &#8211; fejt\u00f3n<\/a><\/p><\/blockquote>\n<p><iframe loading=\"lazy\" class=\"wp-embedded-content\" sandbox=\"allow-scripts\" security=\"restricted\" style=\"position: absolute; clip: rect(1px, 1px, 1px, 1px);\" title=\"&#8220;Programovanie politick\u00e9ho \u00faspechu &#8211; fejt\u00f3n&#8221; &#8212; DOMOVINA\" src=\"https:\/\/www.antikvar.sk\/blog\/programovanie-uspechu\/embed\/#?secret=VC416maOeG#?secret=7bs6h7NFR3\" data-secret=\"7bs6h7NFR3\" width=\"500\" height=\"282\" frameborder=\"0\" marginwidth=\"0\" marginheight=\"0\" scrolling=\"no\"><\/iframe><\/p>\n<blockquote class=\"wp-embedded-content\" data-secret=\"8SGkFDiamJ\"><p><a href=\"https:\/\/www.antikvar.sk\/blog\/fuhrerka-nekorektny-fejton\/\">Zazvonil zvoniec a slobode je koniec &#8211; pokus o nekorektn\u00fd fejt\u00f3n<\/a><\/p><\/blockquote>\n<p><iframe loading=\"lazy\" class=\"wp-embedded-content\" sandbox=\"allow-scripts\" security=\"restricted\" style=\"position: absolute; clip: rect(1px, 1px, 1px, 1px);\" title=\"&#8220;Zazvonil zvoniec a slobode je koniec &#8211; pokus o nekorektn\u00fd fejt\u00f3n&#8221; &#8212; DOMOVINA\" src=\"https:\/\/www.antikvar.sk\/blog\/fuhrerka-nekorektny-fejton\/embed\/#?secret=Iv2v8gTZKX#?secret=8SGkFDiamJ\" data-secret=\"8SGkFDiamJ\" width=\"500\" height=\"282\" frameborder=\"0\" marginwidth=\"0\" marginheight=\"0\" scrolling=\"no\"><\/iframe><\/p>\n<p><a href=\"https:\/\/www.hlavnespravy.sk\/fico-mimovladkam-rozdelime-az-30-milionov-euro-ich-zaujem-o-transparentnost-verejneho-zivota-mi-hladi-brucho\/1161646\" target=\"_blank\" rel=\"noopener\">https:\/\/www.hlavnespravy.sk\/fico-mimovladkam-rozdelime-az-30-milionov-euro-ich-zaujem-o-transparentnost-verejneho-zivota-mi-hladi-brucho\/1161646<\/a><\/p>\n<blockquote class=\"wp-embedded-content\" data-secret=\"WgiG6Jfiv6\"><p><a href=\"https:\/\/www.antikvar.sk\/blog\/autor-je-predsa-znamy-fejton\/\">Autor je predsa zn\u00e1my &#8211; fejt\u00f3n<\/a><\/p><\/blockquote>\n<p><iframe loading=\"lazy\" class=\"wp-embedded-content\" sandbox=\"allow-scripts\" security=\"restricted\" style=\"position: absolute; clip: rect(1px, 1px, 1px, 1px);\" title=\"&#8220;Autor je predsa zn\u00e1my &#8211; fejt\u00f3n&#8221; &#8212; DOMOVINA\" src=\"https:\/\/www.antikvar.sk\/blog\/autor-je-predsa-znamy-fejton\/embed\/#?secret=hDF4gV4JjR#?secret=WgiG6Jfiv6\" data-secret=\"WgiG6Jfiv6\" width=\"500\" height=\"282\" frameborder=\"0\" marginwidth=\"0\" marginheight=\"0\" scrolling=\"no\"><\/iframe><\/p>\n<blockquote class=\"wp-embedded-content\" data-secret=\"W34m4tVJHo\"><p><a href=\"https:\/\/www.antikvar.sk\/blog\/progresivna-dizertacka-fejton\/\">Progres\u00edvna dizerta\u010dka &#8211; fejt\u00f3n<\/a><\/p><\/blockquote>\n<p><iframe loading=\"lazy\" class=\"wp-embedded-content\" sandbox=\"allow-scripts\" security=\"restricted\" style=\"position: absolute; clip: rect(1px, 1px, 1px, 1px);\" title=\"&#8220;Progres\u00edvna dizerta\u010dka &#8211; fejt\u00f3n&#8221; &#8212; DOMOVINA\" src=\"https:\/\/www.antikvar.sk\/blog\/progresivna-dizertacka-fejton\/embed\/#?secret=JUpYKaetey#?secret=W34m4tVJHo\" data-secret=\"W34m4tVJHo\" width=\"500\" height=\"282\" frameborder=\"0\" marginwidth=\"0\" marginheight=\"0\" scrolling=\"no\"><\/iframe><\/p>\n","protected":false},"excerpt":{"rendered":"<p>\u0160ime\u010dka, bystr\u00fd to odchovanec zahrani\u010dn\u00e9ho agenta (pokia\u013e Fico spln\u00ed svoj s\u013eub) nezvl\u00e1dol jednu z\u00e1sadn\u00fa vec. Nestihol infiltrova\u0165 SNS tzv. \u0160ime\u010dkov\u00fdmi svedkami. Nemusel by teraz verejne \u00fatokom na ministersk\u00e9 nomin\u00e1cie Huliaka a \u0160imkovi\u010dovej prizna\u0165, \u017ee PS nemalo, ako sa zo za\u010diatku zdalo, v\u0161etko pod kontrolou. \u201cVyz\u00fdvam Roberta Fica a Petra Pellegriniho, aby zamedzili t\u00fdmto nomin\u00e1ci\u00e1m\u201d, zahrmel. [&hellip;]<\/p>\n","protected":false},"author":1,"featured_media":9962,"comment_status":"open","ping_status":"open","sticky":false,"template":"","format":"standard","meta":{"_uag_custom_page_level_css":"","site-sidebar-layout":"default","site-content-layout":"","ast-site-content-layout":"default","site-content-style":"default","site-sidebar-style":"default","ast-global-header-display":"","ast-banner-title-visibility":"","ast-main-header-display":"","ast-hfb-above-header-display":"","ast-hfb-below-header-display":"","ast-hfb-mobile-header-display":"","site-post-title":"","ast-breadcrumbs-content":"","ast-featured-img":"","footer-sml-layout":"","ast-disable-related-posts":"","theme-transparent-header-meta":"default","adv-header-id-meta":"","stick-header-meta":"","header-above-stick-meta":"","header-main-stick-meta":"","header-below-stick-meta":"","astra-migrate-meta-layouts":"set","ast-page-background-enabled":"default","ast-page-background-meta":{"desktop":{"background-color":"","background-image":"","background-repeat":"repeat","background-position":"center center","background-size":"auto","background-attachment":"scroll","background-type":"","background-media":"","overlay-type":"","overlay-color":"","overlay-opacity":"","overlay-gradient":""},"tablet":{"background-color":"","background-image":"","background-repeat":"repeat","background-position":"center center","background-size":"auto","background-attachment":"scroll","background-type":"","background-media":"","overlay-type":"","overlay-color":"","overlay-opacity":"","overlay-gradient":""},"mobile":{"background-color":"","background-image":"","background-repeat":"repeat","background-position":"center center","background-size":"auto","background-attachment":"scroll","background-type":"","background-media":"","overlay-type":"","overlay-color":"","overlay-opacity":"","overlay-gradient":""}},"ast-content-background-meta":{"desktop":{"background-color":"var(--ast-global-color-5)","background-image":"","background-repeat":"repeat","background-position":"center center","background-size":"auto","background-attachment":"scroll","background-type":"","background-media":"","overlay-type":"","overlay-color":"","overlay-opacity":"","overlay-gradient":""},"tablet":{"background-color":"var(--ast-global-color-5)","background-image":"","background-repeat":"repeat","background-position":"center center","background-size":"auto","background-attachment":"scroll","background-type":"","background-media":"","overlay-type":"","overlay-color":"","overlay-opacity":"","overlay-gradient":""},"mobile":{"background-color":"var(--ast-global-color-5)","background-image":"","background-repeat":"repeat","background-position":"center center","background-size":"auto","background-attachment":"scroll","background-type":"","background-media":"","overlay-type":"","overlay-color":"","overlay-opacity":"","overlay-gradient":""}},"ngg_post_thumbnail":0,"footnotes":""},"categories":[1],"tags":[],"class_list":["post-9937","post","type-post","status-publish","format-standard","has-post-thumbnail","hentry","category-postrehy-uvahy-aktualne"],"yoast_head":"<!-- This site is optimized with the Yoast SEO plugin v27.5 - https:\/\/yoast.com\/product\/yoast-seo-wordpress\/ -->\n<title>Ministrom ch\u00fdba progres\u00edvne zasv\u00e4tenie - fejt\u00f3n - DOMOVINA<\/title>\n<meta name=\"robots\" content=\"index, follow, max-snippet:-1, max-image-preview:large, max-video-preview:-1\" \/>\n<link rel=\"canonical\" href=\"https:\/\/www.antikvar.sk\/blog\/chyba-progresivne-zasvatenie-fejton\/\" \/>\n<meta property=\"og:locale\" content=\"sk_SK\" \/>\n<meta property=\"og:type\" content=\"article\" \/>\n<meta property=\"og:title\" content=\"Ministrom ch\u00fdba progres\u00edvne zasv\u00e4tenie - fejt\u00f3n - DOMOVINA\" \/>\n<meta property=\"og:description\" content=\"\u0160ime\u010dka, bystr\u00fd to odchovanec zahrani\u010dn\u00e9ho agenta (pokia\u013e Fico spln\u00ed svoj s\u013eub) nezvl\u00e1dol jednu z\u00e1sadn\u00fa vec. Nestihol infiltrova\u0165 SNS tzv. \u0160ime\u010dkov\u00fdmi svedkami. Nemusel by teraz verejne \u00fatokom na ministersk\u00e9 nomin\u00e1cie Huliaka a \u0160imkovi\u010dovej prizna\u0165, \u017ee PS nemalo, ako sa zo za\u010diatku zdalo, v\u0161etko pod kontrolou. \u201cVyz\u00fdvam Roberta Fica a Petra Pellegriniho, aby zamedzili t\u00fdmto nomin\u00e1ci\u00e1m\u201d, zahrmel. [&hellip;]\" \/>\n<meta property=\"og:url\" content=\"https:\/\/www.antikvar.sk\/blog\/chyba-progresivne-zasvatenie-fejton\/\" \/>\n<meta property=\"og:site_name\" content=\"DOMOVINA\" \/>\n<meta property=\"article:published_time\" content=\"2023-10-17T15:46:37+00:00\" \/>\n<meta property=\"article:modified_time\" content=\"2023-10-18T13:25:40+00:00\" \/>\n<meta property=\"og:image\" content=\"https:\/\/www.antikvar.sk\/blog\/wp-content\/uploads\/2023\/10\/ministerstvo-zivotneho-prostredia-clanokW-1.jpg\" \/>\n\t<meta property=\"og:image:width\" content=\"825\" \/>\n\t<meta property=\"og:image:height\" content=\"463\" \/>\n\t<meta property=\"og:image:type\" content=\"image\/jpeg\" \/>\n<meta name=\"author\" content=\"jaropoky\" \/>\n<meta name=\"twitter:card\" content=\"summary_large_image\" \/>\n<meta name=\"twitter:label1\" content=\"Autor\" \/>\n\t<meta name=\"twitter:data1\" content=\"jaropoky\" \/>\n\t<meta name=\"twitter:label2\" content=\"Predpokladan\u00fd \u010das \u010d\u00edtania\" \/>\n\t<meta name=\"twitter:data2\" content=\"2 min\u00faty\" \/>\n<script type=\"application\/ld+json\" class=\"yoast-schema-graph\">{\"@context\":\"https:\\\/\\\/schema.org\",\"@graph\":[{\"@type\":\"Article\",\"@id\":\"https:\\\/\\\/www.antikvar.sk\\\/blog\\\/chyba-progresivne-zasvatenie-fejton\\\/#article\",\"isPartOf\":{\"@id\":\"https:\\\/\\\/www.antikvar.sk\\\/blog\\\/chyba-progresivne-zasvatenie-fejton\\\/\"},\"author\":{\"name\":\"jaropoky\",\"@id\":\"https:\\\/\\\/www.antikvar.sk\\\/blog\\\/#\\\/schema\\\/person\\\/960f1c7c0f38d050499287d3a7924469\"},\"headline\":\"Ministrom ch\u00fdba progres\u00edvne zasv\u00e4tenie &#8211; fejt\u00f3n\",\"datePublished\":\"2023-10-17T15:46:37+00:00\",\"dateModified\":\"2023-10-18T13:25:40+00:00\",\"mainEntityOfPage\":{\"@id\":\"https:\\\/\\\/www.antikvar.sk\\\/blog\\\/chyba-progresivne-zasvatenie-fejton\\\/\"},\"wordCount\":420,\"commentCount\":0,\"publisher\":{\"@id\":\"https:\\\/\\\/www.antikvar.sk\\\/blog\\\/#\\\/schema\\\/person\\\/960f1c7c0f38d050499287d3a7924469\"},\"image\":{\"@id\":\"https:\\\/\\\/www.antikvar.sk\\\/blog\\\/chyba-progresivne-zasvatenie-fejton\\\/#primaryimage\"},\"thumbnailUrl\":\"https:\\\/\\\/www.antikvar.sk\\\/blog\\\/wp-content\\\/uploads\\\/2023\\\/10\\\/ministerstvo-zivotneho-prostredia-clanokW-1.jpg\",\"articleSection\":[\"Aktu\u00e1lne postrehy a \u00favahy\"],\"inLanguage\":\"sk-SK\",\"potentialAction\":[{\"@type\":\"CommentAction\",\"name\":\"Comment\",\"target\":[\"https:\\\/\\\/www.antikvar.sk\\\/blog\\\/chyba-progresivne-zasvatenie-fejton\\\/#respond\"]}]},{\"@type\":\"WebPage\",\"@id\":\"https:\\\/\\\/www.antikvar.sk\\\/blog\\\/chyba-progresivne-zasvatenie-fejton\\\/\",\"url\":\"https:\\\/\\\/www.antikvar.sk\\\/blog\\\/chyba-progresivne-zasvatenie-fejton\\\/\",\"name\":\"Ministrom ch\u00fdba progres\u00edvne zasv\u00e4tenie - fejt\u00f3n - DOMOVINA\",\"isPartOf\":{\"@id\":\"https:\\\/\\\/www.antikvar.sk\\\/blog\\\/#website\"},\"primaryImageOfPage\":{\"@id\":\"https:\\\/\\\/www.antikvar.sk\\\/blog\\\/chyba-progresivne-zasvatenie-fejton\\\/#primaryimage\"},\"image\":{\"@id\":\"https:\\\/\\\/www.antikvar.sk\\\/blog\\\/chyba-progresivne-zasvatenie-fejton\\\/#primaryimage\"},\"thumbnailUrl\":\"https:\\\/\\\/www.antikvar.sk\\\/blog\\\/wp-content\\\/uploads\\\/2023\\\/10\\\/ministerstvo-zivotneho-prostredia-clanokW-1.jpg\",\"datePublished\":\"2023-10-17T15:46:37+00:00\",\"dateModified\":\"2023-10-18T13:25:40+00:00\",\"breadcrumb\":{\"@id\":\"https:\\\/\\\/www.antikvar.sk\\\/blog\\\/chyba-progresivne-zasvatenie-fejton\\\/#breadcrumb\"},\"inLanguage\":\"sk-SK\",\"potentialAction\":[{\"@type\":\"ReadAction\",\"target\":[\"https:\\\/\\\/www.antikvar.sk\\\/blog\\\/chyba-progresivne-zasvatenie-fejton\\\/\"]}]},{\"@type\":\"ImageObject\",\"inLanguage\":\"sk-SK\",\"@id\":\"https:\\\/\\\/www.antikvar.sk\\\/blog\\\/chyba-progresivne-zasvatenie-fejton\\\/#primaryimage\",\"url\":\"https:\\\/\\\/www.antikvar.sk\\\/blog\\\/wp-content\\\/uploads\\\/2023\\\/10\\\/ministerstvo-zivotneho-prostredia-clanokW-1.jpg\",\"contentUrl\":\"https:\\\/\\\/www.antikvar.sk\\\/blog\\\/wp-content\\\/uploads\\\/2023\\\/10\\\/ministerstvo-zivotneho-prostredia-clanokW-1.jpg\",\"width\":825,\"height\":463},{\"@type\":\"BreadcrumbList\",\"@id\":\"https:\\\/\\\/www.antikvar.sk\\\/blog\\\/chyba-progresivne-zasvatenie-fejton\\\/#breadcrumb\",\"itemListElement\":[{\"@type\":\"ListItem\",\"position\":1,\"name\":\"Domovsk\u00e1 str\u00e1nka\",\"item\":\"https:\\\/\\\/www.antikvar.sk\\\/blog\\\/\"},{\"@type\":\"ListItem\",\"position\":2,\"name\":\"Ministrom ch\u00fdba progres\u00edvne zasv\u00e4tenie &#8211; fejt\u00f3n\"}]},{\"@type\":\"WebSite\",\"@id\":\"https:\\\/\\\/www.antikvar.sk\\\/blog\\\/#website\",\"url\":\"https:\\\/\\\/www.antikvar.sk\\\/blog\\\/\",\"name\":\"DOMOVINA\",\"description\":\"Nezabudnite na svoje rodisko, bez neho je len do pekla schodisko\",\"publisher\":{\"@id\":\"https:\\\/\\\/www.antikvar.sk\\\/blog\\\/#\\\/schema\\\/person\\\/960f1c7c0f38d050499287d3a7924469\"},\"potentialAction\":[{\"@type\":\"SearchAction\",\"target\":{\"@type\":\"EntryPoint\",\"urlTemplate\":\"https:\\\/\\\/www.antikvar.sk\\\/blog\\\/?s={search_term_string}\"},\"query-input\":{\"@type\":\"PropertyValueSpecification\",\"valueRequired\":true,\"valueName\":\"search_term_string\"}}],\"inLanguage\":\"sk-SK\"},{\"@type\":[\"Person\",\"Organization\"],\"@id\":\"https:\\\/\\\/www.antikvar.sk\\\/blog\\\/#\\\/schema\\\/person\\\/960f1c7c0f38d050499287d3a7924469\",\"name\":\"jaropoky\",\"image\":{\"@type\":\"ImageObject\",\"inLanguage\":\"sk-SK\",\"@id\":\"https:\\\/\\\/www.antikvar.sk\\\/blog\\\/wp-content\\\/uploads\\\/2021\\\/04\\\/cropped-cropped-KoreszkaWEB-2.jpg\",\"url\":\"https:\\\/\\\/www.antikvar.sk\\\/blog\\\/wp-content\\\/uploads\\\/2021\\\/04\\\/cropped-cropped-KoreszkaWEB-2.jpg\",\"contentUrl\":\"https:\\\/\\\/www.antikvar.sk\\\/blog\\\/wp-content\\\/uploads\\\/2021\\\/04\\\/cropped-cropped-KoreszkaWEB-2.jpg\",\"width\":863,\"height\":597,\"caption\":\"jaropoky\"},\"logo\":{\"@id\":\"https:\\\/\\\/www.antikvar.sk\\\/blog\\\/wp-content\\\/uploads\\\/2021\\\/04\\\/cropped-cropped-KoreszkaWEB-2.jpg\"},\"description\":\"Zauj\u00edma sa o filozofiu, umenie, pr\u00edrodu a alternat\u00edvnu medic\u00ednu. Bol vedeck\u00fd pracovn\u00edk a \u0161t\u00e1tny zamestnanec, teraz je na d\u00f4chodku.\",\"sameAs\":[\"http:\\\/\\\/www.antikvar.sk\\\/blog\"],\"url\":\"https:\\\/\\\/www.antikvar.sk\\\/blog\\\/author\\\/jaro\\\/\"}]}<\/script>\n<!-- \/ Yoast SEO plugin. -->","yoast_head_json":{"title":"Ministrom ch\u00fdba progres\u00edvne zasv\u00e4tenie - fejt\u00f3n - DOMOVINA","robots":{"index":"index","follow":"follow","max-snippet":"max-snippet:-1","max-image-preview":"max-image-preview:large","max-video-preview":"max-video-preview:-1"},"canonical":"https:\/\/www.antikvar.sk\/blog\/chyba-progresivne-zasvatenie-fejton\/","og_locale":"sk_SK","og_type":"article","og_title":"Ministrom ch\u00fdba progres\u00edvne zasv\u00e4tenie - fejt\u00f3n - DOMOVINA","og_description":"\u0160ime\u010dka, bystr\u00fd to odchovanec zahrani\u010dn\u00e9ho agenta (pokia\u013e Fico spln\u00ed svoj s\u013eub) nezvl\u00e1dol jednu z\u00e1sadn\u00fa vec. Nestihol infiltrova\u0165 SNS tzv. \u0160ime\u010dkov\u00fdmi svedkami. Nemusel by teraz verejne \u00fatokom na ministersk\u00e9 nomin\u00e1cie Huliaka a \u0160imkovi\u010dovej prizna\u0165, \u017ee PS nemalo, ako sa zo za\u010diatku zdalo, v\u0161etko pod kontrolou. \u201cVyz\u00fdvam Roberta Fica a Petra Pellegriniho, aby zamedzili t\u00fdmto nomin\u00e1ci\u00e1m\u201d, zahrmel. [&hellip;]","og_url":"https:\/\/www.antikvar.sk\/blog\/chyba-progresivne-zasvatenie-fejton\/","og_site_name":"DOMOVINA","article_published_time":"2023-10-17T15:46:37+00:00","article_modified_time":"2023-10-18T13:25:40+00:00","og_image":[{"width":825,"height":463,"url":"https:\/\/www.antikvar.sk\/blog\/wp-content\/uploads\/2023\/10\/ministerstvo-zivotneho-prostredia-clanokW-1.jpg","type":"image\/jpeg"}],"author":"jaropoky","twitter_card":"summary_large_image","twitter_misc":{"Autor":"jaropoky","Predpokladan\u00fd \u010das \u010d\u00edtania":"2 min\u00faty"},"schema":{"@context":"https:\/\/schema.org","@graph":[{"@type":"Article","@id":"https:\/\/www.antikvar.sk\/blog\/chyba-progresivne-zasvatenie-fejton\/#article","isPartOf":{"@id":"https:\/\/www.antikvar.sk\/blog\/chyba-progresivne-zasvatenie-fejton\/"},"author":{"name":"jaropoky","@id":"https:\/\/www.antikvar.sk\/blog\/#\/schema\/person\/960f1c7c0f38d050499287d3a7924469"},"headline":"Ministrom ch\u00fdba progres\u00edvne zasv\u00e4tenie &#8211; fejt\u00f3n","datePublished":"2023-10-17T15:46:37+00:00","dateModified":"2023-10-18T13:25:40+00:00","mainEntityOfPage":{"@id":"https:\/\/www.antikvar.sk\/blog\/chyba-progresivne-zasvatenie-fejton\/"},"wordCount":420,"commentCount":0,"publisher":{"@id":"https:\/\/www.antikvar.sk\/blog\/#\/schema\/person\/960f1c7c0f38d050499287d3a7924469"},"image":{"@id":"https:\/\/www.antikvar.sk\/blog\/chyba-progresivne-zasvatenie-fejton\/#primaryimage"},"thumbnailUrl":"https:\/\/www.antikvar.sk\/blog\/wp-content\/uploads\/2023\/10\/ministerstvo-zivotneho-prostredia-clanokW-1.jpg","articleSection":["Aktu\u00e1lne postrehy a \u00favahy"],"inLanguage":"sk-SK","potentialAction":[{"@type":"CommentAction","name":"Comment","target":["https:\/\/www.antikvar.sk\/blog\/chyba-progresivne-zasvatenie-fejton\/#respond"]}]},{"@type":"WebPage","@id":"https:\/\/www.antikvar.sk\/blog\/chyba-progresivne-zasvatenie-fejton\/","url":"https:\/\/www.antikvar.sk\/blog\/chyba-progresivne-zasvatenie-fejton\/","name":"Ministrom ch\u00fdba progres\u00edvne zasv\u00e4tenie - fejt\u00f3n - DOMOVINA","isPartOf":{"@id":"https:\/\/www.antikvar.sk\/blog\/#website"},"primaryImageOfPage":{"@id":"https:\/\/www.antikvar.sk\/blog\/chyba-progresivne-zasvatenie-fejton\/#primaryimage"},"image":{"@id":"https:\/\/www.antikvar.sk\/blog\/chyba-progresivne-zasvatenie-fejton\/#primaryimage"},"thumbnailUrl":"https:\/\/www.antikvar.sk\/blog\/wp-content\/uploads\/2023\/10\/ministerstvo-zivotneho-prostredia-clanokW-1.jpg","datePublished":"2023-10-17T15:46:37+00:00","dateModified":"2023-10-18T13:25:40+00:00","breadcrumb":{"@id":"https:\/\/www.antikvar.sk\/blog\/chyba-progresivne-zasvatenie-fejton\/#breadcrumb"},"inLanguage":"sk-SK","potentialAction":[{"@type":"ReadAction","target":["https:\/\/www.antikvar.sk\/blog\/chyba-progresivne-zasvatenie-fejton\/"]}]},{"@type":"ImageObject","inLanguage":"sk-SK","@id":"https:\/\/www.antikvar.sk\/blog\/chyba-progresivne-zasvatenie-fejton\/#primaryimage","url":"https:\/\/www.antikvar.sk\/blog\/wp-content\/uploads\/2023\/10\/ministerstvo-zivotneho-prostredia-clanokW-1.jpg","contentUrl":"https:\/\/www.antikvar.sk\/blog\/wp-content\/uploads\/2023\/10\/ministerstvo-zivotneho-prostredia-clanokW-1.jpg","width":825,"height":463},{"@type":"BreadcrumbList","@id":"https:\/\/www.antikvar.sk\/blog\/chyba-progresivne-zasvatenie-fejton\/#breadcrumb","itemListElement":[{"@type":"ListItem","position":1,"name":"Domovsk\u00e1 str\u00e1nka","item":"https:\/\/www.antikvar.sk\/blog\/"},{"@type":"ListItem","position":2,"name":"Ministrom ch\u00fdba progres\u00edvne zasv\u00e4tenie &#8211; fejt\u00f3n"}]},{"@type":"WebSite","@id":"https:\/\/www.antikvar.sk\/blog\/#website","url":"https:\/\/www.antikvar.sk\/blog\/","name":"DOMOVINA","description":"Nezabudnite na svoje rodisko, bez neho je len do pekla schodisko","publisher":{"@id":"https:\/\/www.antikvar.sk\/blog\/#\/schema\/person\/960f1c7c0f38d050499287d3a7924469"},"potentialAction":[{"@type":"SearchAction","target":{"@type":"EntryPoint","urlTemplate":"https:\/\/www.antikvar.sk\/blog\/?s={search_term_string}"},"query-input":{"@type":"PropertyValueSpecification","valueRequired":true,"valueName":"search_term_string"}}],"inLanguage":"sk-SK"},{"@type":["Person","Organization"],"@id":"https:\/\/www.antikvar.sk\/blog\/#\/schema\/person\/960f1c7c0f38d050499287d3a7924469","name":"jaropoky","image":{"@type":"ImageObject","inLanguage":"sk-SK","@id":"https:\/\/www.antikvar.sk\/blog\/wp-content\/uploads\/2021\/04\/cropped-cropped-KoreszkaWEB-2.jpg","url":"https:\/\/www.antikvar.sk\/blog\/wp-content\/uploads\/2021\/04\/cropped-cropped-KoreszkaWEB-2.jpg","contentUrl":"https:\/\/www.antikvar.sk\/blog\/wp-content\/uploads\/2021\/04\/cropped-cropped-KoreszkaWEB-2.jpg","width":863,"height":597,"caption":"jaropoky"},"logo":{"@id":"https:\/\/www.antikvar.sk\/blog\/wp-content\/uploads\/2021\/04\/cropped-cropped-KoreszkaWEB-2.jpg"},"description":"Zauj\u00edma sa o filozofiu, umenie, pr\u00edrodu a alternat\u00edvnu medic\u00ednu. Bol vedeck\u00fd pracovn\u00edk a \u0161t\u00e1tny zamestnanec, teraz je na d\u00f4chodku.","sameAs":["http:\/\/www.antikvar.sk\/blog"],"url":"https:\/\/www.antikvar.sk\/blog\/author\/jaro\/"}]}},"uagb_featured_image_src":{"full":["https:\/\/www.antikvar.sk\/blog\/wp-content\/uploads\/2023\/10\/ministerstvo-zivotneho-prostredia-clanokW-1.jpg",825,463,false],"thumbnail":["https:\/\/www.antikvar.sk\/blog\/wp-content\/uploads\/2023\/10\/ministerstvo-zivotneho-prostredia-clanokW-1-150x150.jpg",150,150,true],"medium":["https:\/\/www.antikvar.sk\/blog\/wp-content\/uploads\/2023\/10\/ministerstvo-zivotneho-prostredia-clanokW-1-300x168.jpg",300,168,true],"medium_large":["https:\/\/www.antikvar.sk\/blog\/wp-content\/uploads\/2023\/10\/ministerstvo-zivotneho-prostredia-clanokW-1-768x431.jpg",768,431,true],"large":["https:\/\/www.antikvar.sk\/blog\/wp-content\/uploads\/2023\/10\/ministerstvo-zivotneho-prostredia-clanokW-1.jpg",825,463,false],"1536x1536":["https:\/\/www.antikvar.sk\/blog\/wp-content\/uploads\/2023\/10\/ministerstvo-zivotneho-prostredia-clanokW-1.jpg",825,463,false],"2048x2048":["https:\/\/www.antikvar.sk\/blog\/wp-content\/uploads\/2023\/10\/ministerstvo-zivotneho-prostredia-clanokW-1.jpg",825,463,false],"crp_thumbnail":["https:\/\/www.antikvar.sk\/blog\/wp-content\/uploads\/2023\/10\/ministerstvo-zivotneho-prostredia-clanokW-1-150x150.jpg",150,150,true]},"uagb_author_info":{"display_name":"jaropoky","author_link":"https:\/\/www.antikvar.sk\/blog\/author\/jaro\/"},"uagb_comment_info":0,"uagb_excerpt":"\u0160ime\u010dka, bystr\u00fd to odchovanec zahrani\u010dn\u00e9ho agenta (pokia\u013e Fico spln\u00ed svoj s\u013eub) nezvl\u00e1dol jednu z\u00e1sadn\u00fa vec. Nestihol infiltrova\u0165 SNS tzv. \u0160ime\u010dkov\u00fdmi svedkami. Nemusel by teraz verejne \u00fatokom na ministersk\u00e9 nomin\u00e1cie Huliaka a \u0160imkovi\u010dovej prizna\u0165, \u017ee PS nemalo, ako sa zo za\u010diatku zdalo, v\u0161etko pod kontrolou. \u201cVyz\u00fdvam Roberta Fica a Petra Pellegriniho, aby zamedzili t\u00fdmto nomin\u00e1ci\u00e1m\u201d, zahrmel.&hellip;","_links":{"self":[{"href":"https:\/\/www.antikvar.sk\/blog\/wp-json\/wp\/v2\/posts\/9937","targetHints":{"allow":["GET"]}}],"collection":[{"href":"https:\/\/www.antikvar.sk\/blog\/wp-json\/wp\/v2\/posts"}],"about":[{"href":"https:\/\/www.antikvar.sk\/blog\/wp-json\/wp\/v2\/types\/post"}],"author":[{"embeddable":true,"href":"https:\/\/www.antikvar.sk\/blog\/wp-json\/wp\/v2\/users\/1"}],"replies":[{"embeddable":true,"href":"https:\/\/www.antikvar.sk\/blog\/wp-json\/wp\/v2\/comments?post=9937"}],"version-history":[{"count":0,"href":"https:\/\/www.antikvar.sk\/blog\/wp-json\/wp\/v2\/posts\/9937\/revisions"}],"wp:featuredmedia":[{"embeddable":true,"href":"https:\/\/www.antikvar.sk\/blog\/wp-json\/wp\/v2\/media\/9962"}],"wp:attachment":[{"href":"https:\/\/www.antikvar.sk\/blog\/wp-json\/wp\/v2\/media?parent=9937"}],"wp:term":[{"taxonomy":"category","embeddable":true,"href":"https:\/\/www.antikvar.sk\/blog\/wp-json\/wp\/v2\/categories?post=9937"},{"taxonomy":"post_tag","embeddable":true,"href":"https:\/\/www.antikvar.sk\/blog\/wp-json\/wp\/v2\/tags?post=9937"}],"curies":[{"name":"wp","href":"https:\/\/api.w.org\/{rel}","templated":true}]}}