{"id":9256,"date":"2023-09-06T11:28:35","date_gmt":"2023-09-06T09:28:35","guid":{"rendered":"https:\/\/www.antikvar.sk\/blog\/?p=9256"},"modified":"2023-09-09T11:47:14","modified_gmt":"2023-09-09T09:47:14","slug":"s-bubnom-na-zajace-fejton-2","status":"publish","type":"post","link":"https:\/\/www.antikvar.sk\/blog\/s-bubnom-na-zajace-fejton-2\/","title":{"rendered":"S bubnom na zajace &#8211; fejt\u00f3n"},"content":{"rendered":"<h1 class=\"custom-blue font-24 caricature-subtitle\" style=\"text-align: justify;\"><a href=\"https:\/\/www.hlavnespravy.sk\/slovensko-strasi-zapadne-media-obavaju-sa-ze-sa-po-volbach-stane-spojencom-ruska\/3250046\" target=\"_blank\" rel=\"noopener\"><span style=\"font-size: 14pt;\">&#8222;Slovensko stra\u0161\u00ed z\u00e1padn\u00e9 m\u00e9di\u00e1. Ob\u00e1vaj\u00fa sa, \u017ee sa po vo\u013eb\u00e1ch stane spojencom Ruska&#8220;,<\/span><\/a><\/h1>\n<p style=\"text-align: justify;\"><span style=\"font-size: 14pt;\">kon\u0161tatuj\u00fa u\u017e aj H.S.<\/span><\/p>\n<p style=\"text-align: justify;\"><span style=\"font-size: 14pt;\"><a href=\"https:\/\/www.antikvar.sk\/blog\/vycerpany-fico-fejton\/\" target=\"_blank\" rel=\"noopener\">Pokia\u013e Fico bojoval s vl\u00e1dou, prezidentkou a br\u00e1nil svojich nepodaren\u00fdch spolustran\u00edkov pred NAKA<\/a>, &#8222;zahrani\u010die&#8220;&nbsp; t\u00fdm neprovokoval.<\/span><\/p>\n<p style=\"text-align: justify;\"><span style=\"font-size: 14pt;\">Otvorenou podporou mieru na Ukrajine a t\u00fdm aj Ruska, a tie\u017e kritikov migra\u010dnej politiky, prekro\u010dil pomyseln\u00fd Rubikon.<\/span><\/p>\n<p style=\"text-align: justify;\"><span style=\"font-size: 14pt;\">Teraz mu hroz\u00ed osud slovensk\u00e9ho Trumpa, so v\u0161etk\u00fdm t\u00fdm, s \u010d\u00edm je spojen\u00e9 jeho meno, ale <strong>hlavne s manipulovan\u00edm volieb v jeho neprospech.<\/strong><\/span><\/p>\n<p style=\"text-align: justify;\"><span style=\"font-size: 14pt;\">Niekto si m\u00f4\u017ee dokonca polo\u017ei\u0165 ot\u00e1zku, \u010di to zo strany Fica&nbsp; nie je z\u00e1mer. Znie to absurdne, ale pre\u010do potom tak\u00fd ostrie\u013ean\u00fd politik urobil tak\u00fato z\u00e1sadn\u00fa chybu. Volebn\u00e9 v\u00ed\u0165azstvo by mal vo v vrecku aj s menej provoka\u010dnou agendou. M\u00e1rnomyse\u013enos\u0165?&nbsp; Nechal sa vyprovokova\u0165?&nbsp; <\/span><\/p>\n<p style=\"text-align: justify;\"><span style=\"font-size: 14pt;\">Svoju prav\u00fa tv\u00e1r mohol odhali\u0165 a\u017e po vo\u013eb\u00e1ch, \u010do je \u0161tandardn\u00fd postup politikov. Jedine, \u017ee by sa chcel sta\u0165 \u010fal\u0161\u00edm slovensk\u00fdm politick\u00fdm mart\u00fdrom, ale bez volebn\u00e9ho v\u00ed\u0165azstva.<\/span><\/p>\n<p><strong>Literat\u00fara doplnen\u00e1 na z\u00e1klade pripomienky I.K.:<\/strong><\/p>\n<p>https:\/\/www.forbes.sk\/zajac-family-spolumajitel-esetu-zacinal-vo-vede-teraz-rastu-z-vedy-projekty-jeho-deti\/<\/p>\n<p>https:\/\/oks.sk\/author\/3\/<\/p>\n<p>https:\/\/domov.sme.sk\/c\/23084115\/kauza-gorila-zajac-minister-zdravotnictvo-reforma.html<\/p>\n<h1 class=\"custom-blue font-24 caricature-subtitle\" style=\"text-align: justify;\">&nbsp;<\/h1>\n<p style=\"text-align: justify;\">&nbsp;<\/p>\n","protected":false},"excerpt":{"rendered":"<p>&#8222;Slovensko stra\u0161\u00ed z\u00e1padn\u00e9 m\u00e9di\u00e1. Ob\u00e1vaj\u00fa sa, \u017ee sa po vo\u013eb\u00e1ch stane spojencom Ruska&#8220;, kon\u0161tatuj\u00fa u\u017e aj H.S. Pokia\u013e Fico bojoval s vl\u00e1dou, prezidentkou a br\u00e1nil svojich nepodaren\u00fdch spolustran\u00edkov pred NAKA, &#8222;zahrani\u010die&#8220;&nbsp; t\u00fdm neprovokoval. Otvorenou podporou mieru na Ukrajine a t\u00fdm aj Ruska, a tie\u017e kritikov migra\u010dnej politiky, prekro\u010dil pomyseln\u00fd Rubikon. Teraz mu hroz\u00ed osud slovensk\u00e9ho [&hellip;]<\/p>\n","protected":false},"author":1,"featured_media":9260,"comment_status":"open","ping_status":"open","sticky":false,"template":"","format":"standard","meta":{"_uag_custom_page_level_css":"","site-sidebar-layout":"default","site-content-layout":"","ast-site-content-layout":"default","site-content-style":"default","site-sidebar-style":"default","ast-global-header-display":"","ast-banner-title-visibility":"","ast-main-header-display":"","ast-hfb-above-header-display":"","ast-hfb-below-header-display":"","ast-hfb-mobile-header-display":"","site-post-title":"","ast-breadcrumbs-content":"","ast-featured-img":"","footer-sml-layout":"","ast-disable-related-posts":"","theme-transparent-header-meta":"default","adv-header-id-meta":"","stick-header-meta":"","header-above-stick-meta":"","header-main-stick-meta":"","header-below-stick-meta":"","astra-migrate-meta-layouts":"set","ast-page-background-enabled":"default","ast-page-background-meta":{"desktop":{"background-color":"","background-image":"","background-repeat":"repeat","background-position":"center center","background-size":"auto","background-attachment":"scroll","background-type":"","background-media":"","overlay-type":"","overlay-color":"","overlay-opacity":"","overlay-gradient":""},"tablet":{"background-color":"","background-image":"","background-repeat":"repeat","background-position":"center center","background-size":"auto","background-attachment":"scroll","background-type":"","background-media":"","overlay-type":"","overlay-color":"","overlay-opacity":"","overlay-gradient":""},"mobile":{"background-color":"","background-image":"","background-repeat":"repeat","background-position":"center center","background-size":"auto","background-attachment":"scroll","background-type":"","background-media":"","overlay-type":"","overlay-color":"","overlay-opacity":"","overlay-gradient":""}},"ast-content-background-meta":{"desktop":{"background-color":"var(--ast-global-color-5)","background-image":"","background-repeat":"repeat","background-position":"center center","background-size":"auto","background-attachment":"scroll","background-type":"","background-media":"","overlay-type":"","overlay-color":"","overlay-opacity":"","overlay-gradient":""},"tablet":{"background-color":"var(--ast-global-color-5)","background-image":"","background-repeat":"repeat","background-position":"center center","background-size":"auto","background-attachment":"scroll","background-type":"","background-media":"","overlay-type":"","overlay-color":"","overlay-opacity":"","overlay-gradient":""},"mobile":{"background-color":"var(--ast-global-color-5)","background-image":"","background-repeat":"repeat","background-position":"center center","background-size":"auto","background-attachment":"scroll","background-type":"","background-media":"","overlay-type":"","overlay-color":"","overlay-opacity":"","overlay-gradient":""}},"ngg_post_thumbnail":0,"footnotes":""},"categories":[1,6],"tags":[],"class_list":["post-9256","post","type-post","status-publish","format-standard","has-post-thumbnail","hentry","category-postrehy-uvahy-aktualne","category-fejtony"],"yoast_head":"<!-- This site is optimized with the Yoast SEO plugin v27.5 - https:\/\/yoast.com\/product\/yoast-seo-wordpress\/ -->\n<title>S bubnom na zajace - fejt\u00f3n - DOMOVINA<\/title>\n<meta name=\"robots\" content=\"index, follow, max-snippet:-1, max-image-preview:large, max-video-preview:-1\" \/>\n<link rel=\"canonical\" href=\"https:\/\/www.antikvar.sk\/blog\/s-bubnom-na-zajace-fejton-2\/\" \/>\n<meta property=\"og:locale\" content=\"sk_SK\" \/>\n<meta property=\"og:type\" content=\"article\" \/>\n<meta property=\"og:title\" content=\"S bubnom na zajace - fejt\u00f3n - DOMOVINA\" \/>\n<meta property=\"og:description\" content=\"&#8222;Slovensko stra\u0161\u00ed z\u00e1padn\u00e9 m\u00e9di\u00e1. Ob\u00e1vaj\u00fa sa, \u017ee sa po vo\u013eb\u00e1ch stane spojencom Ruska&#8220;, kon\u0161tatuj\u00fa u\u017e aj H.S. Pokia\u013e Fico bojoval s vl\u00e1dou, prezidentkou a br\u00e1nil svojich nepodaren\u00fdch spolustran\u00edkov pred NAKA, &#8222;zahrani\u010die&#8220;&nbsp; t\u00fdm neprovokoval. Otvorenou podporou mieru na Ukrajine a t\u00fdm aj Ruska, a tie\u017e kritikov migra\u010dnej politiky, prekro\u010dil pomyseln\u00fd Rubikon. Teraz mu hroz\u00ed osud slovensk\u00e9ho [&hellip;]\" \/>\n<meta property=\"og:url\" content=\"https:\/\/www.antikvar.sk\/blog\/s-bubnom-na-zajace-fejton-2\/\" \/>\n<meta property=\"og:site_name\" content=\"DOMOVINA\" \/>\n<meta property=\"article:published_time\" content=\"2023-09-06T09:28:35+00:00\" \/>\n<meta property=\"article:modified_time\" content=\"2023-09-09T09:47:14+00:00\" \/>\n<meta property=\"og:image\" content=\"https:\/\/www.antikvar.sk\/blog\/wp-content\/uploads\/2023\/09\/bubnujuci-zajacik-960.png\" \/>\n\t<meta property=\"og:image:width\" content=\"602\" \/>\n\t<meta property=\"og:image:height\" content=\"640\" \/>\n\t<meta property=\"og:image:type\" content=\"image\/png\" \/>\n<meta name=\"author\" content=\"jaropoky\" \/>\n<meta name=\"twitter:card\" content=\"summary_large_image\" \/>\n<meta name=\"twitter:label1\" content=\"Autor\" \/>\n\t<meta name=\"twitter:data1\" content=\"jaropoky\" \/>\n\t<meta name=\"twitter:label2\" content=\"Predpokladan\u00fd \u010das \u010d\u00edtania\" \/>\n\t<meta name=\"twitter:data2\" content=\"1 min\u00fata\" \/>\n<script type=\"application\/ld+json\" class=\"yoast-schema-graph\">{\"@context\":\"https:\\\/\\\/schema.org\",\"@graph\":[{\"@type\":\"Article\",\"@id\":\"https:\\\/\\\/www.antikvar.sk\\\/blog\\\/s-bubnom-na-zajace-fejton-2\\\/#article\",\"isPartOf\":{\"@id\":\"https:\\\/\\\/www.antikvar.sk\\\/blog\\\/s-bubnom-na-zajace-fejton-2\\\/\"},\"author\":{\"name\":\"jaropoky\",\"@id\":\"https:\\\/\\\/www.antikvar.sk\\\/blog\\\/#\\\/schema\\\/person\\\/960f1c7c0f38d050499287d3a7924469\"},\"headline\":\"S bubnom na zajace &#8211; fejt\u00f3n\",\"datePublished\":\"2023-09-06T09:28:35+00:00\",\"dateModified\":\"2023-09-09T09:47:14+00:00\",\"mainEntityOfPage\":{\"@id\":\"https:\\\/\\\/www.antikvar.sk\\\/blog\\\/s-bubnom-na-zajace-fejton-2\\\/\"},\"wordCount\":223,\"commentCount\":0,\"publisher\":{\"@id\":\"https:\\\/\\\/www.antikvar.sk\\\/blog\\\/#\\\/schema\\\/person\\\/960f1c7c0f38d050499287d3a7924469\"},\"image\":{\"@id\":\"https:\\\/\\\/www.antikvar.sk\\\/blog\\\/s-bubnom-na-zajace-fejton-2\\\/#primaryimage\"},\"thumbnailUrl\":\"https:\\\/\\\/www.antikvar.sk\\\/blog\\\/wp-content\\\/uploads\\\/2023\\\/09\\\/bubnujuci-zajacik-960.png\",\"articleSection\":[\"Aktu\u00e1lne postrehy a \u00favahy\",\"Fejt\u00f3ny\"],\"inLanguage\":\"sk-SK\",\"potentialAction\":[{\"@type\":\"CommentAction\",\"name\":\"Comment\",\"target\":[\"https:\\\/\\\/www.antikvar.sk\\\/blog\\\/s-bubnom-na-zajace-fejton-2\\\/#respond\"]}]},{\"@type\":\"WebPage\",\"@id\":\"https:\\\/\\\/www.antikvar.sk\\\/blog\\\/s-bubnom-na-zajace-fejton-2\\\/\",\"url\":\"https:\\\/\\\/www.antikvar.sk\\\/blog\\\/s-bubnom-na-zajace-fejton-2\\\/\",\"name\":\"S bubnom na zajace - fejt\u00f3n - DOMOVINA\",\"isPartOf\":{\"@id\":\"https:\\\/\\\/www.antikvar.sk\\\/blog\\\/#website\"},\"primaryImageOfPage\":{\"@id\":\"https:\\\/\\\/www.antikvar.sk\\\/blog\\\/s-bubnom-na-zajace-fejton-2\\\/#primaryimage\"},\"image\":{\"@id\":\"https:\\\/\\\/www.antikvar.sk\\\/blog\\\/s-bubnom-na-zajace-fejton-2\\\/#primaryimage\"},\"thumbnailUrl\":\"https:\\\/\\\/www.antikvar.sk\\\/blog\\\/wp-content\\\/uploads\\\/2023\\\/09\\\/bubnujuci-zajacik-960.png\",\"datePublished\":\"2023-09-06T09:28:35+00:00\",\"dateModified\":\"2023-09-09T09:47:14+00:00\",\"breadcrumb\":{\"@id\":\"https:\\\/\\\/www.antikvar.sk\\\/blog\\\/s-bubnom-na-zajace-fejton-2\\\/#breadcrumb\"},\"inLanguage\":\"sk-SK\",\"potentialAction\":[{\"@type\":\"ReadAction\",\"target\":[\"https:\\\/\\\/www.antikvar.sk\\\/blog\\\/s-bubnom-na-zajace-fejton-2\\\/\"]}]},{\"@type\":\"ImageObject\",\"inLanguage\":\"sk-SK\",\"@id\":\"https:\\\/\\\/www.antikvar.sk\\\/blog\\\/s-bubnom-na-zajace-fejton-2\\\/#primaryimage\",\"url\":\"https:\\\/\\\/www.antikvar.sk\\\/blog\\\/wp-content\\\/uploads\\\/2023\\\/09\\\/bubnujuci-zajacik-960.png\",\"contentUrl\":\"https:\\\/\\\/www.antikvar.sk\\\/blog\\\/wp-content\\\/uploads\\\/2023\\\/09\\\/bubnujuci-zajacik-960.png\",\"width\":602,\"height\":640},{\"@type\":\"BreadcrumbList\",\"@id\":\"https:\\\/\\\/www.antikvar.sk\\\/blog\\\/s-bubnom-na-zajace-fejton-2\\\/#breadcrumb\",\"itemListElement\":[{\"@type\":\"ListItem\",\"position\":1,\"name\":\"Domovsk\u00e1 str\u00e1nka\",\"item\":\"https:\\\/\\\/www.antikvar.sk\\\/blog\\\/\"},{\"@type\":\"ListItem\",\"position\":2,\"name\":\"S bubnom na zajace &#8211; fejt\u00f3n\"}]},{\"@type\":\"WebSite\",\"@id\":\"https:\\\/\\\/www.antikvar.sk\\\/blog\\\/#website\",\"url\":\"https:\\\/\\\/www.antikvar.sk\\\/blog\\\/\",\"name\":\"DOMOVINA\",\"description\":\"Nezabudnite na svoje rodisko, bez neho je len do pekla schodisko\",\"publisher\":{\"@id\":\"https:\\\/\\\/www.antikvar.sk\\\/blog\\\/#\\\/schema\\\/person\\\/960f1c7c0f38d050499287d3a7924469\"},\"potentialAction\":[{\"@type\":\"SearchAction\",\"target\":{\"@type\":\"EntryPoint\",\"urlTemplate\":\"https:\\\/\\\/www.antikvar.sk\\\/blog\\\/?s={search_term_string}\"},\"query-input\":{\"@type\":\"PropertyValueSpecification\",\"valueRequired\":true,\"valueName\":\"search_term_string\"}}],\"inLanguage\":\"sk-SK\"},{\"@type\":[\"Person\",\"Organization\"],\"@id\":\"https:\\\/\\\/www.antikvar.sk\\\/blog\\\/#\\\/schema\\\/person\\\/960f1c7c0f38d050499287d3a7924469\",\"name\":\"jaropoky\",\"image\":{\"@type\":\"ImageObject\",\"inLanguage\":\"sk-SK\",\"@id\":\"https:\\\/\\\/www.antikvar.sk\\\/blog\\\/wp-content\\\/uploads\\\/2021\\\/04\\\/cropped-cropped-KoreszkaWEB-2.jpg\",\"url\":\"https:\\\/\\\/www.antikvar.sk\\\/blog\\\/wp-content\\\/uploads\\\/2021\\\/04\\\/cropped-cropped-KoreszkaWEB-2.jpg\",\"contentUrl\":\"https:\\\/\\\/www.antikvar.sk\\\/blog\\\/wp-content\\\/uploads\\\/2021\\\/04\\\/cropped-cropped-KoreszkaWEB-2.jpg\",\"width\":863,\"height\":597,\"caption\":\"jaropoky\"},\"logo\":{\"@id\":\"https:\\\/\\\/www.antikvar.sk\\\/blog\\\/wp-content\\\/uploads\\\/2021\\\/04\\\/cropped-cropped-KoreszkaWEB-2.jpg\"},\"description\":\"Zauj\u00edma sa o filozofiu, umenie, pr\u00edrodu a alternat\u00edvnu medic\u00ednu. Bol vedeck\u00fd pracovn\u00edk a \u0161t\u00e1tny zamestnanec, teraz je na d\u00f4chodku.\",\"sameAs\":[\"http:\\\/\\\/www.antikvar.sk\\\/blog\"],\"url\":\"https:\\\/\\\/www.antikvar.sk\\\/blog\\\/author\\\/jaro\\\/\"}]}<\/script>\n<!-- \/ Yoast SEO plugin. -->","yoast_head_json":{"title":"S bubnom na zajace - fejt\u00f3n - DOMOVINA","robots":{"index":"index","follow":"follow","max-snippet":"max-snippet:-1","max-image-preview":"max-image-preview:large","max-video-preview":"max-video-preview:-1"},"canonical":"https:\/\/www.antikvar.sk\/blog\/s-bubnom-na-zajace-fejton-2\/","og_locale":"sk_SK","og_type":"article","og_title":"S bubnom na zajace - fejt\u00f3n - DOMOVINA","og_description":"&#8222;Slovensko stra\u0161\u00ed z\u00e1padn\u00e9 m\u00e9di\u00e1. Ob\u00e1vaj\u00fa sa, \u017ee sa po vo\u013eb\u00e1ch stane spojencom Ruska&#8220;, kon\u0161tatuj\u00fa u\u017e aj H.S. Pokia\u013e Fico bojoval s vl\u00e1dou, prezidentkou a br\u00e1nil svojich nepodaren\u00fdch spolustran\u00edkov pred NAKA, &#8222;zahrani\u010die&#8220;&nbsp; t\u00fdm neprovokoval. Otvorenou podporou mieru na Ukrajine a t\u00fdm aj Ruska, a tie\u017e kritikov migra\u010dnej politiky, prekro\u010dil pomyseln\u00fd Rubikon. Teraz mu hroz\u00ed osud slovensk\u00e9ho [&hellip;]","og_url":"https:\/\/www.antikvar.sk\/blog\/s-bubnom-na-zajace-fejton-2\/","og_site_name":"DOMOVINA","article_published_time":"2023-09-06T09:28:35+00:00","article_modified_time":"2023-09-09T09:47:14+00:00","og_image":[{"width":602,"height":640,"url":"https:\/\/www.antikvar.sk\/blog\/wp-content\/uploads\/2023\/09\/bubnujuci-zajacik-960.png","type":"image\/png"}],"author":"jaropoky","twitter_card":"summary_large_image","twitter_misc":{"Autor":"jaropoky","Predpokladan\u00fd \u010das \u010d\u00edtania":"1 min\u00fata"},"schema":{"@context":"https:\/\/schema.org","@graph":[{"@type":"Article","@id":"https:\/\/www.antikvar.sk\/blog\/s-bubnom-na-zajace-fejton-2\/#article","isPartOf":{"@id":"https:\/\/www.antikvar.sk\/blog\/s-bubnom-na-zajace-fejton-2\/"},"author":{"name":"jaropoky","@id":"https:\/\/www.antikvar.sk\/blog\/#\/schema\/person\/960f1c7c0f38d050499287d3a7924469"},"headline":"S bubnom na zajace &#8211; fejt\u00f3n","datePublished":"2023-09-06T09:28:35+00:00","dateModified":"2023-09-09T09:47:14+00:00","mainEntityOfPage":{"@id":"https:\/\/www.antikvar.sk\/blog\/s-bubnom-na-zajace-fejton-2\/"},"wordCount":223,"commentCount":0,"publisher":{"@id":"https:\/\/www.antikvar.sk\/blog\/#\/schema\/person\/960f1c7c0f38d050499287d3a7924469"},"image":{"@id":"https:\/\/www.antikvar.sk\/blog\/s-bubnom-na-zajace-fejton-2\/#primaryimage"},"thumbnailUrl":"https:\/\/www.antikvar.sk\/blog\/wp-content\/uploads\/2023\/09\/bubnujuci-zajacik-960.png","articleSection":["Aktu\u00e1lne postrehy a \u00favahy","Fejt\u00f3ny"],"inLanguage":"sk-SK","potentialAction":[{"@type":"CommentAction","name":"Comment","target":["https:\/\/www.antikvar.sk\/blog\/s-bubnom-na-zajace-fejton-2\/#respond"]}]},{"@type":"WebPage","@id":"https:\/\/www.antikvar.sk\/blog\/s-bubnom-na-zajace-fejton-2\/","url":"https:\/\/www.antikvar.sk\/blog\/s-bubnom-na-zajace-fejton-2\/","name":"S bubnom na zajace - fejt\u00f3n - DOMOVINA","isPartOf":{"@id":"https:\/\/www.antikvar.sk\/blog\/#website"},"primaryImageOfPage":{"@id":"https:\/\/www.antikvar.sk\/blog\/s-bubnom-na-zajace-fejton-2\/#primaryimage"},"image":{"@id":"https:\/\/www.antikvar.sk\/blog\/s-bubnom-na-zajace-fejton-2\/#primaryimage"},"thumbnailUrl":"https:\/\/www.antikvar.sk\/blog\/wp-content\/uploads\/2023\/09\/bubnujuci-zajacik-960.png","datePublished":"2023-09-06T09:28:35+00:00","dateModified":"2023-09-09T09:47:14+00:00","breadcrumb":{"@id":"https:\/\/www.antikvar.sk\/blog\/s-bubnom-na-zajace-fejton-2\/#breadcrumb"},"inLanguage":"sk-SK","potentialAction":[{"@type":"ReadAction","target":["https:\/\/www.antikvar.sk\/blog\/s-bubnom-na-zajace-fejton-2\/"]}]},{"@type":"ImageObject","inLanguage":"sk-SK","@id":"https:\/\/www.antikvar.sk\/blog\/s-bubnom-na-zajace-fejton-2\/#primaryimage","url":"https:\/\/www.antikvar.sk\/blog\/wp-content\/uploads\/2023\/09\/bubnujuci-zajacik-960.png","contentUrl":"https:\/\/www.antikvar.sk\/blog\/wp-content\/uploads\/2023\/09\/bubnujuci-zajacik-960.png","width":602,"height":640},{"@type":"BreadcrumbList","@id":"https:\/\/www.antikvar.sk\/blog\/s-bubnom-na-zajace-fejton-2\/#breadcrumb","itemListElement":[{"@type":"ListItem","position":1,"name":"Domovsk\u00e1 str\u00e1nka","item":"https:\/\/www.antikvar.sk\/blog\/"},{"@type":"ListItem","position":2,"name":"S bubnom na zajace &#8211; fejt\u00f3n"}]},{"@type":"WebSite","@id":"https:\/\/www.antikvar.sk\/blog\/#website","url":"https:\/\/www.antikvar.sk\/blog\/","name":"DOMOVINA","description":"Nezabudnite na svoje rodisko, bez neho je len do pekla schodisko","publisher":{"@id":"https:\/\/www.antikvar.sk\/blog\/#\/schema\/person\/960f1c7c0f38d050499287d3a7924469"},"potentialAction":[{"@type":"SearchAction","target":{"@type":"EntryPoint","urlTemplate":"https:\/\/www.antikvar.sk\/blog\/?s={search_term_string}"},"query-input":{"@type":"PropertyValueSpecification","valueRequired":true,"valueName":"search_term_string"}}],"inLanguage":"sk-SK"},{"@type":["Person","Organization"],"@id":"https:\/\/www.antikvar.sk\/blog\/#\/schema\/person\/960f1c7c0f38d050499287d3a7924469","name":"jaropoky","image":{"@type":"ImageObject","inLanguage":"sk-SK","@id":"https:\/\/www.antikvar.sk\/blog\/wp-content\/uploads\/2021\/04\/cropped-cropped-KoreszkaWEB-2.jpg","url":"https:\/\/www.antikvar.sk\/blog\/wp-content\/uploads\/2021\/04\/cropped-cropped-KoreszkaWEB-2.jpg","contentUrl":"https:\/\/www.antikvar.sk\/blog\/wp-content\/uploads\/2021\/04\/cropped-cropped-KoreszkaWEB-2.jpg","width":863,"height":597,"caption":"jaropoky"},"logo":{"@id":"https:\/\/www.antikvar.sk\/blog\/wp-content\/uploads\/2021\/04\/cropped-cropped-KoreszkaWEB-2.jpg"},"description":"Zauj\u00edma sa o filozofiu, umenie, pr\u00edrodu a alternat\u00edvnu medic\u00ednu. Bol vedeck\u00fd pracovn\u00edk a \u0161t\u00e1tny zamestnanec, teraz je na d\u00f4chodku.","sameAs":["http:\/\/www.antikvar.sk\/blog"],"url":"https:\/\/www.antikvar.sk\/blog\/author\/jaro\/"}]}},"uagb_featured_image_src":{"full":["https:\/\/www.antikvar.sk\/blog\/wp-content\/uploads\/2023\/09\/bubnujuci-zajacik-960.png",602,640,false],"thumbnail":["https:\/\/www.antikvar.sk\/blog\/wp-content\/uploads\/2023\/09\/bubnujuci-zajacik-960-150x150.png",150,150,true],"medium":["https:\/\/www.antikvar.sk\/blog\/wp-content\/uploads\/2023\/09\/bubnujuci-zajacik-960-282x300.png",282,300,true],"medium_large":["https:\/\/www.antikvar.sk\/blog\/wp-content\/uploads\/2023\/09\/bubnujuci-zajacik-960.png",602,640,false],"large":["https:\/\/www.antikvar.sk\/blog\/wp-content\/uploads\/2023\/09\/bubnujuci-zajacik-960.png",602,640,false],"1536x1536":["https:\/\/www.antikvar.sk\/blog\/wp-content\/uploads\/2023\/09\/bubnujuci-zajacik-960.png",602,640,false],"2048x2048":["https:\/\/www.antikvar.sk\/blog\/wp-content\/uploads\/2023\/09\/bubnujuci-zajacik-960.png",602,640,false],"crp_thumbnail":["https:\/\/www.antikvar.sk\/blog\/wp-content\/uploads\/2023\/09\/bubnujuci-zajacik-960-150x150.png",150,150,true]},"uagb_author_info":{"display_name":"jaropoky","author_link":"https:\/\/www.antikvar.sk\/blog\/author\/jaro\/"},"uagb_comment_info":0,"uagb_excerpt":"&#8222;Slovensko stra\u0161\u00ed z\u00e1padn\u00e9 m\u00e9di\u00e1. Ob\u00e1vaj\u00fa sa, \u017ee sa po vo\u013eb\u00e1ch stane spojencom Ruska&#8220;, kon\u0161tatuj\u00fa u\u017e aj H.S. Pokia\u013e Fico bojoval s vl\u00e1dou, prezidentkou a br\u00e1nil svojich nepodaren\u00fdch spolustran\u00edkov pred NAKA, &#8222;zahrani\u010die&#8220;&nbsp; t\u00fdm neprovokoval. Otvorenou podporou mieru na Ukrajine a t\u00fdm aj Ruska, a tie\u017e kritikov migra\u010dnej politiky, prekro\u010dil pomyseln\u00fd Rubikon. Teraz mu hroz\u00ed osud slovensk\u00e9ho&hellip;","_links":{"self":[{"href":"https:\/\/www.antikvar.sk\/blog\/wp-json\/wp\/v2\/posts\/9256","targetHints":{"allow":["GET"]}}],"collection":[{"href":"https:\/\/www.antikvar.sk\/blog\/wp-json\/wp\/v2\/posts"}],"about":[{"href":"https:\/\/www.antikvar.sk\/blog\/wp-json\/wp\/v2\/types\/post"}],"author":[{"embeddable":true,"href":"https:\/\/www.antikvar.sk\/blog\/wp-json\/wp\/v2\/users\/1"}],"replies":[{"embeddable":true,"href":"https:\/\/www.antikvar.sk\/blog\/wp-json\/wp\/v2\/comments?post=9256"}],"version-history":[{"count":0,"href":"https:\/\/www.antikvar.sk\/blog\/wp-json\/wp\/v2\/posts\/9256\/revisions"}],"wp:featuredmedia":[{"embeddable":true,"href":"https:\/\/www.antikvar.sk\/blog\/wp-json\/wp\/v2\/media\/9260"}],"wp:attachment":[{"href":"https:\/\/www.antikvar.sk\/blog\/wp-json\/wp\/v2\/media?parent=9256"}],"wp:term":[{"taxonomy":"category","embeddable":true,"href":"https:\/\/www.antikvar.sk\/blog\/wp-json\/wp\/v2\/categories?post=9256"},{"taxonomy":"post_tag","embeddable":true,"href":"https:\/\/www.antikvar.sk\/blog\/wp-json\/wp\/v2\/tags?post=9256"}],"curies":[{"name":"wp","href":"https:\/\/api.w.org\/{rel}","templated":true}]}}