{"id":7895,"date":"2023-02-20T10:55:07","date_gmt":"2023-02-20T09:55:07","guid":{"rendered":"https:\/\/www.antikvar.sk\/blog\/?p=7895"},"modified":"2023-02-20T19:56:57","modified_gmt":"2023-02-20T18:56:57","slug":"neocakavana-navsteva-fejton","status":"publish","type":"post","link":"https:\/\/www.antikvar.sk\/blog\/neocakavana-navsteva-fejton\/","title":{"rendered":"Neo\u010dak\u00e1van\u00e1 n\u00e1v\u0161teva &#8211; fejt\u00f3n"},"content":{"rendered":"<p style=\"text-align: justify;\"><span style=\"font-size: 14pt;\"><a href=\"https:\/\/spravy.pravda.sk\/svet\/clanok\/657716-biden-letel-do-varsavy-pristal-v-kyjeve-aby-podporil-zelenskeho\/?utm_source=pravda&amp;utm_medium=hp-box&amp;utm_campaign=shp_3clanok_box\" target=\"_blank\" rel=\"noopener\">Neo\u010dak\u00e1van\u00e1, ako pre koho?<\/a> Celkom mo\u017en\u00e9 je, \u017ee aj pre samotn\u00e9ho prezidenta, ktor\u00e9mu mo\u017eno a\u017e v Po\u013esku do\u0161lo, \u017ee bol v Kyjeve. E\u0161te v\u010dera mu k\u013eudne mohli tvrdi\u0165, \u017ee let\u00ed v r\u00e1mci vlastnej krajiny na d\u00e1ke dobro\u010dinn\u00e9 podujatie do oblasti postihnutej ekologickou katastrofou (T\u00fdmto by svojim voli\u010dom urobil ur\u010dite v\u00e4\u010d\u0161iu rados\u0165). <\/span><\/p>\n<p style=\"text-align: justify;\"><span style=\"font-size: 14pt;\">M\u00e1lokto si&nbsp; mysl\u00ed, \u017ee by jeho spikleneck\u00ed s\u00fakme\u0148ovci boli don\u00faten\u00ed siahnu\u0165 po sakr\u00e1lnej obeti a\u017e tak\u00e9hoto kalibru. <\/span><\/p>\n<p style=\"text-align: justify;\"><span style=\"font-size: 14pt;\">Na rozp\u00fatanie posledn\u00e9ho svetov\u00e9ho majdanu nie je predsa nutn\u00e9 necha\u0165 skalibrova\u0165 vlastn\u00e9ho prezidenta. &nbsp; Dohoda, on dnes bezpe\u010dne do Kyjeva a ty za rok, dva pr\u00edde\u0161 na bratsk\u00fa n\u00e1v\u0161tevu Bieleho domu, preto nemus\u00ed by\u0165 \u00faplne nere\u00e1lna. Samozrejme, \u017ee toto pozvanie&nbsp; nepatrilo dne\u0161n\u00e9mu hostite\u013eovi.&nbsp;<\/span><\/p>\n<p style=\"text-align: justify;\"><span style=\"font-size: 14pt;\"> Nech sa neo\u010dak\u00e1van\u00e1 n\u00e1v\u0161teva uskuto\u010dnila tak \u010di onak, at\u00f3mov\u00fd kufr\u00edk ur\u010dite v Kyjeve nebol. Nie je mo\u017en\u00e9 predsa riskova\u0165, \u017ee sa ho zmocnia podnikav\u00ed domorodci a predaj\u00fa tomu, \u010do u\u017e jeden m\u00e1.&nbsp; To by bola medzin\u00e1rodn\u00e1 blam\u00e1\u017e a ve\u013ek\u00e9 sklamanie pre vojnov\u00fdch \u0161tv\u00e1\u010dov, ktor\u00e9 je napl\u00e1novan\u00e9 na nesk\u00f4r.<br \/>\n<\/span><\/p>\n<p style=\"text-align: justify;\">&nbsp;<\/p>\n<p style=\"text-align: justify;\">&nbsp;<\/p>\n<p style=\"text-align: justify;\">&nbsp;<\/p>\n","protected":false},"excerpt":{"rendered":"<p>Neo\u010dak\u00e1van\u00e1, ako pre koho? Celkom mo\u017en\u00e9 je, \u017ee aj pre samotn\u00e9ho prezidenta, ktor\u00e9mu mo\u017eno a\u017e v Po\u013esku do\u0161lo, \u017ee bol v Kyjeve. E\u0161te v\u010dera mu k\u013eudne mohli tvrdi\u0165, \u017ee let\u00ed v r\u00e1mci vlastnej krajiny na d\u00e1ke dobro\u010dinn\u00e9 podujatie do oblasti postihnutej ekologickou katastrofou (T\u00fdmto by svojim voli\u010dom urobil ur\u010dite v\u00e4\u010d\u0161iu rados\u0165). M\u00e1lokto si&nbsp; mysl\u00ed, \u017ee [&hellip;]<\/p>\n","protected":false},"author":1,"featured_media":7910,"comment_status":"open","ping_status":"open","sticky":false,"template":"","format":"standard","meta":{"_uag_custom_page_level_css":"","site-sidebar-layout":"default","site-content-layout":"default","ast-site-content-layout":"default","site-content-style":"default","site-sidebar-style":"default","ast-global-header-display":"","ast-banner-title-visibility":"","ast-main-header-display":"","ast-hfb-above-header-display":"","ast-hfb-below-header-display":"","ast-hfb-mobile-header-display":"","site-post-title":"","ast-breadcrumbs-content":"","ast-featured-img":"","footer-sml-layout":"","ast-disable-related-posts":"","theme-transparent-header-meta":"default","adv-header-id-meta":"","stick-header-meta":"","header-above-stick-meta":"","header-main-stick-meta":"","header-below-stick-meta":"","astra-migrate-meta-layouts":"default","ast-page-background-enabled":"default","ast-page-background-meta":{"desktop":{"background-color":"","background-image":"","background-repeat":"repeat","background-position":"center center","background-size":"auto","background-attachment":"scroll","background-type":"","background-media":"","overlay-type":"","overlay-color":"","overlay-opacity":"","overlay-gradient":""},"tablet":{"background-color":"","background-image":"","background-repeat":"repeat","background-position":"center center","background-size":"auto","background-attachment":"scroll","background-type":"","background-media":"","overlay-type":"","overlay-color":"","overlay-opacity":"","overlay-gradient":""},"mobile":{"background-color":"","background-image":"","background-repeat":"repeat","background-position":"center center","background-size":"auto","background-attachment":"scroll","background-type":"","background-media":"","overlay-type":"","overlay-color":"","overlay-opacity":"","overlay-gradient":""}},"ast-content-background-meta":{"desktop":{"background-color":"var(--ast-global-color-5)","background-image":"","background-repeat":"repeat","background-position":"center center","background-size":"auto","background-attachment":"scroll","background-type":"","background-media":"","overlay-type":"","overlay-color":"","overlay-opacity":"","overlay-gradient":""},"tablet":{"background-color":"var(--ast-global-color-5)","background-image":"","background-repeat":"repeat","background-position":"center center","background-size":"auto","background-attachment":"scroll","background-type":"","background-media":"","overlay-type":"","overlay-color":"","overlay-opacity":"","overlay-gradient":""},"mobile":{"background-color":"var(--ast-global-color-5)","background-image":"","background-repeat":"repeat","background-position":"center center","background-size":"auto","background-attachment":"scroll","background-type":"","background-media":"","overlay-type":"","overlay-color":"","overlay-opacity":"","overlay-gradient":""}},"ngg_post_thumbnail":0,"footnotes":""},"categories":[1],"tags":[297,296,295],"class_list":["post-7895","post","type-post","status-publish","format-standard","has-post-thumbnail","hentry","category-postrehy-uvahy-aktualne","tag-biden","tag-kyjev","tag-navsteva"],"yoast_head":"<!-- This site is optimized with the Yoast SEO plugin v27.5 - https:\/\/yoast.com\/product\/yoast-seo-wordpress\/ -->\n<title>Neo\u010dak\u00e1van\u00e1 n\u00e1v\u0161teva - fejt\u00f3n - DOMOVINA<\/title>\n<meta name=\"robots\" content=\"index, follow, max-snippet:-1, max-image-preview:large, max-video-preview:-1\" \/>\n<link rel=\"canonical\" href=\"https:\/\/www.antikvar.sk\/blog\/neocakavana-navsteva-fejton\/\" \/>\n<meta property=\"og:locale\" content=\"sk_SK\" \/>\n<meta property=\"og:type\" content=\"article\" \/>\n<meta property=\"og:title\" content=\"Neo\u010dak\u00e1van\u00e1 n\u00e1v\u0161teva - fejt\u00f3n - DOMOVINA\" \/>\n<meta property=\"og:description\" content=\"Neo\u010dak\u00e1van\u00e1, ako pre koho? Celkom mo\u017en\u00e9 je, \u017ee aj pre samotn\u00e9ho prezidenta, ktor\u00e9mu mo\u017eno a\u017e v Po\u013esku do\u0161lo, \u017ee bol v Kyjeve. E\u0161te v\u010dera mu k\u013eudne mohli tvrdi\u0165, \u017ee let\u00ed v r\u00e1mci vlastnej krajiny na d\u00e1ke dobro\u010dinn\u00e9 podujatie do oblasti postihnutej ekologickou katastrofou (T\u00fdmto by svojim voli\u010dom urobil ur\u010dite v\u00e4\u010d\u0161iu rados\u0165). M\u00e1lokto si&nbsp; mysl\u00ed, \u017ee [&hellip;]\" \/>\n<meta property=\"og:url\" content=\"https:\/\/www.antikvar.sk\/blog\/neocakavana-navsteva-fejton\/\" \/>\n<meta property=\"og:site_name\" content=\"DOMOVINA\" \/>\n<meta property=\"article:published_time\" content=\"2023-02-20T09:55:07+00:00\" \/>\n<meta property=\"article:modified_time\" content=\"2023-02-20T18:56:57+00:00\" \/>\n<meta property=\"og:image\" content=\"https:\/\/www.antikvar.sk\/blog\/wp-content\/uploads\/2023\/02\/118-1024x598-1.jpg\" \/>\n\t<meta property=\"og:image:width\" content=\"1024\" \/>\n\t<meta property=\"og:image:height\" content=\"598\" \/>\n\t<meta property=\"og:image:type\" content=\"image\/jpeg\" \/>\n<meta name=\"author\" content=\"jaropoky\" \/>\n<meta name=\"twitter:card\" content=\"summary_large_image\" \/>\n<meta name=\"twitter:label1\" content=\"Autor\" \/>\n\t<meta name=\"twitter:data1\" content=\"jaropoky\" \/>\n\t<meta name=\"twitter:label2\" content=\"Predpokladan\u00fd \u010das \u010d\u00edtania\" \/>\n\t<meta name=\"twitter:data2\" content=\"1 min\u00fata\" \/>\n<script type=\"application\/ld+json\" class=\"yoast-schema-graph\">{\"@context\":\"https:\\\/\\\/schema.org\",\"@graph\":[{\"@type\":\"Article\",\"@id\":\"https:\\\/\\\/www.antikvar.sk\\\/blog\\\/neocakavana-navsteva-fejton\\\/#article\",\"isPartOf\":{\"@id\":\"https:\\\/\\\/www.antikvar.sk\\\/blog\\\/neocakavana-navsteva-fejton\\\/\"},\"author\":{\"name\":\"jaropoky\",\"@id\":\"https:\\\/\\\/www.antikvar.sk\\\/blog\\\/#\\\/schema\\\/person\\\/960f1c7c0f38d050499287d3a7924469\"},\"headline\":\"Neo\u010dak\u00e1van\u00e1 n\u00e1v\u0161teva &#8211; fejt\u00f3n\",\"datePublished\":\"2023-02-20T09:55:07+00:00\",\"dateModified\":\"2023-02-20T18:56:57+00:00\",\"mainEntityOfPage\":{\"@id\":\"https:\\\/\\\/www.antikvar.sk\\\/blog\\\/neocakavana-navsteva-fejton\\\/\"},\"wordCount\":226,\"commentCount\":0,\"publisher\":{\"@id\":\"https:\\\/\\\/www.antikvar.sk\\\/blog\\\/#\\\/schema\\\/person\\\/960f1c7c0f38d050499287d3a7924469\"},\"image\":{\"@id\":\"https:\\\/\\\/www.antikvar.sk\\\/blog\\\/neocakavana-navsteva-fejton\\\/#primaryimage\"},\"thumbnailUrl\":\"https:\\\/\\\/www.antikvar.sk\\\/blog\\\/wp-content\\\/uploads\\\/2023\\\/02\\\/118-1024x598-1.jpg\",\"keywords\":[\"Biden\",\"Kyjev\",\"n\u00e1v\u0161teva\"],\"articleSection\":[\"Aktu\u00e1lne postrehy a \u00favahy\"],\"inLanguage\":\"sk-SK\",\"potentialAction\":[{\"@type\":\"CommentAction\",\"name\":\"Comment\",\"target\":[\"https:\\\/\\\/www.antikvar.sk\\\/blog\\\/neocakavana-navsteva-fejton\\\/#respond\"]}]},{\"@type\":\"WebPage\",\"@id\":\"https:\\\/\\\/www.antikvar.sk\\\/blog\\\/neocakavana-navsteva-fejton\\\/\",\"url\":\"https:\\\/\\\/www.antikvar.sk\\\/blog\\\/neocakavana-navsteva-fejton\\\/\",\"name\":\"Neo\u010dak\u00e1van\u00e1 n\u00e1v\u0161teva - fejt\u00f3n - DOMOVINA\",\"isPartOf\":{\"@id\":\"https:\\\/\\\/www.antikvar.sk\\\/blog\\\/#website\"},\"primaryImageOfPage\":{\"@id\":\"https:\\\/\\\/www.antikvar.sk\\\/blog\\\/neocakavana-navsteva-fejton\\\/#primaryimage\"},\"image\":{\"@id\":\"https:\\\/\\\/www.antikvar.sk\\\/blog\\\/neocakavana-navsteva-fejton\\\/#primaryimage\"},\"thumbnailUrl\":\"https:\\\/\\\/www.antikvar.sk\\\/blog\\\/wp-content\\\/uploads\\\/2023\\\/02\\\/118-1024x598-1.jpg\",\"datePublished\":\"2023-02-20T09:55:07+00:00\",\"dateModified\":\"2023-02-20T18:56:57+00:00\",\"breadcrumb\":{\"@id\":\"https:\\\/\\\/www.antikvar.sk\\\/blog\\\/neocakavana-navsteva-fejton\\\/#breadcrumb\"},\"inLanguage\":\"sk-SK\",\"potentialAction\":[{\"@type\":\"ReadAction\",\"target\":[\"https:\\\/\\\/www.antikvar.sk\\\/blog\\\/neocakavana-navsteva-fejton\\\/\"]}]},{\"@type\":\"ImageObject\",\"inLanguage\":\"sk-SK\",\"@id\":\"https:\\\/\\\/www.antikvar.sk\\\/blog\\\/neocakavana-navsteva-fejton\\\/#primaryimage\",\"url\":\"https:\\\/\\\/www.antikvar.sk\\\/blog\\\/wp-content\\\/uploads\\\/2023\\\/02\\\/118-1024x598-1.jpg\",\"contentUrl\":\"https:\\\/\\\/www.antikvar.sk\\\/blog\\\/wp-content\\\/uploads\\\/2023\\\/02\\\/118-1024x598-1.jpg\",\"width\":1024,\"height\":598},{\"@type\":\"BreadcrumbList\",\"@id\":\"https:\\\/\\\/www.antikvar.sk\\\/blog\\\/neocakavana-navsteva-fejton\\\/#breadcrumb\",\"itemListElement\":[{\"@type\":\"ListItem\",\"position\":1,\"name\":\"Domovsk\u00e1 str\u00e1nka\",\"item\":\"https:\\\/\\\/www.antikvar.sk\\\/blog\\\/\"},{\"@type\":\"ListItem\",\"position\":2,\"name\":\"Neo\u010dak\u00e1van\u00e1 n\u00e1v\u0161teva &#8211; fejt\u00f3n\"}]},{\"@type\":\"WebSite\",\"@id\":\"https:\\\/\\\/www.antikvar.sk\\\/blog\\\/#website\",\"url\":\"https:\\\/\\\/www.antikvar.sk\\\/blog\\\/\",\"name\":\"DOMOVINA\",\"description\":\"Nezabudnite na svoje rodisko, bez neho je len do pekla schodisko\",\"publisher\":{\"@id\":\"https:\\\/\\\/www.antikvar.sk\\\/blog\\\/#\\\/schema\\\/person\\\/960f1c7c0f38d050499287d3a7924469\"},\"potentialAction\":[{\"@type\":\"SearchAction\",\"target\":{\"@type\":\"EntryPoint\",\"urlTemplate\":\"https:\\\/\\\/www.antikvar.sk\\\/blog\\\/?s={search_term_string}\"},\"query-input\":{\"@type\":\"PropertyValueSpecification\",\"valueRequired\":true,\"valueName\":\"search_term_string\"}}],\"inLanguage\":\"sk-SK\"},{\"@type\":[\"Person\",\"Organization\"],\"@id\":\"https:\\\/\\\/www.antikvar.sk\\\/blog\\\/#\\\/schema\\\/person\\\/960f1c7c0f38d050499287d3a7924469\",\"name\":\"jaropoky\",\"image\":{\"@type\":\"ImageObject\",\"inLanguage\":\"sk-SK\",\"@id\":\"https:\\\/\\\/www.antikvar.sk\\\/blog\\\/wp-content\\\/uploads\\\/2021\\\/04\\\/cropped-cropped-KoreszkaWEB-2.jpg\",\"url\":\"https:\\\/\\\/www.antikvar.sk\\\/blog\\\/wp-content\\\/uploads\\\/2021\\\/04\\\/cropped-cropped-KoreszkaWEB-2.jpg\",\"contentUrl\":\"https:\\\/\\\/www.antikvar.sk\\\/blog\\\/wp-content\\\/uploads\\\/2021\\\/04\\\/cropped-cropped-KoreszkaWEB-2.jpg\",\"width\":863,\"height\":597,\"caption\":\"jaropoky\"},\"logo\":{\"@id\":\"https:\\\/\\\/www.antikvar.sk\\\/blog\\\/wp-content\\\/uploads\\\/2021\\\/04\\\/cropped-cropped-KoreszkaWEB-2.jpg\"},\"description\":\"Zauj\u00edma sa o filozofiu, umenie, pr\u00edrodu a alternat\u00edvnu medic\u00ednu. Bol vedeck\u00fd pracovn\u00edk a \u0161t\u00e1tny zamestnanec, teraz je na d\u00f4chodku.\",\"sameAs\":[\"http:\\\/\\\/www.antikvar.sk\\\/blog\"],\"url\":\"https:\\\/\\\/www.antikvar.sk\\\/blog\\\/author\\\/jaro\\\/\"}]}<\/script>\n<!-- \/ Yoast SEO plugin. -->","yoast_head_json":{"title":"Neo\u010dak\u00e1van\u00e1 n\u00e1v\u0161teva - fejt\u00f3n - DOMOVINA","robots":{"index":"index","follow":"follow","max-snippet":"max-snippet:-1","max-image-preview":"max-image-preview:large","max-video-preview":"max-video-preview:-1"},"canonical":"https:\/\/www.antikvar.sk\/blog\/neocakavana-navsteva-fejton\/","og_locale":"sk_SK","og_type":"article","og_title":"Neo\u010dak\u00e1van\u00e1 n\u00e1v\u0161teva - fejt\u00f3n - DOMOVINA","og_description":"Neo\u010dak\u00e1van\u00e1, ako pre koho? Celkom mo\u017en\u00e9 je, \u017ee aj pre samotn\u00e9ho prezidenta, ktor\u00e9mu mo\u017eno a\u017e v Po\u013esku do\u0161lo, \u017ee bol v Kyjeve. E\u0161te v\u010dera mu k\u013eudne mohli tvrdi\u0165, \u017ee let\u00ed v r\u00e1mci vlastnej krajiny na d\u00e1ke dobro\u010dinn\u00e9 podujatie do oblasti postihnutej ekologickou katastrofou (T\u00fdmto by svojim voli\u010dom urobil ur\u010dite v\u00e4\u010d\u0161iu rados\u0165). M\u00e1lokto si&nbsp; mysl\u00ed, \u017ee [&hellip;]","og_url":"https:\/\/www.antikvar.sk\/blog\/neocakavana-navsteva-fejton\/","og_site_name":"DOMOVINA","article_published_time":"2023-02-20T09:55:07+00:00","article_modified_time":"2023-02-20T18:56:57+00:00","og_image":[{"width":1024,"height":598,"url":"https:\/\/www.antikvar.sk\/blog\/wp-content\/uploads\/2023\/02\/118-1024x598-1.jpg","type":"image\/jpeg"}],"author":"jaropoky","twitter_card":"summary_large_image","twitter_misc":{"Autor":"jaropoky","Predpokladan\u00fd \u010das \u010d\u00edtania":"1 min\u00fata"},"schema":{"@context":"https:\/\/schema.org","@graph":[{"@type":"Article","@id":"https:\/\/www.antikvar.sk\/blog\/neocakavana-navsteva-fejton\/#article","isPartOf":{"@id":"https:\/\/www.antikvar.sk\/blog\/neocakavana-navsteva-fejton\/"},"author":{"name":"jaropoky","@id":"https:\/\/www.antikvar.sk\/blog\/#\/schema\/person\/960f1c7c0f38d050499287d3a7924469"},"headline":"Neo\u010dak\u00e1van\u00e1 n\u00e1v\u0161teva &#8211; fejt\u00f3n","datePublished":"2023-02-20T09:55:07+00:00","dateModified":"2023-02-20T18:56:57+00:00","mainEntityOfPage":{"@id":"https:\/\/www.antikvar.sk\/blog\/neocakavana-navsteva-fejton\/"},"wordCount":226,"commentCount":0,"publisher":{"@id":"https:\/\/www.antikvar.sk\/blog\/#\/schema\/person\/960f1c7c0f38d050499287d3a7924469"},"image":{"@id":"https:\/\/www.antikvar.sk\/blog\/neocakavana-navsteva-fejton\/#primaryimage"},"thumbnailUrl":"https:\/\/www.antikvar.sk\/blog\/wp-content\/uploads\/2023\/02\/118-1024x598-1.jpg","keywords":["Biden","Kyjev","n\u00e1v\u0161teva"],"articleSection":["Aktu\u00e1lne postrehy a \u00favahy"],"inLanguage":"sk-SK","potentialAction":[{"@type":"CommentAction","name":"Comment","target":["https:\/\/www.antikvar.sk\/blog\/neocakavana-navsteva-fejton\/#respond"]}]},{"@type":"WebPage","@id":"https:\/\/www.antikvar.sk\/blog\/neocakavana-navsteva-fejton\/","url":"https:\/\/www.antikvar.sk\/blog\/neocakavana-navsteva-fejton\/","name":"Neo\u010dak\u00e1van\u00e1 n\u00e1v\u0161teva - fejt\u00f3n - DOMOVINA","isPartOf":{"@id":"https:\/\/www.antikvar.sk\/blog\/#website"},"primaryImageOfPage":{"@id":"https:\/\/www.antikvar.sk\/blog\/neocakavana-navsteva-fejton\/#primaryimage"},"image":{"@id":"https:\/\/www.antikvar.sk\/blog\/neocakavana-navsteva-fejton\/#primaryimage"},"thumbnailUrl":"https:\/\/www.antikvar.sk\/blog\/wp-content\/uploads\/2023\/02\/118-1024x598-1.jpg","datePublished":"2023-02-20T09:55:07+00:00","dateModified":"2023-02-20T18:56:57+00:00","breadcrumb":{"@id":"https:\/\/www.antikvar.sk\/blog\/neocakavana-navsteva-fejton\/#breadcrumb"},"inLanguage":"sk-SK","potentialAction":[{"@type":"ReadAction","target":["https:\/\/www.antikvar.sk\/blog\/neocakavana-navsteva-fejton\/"]}]},{"@type":"ImageObject","inLanguage":"sk-SK","@id":"https:\/\/www.antikvar.sk\/blog\/neocakavana-navsteva-fejton\/#primaryimage","url":"https:\/\/www.antikvar.sk\/blog\/wp-content\/uploads\/2023\/02\/118-1024x598-1.jpg","contentUrl":"https:\/\/www.antikvar.sk\/blog\/wp-content\/uploads\/2023\/02\/118-1024x598-1.jpg","width":1024,"height":598},{"@type":"BreadcrumbList","@id":"https:\/\/www.antikvar.sk\/blog\/neocakavana-navsteva-fejton\/#breadcrumb","itemListElement":[{"@type":"ListItem","position":1,"name":"Domovsk\u00e1 str\u00e1nka","item":"https:\/\/www.antikvar.sk\/blog\/"},{"@type":"ListItem","position":2,"name":"Neo\u010dak\u00e1van\u00e1 n\u00e1v\u0161teva &#8211; fejt\u00f3n"}]},{"@type":"WebSite","@id":"https:\/\/www.antikvar.sk\/blog\/#website","url":"https:\/\/www.antikvar.sk\/blog\/","name":"DOMOVINA","description":"Nezabudnite na svoje rodisko, bez neho je len do pekla schodisko","publisher":{"@id":"https:\/\/www.antikvar.sk\/blog\/#\/schema\/person\/960f1c7c0f38d050499287d3a7924469"},"potentialAction":[{"@type":"SearchAction","target":{"@type":"EntryPoint","urlTemplate":"https:\/\/www.antikvar.sk\/blog\/?s={search_term_string}"},"query-input":{"@type":"PropertyValueSpecification","valueRequired":true,"valueName":"search_term_string"}}],"inLanguage":"sk-SK"},{"@type":["Person","Organization"],"@id":"https:\/\/www.antikvar.sk\/blog\/#\/schema\/person\/960f1c7c0f38d050499287d3a7924469","name":"jaropoky","image":{"@type":"ImageObject","inLanguage":"sk-SK","@id":"https:\/\/www.antikvar.sk\/blog\/wp-content\/uploads\/2021\/04\/cropped-cropped-KoreszkaWEB-2.jpg","url":"https:\/\/www.antikvar.sk\/blog\/wp-content\/uploads\/2021\/04\/cropped-cropped-KoreszkaWEB-2.jpg","contentUrl":"https:\/\/www.antikvar.sk\/blog\/wp-content\/uploads\/2021\/04\/cropped-cropped-KoreszkaWEB-2.jpg","width":863,"height":597,"caption":"jaropoky"},"logo":{"@id":"https:\/\/www.antikvar.sk\/blog\/wp-content\/uploads\/2021\/04\/cropped-cropped-KoreszkaWEB-2.jpg"},"description":"Zauj\u00edma sa o filozofiu, umenie, pr\u00edrodu a alternat\u00edvnu medic\u00ednu. Bol vedeck\u00fd pracovn\u00edk a \u0161t\u00e1tny zamestnanec, teraz je na d\u00f4chodku.","sameAs":["http:\/\/www.antikvar.sk\/blog"],"url":"https:\/\/www.antikvar.sk\/blog\/author\/jaro\/"}]}},"uagb_featured_image_src":{"full":["https:\/\/www.antikvar.sk\/blog\/wp-content\/uploads\/2023\/02\/118-1024x598-1.jpg",1024,598,false],"thumbnail":["https:\/\/www.antikvar.sk\/blog\/wp-content\/uploads\/2023\/02\/118-1024x598-1-150x150.jpg",150,150,true],"medium":["https:\/\/www.antikvar.sk\/blog\/wp-content\/uploads\/2023\/02\/118-1024x598-1-300x175.jpg",300,175,true],"medium_large":["https:\/\/www.antikvar.sk\/blog\/wp-content\/uploads\/2023\/02\/118-1024x598-1-768x449.jpg",768,449,true],"large":["https:\/\/www.antikvar.sk\/blog\/wp-content\/uploads\/2023\/02\/118-1024x598-1.jpg",1024,598,false],"1536x1536":["https:\/\/www.antikvar.sk\/blog\/wp-content\/uploads\/2023\/02\/118-1024x598-1.jpg",1024,598,false],"2048x2048":["https:\/\/www.antikvar.sk\/blog\/wp-content\/uploads\/2023\/02\/118-1024x598-1.jpg",1024,598,false],"crp_thumbnail":["https:\/\/www.antikvar.sk\/blog\/wp-content\/uploads\/2023\/02\/118-1024x598-1-150x150.jpg",150,150,true]},"uagb_author_info":{"display_name":"jaropoky","author_link":"https:\/\/www.antikvar.sk\/blog\/author\/jaro\/"},"uagb_comment_info":0,"uagb_excerpt":"Neo\u010dak\u00e1van\u00e1, ako pre koho? Celkom mo\u017en\u00e9 je, \u017ee aj pre samotn\u00e9ho prezidenta, ktor\u00e9mu mo\u017eno a\u017e v Po\u013esku do\u0161lo, \u017ee bol v Kyjeve. E\u0161te v\u010dera mu k\u013eudne mohli tvrdi\u0165, \u017ee let\u00ed v r\u00e1mci vlastnej krajiny na d\u00e1ke dobro\u010dinn\u00e9 podujatie do oblasti postihnutej ekologickou katastrofou (T\u00fdmto by svojim voli\u010dom urobil ur\u010dite v\u00e4\u010d\u0161iu rados\u0165). M\u00e1lokto si&nbsp; mysl\u00ed, \u017ee&hellip;","_links":{"self":[{"href":"https:\/\/www.antikvar.sk\/blog\/wp-json\/wp\/v2\/posts\/7895","targetHints":{"allow":["GET"]}}],"collection":[{"href":"https:\/\/www.antikvar.sk\/blog\/wp-json\/wp\/v2\/posts"}],"about":[{"href":"https:\/\/www.antikvar.sk\/blog\/wp-json\/wp\/v2\/types\/post"}],"author":[{"embeddable":true,"href":"https:\/\/www.antikvar.sk\/blog\/wp-json\/wp\/v2\/users\/1"}],"replies":[{"embeddable":true,"href":"https:\/\/www.antikvar.sk\/blog\/wp-json\/wp\/v2\/comments?post=7895"}],"version-history":[{"count":0,"href":"https:\/\/www.antikvar.sk\/blog\/wp-json\/wp\/v2\/posts\/7895\/revisions"}],"wp:featuredmedia":[{"embeddable":true,"href":"https:\/\/www.antikvar.sk\/blog\/wp-json\/wp\/v2\/media\/7910"}],"wp:attachment":[{"href":"https:\/\/www.antikvar.sk\/blog\/wp-json\/wp\/v2\/media?parent=7895"}],"wp:term":[{"taxonomy":"category","embeddable":true,"href":"https:\/\/www.antikvar.sk\/blog\/wp-json\/wp\/v2\/categories?post=7895"},{"taxonomy":"post_tag","embeddable":true,"href":"https:\/\/www.antikvar.sk\/blog\/wp-json\/wp\/v2\/tags?post=7895"}],"curies":[{"name":"wp","href":"https:\/\/api.w.org\/{rel}","templated":true}]}}