{"id":7494,"date":"2023-01-25T13:13:58","date_gmt":"2023-01-25T12:13:58","guid":{"rendered":"http:\/\/www.antikvar.sk\/blog\/?p=7494"},"modified":"2023-01-26T23:56:59","modified_gmt":"2023-01-26T22:56:59","slug":"kurit-svietit-a-strihat-brady-fejton","status":"publish","type":"post","link":"https:\/\/www.antikvar.sk\/blog\/kurit-svietit-a-strihat-brady-fejton\/","title":{"rendered":"K\u00fari\u0165, svieti\u0165 a striha\u0165 brady &#8211; fejt\u00f3n"},"content":{"rendered":"<p style=\"text-align: justify;\">Neprajn\u00edkov tejto na\u0161ej odvolanej vl\u00e1dy, ktor\u00ed si myslia, \u017ee do septembra bude m\u00f4c\u0165 len k\u00fari\u0165 a svieti\u0165, treba vyvies\u0165 z omylu.&nbsp; Nemaj\u00fa&nbsp; d\u00f4le\u017eit\u00fa inform\u00e1ciu, ktor\u00fa m\u00f4\u017eu potvrdi\u0165 na z\u00e1klade vlastnej sk\u00fasenosti v\u0161etci t\u00ed, ktor\u00ed&nbsp; absolvovali z\u00e1kladn\u00fa vojensk\u00fa slu\u017ebu v obdob\u00ed studenej vojny.<\/p>\n<p style=\"text-align: justify;\">Najd\u00f4le\u017eitej\u0161\u00edm prvkom protichemickej a protiradia\u010dnej ochrany jednotlivca je plynov\u00e1 maska. &nbsp; Plynov\u00e1 maska je nepou\u017eite\u013en\u00e1, ke\u010f m\u00e1te bradu, ktor\u00fa v s\u00fa\u010dasnosti nos\u00ed v\u00e4\u010d\u0161ina na\u0161ich bojaschopn\u00fdch mu\u017eov. Teraz je u\u017e d\u00fafam jasn\u00e9, ak\u00e1 je nov\u00e1 kompetencia na\u0161ej&nbsp; vl\u00e1dy. Realiz\u00e1cia tejto menej zn\u00e1mej kompetencie odvolanej vl\u00e1dy, nemus\u00ed by\u0165 a\u017e tak\u00e1 ak\u00fatna, preto\u017ee na strane nepriate\u013ea sa odmietli zatia\u013e da\u0165 oholi\u0165 \u010ce\u010denci.&nbsp; V t\u00fdchto s\u00favislostiach treba len \u013eutova\u0165, \u017ee Na\u010f nenos\u00ed bradu. Bol by aspo\u0148 pou\u017eite\u013en\u00fd&nbsp; podobne ako sign\u00e1l sir\u00e9ny.&nbsp; No je celkom mo\u017en\u00e9, \u017ee si ju oholil pred nast\u00fapen\u00edm do funkcie ministra obrany, preto\u017ee&nbsp; bol ve\u013emi dobre informovan\u00fd o tom, \u010do n\u00e1s \u010dak\u00e1.<\/p>\n<p>Zost\u00e1vaj\u00fa n\u00e1m teda iba \u010ce\u010denci, t\u00ed si ur\u010dite len preto, aby na\u0161ich brad\u00e1\u010dov poslali pomocou falo\u0161n\u00e9ho poplachu holi\u010dovi, brady neoholia.<\/p>\n<p>Je tu e\u0161te jedna mo\u017enos\u0165, ktor\u00e1 nebude zatia\u013e ur\u010dite cenzurovan\u00e1 ako z\u00e1bery \u010ce\u010dencov v z\u00e1kopoch. Je nutn\u00e9 pozorne sledova\u0165 gener\u00e1la Pavla, samozrejme pokia\u013e ho Babi\u0161 v&nbsp; sobotu v prezidentsk\u00fdch vo\u013eb\u00e1ch&nbsp; neohol\u00ed.<\/p>\n<p>&nbsp;<\/p>\n<p><strong>Dodatok<\/strong><\/p>\n<p>Streda 25.1.2023 ve\u010der:<\/p>\n<p>Kto dnes sledoval duel Babi\u0161, Pavel, mohol vidie\u0165, \u017ee holenie Pavla \u00faspe\u0161ne za\u010dalo.<\/p>\n<p><a href=\"https:\/\/echo24.cz\/a\/HBFzd\/zpravy-svet-gerasimov-ruska-armada-holeni-drony-mobily-valka-na-ukrajine?utm_source=www.seznam.cz&amp;utm_medium=sekce-z-internetu\" target=\"_blank\" rel=\"noopener\">https:\/\/echo24.cz\/a\/HBFzd\/zpravy-svet-gerasimov-ruska-armada-holeni-drony-mobily-valka-na-ukrajine?utm_source=www.seznam.cz&amp;utm_medium=sekce-z-internetu<\/a><\/p>\n<p>\u0161tvrtok 26.1.2023<\/p>\n<p class=\"custom-blue font-24 caricature-subtitle\"><a href=\"https:\/\/www.hlavnespravy.sk\/poslanci-pokracuju-v-rokovani-venovat-sa-maju-terminu-volieb-budu-volby-uz-20-maja\/3025797\" target=\"_blank\" rel=\"noopener\">\u201eObrovsk\u00e1 medzin\u00e1rodn\u00e1 ofenz\u00edva\u201c. Fico: Potvrden\u00e9. Odvolan\u00e1 vl\u00e1da chce pozatv\u00e1ra\u0165 opoz\u00edciu<\/a><\/p>\n<p>a vyhra\u0165 vojnu na Ukrajine<\/p>\n<p>&nbsp;<\/p>\n","protected":false},"excerpt":{"rendered":"<p>Neprajn\u00edkov tejto na\u0161ej odvolanej vl\u00e1dy, ktor\u00ed si myslia, \u017ee do septembra bude m\u00f4c\u0165 len k\u00fari\u0165 a svieti\u0165, treba vyvies\u0165 z omylu.&nbsp; Nemaj\u00fa&nbsp; d\u00f4le\u017eit\u00fa inform\u00e1ciu, ktor\u00fa m\u00f4\u017eu potvrdi\u0165 na z\u00e1klade vlastnej sk\u00fasenosti v\u0161etci t\u00ed, ktor\u00ed&nbsp; absolvovali z\u00e1kladn\u00fa vojensk\u00fa slu\u017ebu v obdob\u00ed studenej vojny. Najd\u00f4le\u017eitej\u0161\u00edm prvkom protichemickej a protiradia\u010dnej ochrany jednotlivca je plynov\u00e1 maska. &nbsp; Plynov\u00e1 maska [&hellip;]<\/p>\n","protected":false},"author":1,"featured_media":7496,"comment_status":"open","ping_status":"open","sticky":false,"template":"","format":"standard","meta":{"_uag_custom_page_level_css":"","site-sidebar-layout":"default","site-content-layout":"default","ast-site-content-layout":"default","site-content-style":"default","site-sidebar-style":"default","ast-global-header-display":"","ast-banner-title-visibility":"","ast-main-header-display":"","ast-hfb-above-header-display":"","ast-hfb-below-header-display":"","ast-hfb-mobile-header-display":"","site-post-title":"","ast-breadcrumbs-content":"","ast-featured-img":"","footer-sml-layout":"","ast-disable-related-posts":"","theme-transparent-header-meta":"default","adv-header-id-meta":"","stick-header-meta":"","header-above-stick-meta":"","header-main-stick-meta":"","header-below-stick-meta":"","astra-migrate-meta-layouts":"default","ast-page-background-enabled":"default","ast-page-background-meta":{"desktop":{"background-color":"","background-image":"","background-repeat":"repeat","background-position":"center center","background-size":"auto","background-attachment":"scroll","background-type":"","background-media":"","overlay-type":"","overlay-color":"","overlay-opacity":"","overlay-gradient":""},"tablet":{"background-color":"","background-image":"","background-repeat":"repeat","background-position":"center center","background-size":"auto","background-attachment":"scroll","background-type":"","background-media":"","overlay-type":"","overlay-color":"","overlay-opacity":"","overlay-gradient":""},"mobile":{"background-color":"","background-image":"","background-repeat":"repeat","background-position":"center center","background-size":"auto","background-attachment":"scroll","background-type":"","background-media":"","overlay-type":"","overlay-color":"","overlay-opacity":"","overlay-gradient":""}},"ast-content-background-meta":{"desktop":{"background-color":"var(--ast-global-color-5)","background-image":"","background-repeat":"repeat","background-position":"center center","background-size":"auto","background-attachment":"scroll","background-type":"","background-media":"","overlay-type":"","overlay-color":"","overlay-opacity":"","overlay-gradient":""},"tablet":{"background-color":"var(--ast-global-color-5)","background-image":"","background-repeat":"repeat","background-position":"center center","background-size":"auto","background-attachment":"scroll","background-type":"","background-media":"","overlay-type":"","overlay-color":"","overlay-opacity":"","overlay-gradient":""},"mobile":{"background-color":"var(--ast-global-color-5)","background-image":"","background-repeat":"repeat","background-position":"center center","background-size":"auto","background-attachment":"scroll","background-type":"","background-media":"","overlay-type":"","overlay-color":"","overlay-opacity":"","overlay-gradient":""}},"ngg_post_thumbnail":0,"footnotes":""},"categories":[1,6],"tags":[],"class_list":["post-7494","post","type-post","status-publish","format-standard","has-post-thumbnail","hentry","category-postrehy-uvahy-aktualne","category-fejtony"],"yoast_head":"<!-- This site is optimized with the Yoast SEO plugin v27.5 - https:\/\/yoast.com\/product\/yoast-seo-wordpress\/ -->\n<title>K\u00fari\u0165, svieti\u0165 a striha\u0165 brady - fejt\u00f3n - DOMOVINA<\/title>\n<meta name=\"robots\" content=\"index, follow, max-snippet:-1, max-image-preview:large, max-video-preview:-1\" \/>\n<link rel=\"canonical\" href=\"https:\/\/www.antikvar.sk\/blog\/kurit-svietit-a-strihat-brady-fejton\/\" \/>\n<meta property=\"og:locale\" content=\"sk_SK\" \/>\n<meta property=\"og:type\" content=\"article\" \/>\n<meta property=\"og:title\" content=\"K\u00fari\u0165, svieti\u0165 a striha\u0165 brady - fejt\u00f3n - DOMOVINA\" \/>\n<meta property=\"og:description\" content=\"Neprajn\u00edkov tejto na\u0161ej odvolanej vl\u00e1dy, ktor\u00ed si myslia, \u017ee do septembra bude m\u00f4c\u0165 len k\u00fari\u0165 a svieti\u0165, treba vyvies\u0165 z omylu.&nbsp; Nemaj\u00fa&nbsp; d\u00f4le\u017eit\u00fa inform\u00e1ciu, ktor\u00fa m\u00f4\u017eu potvrdi\u0165 na z\u00e1klade vlastnej sk\u00fasenosti v\u0161etci t\u00ed, ktor\u00ed&nbsp; absolvovali z\u00e1kladn\u00fa vojensk\u00fa slu\u017ebu v obdob\u00ed studenej vojny. Najd\u00f4le\u017eitej\u0161\u00edm prvkom protichemickej a protiradia\u010dnej ochrany jednotlivca je plynov\u00e1 maska. &nbsp; Plynov\u00e1 maska [&hellip;]\" \/>\n<meta property=\"og:url\" content=\"https:\/\/www.antikvar.sk\/blog\/kurit-svietit-a-strihat-brady-fejton\/\" \/>\n<meta property=\"og:site_name\" content=\"DOMOVINA\" \/>\n<meta property=\"article:published_time\" content=\"2023-01-25T12:13:58+00:00\" \/>\n<meta property=\"article:modified_time\" content=\"2023-01-26T22:56:59+00:00\" \/>\n<meta property=\"og:image\" content=\"https:\/\/www.antikvar.sk\/blog\/wp-content\/uploads\/2023\/01\/F16130DD-0C97-4204-8F7A-D9EE9B196764_cx0_cy6_cw0_w408_r1_s.jpg\" \/>\n\t<meta property=\"og:image:width\" content=\"408\" \/>\n\t<meta property=\"og:image:height\" content=\"230\" \/>\n\t<meta property=\"og:image:type\" content=\"image\/jpeg\" \/>\n<meta name=\"author\" content=\"jaropoky\" \/>\n<meta name=\"twitter:card\" content=\"summary_large_image\" \/>\n<meta name=\"twitter:label1\" content=\"Autor\" \/>\n\t<meta name=\"twitter:data1\" content=\"jaropoky\" \/>\n\t<meta name=\"twitter:label2\" content=\"Predpokladan\u00fd \u010das \u010d\u00edtania\" \/>\n\t<meta name=\"twitter:data2\" content=\"2 min\u00faty\" \/>\n<script type=\"application\/ld+json\" class=\"yoast-schema-graph\">{\"@context\":\"https:\\\/\\\/schema.org\",\"@graph\":[{\"@type\":\"Article\",\"@id\":\"https:\\\/\\\/www.antikvar.sk\\\/blog\\\/kurit-svietit-a-strihat-brady-fejton\\\/#article\",\"isPartOf\":{\"@id\":\"https:\\\/\\\/www.antikvar.sk\\\/blog\\\/kurit-svietit-a-strihat-brady-fejton\\\/\"},\"author\":{\"name\":\"jaropoky\",\"@id\":\"https:\\\/\\\/www.antikvar.sk\\\/blog\\\/#\\\/schema\\\/person\\\/960f1c7c0f38d050499287d3a7924469\"},\"headline\":\"K\u00fari\u0165, svieti\u0165 a striha\u0165 brady &#8211; fejt\u00f3n\",\"datePublished\":\"2023-01-25T12:13:58+00:00\",\"dateModified\":\"2023-01-26T22:56:59+00:00\",\"mainEntityOfPage\":{\"@id\":\"https:\\\/\\\/www.antikvar.sk\\\/blog\\\/kurit-svietit-a-strihat-brady-fejton\\\/\"},\"wordCount\":337,\"commentCount\":0,\"publisher\":{\"@id\":\"https:\\\/\\\/www.antikvar.sk\\\/blog\\\/#\\\/schema\\\/person\\\/960f1c7c0f38d050499287d3a7924469\"},\"image\":{\"@id\":\"https:\\\/\\\/www.antikvar.sk\\\/blog\\\/kurit-svietit-a-strihat-brady-fejton\\\/#primaryimage\"},\"thumbnailUrl\":\"https:\\\/\\\/www.antikvar.sk\\\/blog\\\/wp-content\\\/uploads\\\/2023\\\/01\\\/F16130DD-0C97-4204-8F7A-D9EE9B196764_cx0_cy6_cw0_w408_r1_s.jpg\",\"articleSection\":[\"Aktu\u00e1lne postrehy a \u00favahy\",\"Fejt\u00f3ny\"],\"inLanguage\":\"sk-SK\",\"potentialAction\":[{\"@type\":\"CommentAction\",\"name\":\"Comment\",\"target\":[\"https:\\\/\\\/www.antikvar.sk\\\/blog\\\/kurit-svietit-a-strihat-brady-fejton\\\/#respond\"]}]},{\"@type\":\"WebPage\",\"@id\":\"https:\\\/\\\/www.antikvar.sk\\\/blog\\\/kurit-svietit-a-strihat-brady-fejton\\\/\",\"url\":\"https:\\\/\\\/www.antikvar.sk\\\/blog\\\/kurit-svietit-a-strihat-brady-fejton\\\/\",\"name\":\"K\u00fari\u0165, svieti\u0165 a striha\u0165 brady - fejt\u00f3n - DOMOVINA\",\"isPartOf\":{\"@id\":\"https:\\\/\\\/www.antikvar.sk\\\/blog\\\/#website\"},\"primaryImageOfPage\":{\"@id\":\"https:\\\/\\\/www.antikvar.sk\\\/blog\\\/kurit-svietit-a-strihat-brady-fejton\\\/#primaryimage\"},\"image\":{\"@id\":\"https:\\\/\\\/www.antikvar.sk\\\/blog\\\/kurit-svietit-a-strihat-brady-fejton\\\/#primaryimage\"},\"thumbnailUrl\":\"https:\\\/\\\/www.antikvar.sk\\\/blog\\\/wp-content\\\/uploads\\\/2023\\\/01\\\/F16130DD-0C97-4204-8F7A-D9EE9B196764_cx0_cy6_cw0_w408_r1_s.jpg\",\"datePublished\":\"2023-01-25T12:13:58+00:00\",\"dateModified\":\"2023-01-26T22:56:59+00:00\",\"breadcrumb\":{\"@id\":\"https:\\\/\\\/www.antikvar.sk\\\/blog\\\/kurit-svietit-a-strihat-brady-fejton\\\/#breadcrumb\"},\"inLanguage\":\"sk-SK\",\"potentialAction\":[{\"@type\":\"ReadAction\",\"target\":[\"https:\\\/\\\/www.antikvar.sk\\\/blog\\\/kurit-svietit-a-strihat-brady-fejton\\\/\"]}]},{\"@type\":\"ImageObject\",\"inLanguage\":\"sk-SK\",\"@id\":\"https:\\\/\\\/www.antikvar.sk\\\/blog\\\/kurit-svietit-a-strihat-brady-fejton\\\/#primaryimage\",\"url\":\"https:\\\/\\\/www.antikvar.sk\\\/blog\\\/wp-content\\\/uploads\\\/2023\\\/01\\\/F16130DD-0C97-4204-8F7A-D9EE9B196764_cx0_cy6_cw0_w408_r1_s.jpg\",\"contentUrl\":\"https:\\\/\\\/www.antikvar.sk\\\/blog\\\/wp-content\\\/uploads\\\/2023\\\/01\\\/F16130DD-0C97-4204-8F7A-D9EE9B196764_cx0_cy6_cw0_w408_r1_s.jpg\",\"width\":408,\"height\":230},{\"@type\":\"BreadcrumbList\",\"@id\":\"https:\\\/\\\/www.antikvar.sk\\\/blog\\\/kurit-svietit-a-strihat-brady-fejton\\\/#breadcrumb\",\"itemListElement\":[{\"@type\":\"ListItem\",\"position\":1,\"name\":\"Domovsk\u00e1 str\u00e1nka\",\"item\":\"https:\\\/\\\/www.antikvar.sk\\\/blog\\\/\"},{\"@type\":\"ListItem\",\"position\":2,\"name\":\"K\u00fari\u0165, svieti\u0165 a striha\u0165 brady &#8211; fejt\u00f3n\"}]},{\"@type\":\"WebSite\",\"@id\":\"https:\\\/\\\/www.antikvar.sk\\\/blog\\\/#website\",\"url\":\"https:\\\/\\\/www.antikvar.sk\\\/blog\\\/\",\"name\":\"DOMOVINA\",\"description\":\"Nezabudnite na svoje rodisko, bez neho je len do pekla schodisko\",\"publisher\":{\"@id\":\"https:\\\/\\\/www.antikvar.sk\\\/blog\\\/#\\\/schema\\\/person\\\/960f1c7c0f38d050499287d3a7924469\"},\"potentialAction\":[{\"@type\":\"SearchAction\",\"target\":{\"@type\":\"EntryPoint\",\"urlTemplate\":\"https:\\\/\\\/www.antikvar.sk\\\/blog\\\/?s={search_term_string}\"},\"query-input\":{\"@type\":\"PropertyValueSpecification\",\"valueRequired\":true,\"valueName\":\"search_term_string\"}}],\"inLanguage\":\"sk-SK\"},{\"@type\":[\"Person\",\"Organization\"],\"@id\":\"https:\\\/\\\/www.antikvar.sk\\\/blog\\\/#\\\/schema\\\/person\\\/960f1c7c0f38d050499287d3a7924469\",\"name\":\"jaropoky\",\"image\":{\"@type\":\"ImageObject\",\"inLanguage\":\"sk-SK\",\"@id\":\"https:\\\/\\\/www.antikvar.sk\\\/blog\\\/wp-content\\\/uploads\\\/2021\\\/04\\\/cropped-cropped-KoreszkaWEB-2.jpg\",\"url\":\"https:\\\/\\\/www.antikvar.sk\\\/blog\\\/wp-content\\\/uploads\\\/2021\\\/04\\\/cropped-cropped-KoreszkaWEB-2.jpg\",\"contentUrl\":\"https:\\\/\\\/www.antikvar.sk\\\/blog\\\/wp-content\\\/uploads\\\/2021\\\/04\\\/cropped-cropped-KoreszkaWEB-2.jpg\",\"width\":863,\"height\":597,\"caption\":\"jaropoky\"},\"logo\":{\"@id\":\"https:\\\/\\\/www.antikvar.sk\\\/blog\\\/wp-content\\\/uploads\\\/2021\\\/04\\\/cropped-cropped-KoreszkaWEB-2.jpg\"},\"description\":\"Zauj\u00edma sa o filozofiu, umenie, pr\u00edrodu a alternat\u00edvnu medic\u00ednu. Bol vedeck\u00fd pracovn\u00edk a \u0161t\u00e1tny zamestnanec, teraz je na d\u00f4chodku.\",\"sameAs\":[\"http:\\\/\\\/www.antikvar.sk\\\/blog\"],\"url\":\"https:\\\/\\\/www.antikvar.sk\\\/blog\\\/author\\\/jaro\\\/\"}]}<\/script>\n<!-- \/ Yoast SEO plugin. -->","yoast_head_json":{"title":"K\u00fari\u0165, svieti\u0165 a striha\u0165 brady - fejt\u00f3n - DOMOVINA","robots":{"index":"index","follow":"follow","max-snippet":"max-snippet:-1","max-image-preview":"max-image-preview:large","max-video-preview":"max-video-preview:-1"},"canonical":"https:\/\/www.antikvar.sk\/blog\/kurit-svietit-a-strihat-brady-fejton\/","og_locale":"sk_SK","og_type":"article","og_title":"K\u00fari\u0165, svieti\u0165 a striha\u0165 brady - fejt\u00f3n - DOMOVINA","og_description":"Neprajn\u00edkov tejto na\u0161ej odvolanej vl\u00e1dy, ktor\u00ed si myslia, \u017ee do septembra bude m\u00f4c\u0165 len k\u00fari\u0165 a svieti\u0165, treba vyvies\u0165 z omylu.&nbsp; Nemaj\u00fa&nbsp; d\u00f4le\u017eit\u00fa inform\u00e1ciu, ktor\u00fa m\u00f4\u017eu potvrdi\u0165 na z\u00e1klade vlastnej sk\u00fasenosti v\u0161etci t\u00ed, ktor\u00ed&nbsp; absolvovali z\u00e1kladn\u00fa vojensk\u00fa slu\u017ebu v obdob\u00ed studenej vojny. Najd\u00f4le\u017eitej\u0161\u00edm prvkom protichemickej a protiradia\u010dnej ochrany jednotlivca je plynov\u00e1 maska. &nbsp; Plynov\u00e1 maska [&hellip;]","og_url":"https:\/\/www.antikvar.sk\/blog\/kurit-svietit-a-strihat-brady-fejton\/","og_site_name":"DOMOVINA","article_published_time":"2023-01-25T12:13:58+00:00","article_modified_time":"2023-01-26T22:56:59+00:00","og_image":[{"width":408,"height":230,"url":"https:\/\/www.antikvar.sk\/blog\/wp-content\/uploads\/2023\/01\/F16130DD-0C97-4204-8F7A-D9EE9B196764_cx0_cy6_cw0_w408_r1_s.jpg","type":"image\/jpeg"}],"author":"jaropoky","twitter_card":"summary_large_image","twitter_misc":{"Autor":"jaropoky","Predpokladan\u00fd \u010das \u010d\u00edtania":"2 min\u00faty"},"schema":{"@context":"https:\/\/schema.org","@graph":[{"@type":"Article","@id":"https:\/\/www.antikvar.sk\/blog\/kurit-svietit-a-strihat-brady-fejton\/#article","isPartOf":{"@id":"https:\/\/www.antikvar.sk\/blog\/kurit-svietit-a-strihat-brady-fejton\/"},"author":{"name":"jaropoky","@id":"https:\/\/www.antikvar.sk\/blog\/#\/schema\/person\/960f1c7c0f38d050499287d3a7924469"},"headline":"K\u00fari\u0165, svieti\u0165 a striha\u0165 brady &#8211; fejt\u00f3n","datePublished":"2023-01-25T12:13:58+00:00","dateModified":"2023-01-26T22:56:59+00:00","mainEntityOfPage":{"@id":"https:\/\/www.antikvar.sk\/blog\/kurit-svietit-a-strihat-brady-fejton\/"},"wordCount":337,"commentCount":0,"publisher":{"@id":"https:\/\/www.antikvar.sk\/blog\/#\/schema\/person\/960f1c7c0f38d050499287d3a7924469"},"image":{"@id":"https:\/\/www.antikvar.sk\/blog\/kurit-svietit-a-strihat-brady-fejton\/#primaryimage"},"thumbnailUrl":"https:\/\/www.antikvar.sk\/blog\/wp-content\/uploads\/2023\/01\/F16130DD-0C97-4204-8F7A-D9EE9B196764_cx0_cy6_cw0_w408_r1_s.jpg","articleSection":["Aktu\u00e1lne postrehy a \u00favahy","Fejt\u00f3ny"],"inLanguage":"sk-SK","potentialAction":[{"@type":"CommentAction","name":"Comment","target":["https:\/\/www.antikvar.sk\/blog\/kurit-svietit-a-strihat-brady-fejton\/#respond"]}]},{"@type":"WebPage","@id":"https:\/\/www.antikvar.sk\/blog\/kurit-svietit-a-strihat-brady-fejton\/","url":"https:\/\/www.antikvar.sk\/blog\/kurit-svietit-a-strihat-brady-fejton\/","name":"K\u00fari\u0165, svieti\u0165 a striha\u0165 brady - fejt\u00f3n - DOMOVINA","isPartOf":{"@id":"https:\/\/www.antikvar.sk\/blog\/#website"},"primaryImageOfPage":{"@id":"https:\/\/www.antikvar.sk\/blog\/kurit-svietit-a-strihat-brady-fejton\/#primaryimage"},"image":{"@id":"https:\/\/www.antikvar.sk\/blog\/kurit-svietit-a-strihat-brady-fejton\/#primaryimage"},"thumbnailUrl":"https:\/\/www.antikvar.sk\/blog\/wp-content\/uploads\/2023\/01\/F16130DD-0C97-4204-8F7A-D9EE9B196764_cx0_cy6_cw0_w408_r1_s.jpg","datePublished":"2023-01-25T12:13:58+00:00","dateModified":"2023-01-26T22:56:59+00:00","breadcrumb":{"@id":"https:\/\/www.antikvar.sk\/blog\/kurit-svietit-a-strihat-brady-fejton\/#breadcrumb"},"inLanguage":"sk-SK","potentialAction":[{"@type":"ReadAction","target":["https:\/\/www.antikvar.sk\/blog\/kurit-svietit-a-strihat-brady-fejton\/"]}]},{"@type":"ImageObject","inLanguage":"sk-SK","@id":"https:\/\/www.antikvar.sk\/blog\/kurit-svietit-a-strihat-brady-fejton\/#primaryimage","url":"https:\/\/www.antikvar.sk\/blog\/wp-content\/uploads\/2023\/01\/F16130DD-0C97-4204-8F7A-D9EE9B196764_cx0_cy6_cw0_w408_r1_s.jpg","contentUrl":"https:\/\/www.antikvar.sk\/blog\/wp-content\/uploads\/2023\/01\/F16130DD-0C97-4204-8F7A-D9EE9B196764_cx0_cy6_cw0_w408_r1_s.jpg","width":408,"height":230},{"@type":"BreadcrumbList","@id":"https:\/\/www.antikvar.sk\/blog\/kurit-svietit-a-strihat-brady-fejton\/#breadcrumb","itemListElement":[{"@type":"ListItem","position":1,"name":"Domovsk\u00e1 str\u00e1nka","item":"https:\/\/www.antikvar.sk\/blog\/"},{"@type":"ListItem","position":2,"name":"K\u00fari\u0165, svieti\u0165 a striha\u0165 brady &#8211; fejt\u00f3n"}]},{"@type":"WebSite","@id":"https:\/\/www.antikvar.sk\/blog\/#website","url":"https:\/\/www.antikvar.sk\/blog\/","name":"DOMOVINA","description":"Nezabudnite na svoje rodisko, bez neho je len do pekla schodisko","publisher":{"@id":"https:\/\/www.antikvar.sk\/blog\/#\/schema\/person\/960f1c7c0f38d050499287d3a7924469"},"potentialAction":[{"@type":"SearchAction","target":{"@type":"EntryPoint","urlTemplate":"https:\/\/www.antikvar.sk\/blog\/?s={search_term_string}"},"query-input":{"@type":"PropertyValueSpecification","valueRequired":true,"valueName":"search_term_string"}}],"inLanguage":"sk-SK"},{"@type":["Person","Organization"],"@id":"https:\/\/www.antikvar.sk\/blog\/#\/schema\/person\/960f1c7c0f38d050499287d3a7924469","name":"jaropoky","image":{"@type":"ImageObject","inLanguage":"sk-SK","@id":"https:\/\/www.antikvar.sk\/blog\/wp-content\/uploads\/2021\/04\/cropped-cropped-KoreszkaWEB-2.jpg","url":"https:\/\/www.antikvar.sk\/blog\/wp-content\/uploads\/2021\/04\/cropped-cropped-KoreszkaWEB-2.jpg","contentUrl":"https:\/\/www.antikvar.sk\/blog\/wp-content\/uploads\/2021\/04\/cropped-cropped-KoreszkaWEB-2.jpg","width":863,"height":597,"caption":"jaropoky"},"logo":{"@id":"https:\/\/www.antikvar.sk\/blog\/wp-content\/uploads\/2021\/04\/cropped-cropped-KoreszkaWEB-2.jpg"},"description":"Zauj\u00edma sa o filozofiu, umenie, pr\u00edrodu a alternat\u00edvnu medic\u00ednu. Bol vedeck\u00fd pracovn\u00edk a \u0161t\u00e1tny zamestnanec, teraz je na d\u00f4chodku.","sameAs":["http:\/\/www.antikvar.sk\/blog"],"url":"https:\/\/www.antikvar.sk\/blog\/author\/jaro\/"}]}},"uagb_featured_image_src":{"full":["https:\/\/www.antikvar.sk\/blog\/wp-content\/uploads\/2023\/01\/F16130DD-0C97-4204-8F7A-D9EE9B196764_cx0_cy6_cw0_w408_r1_s.jpg",408,230,false],"thumbnail":["https:\/\/www.antikvar.sk\/blog\/wp-content\/uploads\/2023\/01\/F16130DD-0C97-4204-8F7A-D9EE9B196764_cx0_cy6_cw0_w408_r1_s-150x150.jpg",150,150,true],"medium":["https:\/\/www.antikvar.sk\/blog\/wp-content\/uploads\/2023\/01\/F16130DD-0C97-4204-8F7A-D9EE9B196764_cx0_cy6_cw0_w408_r1_s-300x169.jpg",300,169,true],"medium_large":["https:\/\/www.antikvar.sk\/blog\/wp-content\/uploads\/2023\/01\/F16130DD-0C97-4204-8F7A-D9EE9B196764_cx0_cy6_cw0_w408_r1_s.jpg",408,230,false],"large":["https:\/\/www.antikvar.sk\/blog\/wp-content\/uploads\/2023\/01\/F16130DD-0C97-4204-8F7A-D9EE9B196764_cx0_cy6_cw0_w408_r1_s.jpg",408,230,false],"1536x1536":["https:\/\/www.antikvar.sk\/blog\/wp-content\/uploads\/2023\/01\/F16130DD-0C97-4204-8F7A-D9EE9B196764_cx0_cy6_cw0_w408_r1_s.jpg",408,230,false],"2048x2048":["https:\/\/www.antikvar.sk\/blog\/wp-content\/uploads\/2023\/01\/F16130DD-0C97-4204-8F7A-D9EE9B196764_cx0_cy6_cw0_w408_r1_s.jpg",408,230,false],"crp_thumbnail":["https:\/\/www.antikvar.sk\/blog\/wp-content\/uploads\/2023\/01\/F16130DD-0C97-4204-8F7A-D9EE9B196764_cx0_cy6_cw0_w408_r1_s-150x150.jpg",150,150,true]},"uagb_author_info":{"display_name":"jaropoky","author_link":"https:\/\/www.antikvar.sk\/blog\/author\/jaro\/"},"uagb_comment_info":0,"uagb_excerpt":"Neprajn\u00edkov tejto na\u0161ej odvolanej vl\u00e1dy, ktor\u00ed si myslia, \u017ee do septembra bude m\u00f4c\u0165 len k\u00fari\u0165 a svieti\u0165, treba vyvies\u0165 z omylu.&nbsp; Nemaj\u00fa&nbsp; d\u00f4le\u017eit\u00fa inform\u00e1ciu, ktor\u00fa m\u00f4\u017eu potvrdi\u0165 na z\u00e1klade vlastnej sk\u00fasenosti v\u0161etci t\u00ed, ktor\u00ed&nbsp; absolvovali z\u00e1kladn\u00fa vojensk\u00fa slu\u017ebu v obdob\u00ed studenej vojny. Najd\u00f4le\u017eitej\u0161\u00edm prvkom protichemickej a protiradia\u010dnej ochrany jednotlivca je plynov\u00e1 maska. &nbsp; Plynov\u00e1 maska&hellip;","_links":{"self":[{"href":"https:\/\/www.antikvar.sk\/blog\/wp-json\/wp\/v2\/posts\/7494","targetHints":{"allow":["GET"]}}],"collection":[{"href":"https:\/\/www.antikvar.sk\/blog\/wp-json\/wp\/v2\/posts"}],"about":[{"href":"https:\/\/www.antikvar.sk\/blog\/wp-json\/wp\/v2\/types\/post"}],"author":[{"embeddable":true,"href":"https:\/\/www.antikvar.sk\/blog\/wp-json\/wp\/v2\/users\/1"}],"replies":[{"embeddable":true,"href":"https:\/\/www.antikvar.sk\/blog\/wp-json\/wp\/v2\/comments?post=7494"}],"version-history":[{"count":0,"href":"https:\/\/www.antikvar.sk\/blog\/wp-json\/wp\/v2\/posts\/7494\/revisions"}],"wp:featuredmedia":[{"embeddable":true,"href":"https:\/\/www.antikvar.sk\/blog\/wp-json\/wp\/v2\/media\/7496"}],"wp:attachment":[{"href":"https:\/\/www.antikvar.sk\/blog\/wp-json\/wp\/v2\/media?parent=7494"}],"wp:term":[{"taxonomy":"category","embeddable":true,"href":"https:\/\/www.antikvar.sk\/blog\/wp-json\/wp\/v2\/categories?post=7494"},{"taxonomy":"post_tag","embeddable":true,"href":"https:\/\/www.antikvar.sk\/blog\/wp-json\/wp\/v2\/tags?post=7494"}],"curies":[{"name":"wp","href":"https:\/\/api.w.org\/{rel}","templated":true}]}}