{"id":7482,"date":"2023-01-25T12:24:18","date_gmt":"2023-01-25T11:24:18","guid":{"rendered":"http:\/\/www.antikvar.sk\/blog\/?p=7482"},"modified":"2023-02-02T11:41:49","modified_gmt":"2023-02-02T10:41:49","slug":"predcasne-volby-nebudu-ani-v-septembri-fejton","status":"publish","type":"post","link":"https:\/\/www.antikvar.sk\/blog\/predcasne-volby-nebudu-ani-v-septembri-fejton\/","title":{"rendered":"Pred\u010dasn\u00e9 vo\u013eby nebud\u00fa ani v septembri &#8211; fejt\u00f3n"},"content":{"rendered":"<p style=\"text-align: justify;\">V\u0161etko ide pod\u013ea pl\u00e1nu. Ob\u010dania, ktor\u00ed n\u00e1s demokraticky poslali u\u017e\u00edva\u0165 si do parlamentu&nbsp; v\u0161etky v\u00fdhody demokracie to predsa mysleli tak, \u017ee tu budeme ve\u010dne.<\/p>\n<p style=\"text-align: justify;\">S\u00fa to uvedomel\u00ed voli\u010di, ktor\u00ed ch\u00e1pu, \u010do sa v tejto \u0165a\u017ekej dobe&nbsp; od n\u00e1s v eur\u00f3pskych s\u00favislostiach po\u017eaduje.<\/p>\n<p style=\"text-align: justify;\"><a href=\"https:\/\/spravy.pravda.sk\/domace\/clanok\/654767-klucovy-den-v-parlamente-poslanci-rozhodnu-o-zmene-ustavy-mozna-je-dohoda-aj-uradnicka-vlada\/?utm_source=pravda&amp;utm_medium=hp-box&amp;utm_campaign=shp_3clanok_box\" target=\"_blank\" rel=\"noopener\">V Pravde zase predbehli udalosti.<\/a> Dnes sa v parlamente nerozhodovalo o term\u00edne pred\u010dasn\u00fdch volieb, <strong>dohodli sme sa len r\u00e1mcovo, \u017ee niekedy bud\u00fa.<\/strong> \u010co je najd\u00f4le\u017eitej\u0161ie,<strong> \u017ee ulica nebude o tom rozhodova\u0165 dokedy<\/strong> v\u00e1m budeme m\u00f4c\u0165 prejavova\u0165 v\u010faku za&nbsp; to, \u017ee ste si n\u00e1s vyvolili ako svojich z\u00e1stupov. My sa rozhodneme, kedy nastala t\u00e1 vhodn\u00e1 chv\u00ed\u013ea.<\/p>\n<p style=\"text-align: justify;\">Matovi\u010d v\u00e1m odkazuje, \u017ee predvolebn\u00e9 s\u013euby o priamej demokracii nemohol splni\u0165 kv\u00f4li ulici, ktor\u00e1 e\u0161te politicky a ob\u010diansky nedospela, ale v pr\u00edpadn\u00fdch vo\u013eb\u00e1ch sa k t\u00e9me ur\u010dite vr\u00e1ti. Teraz mus\u00edme dotiahnu\u0165 to, \u010do sa stalo jedin\u00fdm realizovan\u00fdm bodom n\u00e1\u0161ho volebn\u00e9ho programu, a to zredukova\u0165 po\u010det existuj\u00facich politick\u00fdch str\u00e1n a najm\u00e4 ich popul\u00e1rnych predstavite\u013eov, aby v\u00e1s, mil\u00fd na\u0161i voli\u010di a voli\u010dky, nezviedli na zl\u00e9 chodn\u00ed\u010dky.&nbsp;<\/p>\n<p>Nebojte sa, \u017eiadne Ficove podanie na \u00fastavn\u00fd s\u00fad nebude. \u00dastavn\u00fd s\u00fad nem\u00f4\u017ee posudzova\u0165 zmeny \u00fastavy schv\u00e1len\u00e9 parlamentom. Na to m\u00e1me na\u0161ich partnerov na z\u00e1pade.<\/p>\n<p>Hovorca prezidentky sa vyjadril, \u017ee prezidentka v\u0161etko citlivo vn\u00edma a to je zatia\u013e v\u0161etko, \u010do m\u00f4\u017ee pre ulicu urobi\u0165.<\/p>\n<p style=\"text-align: justify;\">&nbsp;<\/p>\n","protected":false},"excerpt":{"rendered":"<p>V\u0161etko ide pod\u013ea pl\u00e1nu. Ob\u010dania, ktor\u00ed n\u00e1s demokraticky poslali u\u017e\u00edva\u0165 si do parlamentu&nbsp; v\u0161etky v\u00fdhody demokracie to predsa mysleli tak, \u017ee tu budeme ve\u010dne. S\u00fa to uvedomel\u00ed voli\u010di, ktor\u00ed ch\u00e1pu, \u010do sa v tejto \u0165a\u017ekej dobe&nbsp; od n\u00e1s v eur\u00f3pskych s\u00favislostiach po\u017eaduje. V Pravde zase predbehli udalosti. Dnes sa v parlamente nerozhodovalo o term\u00edne pred\u010dasn\u00fdch [&hellip;]<\/p>\n","protected":false},"author":1,"featured_media":7484,"comment_status":"open","ping_status":"open","sticky":false,"template":"","format":"standard","meta":{"_uag_custom_page_level_css":"","site-sidebar-layout":"default","site-content-layout":"default","ast-site-content-layout":"default","site-content-style":"default","site-sidebar-style":"default","ast-global-header-display":"","ast-banner-title-visibility":"","ast-main-header-display":"","ast-hfb-above-header-display":"","ast-hfb-below-header-display":"","ast-hfb-mobile-header-display":"","site-post-title":"","ast-breadcrumbs-content":"","ast-featured-img":"","footer-sml-layout":"","ast-disable-related-posts":"","theme-transparent-header-meta":"default","adv-header-id-meta":"","stick-header-meta":"","header-above-stick-meta":"","header-main-stick-meta":"","header-below-stick-meta":"","astra-migrate-meta-layouts":"default","ast-page-background-enabled":"default","ast-page-background-meta":{"desktop":{"background-color":"","background-image":"","background-repeat":"repeat","background-position":"center center","background-size":"auto","background-attachment":"scroll","background-type":"","background-media":"","overlay-type":"","overlay-color":"","overlay-opacity":"","overlay-gradient":""},"tablet":{"background-color":"","background-image":"","background-repeat":"repeat","background-position":"center center","background-size":"auto","background-attachment":"scroll","background-type":"","background-media":"","overlay-type":"","overlay-color":"","overlay-opacity":"","overlay-gradient":""},"mobile":{"background-color":"","background-image":"","background-repeat":"repeat","background-position":"center center","background-size":"auto","background-attachment":"scroll","background-type":"","background-media":"","overlay-type":"","overlay-color":"","overlay-opacity":"","overlay-gradient":""}},"ast-content-background-meta":{"desktop":{"background-color":"var(--ast-global-color-5)","background-image":"","background-repeat":"repeat","background-position":"center center","background-size":"auto","background-attachment":"scroll","background-type":"","background-media":"","overlay-type":"","overlay-color":"","overlay-opacity":"","overlay-gradient":""},"tablet":{"background-color":"var(--ast-global-color-5)","background-image":"","background-repeat":"repeat","background-position":"center center","background-size":"auto","background-attachment":"scroll","background-type":"","background-media":"","overlay-type":"","overlay-color":"","overlay-opacity":"","overlay-gradient":""},"mobile":{"background-color":"var(--ast-global-color-5)","background-image":"","background-repeat":"repeat","background-position":"center center","background-size":"auto","background-attachment":"scroll","background-type":"","background-media":"","overlay-type":"","overlay-color":"","overlay-opacity":"","overlay-gradient":""}},"ngg_post_thumbnail":0,"footnotes":""},"categories":[1],"tags":[288],"class_list":["post-7482","post","type-post","status-publish","format-standard","has-post-thumbnail","hentry","category-postrehy-uvahy-aktualne","tag-predcasne-volby"],"yoast_head":"<!-- This site is optimized with the Yoast SEO plugin v27.5 - https:\/\/yoast.com\/product\/yoast-seo-wordpress\/ -->\n<title>Pred\u010dasn\u00e9 vo\u013eby nebud\u00fa ani v septembri - fejt\u00f3n - DOMOVINA<\/title>\n<meta name=\"description\" content=\"Pred\u010dasn\u00e9 vo\u013eby nebud\u00fa, nestihli sme v\u0161etk\u00fdch pozatv\u00e1ra\u0165\" \/>\n<meta name=\"robots\" content=\"index, follow, max-snippet:-1, max-image-preview:large, max-video-preview:-1\" \/>\n<link rel=\"canonical\" href=\"https:\/\/www.antikvar.sk\/blog\/predcasne-volby-nebudu-ani-v-septembri-fejton\/\" \/>\n<meta property=\"og:locale\" content=\"sk_SK\" \/>\n<meta property=\"og:type\" content=\"article\" \/>\n<meta property=\"og:title\" content=\"Pred\u010dasn\u00e9 vo\u013eby nebud\u00fa ani v septembri - fejt\u00f3n - DOMOVINA\" \/>\n<meta property=\"og:description\" content=\"Pred\u010dasn\u00e9 vo\u013eby nebud\u00fa, nestihli sme v\u0161etk\u00fdch pozatv\u00e1ra\u0165\" \/>\n<meta property=\"og:url\" content=\"https:\/\/www.antikvar.sk\/blog\/predcasne-volby-nebudu-ani-v-septembri-fejton\/\" \/>\n<meta property=\"og:site_name\" content=\"DOMOVINA\" \/>\n<meta property=\"article:published_time\" content=\"2023-01-25T11:24:18+00:00\" \/>\n<meta property=\"article:modified_time\" content=\"2023-02-02T10:41:49+00:00\" \/>\n<meta property=\"og:image\" content=\"https:\/\/www.antikvar.sk\/blog\/wp-content\/uploads\/2023\/01\/Snimka-obrazovky-z-2023-01-25-12-24-02.png\" \/>\n\t<meta property=\"og:image:width\" content=\"1920\" \/>\n\t<meta property=\"og:image:height\" content=\"1080\" \/>\n\t<meta property=\"og:image:type\" content=\"image\/png\" \/>\n<meta name=\"author\" content=\"jaropoky\" \/>\n<meta name=\"twitter:card\" content=\"summary_large_image\" \/>\n<meta name=\"twitter:label1\" content=\"Autor\" \/>\n\t<meta name=\"twitter:data1\" content=\"jaropoky\" \/>\n\t<meta name=\"twitter:label2\" content=\"Predpokladan\u00fd \u010das \u010d\u00edtania\" \/>\n\t<meta name=\"twitter:data2\" content=\"1 min\u00fata\" \/>\n<script type=\"application\/ld+json\" class=\"yoast-schema-graph\">{\"@context\":\"https:\\\/\\\/schema.org\",\"@graph\":[{\"@type\":\"Article\",\"@id\":\"https:\\\/\\\/www.antikvar.sk\\\/blog\\\/predcasne-volby-nebudu-ani-v-septembri-fejton\\\/#article\",\"isPartOf\":{\"@id\":\"https:\\\/\\\/www.antikvar.sk\\\/blog\\\/predcasne-volby-nebudu-ani-v-septembri-fejton\\\/\"},\"author\":{\"name\":\"jaropoky\",\"@id\":\"https:\\\/\\\/www.antikvar.sk\\\/blog\\\/#\\\/schema\\\/person\\\/960f1c7c0f38d050499287d3a7924469\"},\"headline\":\"Pred\u010dasn\u00e9 vo\u013eby nebud\u00fa ani v septembri &#8211; fejt\u00f3n\",\"datePublished\":\"2023-01-25T11:24:18+00:00\",\"dateModified\":\"2023-02-02T10:41:49+00:00\",\"mainEntityOfPage\":{\"@id\":\"https:\\\/\\\/www.antikvar.sk\\\/blog\\\/predcasne-volby-nebudu-ani-v-septembri-fejton\\\/\"},\"wordCount\":288,\"commentCount\":0,\"publisher\":{\"@id\":\"https:\\\/\\\/www.antikvar.sk\\\/blog\\\/#\\\/schema\\\/person\\\/960f1c7c0f38d050499287d3a7924469\"},\"image\":{\"@id\":\"https:\\\/\\\/www.antikvar.sk\\\/blog\\\/predcasne-volby-nebudu-ani-v-septembri-fejton\\\/#primaryimage\"},\"thumbnailUrl\":\"https:\\\/\\\/www.antikvar.sk\\\/blog\\\/wp-content\\\/uploads\\\/2023\\\/01\\\/Snimka-obrazovky-z-2023-01-25-12-24-02.png\",\"keywords\":[\"pred\u010dasn\u00e9 vo\u013eby\"],\"articleSection\":[\"Aktu\u00e1lne postrehy a \u00favahy\"],\"inLanguage\":\"sk-SK\",\"potentialAction\":[{\"@type\":\"CommentAction\",\"name\":\"Comment\",\"target\":[\"https:\\\/\\\/www.antikvar.sk\\\/blog\\\/predcasne-volby-nebudu-ani-v-septembri-fejton\\\/#respond\"]}]},{\"@type\":\"WebPage\",\"@id\":\"https:\\\/\\\/www.antikvar.sk\\\/blog\\\/predcasne-volby-nebudu-ani-v-septembri-fejton\\\/\",\"url\":\"https:\\\/\\\/www.antikvar.sk\\\/blog\\\/predcasne-volby-nebudu-ani-v-septembri-fejton\\\/\",\"name\":\"Pred\u010dasn\u00e9 vo\u013eby nebud\u00fa ani v septembri - fejt\u00f3n - DOMOVINA\",\"isPartOf\":{\"@id\":\"https:\\\/\\\/www.antikvar.sk\\\/blog\\\/#website\"},\"primaryImageOfPage\":{\"@id\":\"https:\\\/\\\/www.antikvar.sk\\\/blog\\\/predcasne-volby-nebudu-ani-v-septembri-fejton\\\/#primaryimage\"},\"image\":{\"@id\":\"https:\\\/\\\/www.antikvar.sk\\\/blog\\\/predcasne-volby-nebudu-ani-v-septembri-fejton\\\/#primaryimage\"},\"thumbnailUrl\":\"https:\\\/\\\/www.antikvar.sk\\\/blog\\\/wp-content\\\/uploads\\\/2023\\\/01\\\/Snimka-obrazovky-z-2023-01-25-12-24-02.png\",\"datePublished\":\"2023-01-25T11:24:18+00:00\",\"dateModified\":\"2023-02-02T10:41:49+00:00\",\"description\":\"Pred\u010dasn\u00e9 vo\u013eby nebud\u00fa, nestihli sme v\u0161etk\u00fdch pozatv\u00e1ra\u0165\",\"breadcrumb\":{\"@id\":\"https:\\\/\\\/www.antikvar.sk\\\/blog\\\/predcasne-volby-nebudu-ani-v-septembri-fejton\\\/#breadcrumb\"},\"inLanguage\":\"sk-SK\",\"potentialAction\":[{\"@type\":\"ReadAction\",\"target\":[\"https:\\\/\\\/www.antikvar.sk\\\/blog\\\/predcasne-volby-nebudu-ani-v-septembri-fejton\\\/\"]}]},{\"@type\":\"ImageObject\",\"inLanguage\":\"sk-SK\",\"@id\":\"https:\\\/\\\/www.antikvar.sk\\\/blog\\\/predcasne-volby-nebudu-ani-v-septembri-fejton\\\/#primaryimage\",\"url\":\"https:\\\/\\\/www.antikvar.sk\\\/blog\\\/wp-content\\\/uploads\\\/2023\\\/01\\\/Snimka-obrazovky-z-2023-01-25-12-24-02.png\",\"contentUrl\":\"https:\\\/\\\/www.antikvar.sk\\\/blog\\\/wp-content\\\/uploads\\\/2023\\\/01\\\/Snimka-obrazovky-z-2023-01-25-12-24-02.png\",\"width\":1920,\"height\":1080},{\"@type\":\"BreadcrumbList\",\"@id\":\"https:\\\/\\\/www.antikvar.sk\\\/blog\\\/predcasne-volby-nebudu-ani-v-septembri-fejton\\\/#breadcrumb\",\"itemListElement\":[{\"@type\":\"ListItem\",\"position\":1,\"name\":\"Domovsk\u00e1 str\u00e1nka\",\"item\":\"https:\\\/\\\/www.antikvar.sk\\\/blog\\\/\"},{\"@type\":\"ListItem\",\"position\":2,\"name\":\"Pred\u010dasn\u00e9 vo\u013eby nebud\u00fa ani v septembri &#8211; fejt\u00f3n\"}]},{\"@type\":\"WebSite\",\"@id\":\"https:\\\/\\\/www.antikvar.sk\\\/blog\\\/#website\",\"url\":\"https:\\\/\\\/www.antikvar.sk\\\/blog\\\/\",\"name\":\"DOMOVINA\",\"description\":\"Nezabudnite na svoje rodisko, bez neho je len do pekla schodisko\",\"publisher\":{\"@id\":\"https:\\\/\\\/www.antikvar.sk\\\/blog\\\/#\\\/schema\\\/person\\\/960f1c7c0f38d050499287d3a7924469\"},\"potentialAction\":[{\"@type\":\"SearchAction\",\"target\":{\"@type\":\"EntryPoint\",\"urlTemplate\":\"https:\\\/\\\/www.antikvar.sk\\\/blog\\\/?s={search_term_string}\"},\"query-input\":{\"@type\":\"PropertyValueSpecification\",\"valueRequired\":true,\"valueName\":\"search_term_string\"}}],\"inLanguage\":\"sk-SK\"},{\"@type\":[\"Person\",\"Organization\"],\"@id\":\"https:\\\/\\\/www.antikvar.sk\\\/blog\\\/#\\\/schema\\\/person\\\/960f1c7c0f38d050499287d3a7924469\",\"name\":\"jaropoky\",\"image\":{\"@type\":\"ImageObject\",\"inLanguage\":\"sk-SK\",\"@id\":\"https:\\\/\\\/www.antikvar.sk\\\/blog\\\/wp-content\\\/uploads\\\/2021\\\/04\\\/cropped-cropped-KoreszkaWEB-2.jpg\",\"url\":\"https:\\\/\\\/www.antikvar.sk\\\/blog\\\/wp-content\\\/uploads\\\/2021\\\/04\\\/cropped-cropped-KoreszkaWEB-2.jpg\",\"contentUrl\":\"https:\\\/\\\/www.antikvar.sk\\\/blog\\\/wp-content\\\/uploads\\\/2021\\\/04\\\/cropped-cropped-KoreszkaWEB-2.jpg\",\"width\":863,\"height\":597,\"caption\":\"jaropoky\"},\"logo\":{\"@id\":\"https:\\\/\\\/www.antikvar.sk\\\/blog\\\/wp-content\\\/uploads\\\/2021\\\/04\\\/cropped-cropped-KoreszkaWEB-2.jpg\"},\"description\":\"Zauj\u00edma sa o filozofiu, umenie, pr\u00edrodu a alternat\u00edvnu medic\u00ednu. Bol vedeck\u00fd pracovn\u00edk a \u0161t\u00e1tny zamestnanec, teraz je na d\u00f4chodku.\",\"sameAs\":[\"http:\\\/\\\/www.antikvar.sk\\\/blog\"],\"url\":\"https:\\\/\\\/www.antikvar.sk\\\/blog\\\/author\\\/jaro\\\/\"}]}<\/script>\n<!-- \/ Yoast SEO plugin. -->","yoast_head_json":{"title":"Pred\u010dasn\u00e9 vo\u013eby nebud\u00fa ani v septembri - fejt\u00f3n - DOMOVINA","description":"Pred\u010dasn\u00e9 vo\u013eby nebud\u00fa, nestihli sme v\u0161etk\u00fdch pozatv\u00e1ra\u0165","robots":{"index":"index","follow":"follow","max-snippet":"max-snippet:-1","max-image-preview":"max-image-preview:large","max-video-preview":"max-video-preview:-1"},"canonical":"https:\/\/www.antikvar.sk\/blog\/predcasne-volby-nebudu-ani-v-septembri-fejton\/","og_locale":"sk_SK","og_type":"article","og_title":"Pred\u010dasn\u00e9 vo\u013eby nebud\u00fa ani v septembri - fejt\u00f3n - DOMOVINA","og_description":"Pred\u010dasn\u00e9 vo\u013eby nebud\u00fa, nestihli sme v\u0161etk\u00fdch pozatv\u00e1ra\u0165","og_url":"https:\/\/www.antikvar.sk\/blog\/predcasne-volby-nebudu-ani-v-septembri-fejton\/","og_site_name":"DOMOVINA","article_published_time":"2023-01-25T11:24:18+00:00","article_modified_time":"2023-02-02T10:41:49+00:00","og_image":[{"width":1920,"height":1080,"url":"https:\/\/www.antikvar.sk\/blog\/wp-content\/uploads\/2023\/01\/Snimka-obrazovky-z-2023-01-25-12-24-02.png","type":"image\/png"}],"author":"jaropoky","twitter_card":"summary_large_image","twitter_misc":{"Autor":"jaropoky","Predpokladan\u00fd \u010das \u010d\u00edtania":"1 min\u00fata"},"schema":{"@context":"https:\/\/schema.org","@graph":[{"@type":"Article","@id":"https:\/\/www.antikvar.sk\/blog\/predcasne-volby-nebudu-ani-v-septembri-fejton\/#article","isPartOf":{"@id":"https:\/\/www.antikvar.sk\/blog\/predcasne-volby-nebudu-ani-v-septembri-fejton\/"},"author":{"name":"jaropoky","@id":"https:\/\/www.antikvar.sk\/blog\/#\/schema\/person\/960f1c7c0f38d050499287d3a7924469"},"headline":"Pred\u010dasn\u00e9 vo\u013eby nebud\u00fa ani v septembri &#8211; fejt\u00f3n","datePublished":"2023-01-25T11:24:18+00:00","dateModified":"2023-02-02T10:41:49+00:00","mainEntityOfPage":{"@id":"https:\/\/www.antikvar.sk\/blog\/predcasne-volby-nebudu-ani-v-septembri-fejton\/"},"wordCount":288,"commentCount":0,"publisher":{"@id":"https:\/\/www.antikvar.sk\/blog\/#\/schema\/person\/960f1c7c0f38d050499287d3a7924469"},"image":{"@id":"https:\/\/www.antikvar.sk\/blog\/predcasne-volby-nebudu-ani-v-septembri-fejton\/#primaryimage"},"thumbnailUrl":"https:\/\/www.antikvar.sk\/blog\/wp-content\/uploads\/2023\/01\/Snimka-obrazovky-z-2023-01-25-12-24-02.png","keywords":["pred\u010dasn\u00e9 vo\u013eby"],"articleSection":["Aktu\u00e1lne postrehy a \u00favahy"],"inLanguage":"sk-SK","potentialAction":[{"@type":"CommentAction","name":"Comment","target":["https:\/\/www.antikvar.sk\/blog\/predcasne-volby-nebudu-ani-v-septembri-fejton\/#respond"]}]},{"@type":"WebPage","@id":"https:\/\/www.antikvar.sk\/blog\/predcasne-volby-nebudu-ani-v-septembri-fejton\/","url":"https:\/\/www.antikvar.sk\/blog\/predcasne-volby-nebudu-ani-v-septembri-fejton\/","name":"Pred\u010dasn\u00e9 vo\u013eby nebud\u00fa ani v septembri - fejt\u00f3n - DOMOVINA","isPartOf":{"@id":"https:\/\/www.antikvar.sk\/blog\/#website"},"primaryImageOfPage":{"@id":"https:\/\/www.antikvar.sk\/blog\/predcasne-volby-nebudu-ani-v-septembri-fejton\/#primaryimage"},"image":{"@id":"https:\/\/www.antikvar.sk\/blog\/predcasne-volby-nebudu-ani-v-septembri-fejton\/#primaryimage"},"thumbnailUrl":"https:\/\/www.antikvar.sk\/blog\/wp-content\/uploads\/2023\/01\/Snimka-obrazovky-z-2023-01-25-12-24-02.png","datePublished":"2023-01-25T11:24:18+00:00","dateModified":"2023-02-02T10:41:49+00:00","description":"Pred\u010dasn\u00e9 vo\u013eby nebud\u00fa, nestihli sme v\u0161etk\u00fdch pozatv\u00e1ra\u0165","breadcrumb":{"@id":"https:\/\/www.antikvar.sk\/blog\/predcasne-volby-nebudu-ani-v-septembri-fejton\/#breadcrumb"},"inLanguage":"sk-SK","potentialAction":[{"@type":"ReadAction","target":["https:\/\/www.antikvar.sk\/blog\/predcasne-volby-nebudu-ani-v-septembri-fejton\/"]}]},{"@type":"ImageObject","inLanguage":"sk-SK","@id":"https:\/\/www.antikvar.sk\/blog\/predcasne-volby-nebudu-ani-v-septembri-fejton\/#primaryimage","url":"https:\/\/www.antikvar.sk\/blog\/wp-content\/uploads\/2023\/01\/Snimka-obrazovky-z-2023-01-25-12-24-02.png","contentUrl":"https:\/\/www.antikvar.sk\/blog\/wp-content\/uploads\/2023\/01\/Snimka-obrazovky-z-2023-01-25-12-24-02.png","width":1920,"height":1080},{"@type":"BreadcrumbList","@id":"https:\/\/www.antikvar.sk\/blog\/predcasne-volby-nebudu-ani-v-septembri-fejton\/#breadcrumb","itemListElement":[{"@type":"ListItem","position":1,"name":"Domovsk\u00e1 str\u00e1nka","item":"https:\/\/www.antikvar.sk\/blog\/"},{"@type":"ListItem","position":2,"name":"Pred\u010dasn\u00e9 vo\u013eby nebud\u00fa ani v septembri &#8211; fejt\u00f3n"}]},{"@type":"WebSite","@id":"https:\/\/www.antikvar.sk\/blog\/#website","url":"https:\/\/www.antikvar.sk\/blog\/","name":"DOMOVINA","description":"Nezabudnite na svoje rodisko, bez neho je len do pekla schodisko","publisher":{"@id":"https:\/\/www.antikvar.sk\/blog\/#\/schema\/person\/960f1c7c0f38d050499287d3a7924469"},"potentialAction":[{"@type":"SearchAction","target":{"@type":"EntryPoint","urlTemplate":"https:\/\/www.antikvar.sk\/blog\/?s={search_term_string}"},"query-input":{"@type":"PropertyValueSpecification","valueRequired":true,"valueName":"search_term_string"}}],"inLanguage":"sk-SK"},{"@type":["Person","Organization"],"@id":"https:\/\/www.antikvar.sk\/blog\/#\/schema\/person\/960f1c7c0f38d050499287d3a7924469","name":"jaropoky","image":{"@type":"ImageObject","inLanguage":"sk-SK","@id":"https:\/\/www.antikvar.sk\/blog\/wp-content\/uploads\/2021\/04\/cropped-cropped-KoreszkaWEB-2.jpg","url":"https:\/\/www.antikvar.sk\/blog\/wp-content\/uploads\/2021\/04\/cropped-cropped-KoreszkaWEB-2.jpg","contentUrl":"https:\/\/www.antikvar.sk\/blog\/wp-content\/uploads\/2021\/04\/cropped-cropped-KoreszkaWEB-2.jpg","width":863,"height":597,"caption":"jaropoky"},"logo":{"@id":"https:\/\/www.antikvar.sk\/blog\/wp-content\/uploads\/2021\/04\/cropped-cropped-KoreszkaWEB-2.jpg"},"description":"Zauj\u00edma sa o filozofiu, umenie, pr\u00edrodu a alternat\u00edvnu medic\u00ednu. Bol vedeck\u00fd pracovn\u00edk a \u0161t\u00e1tny zamestnanec, teraz je na d\u00f4chodku.","sameAs":["http:\/\/www.antikvar.sk\/blog"],"url":"https:\/\/www.antikvar.sk\/blog\/author\/jaro\/"}]}},"uagb_featured_image_src":{"full":["https:\/\/www.antikvar.sk\/blog\/wp-content\/uploads\/2023\/01\/Snimka-obrazovky-z-2023-01-25-12-24-02.png",1920,1080,false],"thumbnail":["https:\/\/www.antikvar.sk\/blog\/wp-content\/uploads\/2023\/01\/Snimka-obrazovky-z-2023-01-25-12-24-02-150x150.png",150,150,true],"medium":["https:\/\/www.antikvar.sk\/blog\/wp-content\/uploads\/2023\/01\/Snimka-obrazovky-z-2023-01-25-12-24-02-300x169.png",300,169,true],"medium_large":["https:\/\/www.antikvar.sk\/blog\/wp-content\/uploads\/2023\/01\/Snimka-obrazovky-z-2023-01-25-12-24-02-768x432.png",768,432,true],"large":["https:\/\/www.antikvar.sk\/blog\/wp-content\/uploads\/2023\/01\/Snimka-obrazovky-z-2023-01-25-12-24-02-1024x576.png",1024,576,true],"1536x1536":["https:\/\/www.antikvar.sk\/blog\/wp-content\/uploads\/2023\/01\/Snimka-obrazovky-z-2023-01-25-12-24-02-1536x864.png",1536,864,true],"2048x2048":["https:\/\/www.antikvar.sk\/blog\/wp-content\/uploads\/2023\/01\/Snimka-obrazovky-z-2023-01-25-12-24-02.png",1920,1080,false],"crp_thumbnail":["https:\/\/www.antikvar.sk\/blog\/wp-content\/uploads\/2023\/01\/Snimka-obrazovky-z-2023-01-25-12-24-02-150x150.png",150,150,true]},"uagb_author_info":{"display_name":"jaropoky","author_link":"https:\/\/www.antikvar.sk\/blog\/author\/jaro\/"},"uagb_comment_info":0,"uagb_excerpt":"V\u0161etko ide pod\u013ea pl\u00e1nu. Ob\u010dania, ktor\u00ed n\u00e1s demokraticky poslali u\u017e\u00edva\u0165 si do parlamentu&nbsp; v\u0161etky v\u00fdhody demokracie to predsa mysleli tak, \u017ee tu budeme ve\u010dne. S\u00fa to uvedomel\u00ed voli\u010di, ktor\u00ed ch\u00e1pu, \u010do sa v tejto \u0165a\u017ekej dobe&nbsp; od n\u00e1s v eur\u00f3pskych s\u00favislostiach po\u017eaduje. V Pravde zase predbehli udalosti. Dnes sa v parlamente nerozhodovalo o term\u00edne pred\u010dasn\u00fdch&hellip;","_links":{"self":[{"href":"https:\/\/www.antikvar.sk\/blog\/wp-json\/wp\/v2\/posts\/7482","targetHints":{"allow":["GET"]}}],"collection":[{"href":"https:\/\/www.antikvar.sk\/blog\/wp-json\/wp\/v2\/posts"}],"about":[{"href":"https:\/\/www.antikvar.sk\/blog\/wp-json\/wp\/v2\/types\/post"}],"author":[{"embeddable":true,"href":"https:\/\/www.antikvar.sk\/blog\/wp-json\/wp\/v2\/users\/1"}],"replies":[{"embeddable":true,"href":"https:\/\/www.antikvar.sk\/blog\/wp-json\/wp\/v2\/comments?post=7482"}],"version-history":[{"count":0,"href":"https:\/\/www.antikvar.sk\/blog\/wp-json\/wp\/v2\/posts\/7482\/revisions"}],"wp:featuredmedia":[{"embeddable":true,"href":"https:\/\/www.antikvar.sk\/blog\/wp-json\/wp\/v2\/media\/7484"}],"wp:attachment":[{"href":"https:\/\/www.antikvar.sk\/blog\/wp-json\/wp\/v2\/media?parent=7482"}],"wp:term":[{"taxonomy":"category","embeddable":true,"href":"https:\/\/www.antikvar.sk\/blog\/wp-json\/wp\/v2\/categories?post=7482"},{"taxonomy":"post_tag","embeddable":true,"href":"https:\/\/www.antikvar.sk\/blog\/wp-json\/wp\/v2\/tags?post=7482"}],"curies":[{"name":"wp","href":"https:\/\/api.w.org\/{rel}","templated":true}]}}