{"id":7275,"date":"2023-01-10T12:51:36","date_gmt":"2023-01-10T11:51:36","guid":{"rendered":"http:\/\/www.antikvar.sk\/blog\/?p=7275"},"modified":"2024-10-04T14:25:03","modified_gmt":"2024-10-04T12:25:03","slug":"robte-p-plasteliny-fejton","status":"publish","type":"post","link":"https:\/\/www.antikvar.sk\/blog\/robte-p-plasteliny-fejton\/","title":{"rendered":"Robte si p&#8230; z plastel\u00edny a nie z n\u00e1s &#8211; fejt\u00f3n"},"content":{"rendered":"<p style=\"text-align: justify;\"><span style=\"font-size: 14pt;\">&nbsp;V pred\u0161kolskom veku&nbsp; som vyr\u00e1bal vo ve\u013ekom tanky, i\u0161li na odbyt &#8211; bola studen\u00e1 vojna. V prvej triede sa&nbsp; dopyt e\u0161te zv\u00fd\u0161il v r\u00e1mci Mesiaca \u010deskoslovensko-sovietskeho priate\u013estva, pred 9. m\u00e1jom, osloboden\u00edm rodn\u00e9ho mesta, pred pr\u00edchodom in\u0161pekcie z okresu, vtedy to bola Senica. Nie, \u017ee by som nevedel vyrobi\u0165 ni\u010d in\u00e9, ale tento produkt bol univerz\u00e1lny, \u017eaby, ja\u0161terice, korytna\u010dky a slony (to bola moja \u0161pecialita) a\u017e tak neleteli, i ke\u010f znalci ich vedeli oceni\u0165.<\/span><\/p>\n<p style=\"text-align: justify;\"><span style=\"font-size: 14pt;\">Na tieto moje prv\u00e9 fordovsk\u00e9 \u00faspechy s ve\u013ekov\u00fdrobou som si spomenul, ke\u010f za\u010dala \u0161peci\u00e1lna oper\u00e1cia a <a href=\"https:\/\/www.antikvar.sk\/blog\/predposledne-cislo-abecedy-fejton\/\">mali sme zak\u00e1zan\u00e9 Z.<\/a> Vtedy som si povedal a p\u00edsal som aj o tom priate\u013eom, \u017ee obnov\u00edm ve\u013ekov\u00fdrobu tankov s ozna\u010den\u00edm Z a \u010dervenou z\u00e1stavou &#8211;&nbsp; nestretlo sa to s pochopen\u00edm. To by ma a\u017e tak nedeprimovalo, keby neboli&nbsp; probl\u00e9my s materi\u00e1lom. Energetick\u00e1 kr\u00edza sa ma nedotkla ani mojim hlavn\u00fdm dod\u00e1vate\u013eovom&nbsp; nebolo<a href=\"https:\/\/www.aktuality.sk\/clanok\/gFV2JRE\/vyroba-hlinika-v-ziari-nad-hronom-sa-konci-slovalco-odstavuje-posledne-pece\/\" target=\"_blank\" rel=\"noopener\"> Slovalco, <\/a>hlin\u00edk sa aj tak hod\u00ed v pr\u00edpade tankov, ke\u010f u\u017e, tak na v\u00fdrobu e\u0161usov pre pos\u00e1dku.<\/span><\/p>\n<p style=\"text-align: justify;\"><span style=\"font-size: 14pt;\">Z\u00e1palkov\u00fa \u0161katu\u013eku, ktor\u00e1 tvor\u00ed podvozok som mal, i ke\u010f p\u00f4vodne klasick\u00e9 modely mali \u0161katu\u013eky pevn\u00e9, mysl\u00edm, \u017ee boli z dyhy, teraz s\u00fa papierov\u00e9 &#8211; ve\u013emi nestabiln\u00e9 pre tak\u00fd kolos.<\/span><\/p>\n<p style=\"text-align: justify;\"><span style=\"font-size: 14pt;\">Nedostatkov\u00fdm materi\u00e1lom bola v mojom pr\u00edpade plastel\u00edna, ktor\u00e1 sa mi dostala do r\u00fak a\u017e ned\u00e1vno ako zabudnut\u00fd viano\u010dn\u00fd dar\u010dek po mojich vnu\u010dk\u00e1ch. <\/span><\/p>\n<p style=\"text-align: justify;\"><span style=\"font-size: 14pt;\">Chv\u00ed\u013ea obnovenia produkcie v prostred\u00ed v\u0161eobecn\u00e9ho ekonomick\u00e9ho a spolo\u010densk\u00e9ho \u00fapadku pr\u00e1ve nastala.<\/span><\/p>\n<p style=\"text-align: justify;\"><span style=\"font-size: 14pt;\">Presne v strede spojnice medzi \u0161kolou, kde som chodil a za\u010dali prv\u00e9 \u00faspechy s v\u00fdrobou (teraz je tam osobitn\u00e1 \u0161kola, mo\u017eno aj na moju po\u010des\u0165), a Domom kult\u00fary, kde bol m\u00f4j tank vystaven\u00fd na v\u00fdstave v r\u00e1mci spom\u00ednan\u00e9ho mesiaca, st\u00e1l za star\u00fdch \u010dasov na n\u00e1mest\u00ed morov\u00fd st\u013ap.<\/span><\/p>\n<p style=\"text-align: justify;\"><span style=\"font-size: 14pt;\">Na produktovej fotografii tanku (ilustra\u010dn\u00fd obr\u00e1zok hore) je v pozad\u00ed plastika, t\u00fa ke\u010f rozre\u017eete karbofr\u00e9zkou napoly a zaves\u00edte medzi dvoma bet\u00f3nov\u00fdmi st\u013apmi, jednu \u010das\u0165 vy\u0161\u0161ie a druh\u00fa ni\u017e\u0161ie, z\u00edskate predstavu o tom, \u010do sa tam dostalo v r\u00e1mci socialistick\u00e9ho &#8222;cancel culture&#8220; na miesto ideologicky nevyhovuj\u00faceho pam\u00e4tn\u00edka. Hovorili sme tomu dielu &#8222;obesenci&#8220;, napriek tomu, \u017ee bolo od v\u00fdborn\u00e9ho soch\u00e1ra.&nbsp; Na\u0161i p\u00e1ni v t\u00fdch \u010dasoch boli predv\u00eddav\u00ed, lebo p\u00f4vodn\u00fd morov\u00fd st\u013ap presunuli asi 500 metrov \u010falej ved\u013ea farsk\u00e9ho kostola a po prevrate si znova oba pam\u00e4tn\u00edky vymenili miesta. Tento pr\u00edklad a&nbsp; \u017eivotn\u00e1 sk\u00fasenos\u0165, ma pou\u010dili, \u017ee <strong>n\u00e1zvy ul\u00edc treba digitalizova\u0165 a namiesto pam\u00e4tn\u00edkov z kame\u0148a a bronzu pou\u017ei\u0165 hologramy<\/strong>. Od tohto poznatku bol u\u017e len krok k v\u00fdrobe&nbsp;<\/span><span style=\"font-size: 14pt;\"> tankov&nbsp; bez ozna\u010denia. U\u0161etr\u00ed sa farba, ja nebudem v zornom poli NAKA.<br \/>\n<\/span><\/p>\n<p>Morov\u00fd st\u013ap a obesenci v Skalici<\/p>\n<p><img loading=\"lazy\" decoding=\"async\" class=\"tw-max-h-full tw-h-max tw-max-w-full tw-w-max tw-object-contain tw-cursor-zoom-in ng-star-inserted\" src=\"https:\/\/cdn.aukro.cz\/images\/sk1675575278690\/730x548\/skalica-pohled-na-namesti-695-sq68-151198445.jpeg\" alt=\"SKALICA - POHLED NA N\u00c1M\u011aST\u00cd - 695-SQ68 - Pohlednice m\u00edstopis\" width=\"321\" height=\"204\"><\/p>\n<p><img decoding=\"async\" src=\"https:\/\/cdn.aukro.cz\/images\/sk1673086250286\/730x548\/pohled-skalica-c-67464-148443822.jpeg\" alt=\"https:\/\/cdn.aukro.cz\/images\/sk1673086250286\/730x548\/pohled-skalica-c-67464-148443822.jpeg\"><\/p>\n<p style=\"text-align: justify;\"><span style=\"font-size: 14pt;\">Tak som sa stal skuto\u010dn\u00fdm v\u00fdrobcom zbran\u00ed, ktor\u00ed bez \u0161krup\u00fa\u013e, pred\u00e1vaj\u00fa vo ve\u013ekom a s e\u0161te v\u00e4\u010d\u0161ou rados\u0165ou obom stran\u00e1m konfliktu.<\/span><\/p>\n<p style=\"text-align: justify;\"><span style=\"font-size: 14pt;\">Teraz, ke\u010f to tak vyzer\u00e1, \u017ee Rusi moje tanky, po tom, \u010do pre\u0161li na vojnov\u00fa v\u00fdrobu, nepotrebuj\u00fa, pon\u00faknem ich Nagymu, aby si mal \u010d\u00edm robi\u0165 pred NATO \u010fal\u0161ie z\u00e1sluhy.&nbsp; Ur\u010dite to ocen\u00ed, ke\u010f sa&nbsp; u\u017e minuli z\u00e1soby z N-zetov, aby sa nemuseli na\u0161\u00ed z\u00e1padn\u00ed spojenci spolu s nami \u00faplne demilitarizova\u0165.<br \/>\n<\/span><\/p>\n<p style=\"text-align: justify;\"><span style=\"font-size: 14pt;\">A tie\u017e v\u00e1\u017ene uva\u017eujem, \u010di neza\u010dnem z plastel\u00edny vyr\u00e1ba\u0165 aj <a href=\"https:\/\/www.antikvar.sk\/blog\/hufnica-zuzana-fejton\/\">Zuzanu<\/a>, je to v jej pr\u00edpade ve\u013emi jednoduch\u00e9. T\u00ed, \u010do si myslia opak, nech do\u010d\u00edtaj\u00fa fejt\u00f3n do konca, mo\u017eno pochopia.<\/span><\/p>\n<p style=\"text-align: justify;\"><span style=\"font-size: 14pt;\">Teraz sa v\u0161ak aj tak mus\u00edm poobhliadnu\u0165 po novom odbytisku m\u00f4jho v\u00fdrobku. Slota u\u017e zrejme ni\u010d nezoberie.<\/span><\/p>\n<p style=\"text-align: justify;\"><span style=\"font-size: 14pt;\">Viem, \u017ee po vzore zabehnut\u00fdch z\u00e1padn\u00fdch demokraci\u00ed, od ktor\u00fdch sa to tie na\u0161e mlad\u00e9 v\u00fdchodn\u00e9 len u\u010dia, treba tanky hromadne pou\u017ei\u0165 pri&nbsp; presadzovan\u00ed na\u0161ej predstavy slobody a demokracie v\u0161ade v e\u0161te &#8222;necivilizovanom&#8220; svete.<\/span><\/p>\n<p style=\"text-align: justify;\"><span style=\"font-size: 14pt;\">T\u00e1to t\u00e9za mi vnukla \u00fa\u017easn\u00fa my\u0161lienku &#8211; vyu\u017ei\u0165 tanky pri na\u0161om janu\u00e1rovom referende. Po\u010fme na tankoch na referendum, a potom pred parlament, nech si presad\u00edme zn\u00ed\u017eenie kv\u00f3ra aspo\u0148 na 33%. Referendum kone\u010dne za\u010dne fungova\u0165 ako m\u00e1. Cel\u00e9 <strong>usmernen\u00e9 divadlo<\/strong> okolo neho dostane kone\u010dne zmysel. \u00da\u010das\u0165 bude minim\u00e1lne 60 % zo strachu, \u017ee bude \u00faspe\u0161n\u00e9 a tankisti&nbsp; vyhraj\u00fa,&nbsp; pa\u0161tik\u00e1rsk\u00ed kaviarensk\u00ed pova\u013ea\u010di a kolobe\u017ek\u00e1ri doletia hlasova\u0165. Budeme ma\u0165 kone\u010dne&nbsp; referendum aj na nie\u010do in\u00e9, ako len&nbsp; na politick\u00fa reklamu opoz\u00edcie.<br \/>\n<\/span><\/p>\n<p style=\"text-align: justify;\"><span style=\"font-size: 14pt;\">Vyu\u017eit\u00edm tankov pri referende moje marketingov\u00e9&nbsp; schopnosti skon\u010dili, rovnako ako samozvan\u00e9ho fejtonistu, preto\u017ee sa mi nepodarilo do fejt\u00f3nu implementova\u0165 nen\u00e1silne Matovi\u010da. To platilo dodnes:<\/span><\/p>\n<p class=\"custom-blue font-24 caricature-subtitle\" style=\"text-align: justify;\"><span style=\"font-size: 14pt;\"><a href=\"https:\/\/www.hlavnespravy.sk\/dalsie-atomofky-olano-navrhuje-odmeny-za-ucast-na-volbach-ci-znizenie-kvora-pri-miestnom-referende\/3016993\" target=\"_blank\" rel=\"noopener\"><span style=\"text-decoration: underline;\">&#8222;\u010eal\u0161ie \u201catomofky\u201d? O\u013dANO navrhuje odmeny za \u00fa\u010das\u0165 na vo\u013eb\u00e1ch \u010di zn\u00ed\u017eenie kv\u00f3ra pri miestnom referende&#8220;<\/span><\/a><\/span><\/p>\n<p style=\"text-align: justify;\"><span style=\"font-size: 14pt;\">Matovi\u010d si spomenul na predvolebn\u00e9 s\u013euby, a takto spolu s n\u00edm vytvor\u00edme neporazite\u013en\u00fa arm\u00e1du pre boj&nbsp; za slobodu a demokraciu.<\/span><\/p>\n<p style=\"text-align: justify;\"><span style=\"font-size: 14pt;\">Tanky a &#8222;atomofky&#8220; bud\u00fa&nbsp; ma\u0165 dostato\u010dn\u00fd odstra\u0161uj\u00faci afekt. <strong>V pr\u00edpade, \u017ee sa n\u00e1m podar\u00ed z Matovi\u010dovho at\u00f3mov\u00e9ho arzen\u00e1lu vytvori\u0165 nie\u010do na sp\u00f4sob <a href=\"https:\/\/techsvet.cz\/nejnovejsi-zpravy\/putinovo-zarizeni-mrtva-ruka-dokaze-vypalit-az-30-jadernych-zbrani-najednou-a-znicit-zapad\/lubosvojtech\/\" target=\"_blank\" rel=\"noopener\">M\u0155tvej ruky<\/a>, potom politikom neostane ni\u010d in\u00e9, len si robi\u0165 p&#8230; z plastel\u00edny, \u010do je ve\u013emi jednoduch\u00e9 a nie z n\u00e1s, ako to bolo po ka\u017ed\u00fdch vo\u013eb\u00e1ch doteraz.<\/strong><\/span><\/p>\n<p style=\"text-align: justify;\">&nbsp;<\/p>\n<p style=\"text-align: justify;\"><span style=\"font-size: 14pt;\">Fejt\u00f3n venujem dvom milovn\u00edkom tankov zo \u017diliny: J\u00e1novi S. a Ma\u0165ovi G.<\/span><\/p>\n<p style=\"text-align: justify;\">&nbsp;<\/p>\n<h2 class=\"custom-blue font-24 caricature-subtitle\" style=\"text-align: justify;\"><span style=\"font-size: 14pt;\">Dodatky<\/span><\/h2>\n<p style=\"text-align: justify;\"><span style=\"font-size: 14pt;\">V\u00fdber plastiky na ilustra\u010dnom obr\u00e1zku (produktov\u00e1 fotografia tanku) je cielen\u00fd. M\u00e1 demon\u0161trova\u0165, \u017ee nie som a\u017e tak\u00fd militantn\u00fd ve\u013ekov\u00fdrobca zbran\u00ed a bojovn\u00edk za demokraciu a som proti vojnov\u00e9mu besneniu.&nbsp; M\u00e1 pripomen\u00fa\u0165, \u017ee vies\u0165 vojnu treba hum\u00e1nne a myslie\u0165 nielen na peniaze ale aj na obete, aspo\u0148 teda v symbolickej rovine.<\/span><\/p>\n<p style=\"text-align: justify;\"><span style=\"font-size: 14pt;\">V z\u00e1vere fejt\u00f3nu som chcel pou\u017ei\u0165 v\u0161etky dostupn\u00e9 prostriedky na obranu demokracie aj v\u00fdrobu Zuzany z plastel\u00edny, ale&nbsp; pou\u017ei\u0165 at\u00f3movky sa aj mne zdala siln\u00e1 k\u00e1va, ale titulok v Hlavn\u00fdch spr\u00e1vach bol pre m\u0148a darom z neba.<\/span><\/p>\n<p><span style=\"font-size: 14pt;\">Expremi\u00e9r Fico n\u00e1s tu cvi\u010dil skoro rok na referendum, pre\u010do sa aspo\u0148 z marketingov\u00fdch d\u00f4vodov nepok\u00fasil ho zatrakt\u00edvni\u0165&nbsp; t\u00fdm, \u017ee by navrhol zn\u00ed\u017eenie kv\u00f3ra? To ho musel zase predbehn\u00fa\u0165 na posledn\u00fa chv\u00ed\u013eu Matovi\u010d?&nbsp; Alebo sa&nbsp; v\u0161etci na n\u00e1s dohodli?&nbsp; U\u017e aj febru\u00e1rov\u00e9 referendum mohlo by\u0165 napr. s 33% kv\u00f3rom, preto je referendum&nbsp; <strong>uSmernen\u00e9 divadlo.<\/strong><\/span><\/p>\n<blockquote class=\"wp-embedded-content\" data-secret=\"U5qIe4iho1\"><p><a href=\"https:\/\/www.antikvar.sk\/blog\/a-la-milo-milo-v-hlave-22-kratke-poucenie-z-vojnovych-romanov-fejton\/\">A la Milo Milo v Hlave 22 &#8211; kr\u00e1tke pou\u010denie z vojnov\u00fdch rom\u00e1nov &#8211; fejt\u00f3n<\/a><\/p><\/blockquote>\n<p><iframe loading=\"lazy\" class=\"wp-embedded-content\" sandbox=\"allow-scripts\" security=\"restricted\" style=\"position: absolute; visibility: hidden;\" title=\"&#8220;A la Milo Milo v Hlave 22 &#8211; kr\u00e1tke pou\u010denie z vojnov\u00fdch rom\u00e1nov &#8211; fejt\u00f3n&#8221; &#8212; DOMOVINA\" src=\"https:\/\/www.antikvar.sk\/blog\/a-la-milo-milo-v-hlave-22-kratke-poucenie-z-vojnovych-romanov-fejton\/embed\/#?secret=vGIhwzK71E#?secret=U5qIe4iho1\" data-secret=\"U5qIe4iho1\" width=\"500\" height=\"282\" frameborder=\"0\" marginwidth=\"0\" marginheight=\"0\" scrolling=\"no\"><\/iframe><\/p>\n<p>&nbsp;<\/p>\n<p><span style=\"font-size: 14pt;\">Pridan\u00e9 20.1.2023<\/span><\/p>\n<p><span style=\"font-size: 14pt;\">Biznis so smr\u0165ou sa rozbieha naplno:<\/span><\/p>\n<p><span style=\"font-size: 14pt;\">https:\/\/tvnoviny.sk\/zahranicne\/clanok\/423792-devat-krajin-vratane-slovenska-poskytne-bezprecedentnu-vojensku-pomoc-ukrajine<\/span><\/p>\n<p>&nbsp;<\/p>\n<p>&nbsp;<\/p>\n<p>&nbsp;<\/p>\n<p>&nbsp;<\/p>\n<p style=\"text-align: justify;\">&nbsp;<\/p>\n<p>&nbsp;<\/p>\n<table class=\"diff is-split-view\" style=\"width: 0.0860447%; height: 5px;\">\n<tbody>\n<tr>\n<td rowspan=\"7\">&nbsp;<\/td>\n<\/tr>\n<\/tbody>\n<\/table>\n<p style=\"text-align: justify;\">&nbsp;<\/p>\n<p style=\"text-align: justify;\">&nbsp;<\/p>\n","protected":false},"excerpt":{"rendered":"<p>&nbsp;V pred\u0161kolskom veku&nbsp; som vyr\u00e1bal vo ve\u013ekom tanky, i\u0161li na odbyt &#8211; bola studen\u00e1 vojna. V prvej triede sa&nbsp; dopyt e\u0161te zv\u00fd\u0161il v r\u00e1mci Mesiaca \u010deskoslovensko-sovietskeho priate\u013estva, pred 9. m\u00e1jom, osloboden\u00edm rodn\u00e9ho mesta, pred pr\u00edchodom in\u0161pekcie z okresu, vtedy to bola Senica. Nie, \u017ee by som nevedel vyrobi\u0165 ni\u010d in\u00e9, ale tento produkt bol univerz\u00e1lny, [&hellip;]<\/p>\n","protected":false},"author":1,"featured_media":7330,"comment_status":"open","ping_status":"open","sticky":false,"template":"","format":"standard","meta":{"_uag_custom_page_level_css":"","site-sidebar-layout":"default","site-content-layout":"default","ast-site-content-layout":"default","site-content-style":"default","site-sidebar-style":"default","ast-global-header-display":"","ast-banner-title-visibility":"","ast-main-header-display":"","ast-hfb-above-header-display":"","ast-hfb-below-header-display":"","ast-hfb-mobile-header-display":"","site-post-title":"","ast-breadcrumbs-content":"","ast-featured-img":"","footer-sml-layout":"","ast-disable-related-posts":"","theme-transparent-header-meta":"default","adv-header-id-meta":"","stick-header-meta":"","header-above-stick-meta":"","header-main-stick-meta":"","header-below-stick-meta":"","astra-migrate-meta-layouts":"set","ast-page-background-enabled":"default","ast-page-background-meta":{"desktop":{"background-color":"","background-image":"","background-repeat":"repeat","background-position":"center center","background-size":"auto","background-attachment":"scroll","background-type":"","background-media":"","overlay-type":"","overlay-color":"","overlay-opacity":"","overlay-gradient":""},"tablet":{"background-color":"","background-image":"","background-repeat":"repeat","background-position":"center center","background-size":"auto","background-attachment":"scroll","background-type":"","background-media":"","overlay-type":"","overlay-color":"","overlay-opacity":"","overlay-gradient":""},"mobile":{"background-color":"","background-image":"","background-repeat":"repeat","background-position":"center center","background-size":"auto","background-attachment":"scroll","background-type":"","background-media":"","overlay-type":"","overlay-color":"","overlay-opacity":"","overlay-gradient":""}},"ast-content-background-meta":{"desktop":{"background-color":"var(--ast-global-color-5)","background-image":"","background-repeat":"repeat","background-position":"center center","background-size":"auto","background-attachment":"scroll","background-type":"","background-media":"","overlay-type":"","overlay-color":"","overlay-opacity":"","overlay-gradient":""},"tablet":{"background-color":"var(--ast-global-color-5)","background-image":"","background-repeat":"repeat","background-position":"center center","background-size":"auto","background-attachment":"scroll","background-type":"","background-media":"","overlay-type":"","overlay-color":"","overlay-opacity":"","overlay-gradient":""},"mobile":{"background-color":"var(--ast-global-color-5)","background-image":"","background-repeat":"repeat","background-position":"center center","background-size":"auto","background-attachment":"scroll","background-type":"","background-media":"","overlay-type":"","overlay-color":"","overlay-opacity":"","overlay-gradient":""}},"ngg_post_thumbnail":0,"footnotes":""},"categories":[1],"tags":[276,277,275,274],"class_list":["post-7275","post","type-post","status-publish","format-standard","has-post-thumbnail","hentry","category-postrehy-uvahy-aktualne","tag-atomovka","tag-plastelina","tag-referendum","tag-tank"],"yoast_head":"<!-- This site is optimized with the Yoast SEO plugin v27.4 - https:\/\/yoast.com\/product\/yoast-seo-wordpress\/ -->\n<title>Robte si p... z plastel\u00edny a nie z n\u00e1s - fejt\u00f3n - DOMOVINA<\/title>\n<meta name=\"description\" content=\"Na referendum na tankoch\" \/>\n<meta name=\"robots\" content=\"index, follow, max-snippet:-1, max-image-preview:large, max-video-preview:-1\" \/>\n<link rel=\"canonical\" href=\"https:\/\/www.antikvar.sk\/blog\/robte-p-plasteliny-fejton\/\" \/>\n<meta property=\"og:locale\" content=\"sk_SK\" \/>\n<meta property=\"og:type\" content=\"article\" \/>\n<meta property=\"og:title\" content=\"Robte si p... z plastel\u00edny a nie z n\u00e1s - fejt\u00f3n - DOMOVINA\" \/>\n<meta property=\"og:description\" content=\"Na referendum na tankoch\" \/>\n<meta property=\"og:url\" content=\"https:\/\/www.antikvar.sk\/blog\/robte-p-plasteliny-fejton\/\" \/>\n<meta property=\"og:site_name\" content=\"DOMOVINA\" \/>\n<meta property=\"article:published_time\" content=\"2023-01-10T11:51:36+00:00\" \/>\n<meta property=\"article:modified_time\" content=\"2024-10-04T12:25:03+00:00\" \/>\n<meta property=\"og:image\" content=\"https:\/\/www.antikvar.sk\/blog\/wp-content\/uploads\/2023\/01\/IMG_20230117_140148-scaled.jpg\" \/>\n\t<meta property=\"og:image:width\" content=\"1605\" \/>\n\t<meta property=\"og:image:height\" content=\"2560\" \/>\n\t<meta property=\"og:image:type\" content=\"image\/jpeg\" \/>\n<meta name=\"author\" content=\"jaropoky\" \/>\n<meta name=\"twitter:card\" content=\"summary_large_image\" \/>\n<meta name=\"twitter:label1\" content=\"Autor\" \/>\n\t<meta name=\"twitter:data1\" content=\"jaropoky\" \/>\n\t<meta name=\"twitter:label2\" content=\"Predpokladan\u00fd \u010das \u010d\u00edtania\" \/>\n\t<meta name=\"twitter:data2\" content=\"6 min\u00fat\" \/>\n<script type=\"application\/ld+json\" class=\"yoast-schema-graph\">{\"@context\":\"https:\\\/\\\/schema.org\",\"@graph\":[{\"@type\":\"Article\",\"@id\":\"https:\\\/\\\/www.antikvar.sk\\\/blog\\\/robte-p-plasteliny-fejton\\\/#article\",\"isPartOf\":{\"@id\":\"https:\\\/\\\/www.antikvar.sk\\\/blog\\\/robte-p-plasteliny-fejton\\\/\"},\"author\":{\"name\":\"jaropoky\",\"@id\":\"https:\\\/\\\/www.antikvar.sk\\\/blog\\\/#\\\/schema\\\/person\\\/960f1c7c0f38d050499287d3a7924469\"},\"headline\":\"Robte si p&#8230; z plastel\u00edny a nie z n\u00e1s &#8211; fejt\u00f3n\",\"datePublished\":\"2023-01-10T11:51:36+00:00\",\"dateModified\":\"2024-10-04T12:25:03+00:00\",\"mainEntityOfPage\":{\"@id\":\"https:\\\/\\\/www.antikvar.sk\\\/blog\\\/robte-p-plasteliny-fejton\\\/\"},\"wordCount\":1228,\"commentCount\":0,\"publisher\":{\"@id\":\"https:\\\/\\\/www.antikvar.sk\\\/blog\\\/#\\\/schema\\\/person\\\/960f1c7c0f38d050499287d3a7924469\"},\"image\":{\"@id\":\"https:\\\/\\\/www.antikvar.sk\\\/blog\\\/robte-p-plasteliny-fejton\\\/#primaryimage\"},\"thumbnailUrl\":\"https:\\\/\\\/www.antikvar.sk\\\/blog\\\/wp-content\\\/uploads\\\/2023\\\/01\\\/IMG_20230117_140148-scaled.jpg\",\"keywords\":[\"at\u00f3movka\",\"plastel\u00edna\",\"referendum\",\"tank\"],\"articleSection\":[\"Aktu\u00e1lne postrehy a \u00favahy\"],\"inLanguage\":\"sk-SK\",\"potentialAction\":[{\"@type\":\"CommentAction\",\"name\":\"Comment\",\"target\":[\"https:\\\/\\\/www.antikvar.sk\\\/blog\\\/robte-p-plasteliny-fejton\\\/#respond\"]}]},{\"@type\":\"WebPage\",\"@id\":\"https:\\\/\\\/www.antikvar.sk\\\/blog\\\/robte-p-plasteliny-fejton\\\/\",\"url\":\"https:\\\/\\\/www.antikvar.sk\\\/blog\\\/robte-p-plasteliny-fejton\\\/\",\"name\":\"Robte si p... z plastel\u00edny a nie z n\u00e1s - fejt\u00f3n - DOMOVINA\",\"isPartOf\":{\"@id\":\"https:\\\/\\\/www.antikvar.sk\\\/blog\\\/#website\"},\"primaryImageOfPage\":{\"@id\":\"https:\\\/\\\/www.antikvar.sk\\\/blog\\\/robte-p-plasteliny-fejton\\\/#primaryimage\"},\"image\":{\"@id\":\"https:\\\/\\\/www.antikvar.sk\\\/blog\\\/robte-p-plasteliny-fejton\\\/#primaryimage\"},\"thumbnailUrl\":\"https:\\\/\\\/www.antikvar.sk\\\/blog\\\/wp-content\\\/uploads\\\/2023\\\/01\\\/IMG_20230117_140148-scaled.jpg\",\"datePublished\":\"2023-01-10T11:51:36+00:00\",\"dateModified\":\"2024-10-04T12:25:03+00:00\",\"description\":\"Na referendum na tankoch\",\"breadcrumb\":{\"@id\":\"https:\\\/\\\/www.antikvar.sk\\\/blog\\\/robte-p-plasteliny-fejton\\\/#breadcrumb\"},\"inLanguage\":\"sk-SK\",\"potentialAction\":[{\"@type\":\"ReadAction\",\"target\":[\"https:\\\/\\\/www.antikvar.sk\\\/blog\\\/robte-p-plasteliny-fejton\\\/\"]}]},{\"@type\":\"ImageObject\",\"inLanguage\":\"sk-SK\",\"@id\":\"https:\\\/\\\/www.antikvar.sk\\\/blog\\\/robte-p-plasteliny-fejton\\\/#primaryimage\",\"url\":\"https:\\\/\\\/www.antikvar.sk\\\/blog\\\/wp-content\\\/uploads\\\/2023\\\/01\\\/IMG_20230117_140148-scaled.jpg\",\"contentUrl\":\"https:\\\/\\\/www.antikvar.sk\\\/blog\\\/wp-content\\\/uploads\\\/2023\\\/01\\\/IMG_20230117_140148-scaled.jpg\",\"width\":1605,\"height\":2560},{\"@type\":\"BreadcrumbList\",\"@id\":\"https:\\\/\\\/www.antikvar.sk\\\/blog\\\/robte-p-plasteliny-fejton\\\/#breadcrumb\",\"itemListElement\":[{\"@type\":\"ListItem\",\"position\":1,\"name\":\"Domovsk\u00e1 str\u00e1nka\",\"item\":\"https:\\\/\\\/www.antikvar.sk\\\/blog\\\/\"},{\"@type\":\"ListItem\",\"position\":2,\"name\":\"Robte si p&#8230; z plastel\u00edny a nie z n\u00e1s &#8211; fejt\u00f3n\"}]},{\"@type\":\"WebSite\",\"@id\":\"https:\\\/\\\/www.antikvar.sk\\\/blog\\\/#website\",\"url\":\"https:\\\/\\\/www.antikvar.sk\\\/blog\\\/\",\"name\":\"DOMOVINA\",\"description\":\"Nezabudnite na svoje rodisko, bez neho je len do pekla schodisko\",\"publisher\":{\"@id\":\"https:\\\/\\\/www.antikvar.sk\\\/blog\\\/#\\\/schema\\\/person\\\/960f1c7c0f38d050499287d3a7924469\"},\"potentialAction\":[{\"@type\":\"SearchAction\",\"target\":{\"@type\":\"EntryPoint\",\"urlTemplate\":\"https:\\\/\\\/www.antikvar.sk\\\/blog\\\/?s={search_term_string}\"},\"query-input\":{\"@type\":\"PropertyValueSpecification\",\"valueRequired\":true,\"valueName\":\"search_term_string\"}}],\"inLanguage\":\"sk-SK\"},{\"@type\":[\"Person\",\"Organization\"],\"@id\":\"https:\\\/\\\/www.antikvar.sk\\\/blog\\\/#\\\/schema\\\/person\\\/960f1c7c0f38d050499287d3a7924469\",\"name\":\"jaropoky\",\"image\":{\"@type\":\"ImageObject\",\"inLanguage\":\"sk-SK\",\"@id\":\"https:\\\/\\\/www.antikvar.sk\\\/blog\\\/wp-content\\\/uploads\\\/2021\\\/04\\\/cropped-cropped-KoreszkaWEB-2.jpg\",\"url\":\"https:\\\/\\\/www.antikvar.sk\\\/blog\\\/wp-content\\\/uploads\\\/2021\\\/04\\\/cropped-cropped-KoreszkaWEB-2.jpg\",\"contentUrl\":\"https:\\\/\\\/www.antikvar.sk\\\/blog\\\/wp-content\\\/uploads\\\/2021\\\/04\\\/cropped-cropped-KoreszkaWEB-2.jpg\",\"width\":863,\"height\":597,\"caption\":\"jaropoky\"},\"logo\":{\"@id\":\"https:\\\/\\\/www.antikvar.sk\\\/blog\\\/wp-content\\\/uploads\\\/2021\\\/04\\\/cropped-cropped-KoreszkaWEB-2.jpg\"},\"description\":\"Zauj\u00edma sa o filozofiu, umenie, pr\u00edrodu a alternat\u00edvnu medic\u00ednu. Bol vedeck\u00fd pracovn\u00edk a \u0161t\u00e1tny zamestnanec, teraz je na d\u00f4chodku.\",\"sameAs\":[\"http:\\\/\\\/www.antikvar.sk\\\/blog\"],\"url\":\"https:\\\/\\\/www.antikvar.sk\\\/blog\\\/author\\\/jaro\\\/\"}]}<\/script>\n<!-- \/ Yoast SEO plugin. -->","yoast_head_json":{"title":"Robte si p... z plastel\u00edny a nie z n\u00e1s - fejt\u00f3n - DOMOVINA","description":"Na referendum na tankoch","robots":{"index":"index","follow":"follow","max-snippet":"max-snippet:-1","max-image-preview":"max-image-preview:large","max-video-preview":"max-video-preview:-1"},"canonical":"https:\/\/www.antikvar.sk\/blog\/robte-p-plasteliny-fejton\/","og_locale":"sk_SK","og_type":"article","og_title":"Robte si p... z plastel\u00edny a nie z n\u00e1s - fejt\u00f3n - DOMOVINA","og_description":"Na referendum na tankoch","og_url":"https:\/\/www.antikvar.sk\/blog\/robte-p-plasteliny-fejton\/","og_site_name":"DOMOVINA","article_published_time":"2023-01-10T11:51:36+00:00","article_modified_time":"2024-10-04T12:25:03+00:00","og_image":[{"width":1605,"height":2560,"url":"https:\/\/www.antikvar.sk\/blog\/wp-content\/uploads\/2023\/01\/IMG_20230117_140148-scaled.jpg","type":"image\/jpeg"}],"author":"jaropoky","twitter_card":"summary_large_image","twitter_misc":{"Autor":"jaropoky","Predpokladan\u00fd \u010das \u010d\u00edtania":"6 min\u00fat"},"schema":{"@context":"https:\/\/schema.org","@graph":[{"@type":"Article","@id":"https:\/\/www.antikvar.sk\/blog\/robte-p-plasteliny-fejton\/#article","isPartOf":{"@id":"https:\/\/www.antikvar.sk\/blog\/robte-p-plasteliny-fejton\/"},"author":{"name":"jaropoky","@id":"https:\/\/www.antikvar.sk\/blog\/#\/schema\/person\/960f1c7c0f38d050499287d3a7924469"},"headline":"Robte si p&#8230; z plastel\u00edny a nie z n\u00e1s &#8211; fejt\u00f3n","datePublished":"2023-01-10T11:51:36+00:00","dateModified":"2024-10-04T12:25:03+00:00","mainEntityOfPage":{"@id":"https:\/\/www.antikvar.sk\/blog\/robte-p-plasteliny-fejton\/"},"wordCount":1228,"commentCount":0,"publisher":{"@id":"https:\/\/www.antikvar.sk\/blog\/#\/schema\/person\/960f1c7c0f38d050499287d3a7924469"},"image":{"@id":"https:\/\/www.antikvar.sk\/blog\/robte-p-plasteliny-fejton\/#primaryimage"},"thumbnailUrl":"https:\/\/www.antikvar.sk\/blog\/wp-content\/uploads\/2023\/01\/IMG_20230117_140148-scaled.jpg","keywords":["at\u00f3movka","plastel\u00edna","referendum","tank"],"articleSection":["Aktu\u00e1lne postrehy a \u00favahy"],"inLanguage":"sk-SK","potentialAction":[{"@type":"CommentAction","name":"Comment","target":["https:\/\/www.antikvar.sk\/blog\/robte-p-plasteliny-fejton\/#respond"]}]},{"@type":"WebPage","@id":"https:\/\/www.antikvar.sk\/blog\/robte-p-plasteliny-fejton\/","url":"https:\/\/www.antikvar.sk\/blog\/robte-p-plasteliny-fejton\/","name":"Robte si p... z plastel\u00edny a nie z n\u00e1s - fejt\u00f3n - DOMOVINA","isPartOf":{"@id":"https:\/\/www.antikvar.sk\/blog\/#website"},"primaryImageOfPage":{"@id":"https:\/\/www.antikvar.sk\/blog\/robte-p-plasteliny-fejton\/#primaryimage"},"image":{"@id":"https:\/\/www.antikvar.sk\/blog\/robte-p-plasteliny-fejton\/#primaryimage"},"thumbnailUrl":"https:\/\/www.antikvar.sk\/blog\/wp-content\/uploads\/2023\/01\/IMG_20230117_140148-scaled.jpg","datePublished":"2023-01-10T11:51:36+00:00","dateModified":"2024-10-04T12:25:03+00:00","description":"Na referendum na tankoch","breadcrumb":{"@id":"https:\/\/www.antikvar.sk\/blog\/robte-p-plasteliny-fejton\/#breadcrumb"},"inLanguage":"sk-SK","potentialAction":[{"@type":"ReadAction","target":["https:\/\/www.antikvar.sk\/blog\/robte-p-plasteliny-fejton\/"]}]},{"@type":"ImageObject","inLanguage":"sk-SK","@id":"https:\/\/www.antikvar.sk\/blog\/robte-p-plasteliny-fejton\/#primaryimage","url":"https:\/\/www.antikvar.sk\/blog\/wp-content\/uploads\/2023\/01\/IMG_20230117_140148-scaled.jpg","contentUrl":"https:\/\/www.antikvar.sk\/blog\/wp-content\/uploads\/2023\/01\/IMG_20230117_140148-scaled.jpg","width":1605,"height":2560},{"@type":"BreadcrumbList","@id":"https:\/\/www.antikvar.sk\/blog\/robte-p-plasteliny-fejton\/#breadcrumb","itemListElement":[{"@type":"ListItem","position":1,"name":"Domovsk\u00e1 str\u00e1nka","item":"https:\/\/www.antikvar.sk\/blog\/"},{"@type":"ListItem","position":2,"name":"Robte si p&#8230; z plastel\u00edny a nie z n\u00e1s &#8211; fejt\u00f3n"}]},{"@type":"WebSite","@id":"https:\/\/www.antikvar.sk\/blog\/#website","url":"https:\/\/www.antikvar.sk\/blog\/","name":"DOMOVINA","description":"Nezabudnite na svoje rodisko, bez neho je len do pekla schodisko","publisher":{"@id":"https:\/\/www.antikvar.sk\/blog\/#\/schema\/person\/960f1c7c0f38d050499287d3a7924469"},"potentialAction":[{"@type":"SearchAction","target":{"@type":"EntryPoint","urlTemplate":"https:\/\/www.antikvar.sk\/blog\/?s={search_term_string}"},"query-input":{"@type":"PropertyValueSpecification","valueRequired":true,"valueName":"search_term_string"}}],"inLanguage":"sk-SK"},{"@type":["Person","Organization"],"@id":"https:\/\/www.antikvar.sk\/blog\/#\/schema\/person\/960f1c7c0f38d050499287d3a7924469","name":"jaropoky","image":{"@type":"ImageObject","inLanguage":"sk-SK","@id":"https:\/\/www.antikvar.sk\/blog\/wp-content\/uploads\/2021\/04\/cropped-cropped-KoreszkaWEB-2.jpg","url":"https:\/\/www.antikvar.sk\/blog\/wp-content\/uploads\/2021\/04\/cropped-cropped-KoreszkaWEB-2.jpg","contentUrl":"https:\/\/www.antikvar.sk\/blog\/wp-content\/uploads\/2021\/04\/cropped-cropped-KoreszkaWEB-2.jpg","width":863,"height":597,"caption":"jaropoky"},"logo":{"@id":"https:\/\/www.antikvar.sk\/blog\/wp-content\/uploads\/2021\/04\/cropped-cropped-KoreszkaWEB-2.jpg"},"description":"Zauj\u00edma sa o filozofiu, umenie, pr\u00edrodu a alternat\u00edvnu medic\u00ednu. Bol vedeck\u00fd pracovn\u00edk a \u0161t\u00e1tny zamestnanec, teraz je na d\u00f4chodku.","sameAs":["http:\/\/www.antikvar.sk\/blog"],"url":"https:\/\/www.antikvar.sk\/blog\/author\/jaro\/"}]}},"uagb_featured_image_src":{"full":["https:\/\/www.antikvar.sk\/blog\/wp-content\/uploads\/2023\/01\/IMG_20230117_140148-scaled.jpg",1605,2560,false],"thumbnail":["https:\/\/www.antikvar.sk\/blog\/wp-content\/uploads\/2023\/01\/IMG_20230117_140148-150x150.jpg",150,150,true],"medium":["https:\/\/www.antikvar.sk\/blog\/wp-content\/uploads\/2023\/01\/IMG_20230117_140148-188x300.jpg",188,300,true],"medium_large":["https:\/\/www.antikvar.sk\/blog\/wp-content\/uploads\/2023\/01\/IMG_20230117_140148-768x1225.jpg",768,1225,true],"large":["https:\/\/www.antikvar.sk\/blog\/wp-content\/uploads\/2023\/01\/IMG_20230117_140148-642x1024.jpg",642,1024,true],"1536x1536":["https:\/\/www.antikvar.sk\/blog\/wp-content\/uploads\/2023\/01\/IMG_20230117_140148-963x1536.jpg",963,1536,true],"2048x2048":["https:\/\/www.antikvar.sk\/blog\/wp-content\/uploads\/2023\/01\/IMG_20230117_140148-1284x2048.jpg",1284,2048,true],"crp_thumbnail":["https:\/\/www.antikvar.sk\/blog\/wp-content\/uploads\/2023\/01\/IMG_20230117_140148-150x150.jpg",150,150,true]},"uagb_author_info":{"display_name":"jaropoky","author_link":"https:\/\/www.antikvar.sk\/blog\/author\/jaro\/"},"uagb_comment_info":0,"uagb_excerpt":"&nbsp;V pred\u0161kolskom veku&nbsp; som vyr\u00e1bal vo ve\u013ekom tanky, i\u0161li na odbyt &#8211; bola studen\u00e1 vojna. V prvej triede sa&nbsp; dopyt e\u0161te zv\u00fd\u0161il v r\u00e1mci Mesiaca \u010deskoslovensko-sovietskeho priate\u013estva, pred 9. m\u00e1jom, osloboden\u00edm rodn\u00e9ho mesta, pred pr\u00edchodom in\u0161pekcie z okresu, vtedy to bola Senica. Nie, \u017ee by som nevedel vyrobi\u0165 ni\u010d in\u00e9, ale tento produkt bol univerz\u00e1lny,&hellip;","_links":{"self":[{"href":"https:\/\/www.antikvar.sk\/blog\/wp-json\/wp\/v2\/posts\/7275","targetHints":{"allow":["GET"]}}],"collection":[{"href":"https:\/\/www.antikvar.sk\/blog\/wp-json\/wp\/v2\/posts"}],"about":[{"href":"https:\/\/www.antikvar.sk\/blog\/wp-json\/wp\/v2\/types\/post"}],"author":[{"embeddable":true,"href":"https:\/\/www.antikvar.sk\/blog\/wp-json\/wp\/v2\/users\/1"}],"replies":[{"embeddable":true,"href":"https:\/\/www.antikvar.sk\/blog\/wp-json\/wp\/v2\/comments?post=7275"}],"version-history":[{"count":0,"href":"https:\/\/www.antikvar.sk\/blog\/wp-json\/wp\/v2\/posts\/7275\/revisions"}],"wp:featuredmedia":[{"embeddable":true,"href":"https:\/\/www.antikvar.sk\/blog\/wp-json\/wp\/v2\/media\/7330"}],"wp:attachment":[{"href":"https:\/\/www.antikvar.sk\/blog\/wp-json\/wp\/v2\/media?parent=7275"}],"wp:term":[{"taxonomy":"category","embeddable":true,"href":"https:\/\/www.antikvar.sk\/blog\/wp-json\/wp\/v2\/categories?post=7275"},{"taxonomy":"post_tag","embeddable":true,"href":"https:\/\/www.antikvar.sk\/blog\/wp-json\/wp\/v2\/tags?post=7275"}],"curies":[{"name":"wp","href":"https:\/\/api.w.org\/{rel}","templated":true}]}}