{"id":7264,"date":"2022-12-29T19:28:07","date_gmt":"2022-12-29T18:28:07","guid":{"rendered":"http:\/\/www.antikvar.sk\/blog\/?p=7264"},"modified":"2025-03-25T14:32:21","modified_gmt":"2025-03-25T13:32:21","slug":"vojnovy-slovensky-stat-fotofejton","status":"publish","type":"post","link":"https:\/\/www.antikvar.sk\/blog\/vojnovy-slovensky-stat-fotofejton\/","title":{"rendered":"Vojnov\u00fd slovensk\u00fd \u0161t\u00e1t? &#8211; fotofejt\u00f3n"},"content":{"rendered":"<figure id=\"attachment_7271\" aria-describedby=\"caption-attachment-7271\" style=\"width: 225px\" class=\"wp-caption alignnone\"><img loading=\"lazy\" decoding=\"async\" class=\"wp-image-7271 size-medium\" src=\"https:\/\/www.antikvar.sk\/blog\/wp-content\/uploads\/2022\/12\/IMG_20221229_113717-1-225x300.jpg\" alt=\"\" width=\"225\" height=\"300\" srcset=\"https:\/\/www.antikvar.sk\/blog\/wp-content\/uploads\/2022\/12\/IMG_20221229_113717-1-225x300.jpg 225w, https:\/\/www.antikvar.sk\/blog\/wp-content\/uploads\/2022\/12\/IMG_20221229_113717-1-768x1024.jpg 768w, https:\/\/www.antikvar.sk\/blog\/wp-content\/uploads\/2022\/12\/IMG_20221229_113717-1-1152x1536.jpg 1152w, https:\/\/www.antikvar.sk\/blog\/wp-content\/uploads\/2022\/12\/IMG_20221229_113717-1.jpg 1200w\" sizes=\"auto, (max-width: 225px) 100vw, 225px\" \/><figcaption id=\"caption-attachment-7271\" class=\"wp-caption-text\"><span style=\"font-size: 14pt;\">Na \u010diernej tabuli s\u00fa obete rokov 1939 &#8211; 1945, padlo 7 Skali\u010danov<\/span><\/figcaption><\/figure>\n<figure id=\"attachment_7272\" aria-describedby=\"caption-attachment-7272\" style=\"width: 225px\" class=\"wp-caption alignnone\"><img loading=\"lazy\" decoding=\"async\" class=\"wp-image-7272 size-medium\" src=\"https:\/\/www.antikvar.sk\/blog\/wp-content\/uploads\/2022\/12\/IMG_20221229_113732-225x300.jpg\" alt=\"\" width=\"225\" height=\"300\" srcset=\"https:\/\/www.antikvar.sk\/blog\/wp-content\/uploads\/2022\/12\/IMG_20221229_113732-225x300.jpg 225w, https:\/\/www.antikvar.sk\/blog\/wp-content\/uploads\/2022\/12\/IMG_20221229_113732-768x1024.jpg 768w, https:\/\/www.antikvar.sk\/blog\/wp-content\/uploads\/2022\/12\/IMG_20221229_113732-1152x1536.jpg 1152w, https:\/\/www.antikvar.sk\/blog\/wp-content\/uploads\/2022\/12\/IMG_20221229_113732.jpg 1200w\" sizes=\"auto, (max-width: 225px) 100vw, 225px\" \/><figcaption id=\"caption-attachment-7272\" class=\"wp-caption-text\"><span style=\"font-size: 14pt;\">Na troch bielych tabuliach s\u00fa padl\u00ed Skali\u010dania v I. svetovej vojne<\/span><\/figcaption><\/figure>\n<p><span style=\"font-size: 14pt;\"><img loading=\"lazy\" decoding=\"async\" class=\"alignnone size-medium wp-image-7270\" src=\"https:\/\/www.antikvar.sk\/blog\/wp-content\/uploads\/2022\/12\/IMG_20221229_113748-225x300.jpg\" alt=\"\" width=\"225\" height=\"300\" srcset=\"https:\/\/www.antikvar.sk\/blog\/wp-content\/uploads\/2022\/12\/IMG_20221229_113748-225x300.jpg 225w, https:\/\/www.antikvar.sk\/blog\/wp-content\/uploads\/2022\/12\/IMG_20221229_113748-768x1024.jpg 768w, https:\/\/www.antikvar.sk\/blog\/wp-content\/uploads\/2022\/12\/IMG_20221229_113748-1152x1536.jpg 1152w, https:\/\/www.antikvar.sk\/blog\/wp-content\/uploads\/2022\/12\/IMG_20221229_113748.jpg 1200w\" sizes=\"auto, (max-width: 225px) 100vw, 225px\" \/> <img loading=\"lazy\" decoding=\"async\" class=\"alignnone size-medium wp-image-7269\" src=\"https:\/\/www.antikvar.sk\/blog\/wp-content\/uploads\/2022\/12\/IMG_20221229_113740-225x300.jpg\" alt=\"\" width=\"225\" height=\"300\" srcset=\"https:\/\/www.antikvar.sk\/blog\/wp-content\/uploads\/2022\/12\/IMG_20221229_113740-225x300.jpg 225w, https:\/\/www.antikvar.sk\/blog\/wp-content\/uploads\/2022\/12\/IMG_20221229_113740-768x1024.jpg 768w, https:\/\/www.antikvar.sk\/blog\/wp-content\/uploads\/2022\/12\/IMG_20221229_113740-1152x1536.jpg 1152w, https:\/\/www.antikvar.sk\/blog\/wp-content\/uploads\/2022\/12\/IMG_20221229_113740.jpg 1200w\" sizes=\"auto, (max-width: 225px) 100vw, 225px\" \/><\/span><\/p>\n<p><span style=\"font-size: 14pt;\">Podobn\u00e9 pam\u00e4tn\u00edky ako v Skalici s\u00fa v ka\u017edom meste\u010dku a v\u00e4\u010d\u0161ej dedine po celom Slovensku.<\/span><\/p>\n<p><span style=\"font-size: 14pt;\"><a href=\"https:\/\/www.upn.gov.sk\/data\/pdf\/zoznam-protisovietske-tazenie-jun-1941-august-1944.pdf\" target=\"_blank\" rel=\"noopener\">Po boku Nemcov v \u0165a\u017een\u00ed proti Sovietskemu zv\u00e4zu pod\u013ea&nbsp; UPN padlo 1268 Slov\u00e1kov.<\/a><\/span><\/p>\n<p><span style=\"font-size: 14pt;\">V SNP:<\/span><\/p>\n<p><span style=\"font-size: 14pt;\"><a href=\"https:\/\/spravy.pravda.sk\/domace\/clanok\/328328-snp-malo-podla-historika-vyznam-z-politickeho-i-vojenskeho-hladiska\/\" target=\"_blank\" rel=\"noopener\">&#8222;Po\u010det obet\u00ed v bojoch na povstaleckom fronte (29. augusta \u2013 27. okt\u00f3bra 1944) nebol doposia\u013e presne vy\u010d\u00edslen\u00fd a publikovan\u00e9 \u00fadaje zna\u010dne kol\u00ed\u0161u. Pod\u013ea nemeck\u00fdch \u00fadajov, ktor\u00e9 boli zverejnen\u00e9 kr\u00e1tko po potla\u010den\u00ed SNP, padlo a\u017e 5 000 povstalcov, \u010do je v\u0161ak pod\u013ea Kluberta dos\u0165 nadsaden\u00fd po\u010det. \u201eNaopak, po\u010das komunistick\u00e9ho re\u017eimu bol po\u010det padl\u00fdch povstalcov zredukovan\u00fd na 1 700, \u010do je zasa pr\u00edli\u0161 m\u00e1lo. Niektor\u00e9 s\u00fa\u010dasn\u00e9 odhady hovoria o troch tis\u00edckach padl\u00fdch povstalcov. \u010eal\u0161\u00edch 450 \u00fa\u010dastn\u00edkov SNP zahynulo v zajateck\u00fdch t\u00e1boroch a 350 zostalo nezvestn\u00fdch,\u201c doplnil. Na strane okupa\u010dn\u00fdch vojsk straty pod\u013ea historika ur\u010dite nepresiahli 1 500 mu\u017eov.&#8220;<\/a><\/span><\/p>\n<p><span style=\"font-size: 14pt;\">Ko\u013eko obet\u00ed bude v pripravovanom&nbsp; Drang nach Osten sa len \u0165a\u017eko odhadne, ale je ist\u00e9, \u017ee pomn\u00edky obetiam nebude ma\u0165 kto stava\u0165.<\/span><\/p>\n<p>&nbsp;<\/p>\n<p><strong><span style=\"font-size: 14pt;\">Literat\u00fara<\/span><\/strong><\/p>\n<p><span style=\"font-size: 14pt;\">https:\/\/www.upn.gov.sk\/data\/pdf\/zoznam-protisovietske-tazenie-jun-1941-august-1944.pdf<\/span><\/p>\n<p><span style=\"font-size: 14pt;\">Dodatok z 28.2.2023<\/span><\/p>\n<div class=\"ast-oembed-container \" style=\"height: 100%;\"><iframe loading=\"lazy\" title=\"Slovensk\u00fd pochod za mier v Skalici.\" width=\"500\" height=\"281\" src=\"https:\/\/www.youtube.com\/embed\/td3ll_eKm1g?feature=oembed\" frameborder=\"0\" allow=\"accelerometer; autoplay; clipboard-write; encrypted-media; gyroscope; picture-in-picture; web-share\" referrerpolicy=\"strict-origin-when-cross-origin\" allowfullscreen><\/iframe><\/div>\n<p>&nbsp;<\/p>\n<blockquote class=\"wp-embedded-content\" data-secret=\"tArZMZ7ht3\"><p><a href=\"https:\/\/www.antikvar.sk\/blog\/blitzkrieg-fejton\/\">Blitzkrieg &#8211; dystopick\u00fd fejt\u00f3n<\/a><\/p><\/blockquote>\n<p><iframe loading=\"lazy\" class=\"wp-embedded-content\" sandbox=\"allow-scripts\" security=\"restricted\" style=\"position: absolute; visibility: hidden;\" title=\"&#8220;Blitzkrieg &#8211; dystopick\u00fd fejt\u00f3n&#8221; &#8212; DOMOVINA\" src=\"https:\/\/www.antikvar.sk\/blog\/blitzkrieg-fejton\/embed\/#?secret=kmK2ByFc6n#?secret=tArZMZ7ht3\" data-secret=\"tArZMZ7ht3\" width=\"500\" height=\"282\" frameborder=\"0\" marginwidth=\"0\" marginheight=\"0\" scrolling=\"no\"><\/iframe><\/p>\n<p><span style=\"font-size: 14pt;\">Dodatok z 21.1.2023<\/span><\/p>\n<p><span style=\"font-size: 14pt;\">https:\/\/blog.hlavnespravy.sk\/31308\/k-30-vyrociu-sr-viete-kedy-sme-zili-vo-vojnovom-state\/<\/span><\/p>\n<p>&nbsp;<\/p>\n","protected":false},"excerpt":{"rendered":"<p>Podobn\u00e9 pam\u00e4tn\u00edky ako v Skalici s\u00fa v ka\u017edom meste\u010dku a v\u00e4\u010d\u0161ej dedine po celom Slovensku. Po boku Nemcov v \u0165a\u017een\u00ed proti Sovietskemu zv\u00e4zu pod\u013ea&nbsp; UPN padlo 1268 Slov\u00e1kov. V SNP: &#8222;Po\u010det obet\u00ed v bojoch na povstaleckom fronte (29. augusta \u2013 27. okt\u00f3bra 1944) nebol doposia\u013e presne vy\u010d\u00edslen\u00fd a publikovan\u00e9 \u00fadaje zna\u010dne kol\u00ed\u0161u. Pod\u013ea nemeck\u00fdch \u00fadajov, [&hellip;]<\/p>\n","protected":false},"author":1,"featured_media":7267,"comment_status":"open","ping_status":"open","sticky":false,"template":"","format":"standard","meta":{"_uag_custom_page_level_css":"","site-sidebar-layout":"default","site-content-layout":"default","ast-site-content-layout":"default","site-content-style":"default","site-sidebar-style":"default","ast-global-header-display":"","ast-banner-title-visibility":"","ast-main-header-display":"","ast-hfb-above-header-display":"","ast-hfb-below-header-display":"","ast-hfb-mobile-header-display":"","site-post-title":"","ast-breadcrumbs-content":"","ast-featured-img":"","footer-sml-layout":"","ast-disable-related-posts":"","theme-transparent-header-meta":"default","adv-header-id-meta":"","stick-header-meta":"","header-above-stick-meta":"","header-main-stick-meta":"","header-below-stick-meta":"","astra-migrate-meta-layouts":"set","ast-page-background-enabled":"default","ast-page-background-meta":{"desktop":{"background-color":"","background-image":"","background-repeat":"repeat","background-position":"center center","background-size":"auto","background-attachment":"scroll","background-type":"","background-media":"","overlay-type":"","overlay-color":"","overlay-opacity":"","overlay-gradient":""},"tablet":{"background-color":"","background-image":"","background-repeat":"repeat","background-position":"center center","background-size":"auto","background-attachment":"scroll","background-type":"","background-media":"","overlay-type":"","overlay-color":"","overlay-opacity":"","overlay-gradient":""},"mobile":{"background-color":"","background-image":"","background-repeat":"repeat","background-position":"center center","background-size":"auto","background-attachment":"scroll","background-type":"","background-media":"","overlay-type":"","overlay-color":"","overlay-opacity":"","overlay-gradient":""}},"ast-content-background-meta":{"desktop":{"background-color":"var(--ast-global-color-5)","background-image":"","background-repeat":"repeat","background-position":"center center","background-size":"auto","background-attachment":"scroll","background-type":"","background-media":"","overlay-type":"","overlay-color":"","overlay-opacity":"","overlay-gradient":""},"tablet":{"background-color":"var(--ast-global-color-5)","background-image":"","background-repeat":"repeat","background-position":"center center","background-size":"auto","background-attachment":"scroll","background-type":"","background-media":"","overlay-type":"","overlay-color":"","overlay-opacity":"","overlay-gradient":""},"mobile":{"background-color":"var(--ast-global-color-5)","background-image":"","background-repeat":"repeat","background-position":"center center","background-size":"auto","background-attachment":"scroll","background-type":"","background-media":"","overlay-type":"","overlay-color":"","overlay-opacity":"","overlay-gradient":""}},"ngg_post_thumbnail":0,"footnotes":""},"categories":[1,6],"tags":[],"class_list":["post-7264","post","type-post","status-publish","format-standard","has-post-thumbnail","hentry","category-postrehy-uvahy-aktualne","category-fejtony"],"yoast_head":"<!-- This site is optimized with the Yoast SEO plugin v27.4 - https:\/\/yoast.com\/product\/yoast-seo-wordpress\/ -->\n<title>Vojnov\u00fd slovensk\u00fd \u0161t\u00e1t? - fotofejt\u00f3n - DOMOVINA<\/title>\n<meta name=\"robots\" content=\"index, follow, max-snippet:-1, max-image-preview:large, max-video-preview:-1\" \/>\n<link rel=\"canonical\" href=\"https:\/\/www.antikvar.sk\/blog\/vojnovy-slovensky-stat-fotofejton\/\" \/>\n<meta property=\"og:locale\" content=\"sk_SK\" \/>\n<meta property=\"og:type\" content=\"article\" \/>\n<meta property=\"og:title\" content=\"Vojnov\u00fd slovensk\u00fd \u0161t\u00e1t? - fotofejt\u00f3n - DOMOVINA\" \/>\n<meta property=\"og:description\" content=\"Podobn\u00e9 pam\u00e4tn\u00edky ako v Skalici s\u00fa v ka\u017edom meste\u010dku a v\u00e4\u010d\u0161ej dedine po celom Slovensku. Po boku Nemcov v \u0165a\u017een\u00ed proti Sovietskemu zv\u00e4zu pod\u013ea&nbsp; UPN padlo 1268 Slov\u00e1kov. V SNP: &#8222;Po\u010det obet\u00ed v bojoch na povstaleckom fronte (29. augusta \u2013 27. okt\u00f3bra 1944) nebol doposia\u013e presne vy\u010d\u00edslen\u00fd a publikovan\u00e9 \u00fadaje zna\u010dne kol\u00ed\u0161u. Pod\u013ea nemeck\u00fdch \u00fadajov, [&hellip;]\" \/>\n<meta property=\"og:url\" content=\"https:\/\/www.antikvar.sk\/blog\/vojnovy-slovensky-stat-fotofejton\/\" \/>\n<meta property=\"og:site_name\" content=\"DOMOVINA\" \/>\n<meta property=\"article:published_time\" content=\"2022-12-29T18:28:07+00:00\" \/>\n<meta property=\"article:modified_time\" content=\"2025-03-25T13:32:21+00:00\" \/>\n<meta property=\"og:image\" content=\"https:\/\/www.antikvar.sk\/blog\/wp-content\/uploads\/2022\/12\/IMG_20221229_113717.jpg\" \/>\n\t<meta property=\"og:image:width\" content=\"1200\" \/>\n\t<meta property=\"og:image:height\" content=\"1600\" \/>\n\t<meta property=\"og:image:type\" content=\"image\/jpeg\" \/>\n<meta name=\"author\" content=\"jaropoky\" \/>\n<meta name=\"twitter:card\" content=\"summary_large_image\" \/>\n<meta name=\"twitter:label1\" content=\"Autor\" \/>\n\t<meta name=\"twitter:data1\" content=\"jaropoky\" \/>\n\t<meta name=\"twitter:label2\" content=\"Predpokladan\u00fd \u010das \u010d\u00edtania\" \/>\n\t<meta name=\"twitter:data2\" content=\"1 min\u00fata\" \/>\n<script type=\"application\/ld+json\" class=\"yoast-schema-graph\">{\"@context\":\"https:\\\/\\\/schema.org\",\"@graph\":[{\"@type\":\"Article\",\"@id\":\"https:\\\/\\\/www.antikvar.sk\\\/blog\\\/vojnovy-slovensky-stat-fotofejton\\\/#article\",\"isPartOf\":{\"@id\":\"https:\\\/\\\/www.antikvar.sk\\\/blog\\\/vojnovy-slovensky-stat-fotofejton\\\/\"},\"author\":{\"name\":\"jaropoky\",\"@id\":\"https:\\\/\\\/www.antikvar.sk\\\/blog\\\/#\\\/schema\\\/person\\\/960f1c7c0f38d050499287d3a7924469\"},\"headline\":\"Vojnov\u00fd slovensk\u00fd \u0161t\u00e1t? &#8211; fotofejt\u00f3n\",\"datePublished\":\"2022-12-29T18:28:07+00:00\",\"dateModified\":\"2025-03-25T13:32:21+00:00\",\"mainEntityOfPage\":{\"@id\":\"https:\\\/\\\/www.antikvar.sk\\\/blog\\\/vojnovy-slovensky-stat-fotofejton\\\/\"},\"wordCount\":262,\"commentCount\":0,\"publisher\":{\"@id\":\"https:\\\/\\\/www.antikvar.sk\\\/blog\\\/#\\\/schema\\\/person\\\/960f1c7c0f38d050499287d3a7924469\"},\"image\":{\"@id\":\"https:\\\/\\\/www.antikvar.sk\\\/blog\\\/vojnovy-slovensky-stat-fotofejton\\\/#primaryimage\"},\"thumbnailUrl\":\"https:\\\/\\\/www.antikvar.sk\\\/blog\\\/wp-content\\\/uploads\\\/2022\\\/12\\\/IMG_20221229_113717.jpg\",\"articleSection\":[\"Aktu\u00e1lne postrehy a \u00favahy\",\"Fejt\u00f3ny\"],\"inLanguage\":\"sk-SK\",\"potentialAction\":[{\"@type\":\"CommentAction\",\"name\":\"Comment\",\"target\":[\"https:\\\/\\\/www.antikvar.sk\\\/blog\\\/vojnovy-slovensky-stat-fotofejton\\\/#respond\"]}]},{\"@type\":\"WebPage\",\"@id\":\"https:\\\/\\\/www.antikvar.sk\\\/blog\\\/vojnovy-slovensky-stat-fotofejton\\\/\",\"url\":\"https:\\\/\\\/www.antikvar.sk\\\/blog\\\/vojnovy-slovensky-stat-fotofejton\\\/\",\"name\":\"Vojnov\u00fd slovensk\u00fd \u0161t\u00e1t? - fotofejt\u00f3n - DOMOVINA\",\"isPartOf\":{\"@id\":\"https:\\\/\\\/www.antikvar.sk\\\/blog\\\/#website\"},\"primaryImageOfPage\":{\"@id\":\"https:\\\/\\\/www.antikvar.sk\\\/blog\\\/vojnovy-slovensky-stat-fotofejton\\\/#primaryimage\"},\"image\":{\"@id\":\"https:\\\/\\\/www.antikvar.sk\\\/blog\\\/vojnovy-slovensky-stat-fotofejton\\\/#primaryimage\"},\"thumbnailUrl\":\"https:\\\/\\\/www.antikvar.sk\\\/blog\\\/wp-content\\\/uploads\\\/2022\\\/12\\\/IMG_20221229_113717.jpg\",\"datePublished\":\"2022-12-29T18:28:07+00:00\",\"dateModified\":\"2025-03-25T13:32:21+00:00\",\"breadcrumb\":{\"@id\":\"https:\\\/\\\/www.antikvar.sk\\\/blog\\\/vojnovy-slovensky-stat-fotofejton\\\/#breadcrumb\"},\"inLanguage\":\"sk-SK\",\"potentialAction\":[{\"@type\":\"ReadAction\",\"target\":[\"https:\\\/\\\/www.antikvar.sk\\\/blog\\\/vojnovy-slovensky-stat-fotofejton\\\/\"]}]},{\"@type\":\"ImageObject\",\"inLanguage\":\"sk-SK\",\"@id\":\"https:\\\/\\\/www.antikvar.sk\\\/blog\\\/vojnovy-slovensky-stat-fotofejton\\\/#primaryimage\",\"url\":\"https:\\\/\\\/www.antikvar.sk\\\/blog\\\/wp-content\\\/uploads\\\/2022\\\/12\\\/IMG_20221229_113717.jpg\",\"contentUrl\":\"https:\\\/\\\/www.antikvar.sk\\\/blog\\\/wp-content\\\/uploads\\\/2022\\\/12\\\/IMG_20221229_113717.jpg\",\"width\":1200,\"height\":1600},{\"@type\":\"BreadcrumbList\",\"@id\":\"https:\\\/\\\/www.antikvar.sk\\\/blog\\\/vojnovy-slovensky-stat-fotofejton\\\/#breadcrumb\",\"itemListElement\":[{\"@type\":\"ListItem\",\"position\":1,\"name\":\"Domovsk\u00e1 str\u00e1nka\",\"item\":\"https:\\\/\\\/www.antikvar.sk\\\/blog\\\/\"},{\"@type\":\"ListItem\",\"position\":2,\"name\":\"Vojnov\u00fd slovensk\u00fd \u0161t\u00e1t? &#8211; fotofejt\u00f3n\"}]},{\"@type\":\"WebSite\",\"@id\":\"https:\\\/\\\/www.antikvar.sk\\\/blog\\\/#website\",\"url\":\"https:\\\/\\\/www.antikvar.sk\\\/blog\\\/\",\"name\":\"DOMOVINA\",\"description\":\"Nezabudnite na svoje rodisko, bez neho je len do pekla schodisko\",\"publisher\":{\"@id\":\"https:\\\/\\\/www.antikvar.sk\\\/blog\\\/#\\\/schema\\\/person\\\/960f1c7c0f38d050499287d3a7924469\"},\"potentialAction\":[{\"@type\":\"SearchAction\",\"target\":{\"@type\":\"EntryPoint\",\"urlTemplate\":\"https:\\\/\\\/www.antikvar.sk\\\/blog\\\/?s={search_term_string}\"},\"query-input\":{\"@type\":\"PropertyValueSpecification\",\"valueRequired\":true,\"valueName\":\"search_term_string\"}}],\"inLanguage\":\"sk-SK\"},{\"@type\":[\"Person\",\"Organization\"],\"@id\":\"https:\\\/\\\/www.antikvar.sk\\\/blog\\\/#\\\/schema\\\/person\\\/960f1c7c0f38d050499287d3a7924469\",\"name\":\"jaropoky\",\"image\":{\"@type\":\"ImageObject\",\"inLanguage\":\"sk-SK\",\"@id\":\"https:\\\/\\\/www.antikvar.sk\\\/blog\\\/wp-content\\\/uploads\\\/2021\\\/04\\\/cropped-cropped-KoreszkaWEB-2.jpg\",\"url\":\"https:\\\/\\\/www.antikvar.sk\\\/blog\\\/wp-content\\\/uploads\\\/2021\\\/04\\\/cropped-cropped-KoreszkaWEB-2.jpg\",\"contentUrl\":\"https:\\\/\\\/www.antikvar.sk\\\/blog\\\/wp-content\\\/uploads\\\/2021\\\/04\\\/cropped-cropped-KoreszkaWEB-2.jpg\",\"width\":863,\"height\":597,\"caption\":\"jaropoky\"},\"logo\":{\"@id\":\"https:\\\/\\\/www.antikvar.sk\\\/blog\\\/wp-content\\\/uploads\\\/2021\\\/04\\\/cropped-cropped-KoreszkaWEB-2.jpg\"},\"description\":\"Zauj\u00edma sa o filozofiu, umenie, pr\u00edrodu a alternat\u00edvnu medic\u00ednu. Bol vedeck\u00fd pracovn\u00edk a \u0161t\u00e1tny zamestnanec, teraz je na d\u00f4chodku.\",\"sameAs\":[\"http:\\\/\\\/www.antikvar.sk\\\/blog\"],\"url\":\"https:\\\/\\\/www.antikvar.sk\\\/blog\\\/author\\\/jaro\\\/\"}]}<\/script>\n<!-- \/ Yoast SEO plugin. -->","yoast_head_json":{"title":"Vojnov\u00fd slovensk\u00fd \u0161t\u00e1t? - fotofejt\u00f3n - DOMOVINA","robots":{"index":"index","follow":"follow","max-snippet":"max-snippet:-1","max-image-preview":"max-image-preview:large","max-video-preview":"max-video-preview:-1"},"canonical":"https:\/\/www.antikvar.sk\/blog\/vojnovy-slovensky-stat-fotofejton\/","og_locale":"sk_SK","og_type":"article","og_title":"Vojnov\u00fd slovensk\u00fd \u0161t\u00e1t? - fotofejt\u00f3n - DOMOVINA","og_description":"Podobn\u00e9 pam\u00e4tn\u00edky ako v Skalici s\u00fa v ka\u017edom meste\u010dku a v\u00e4\u010d\u0161ej dedine po celom Slovensku. Po boku Nemcov v \u0165a\u017een\u00ed proti Sovietskemu zv\u00e4zu pod\u013ea&nbsp; UPN padlo 1268 Slov\u00e1kov. V SNP: &#8222;Po\u010det obet\u00ed v bojoch na povstaleckom fronte (29. augusta \u2013 27. okt\u00f3bra 1944) nebol doposia\u013e presne vy\u010d\u00edslen\u00fd a publikovan\u00e9 \u00fadaje zna\u010dne kol\u00ed\u0161u. Pod\u013ea nemeck\u00fdch \u00fadajov, [&hellip;]","og_url":"https:\/\/www.antikvar.sk\/blog\/vojnovy-slovensky-stat-fotofejton\/","og_site_name":"DOMOVINA","article_published_time":"2022-12-29T18:28:07+00:00","article_modified_time":"2025-03-25T13:32:21+00:00","og_image":[{"width":1200,"height":1600,"url":"https:\/\/www.antikvar.sk\/blog\/wp-content\/uploads\/2022\/12\/IMG_20221229_113717.jpg","type":"image\/jpeg"}],"author":"jaropoky","twitter_card":"summary_large_image","twitter_misc":{"Autor":"jaropoky","Predpokladan\u00fd \u010das \u010d\u00edtania":"1 min\u00fata"},"schema":{"@context":"https:\/\/schema.org","@graph":[{"@type":"Article","@id":"https:\/\/www.antikvar.sk\/blog\/vojnovy-slovensky-stat-fotofejton\/#article","isPartOf":{"@id":"https:\/\/www.antikvar.sk\/blog\/vojnovy-slovensky-stat-fotofejton\/"},"author":{"name":"jaropoky","@id":"https:\/\/www.antikvar.sk\/blog\/#\/schema\/person\/960f1c7c0f38d050499287d3a7924469"},"headline":"Vojnov\u00fd slovensk\u00fd \u0161t\u00e1t? &#8211; fotofejt\u00f3n","datePublished":"2022-12-29T18:28:07+00:00","dateModified":"2025-03-25T13:32:21+00:00","mainEntityOfPage":{"@id":"https:\/\/www.antikvar.sk\/blog\/vojnovy-slovensky-stat-fotofejton\/"},"wordCount":262,"commentCount":0,"publisher":{"@id":"https:\/\/www.antikvar.sk\/blog\/#\/schema\/person\/960f1c7c0f38d050499287d3a7924469"},"image":{"@id":"https:\/\/www.antikvar.sk\/blog\/vojnovy-slovensky-stat-fotofejton\/#primaryimage"},"thumbnailUrl":"https:\/\/www.antikvar.sk\/blog\/wp-content\/uploads\/2022\/12\/IMG_20221229_113717.jpg","articleSection":["Aktu\u00e1lne postrehy a \u00favahy","Fejt\u00f3ny"],"inLanguage":"sk-SK","potentialAction":[{"@type":"CommentAction","name":"Comment","target":["https:\/\/www.antikvar.sk\/blog\/vojnovy-slovensky-stat-fotofejton\/#respond"]}]},{"@type":"WebPage","@id":"https:\/\/www.antikvar.sk\/blog\/vojnovy-slovensky-stat-fotofejton\/","url":"https:\/\/www.antikvar.sk\/blog\/vojnovy-slovensky-stat-fotofejton\/","name":"Vojnov\u00fd slovensk\u00fd \u0161t\u00e1t? - fotofejt\u00f3n - DOMOVINA","isPartOf":{"@id":"https:\/\/www.antikvar.sk\/blog\/#website"},"primaryImageOfPage":{"@id":"https:\/\/www.antikvar.sk\/blog\/vojnovy-slovensky-stat-fotofejton\/#primaryimage"},"image":{"@id":"https:\/\/www.antikvar.sk\/blog\/vojnovy-slovensky-stat-fotofejton\/#primaryimage"},"thumbnailUrl":"https:\/\/www.antikvar.sk\/blog\/wp-content\/uploads\/2022\/12\/IMG_20221229_113717.jpg","datePublished":"2022-12-29T18:28:07+00:00","dateModified":"2025-03-25T13:32:21+00:00","breadcrumb":{"@id":"https:\/\/www.antikvar.sk\/blog\/vojnovy-slovensky-stat-fotofejton\/#breadcrumb"},"inLanguage":"sk-SK","potentialAction":[{"@type":"ReadAction","target":["https:\/\/www.antikvar.sk\/blog\/vojnovy-slovensky-stat-fotofejton\/"]}]},{"@type":"ImageObject","inLanguage":"sk-SK","@id":"https:\/\/www.antikvar.sk\/blog\/vojnovy-slovensky-stat-fotofejton\/#primaryimage","url":"https:\/\/www.antikvar.sk\/blog\/wp-content\/uploads\/2022\/12\/IMG_20221229_113717.jpg","contentUrl":"https:\/\/www.antikvar.sk\/blog\/wp-content\/uploads\/2022\/12\/IMG_20221229_113717.jpg","width":1200,"height":1600},{"@type":"BreadcrumbList","@id":"https:\/\/www.antikvar.sk\/blog\/vojnovy-slovensky-stat-fotofejton\/#breadcrumb","itemListElement":[{"@type":"ListItem","position":1,"name":"Domovsk\u00e1 str\u00e1nka","item":"https:\/\/www.antikvar.sk\/blog\/"},{"@type":"ListItem","position":2,"name":"Vojnov\u00fd slovensk\u00fd \u0161t\u00e1t? &#8211; fotofejt\u00f3n"}]},{"@type":"WebSite","@id":"https:\/\/www.antikvar.sk\/blog\/#website","url":"https:\/\/www.antikvar.sk\/blog\/","name":"DOMOVINA","description":"Nezabudnite na svoje rodisko, bez neho je len do pekla schodisko","publisher":{"@id":"https:\/\/www.antikvar.sk\/blog\/#\/schema\/person\/960f1c7c0f38d050499287d3a7924469"},"potentialAction":[{"@type":"SearchAction","target":{"@type":"EntryPoint","urlTemplate":"https:\/\/www.antikvar.sk\/blog\/?s={search_term_string}"},"query-input":{"@type":"PropertyValueSpecification","valueRequired":true,"valueName":"search_term_string"}}],"inLanguage":"sk-SK"},{"@type":["Person","Organization"],"@id":"https:\/\/www.antikvar.sk\/blog\/#\/schema\/person\/960f1c7c0f38d050499287d3a7924469","name":"jaropoky","image":{"@type":"ImageObject","inLanguage":"sk-SK","@id":"https:\/\/www.antikvar.sk\/blog\/wp-content\/uploads\/2021\/04\/cropped-cropped-KoreszkaWEB-2.jpg","url":"https:\/\/www.antikvar.sk\/blog\/wp-content\/uploads\/2021\/04\/cropped-cropped-KoreszkaWEB-2.jpg","contentUrl":"https:\/\/www.antikvar.sk\/blog\/wp-content\/uploads\/2021\/04\/cropped-cropped-KoreszkaWEB-2.jpg","width":863,"height":597,"caption":"jaropoky"},"logo":{"@id":"https:\/\/www.antikvar.sk\/blog\/wp-content\/uploads\/2021\/04\/cropped-cropped-KoreszkaWEB-2.jpg"},"description":"Zauj\u00edma sa o filozofiu, umenie, pr\u00edrodu a alternat\u00edvnu medic\u00ednu. Bol vedeck\u00fd pracovn\u00edk a \u0161t\u00e1tny zamestnanec, teraz je na d\u00f4chodku.","sameAs":["http:\/\/www.antikvar.sk\/blog"],"url":"https:\/\/www.antikvar.sk\/blog\/author\/jaro\/"}]}},"uagb_featured_image_src":{"full":["https:\/\/www.antikvar.sk\/blog\/wp-content\/uploads\/2022\/12\/IMG_20221229_113717.jpg",1200,1600,false],"thumbnail":["https:\/\/www.antikvar.sk\/blog\/wp-content\/uploads\/2022\/12\/IMG_20221229_113717-150x150.jpg",150,150,true],"medium":["https:\/\/www.antikvar.sk\/blog\/wp-content\/uploads\/2022\/12\/IMG_20221229_113717-225x300.jpg",225,300,true],"medium_large":["https:\/\/www.antikvar.sk\/blog\/wp-content\/uploads\/2022\/12\/IMG_20221229_113717-768x1024.jpg",768,1024,true],"large":["https:\/\/www.antikvar.sk\/blog\/wp-content\/uploads\/2022\/12\/IMG_20221229_113717-768x1024.jpg",768,1024,true],"1536x1536":["https:\/\/www.antikvar.sk\/blog\/wp-content\/uploads\/2022\/12\/IMG_20221229_113717-1152x1536.jpg",1152,1536,true],"2048x2048":["https:\/\/www.antikvar.sk\/blog\/wp-content\/uploads\/2022\/12\/IMG_20221229_113717.jpg",1200,1600,false],"crp_thumbnail":["https:\/\/www.antikvar.sk\/blog\/wp-content\/uploads\/2022\/12\/IMG_20221229_113717-150x150.jpg",150,150,true]},"uagb_author_info":{"display_name":"jaropoky","author_link":"https:\/\/www.antikvar.sk\/blog\/author\/jaro\/"},"uagb_comment_info":0,"uagb_excerpt":"Podobn\u00e9 pam\u00e4tn\u00edky ako v Skalici s\u00fa v ka\u017edom meste\u010dku a v\u00e4\u010d\u0161ej dedine po celom Slovensku. Po boku Nemcov v \u0165a\u017een\u00ed proti Sovietskemu zv\u00e4zu pod\u013ea&nbsp; UPN padlo 1268 Slov\u00e1kov. V SNP: &#8222;Po\u010det obet\u00ed v bojoch na povstaleckom fronte (29. augusta \u2013 27. okt\u00f3bra 1944) nebol doposia\u013e presne vy\u010d\u00edslen\u00fd a publikovan\u00e9 \u00fadaje zna\u010dne kol\u00ed\u0161u. Pod\u013ea nemeck\u00fdch \u00fadajov,&hellip;","_links":{"self":[{"href":"https:\/\/www.antikvar.sk\/blog\/wp-json\/wp\/v2\/posts\/7264","targetHints":{"allow":["GET"]}}],"collection":[{"href":"https:\/\/www.antikvar.sk\/blog\/wp-json\/wp\/v2\/posts"}],"about":[{"href":"https:\/\/www.antikvar.sk\/blog\/wp-json\/wp\/v2\/types\/post"}],"author":[{"embeddable":true,"href":"https:\/\/www.antikvar.sk\/blog\/wp-json\/wp\/v2\/users\/1"}],"replies":[{"embeddable":true,"href":"https:\/\/www.antikvar.sk\/blog\/wp-json\/wp\/v2\/comments?post=7264"}],"version-history":[{"count":2,"href":"https:\/\/www.antikvar.sk\/blog\/wp-json\/wp\/v2\/posts\/7264\/revisions"}],"predecessor-version":[{"id":13109,"href":"https:\/\/www.antikvar.sk\/blog\/wp-json\/wp\/v2\/posts\/7264\/revisions\/13109"}],"wp:featuredmedia":[{"embeddable":true,"href":"https:\/\/www.antikvar.sk\/blog\/wp-json\/wp\/v2\/media\/7267"}],"wp:attachment":[{"href":"https:\/\/www.antikvar.sk\/blog\/wp-json\/wp\/v2\/media?parent=7264"}],"wp:term":[{"taxonomy":"category","embeddable":true,"href":"https:\/\/www.antikvar.sk\/blog\/wp-json\/wp\/v2\/categories?post=7264"},{"taxonomy":"post_tag","embeddable":true,"href":"https:\/\/www.antikvar.sk\/blog\/wp-json\/wp\/v2\/tags?post=7264"}],"curies":[{"name":"wp","href":"https:\/\/api.w.org\/{rel}","templated":true}]}}