{"id":7252,"date":"2022-12-22T08:23:35","date_gmt":"2022-12-22T07:23:35","guid":{"rendered":"http:\/\/www.antikvar.sk\/blog\/?p=7252"},"modified":"2023-02-17T21:38:57","modified_gmt":"2023-02-17T20:38:57","slug":"citlivo-vnimam-fejton","status":"publish","type":"post","link":"https:\/\/www.antikvar.sk\/blog\/citlivo-vnimam-fejton\/","title":{"rendered":"Citlivo vn\u00edmam &#8211; fejt\u00f3n"},"content":{"rendered":"<p style=\"text-align: justify;\"><span style=\"font-size: 14pt;\"><strong>V\u00fdrazy \u201cmigrant\u201d, \u201cute\u010denec\u201d a \u201cazylant\u201d s\u00fa v novej 29 stranovej pr\u00edru\u010dke pre pol\u00edciu zak\u00e1zan\u00e9 a policajti sa maj\u00fa zdr\u017ea\u0165 preberania z\u00e1men jednotlivca, informuje port\u00e1l <a href=\"https:\/\/rmx.news\/germany\/berlin-police-officers-receive-woke-discrimination-sensitive-language-guide\/\" target=\"_blank\" rel=\"noopener\">REMIX News.<\/a><\/strong><\/span><\/p>\n<p style=\"text-align: justify;\"><span style=\"font-size: 14pt;\">Na ozna\u010denie ute\u010denca mo\u017eno pou\u017ei\u0165 v\u00fdrazy ako \u201c\u013eudia h\u013eadaj\u00faci ochranu alebo chr\u00e1nen\u00e9 osoby\u201d alebo \u201ce\u0161te lep\u0161ie: \u013eudia, ktor\u00ed utiekli, \u013eudia h\u013eadaj\u00faci ochranu\u201d, pri\u010dom policajti by mali o \u017eiadate\u013eoch o azyl hovori\u0165 ako o \u201c\u013eu\u010foch h\u013eadaj\u00facich azyl alebo \u013eu\u010foch h\u013eadaj\u00facich ochranu\u201d.<\/span><\/p>\n<p class=\"\" style=\"text-align: justify;\"><span style=\"font-size: 14pt;\">Slovo \u201crasa\u201d sa tie\u017e ch\u00e1pe ako slovo na \u010diernej listine ne\u017eiaducich v\u00fdrazov.<\/span><\/p>\n<p class=\"\" style=\"text-align: justify;\"><span style=\"font-size: 14pt;\"><strong>\u201cJe podstatn\u00e9, pozorne po\u010d\u00fava\u0165 a vn\u00edma\u0165, ako sa doty\u010dn\u00e1 osoba opisuje,\u201d<\/strong> uv\u00e1dza sa v 29-stranovej pr\u00edru\u010dke pre policajtov. <strong>\u201cToto sebaozna\u010denie a samo zvolen\u00e9 z\u00e1meno treba v ka\u017edom pr\u00edpade re\u0161pektova\u0165 a nespochyb\u0148ova\u0165 ho,\u201d<\/strong> dod\u00e1va sa v usmernen\u00ed.<\/span><\/p>\n<p class=\"\" style=\"text-align: justify;\"><span style=\"font-size: 14pt;\">Okrem toho by sa v\u00fdrazy ako \u201cmigrant\u201d mali nahradi\u0165 v\u00fdrazmi \u201c\u013eudia s migra\u010dnou hist\u00f3riou\u201d alebo \u201c\u013eudia s medzin\u00e1rodnou hist\u00f3riou\u201d.<\/span><\/p>\n<p class=\"\" style=\"text-align: justify;\"><span style=\"font-size: 14pt;\">Zo strednej si pam\u00e4t\u00e1m z te\u00f3rie literat\u00fary pr\u00edklad&nbsp; eufemizmu: &#8222;Tak sa n\u00e1m h\u00e1jnik \u010dajka pominul (Hviezdoslav)&#8220;.&nbsp; Z politickej praxe minulej \u00e9ry pojem socialistick\u00e1 prev\u00fdchova, pod ktor\u00fd&nbsp; sa dalo v\u0161eli\u010do skry\u0165&nbsp; a tie\u017e, \u017ee niektor\u00e9 vysloven\u00e9 ne\u00faspechy v oblasti hospod\u00e1rstva sa vyhl\u00e1sili za budovate\u013esk\u00e9 \u00faspechy, \u010do bola vhodn\u00e1 l\u00e1tka pre vtipy.<\/span><\/p>\n<p style=\"text-align: justify;\"><span style=\"font-size: 14pt;\">\u010co sa deje teraz, m\u00e1 za cie\u013e n\u00e1s odtrhn\u00fa\u0165 od re\u00e1lneho sveta okolo. Postupne sal\u00e1movou met\u00f3dou oddeli\u0165 n\u00e1s od vec\u00ed, s ktor\u00fdmi sme historicky&nbsp; spojen\u00ed pomocou pojmov&nbsp; a takto zo v\u0161etk\u00fdch postupne urobi\u0165 chodiace m\u0155tvoly a napumpova\u0165&nbsp; do n\u00e1s <strong>ich in\u00fa<\/strong>&nbsp; realitu.<\/span><\/p>\n<p style=\"text-align: justify;\"><span style=\"font-size: 14pt;\">Tak\u00fdto \u013eudsk\u00fd materi\u00e1l&nbsp; nebude probl\u00e9m&nbsp; ako lum\u00edkov don\u00fati\u0165 aj k hromadnej samovra\u017ede. Formy ako sa to zrealizuje sa testuj\u00fa a \u00faspe\u0161ne otestovali.<\/span><\/p>\n<p style=\"text-align: justify;\"><span style=\"font-size: 14pt;\">Preto na z\u00e1ver treba vysvetli\u0165 \u010do znamen\u00e1:<\/span><\/p>\n<p style=\"text-align: justify;\"><span style=\"font-size: 14pt;\"><strong>&#8222;Som \u00faprimn\u00e1 a citlivo vn\u00edmam&#8220; &#8211; ka\u0161lem na v\u00e1s, a je mi jedno, \u010do s vami bude.<\/strong><\/span><\/p>\n<p style=\"text-align: justify;\">&nbsp;<\/p>\n<p style=\"text-align: justify;\"><span style=\"font-size: 14pt;\">Literat\u00fara<\/span><\/p>\n<p style=\"text-align: justify;\"><span style=\"font-size: 14pt;\">https:\/\/veda.sav.sk\/kniha\/kolektiv-autorov-jazykovedneho-ustavu-ls-sav-slovnik-sucasneho-slovenskeho-jazyka-4-opn<\/span><\/p>\n<p style=\"text-align: justify;\"><span style=\"font-size: 14pt;\">https:\/\/www.hlavnespravy.sk\/berlinski-policajti-dostali-jazykovu-prirucku-citlivu-na-diskriminaciu\/2995374<\/span><\/p>\n","protected":false},"excerpt":{"rendered":"<p>V\u00fdrazy \u201cmigrant\u201d, \u201cute\u010denec\u201d a \u201cazylant\u201d s\u00fa v novej 29 stranovej pr\u00edru\u010dke pre pol\u00edciu zak\u00e1zan\u00e9 a policajti sa maj\u00fa zdr\u017ea\u0165 preberania z\u00e1men jednotlivca, informuje port\u00e1l REMIX News. Na ozna\u010denie ute\u010denca mo\u017eno pou\u017ei\u0165 v\u00fdrazy ako \u201c\u013eudia h\u013eadaj\u00faci ochranu alebo chr\u00e1nen\u00e9 osoby\u201d alebo \u201ce\u0161te lep\u0161ie: \u013eudia, ktor\u00ed utiekli, \u013eudia h\u013eadaj\u00faci ochranu\u201d, pri\u010dom policajti by mali o \u017eiadate\u013eoch o [&hellip;]<\/p>\n","protected":false},"author":1,"featured_media":0,"comment_status":"open","ping_status":"open","sticky":false,"template":"","format":"standard","meta":{"_uag_custom_page_level_css":"","site-sidebar-layout":"default","site-content-layout":"default","ast-site-content-layout":"default","site-content-style":"default","site-sidebar-style":"default","ast-global-header-display":"","ast-banner-title-visibility":"","ast-main-header-display":"","ast-hfb-above-header-display":"","ast-hfb-below-header-display":"","ast-hfb-mobile-header-display":"","site-post-title":"","ast-breadcrumbs-content":"","ast-featured-img":"","footer-sml-layout":"","ast-disable-related-posts":"","theme-transparent-header-meta":"default","adv-header-id-meta":"","stick-header-meta":"","header-above-stick-meta":"","header-main-stick-meta":"","header-below-stick-meta":"","astra-migrate-meta-layouts":"default","ast-page-background-enabled":"default","ast-page-background-meta":{"desktop":{"background-color":"","background-image":"","background-repeat":"repeat","background-position":"center center","background-size":"auto","background-attachment":"scroll","background-type":"","background-media":"","overlay-type":"","overlay-color":"","overlay-opacity":"","overlay-gradient":""},"tablet":{"background-color":"","background-image":"","background-repeat":"repeat","background-position":"center center","background-size":"auto","background-attachment":"scroll","background-type":"","background-media":"","overlay-type":"","overlay-color":"","overlay-opacity":"","overlay-gradient":""},"mobile":{"background-color":"","background-image":"","background-repeat":"repeat","background-position":"center center","background-size":"auto","background-attachment":"scroll","background-type":"","background-media":"","overlay-type":"","overlay-color":"","overlay-opacity":"","overlay-gradient":""}},"ast-content-background-meta":{"desktop":{"background-color":"var(--ast-global-color-5)","background-image":"","background-repeat":"repeat","background-position":"center center","background-size":"auto","background-attachment":"scroll","background-type":"","background-media":"","overlay-type":"","overlay-color":"","overlay-opacity":"","overlay-gradient":""},"tablet":{"background-color":"var(--ast-global-color-5)","background-image":"","background-repeat":"repeat","background-position":"center center","background-size":"auto","background-attachment":"scroll","background-type":"","background-media":"","overlay-type":"","overlay-color":"","overlay-opacity":"","overlay-gradient":""},"mobile":{"background-color":"var(--ast-global-color-5)","background-image":"","background-repeat":"repeat","background-position":"center center","background-size":"auto","background-attachment":"scroll","background-type":"","background-media":"","overlay-type":"","overlay-color":"","overlay-opacity":"","overlay-gradient":""}},"ngg_post_thumbnail":0,"footnotes":""},"categories":[1,6],"tags":[282],"class_list":["post-7252","post","type-post","status-publish","format-standard","hentry","category-postrehy-uvahy-aktualne","category-fejtony","tag-citlivo-vnimam"],"yoast_head":"<!-- This site is optimized with the Yoast SEO plugin v27.4 - https:\/\/yoast.com\/product\/yoast-seo-wordpress\/ -->\n<title>Citlivo vn\u00edmam - fejt\u00f3n - DOMOVINA<\/title>\n<meta name=\"robots\" content=\"index, follow, max-snippet:-1, max-image-preview:large, max-video-preview:-1\" \/>\n<link rel=\"canonical\" href=\"https:\/\/www.antikvar.sk\/blog\/citlivo-vnimam-fejton\/\" \/>\n<meta property=\"og:locale\" content=\"sk_SK\" \/>\n<meta property=\"og:type\" content=\"article\" \/>\n<meta property=\"og:title\" content=\"Citlivo vn\u00edmam - fejt\u00f3n - DOMOVINA\" \/>\n<meta property=\"og:description\" content=\"V\u00fdrazy \u201cmigrant\u201d, \u201cute\u010denec\u201d a \u201cazylant\u201d s\u00fa v novej 29 stranovej pr\u00edru\u010dke pre pol\u00edciu zak\u00e1zan\u00e9 a policajti sa maj\u00fa zdr\u017ea\u0165 preberania z\u00e1men jednotlivca, informuje port\u00e1l REMIX News. Na ozna\u010denie ute\u010denca mo\u017eno pou\u017ei\u0165 v\u00fdrazy ako \u201c\u013eudia h\u013eadaj\u00faci ochranu alebo chr\u00e1nen\u00e9 osoby\u201d alebo \u201ce\u0161te lep\u0161ie: \u013eudia, ktor\u00ed utiekli, \u013eudia h\u013eadaj\u00faci ochranu\u201d, pri\u010dom policajti by mali o \u017eiadate\u013eoch o [&hellip;]\" \/>\n<meta property=\"og:url\" content=\"https:\/\/www.antikvar.sk\/blog\/citlivo-vnimam-fejton\/\" \/>\n<meta property=\"og:site_name\" content=\"DOMOVINA\" \/>\n<meta property=\"article:published_time\" content=\"2022-12-22T07:23:35+00:00\" \/>\n<meta property=\"article:modified_time\" content=\"2023-02-17T20:38:57+00:00\" \/>\n<meta name=\"author\" content=\"jaropoky\" \/>\n<meta name=\"twitter:card\" content=\"summary_large_image\" \/>\n<meta name=\"twitter:label1\" content=\"Autor\" \/>\n\t<meta name=\"twitter:data1\" content=\"jaropoky\" \/>\n\t<meta name=\"twitter:label2\" content=\"Predpokladan\u00fd \u010das \u010d\u00edtania\" \/>\n\t<meta name=\"twitter:data2\" content=\"2 min\u00faty\" \/>\n<script type=\"application\/ld+json\" class=\"yoast-schema-graph\">{\"@context\":\"https:\\\/\\\/schema.org\",\"@graph\":[{\"@type\":\"Article\",\"@id\":\"https:\\\/\\\/www.antikvar.sk\\\/blog\\\/citlivo-vnimam-fejton\\\/#article\",\"isPartOf\":{\"@id\":\"https:\\\/\\\/www.antikvar.sk\\\/blog\\\/citlivo-vnimam-fejton\\\/\"},\"author\":{\"name\":\"jaropoky\",\"@id\":\"https:\\\/\\\/www.antikvar.sk\\\/blog\\\/#\\\/schema\\\/person\\\/960f1c7c0f38d050499287d3a7924469\"},\"headline\":\"Citlivo vn\u00edmam &#8211; fejt\u00f3n\",\"datePublished\":\"2022-12-22T07:23:35+00:00\",\"dateModified\":\"2023-02-17T20:38:57+00:00\",\"mainEntityOfPage\":{\"@id\":\"https:\\\/\\\/www.antikvar.sk\\\/blog\\\/citlivo-vnimam-fejton\\\/\"},\"wordCount\":388,\"commentCount\":0,\"publisher\":{\"@id\":\"https:\\\/\\\/www.antikvar.sk\\\/blog\\\/#\\\/schema\\\/person\\\/960f1c7c0f38d050499287d3a7924469\"},\"keywords\":[\"citlivo vn\u00edmam\"],\"articleSection\":[\"Aktu\u00e1lne postrehy a \u00favahy\",\"Fejt\u00f3ny\"],\"inLanguage\":\"sk-SK\",\"potentialAction\":[{\"@type\":\"CommentAction\",\"name\":\"Comment\",\"target\":[\"https:\\\/\\\/www.antikvar.sk\\\/blog\\\/citlivo-vnimam-fejton\\\/#respond\"]}]},{\"@type\":\"WebPage\",\"@id\":\"https:\\\/\\\/www.antikvar.sk\\\/blog\\\/citlivo-vnimam-fejton\\\/\",\"url\":\"https:\\\/\\\/www.antikvar.sk\\\/blog\\\/citlivo-vnimam-fejton\\\/\",\"name\":\"Citlivo vn\u00edmam - fejt\u00f3n - DOMOVINA\",\"isPartOf\":{\"@id\":\"https:\\\/\\\/www.antikvar.sk\\\/blog\\\/#website\"},\"datePublished\":\"2022-12-22T07:23:35+00:00\",\"dateModified\":\"2023-02-17T20:38:57+00:00\",\"breadcrumb\":{\"@id\":\"https:\\\/\\\/www.antikvar.sk\\\/blog\\\/citlivo-vnimam-fejton\\\/#breadcrumb\"},\"inLanguage\":\"sk-SK\",\"potentialAction\":[{\"@type\":\"ReadAction\",\"target\":[\"https:\\\/\\\/www.antikvar.sk\\\/blog\\\/citlivo-vnimam-fejton\\\/\"]}]},{\"@type\":\"BreadcrumbList\",\"@id\":\"https:\\\/\\\/www.antikvar.sk\\\/blog\\\/citlivo-vnimam-fejton\\\/#breadcrumb\",\"itemListElement\":[{\"@type\":\"ListItem\",\"position\":1,\"name\":\"Domovsk\u00e1 str\u00e1nka\",\"item\":\"https:\\\/\\\/www.antikvar.sk\\\/blog\\\/\"},{\"@type\":\"ListItem\",\"position\":2,\"name\":\"Citlivo vn\u00edmam &#8211; fejt\u00f3n\"}]},{\"@type\":\"WebSite\",\"@id\":\"https:\\\/\\\/www.antikvar.sk\\\/blog\\\/#website\",\"url\":\"https:\\\/\\\/www.antikvar.sk\\\/blog\\\/\",\"name\":\"DOMOVINA\",\"description\":\"Nezabudnite na svoje rodisko, bez neho je len do pekla schodisko\",\"publisher\":{\"@id\":\"https:\\\/\\\/www.antikvar.sk\\\/blog\\\/#\\\/schema\\\/person\\\/960f1c7c0f38d050499287d3a7924469\"},\"potentialAction\":[{\"@type\":\"SearchAction\",\"target\":{\"@type\":\"EntryPoint\",\"urlTemplate\":\"https:\\\/\\\/www.antikvar.sk\\\/blog\\\/?s={search_term_string}\"},\"query-input\":{\"@type\":\"PropertyValueSpecification\",\"valueRequired\":true,\"valueName\":\"search_term_string\"}}],\"inLanguage\":\"sk-SK\"},{\"@type\":[\"Person\",\"Organization\"],\"@id\":\"https:\\\/\\\/www.antikvar.sk\\\/blog\\\/#\\\/schema\\\/person\\\/960f1c7c0f38d050499287d3a7924469\",\"name\":\"jaropoky\",\"image\":{\"@type\":\"ImageObject\",\"inLanguage\":\"sk-SK\",\"@id\":\"https:\\\/\\\/www.antikvar.sk\\\/blog\\\/wp-content\\\/uploads\\\/2021\\\/04\\\/cropped-cropped-KoreszkaWEB-2.jpg\",\"url\":\"https:\\\/\\\/www.antikvar.sk\\\/blog\\\/wp-content\\\/uploads\\\/2021\\\/04\\\/cropped-cropped-KoreszkaWEB-2.jpg\",\"contentUrl\":\"https:\\\/\\\/www.antikvar.sk\\\/blog\\\/wp-content\\\/uploads\\\/2021\\\/04\\\/cropped-cropped-KoreszkaWEB-2.jpg\",\"width\":863,\"height\":597,\"caption\":\"jaropoky\"},\"logo\":{\"@id\":\"https:\\\/\\\/www.antikvar.sk\\\/blog\\\/wp-content\\\/uploads\\\/2021\\\/04\\\/cropped-cropped-KoreszkaWEB-2.jpg\"},\"description\":\"Zauj\u00edma sa o filozofiu, umenie, pr\u00edrodu a alternat\u00edvnu medic\u00ednu. Bol vedeck\u00fd pracovn\u00edk a \u0161t\u00e1tny zamestnanec, teraz je na d\u00f4chodku.\",\"sameAs\":[\"http:\\\/\\\/www.antikvar.sk\\\/blog\"],\"url\":\"https:\\\/\\\/www.antikvar.sk\\\/blog\\\/author\\\/jaro\\\/\"}]}<\/script>\n<!-- \/ Yoast SEO plugin. -->","yoast_head_json":{"title":"Citlivo vn\u00edmam - fejt\u00f3n - DOMOVINA","robots":{"index":"index","follow":"follow","max-snippet":"max-snippet:-1","max-image-preview":"max-image-preview:large","max-video-preview":"max-video-preview:-1"},"canonical":"https:\/\/www.antikvar.sk\/blog\/citlivo-vnimam-fejton\/","og_locale":"sk_SK","og_type":"article","og_title":"Citlivo vn\u00edmam - fejt\u00f3n - DOMOVINA","og_description":"V\u00fdrazy \u201cmigrant\u201d, \u201cute\u010denec\u201d a \u201cazylant\u201d s\u00fa v novej 29 stranovej pr\u00edru\u010dke pre pol\u00edciu zak\u00e1zan\u00e9 a policajti sa maj\u00fa zdr\u017ea\u0165 preberania z\u00e1men jednotlivca, informuje port\u00e1l REMIX News. Na ozna\u010denie ute\u010denca mo\u017eno pou\u017ei\u0165 v\u00fdrazy ako \u201c\u013eudia h\u013eadaj\u00faci ochranu alebo chr\u00e1nen\u00e9 osoby\u201d alebo \u201ce\u0161te lep\u0161ie: \u013eudia, ktor\u00ed utiekli, \u013eudia h\u013eadaj\u00faci ochranu\u201d, pri\u010dom policajti by mali o \u017eiadate\u013eoch o [&hellip;]","og_url":"https:\/\/www.antikvar.sk\/blog\/citlivo-vnimam-fejton\/","og_site_name":"DOMOVINA","article_published_time":"2022-12-22T07:23:35+00:00","article_modified_time":"2023-02-17T20:38:57+00:00","author":"jaropoky","twitter_card":"summary_large_image","twitter_misc":{"Autor":"jaropoky","Predpokladan\u00fd \u010das \u010d\u00edtania":"2 min\u00faty"},"schema":{"@context":"https:\/\/schema.org","@graph":[{"@type":"Article","@id":"https:\/\/www.antikvar.sk\/blog\/citlivo-vnimam-fejton\/#article","isPartOf":{"@id":"https:\/\/www.antikvar.sk\/blog\/citlivo-vnimam-fejton\/"},"author":{"name":"jaropoky","@id":"https:\/\/www.antikvar.sk\/blog\/#\/schema\/person\/960f1c7c0f38d050499287d3a7924469"},"headline":"Citlivo vn\u00edmam &#8211; fejt\u00f3n","datePublished":"2022-12-22T07:23:35+00:00","dateModified":"2023-02-17T20:38:57+00:00","mainEntityOfPage":{"@id":"https:\/\/www.antikvar.sk\/blog\/citlivo-vnimam-fejton\/"},"wordCount":388,"commentCount":0,"publisher":{"@id":"https:\/\/www.antikvar.sk\/blog\/#\/schema\/person\/960f1c7c0f38d050499287d3a7924469"},"keywords":["citlivo vn\u00edmam"],"articleSection":["Aktu\u00e1lne postrehy a \u00favahy","Fejt\u00f3ny"],"inLanguage":"sk-SK","potentialAction":[{"@type":"CommentAction","name":"Comment","target":["https:\/\/www.antikvar.sk\/blog\/citlivo-vnimam-fejton\/#respond"]}]},{"@type":"WebPage","@id":"https:\/\/www.antikvar.sk\/blog\/citlivo-vnimam-fejton\/","url":"https:\/\/www.antikvar.sk\/blog\/citlivo-vnimam-fejton\/","name":"Citlivo vn\u00edmam - fejt\u00f3n - DOMOVINA","isPartOf":{"@id":"https:\/\/www.antikvar.sk\/blog\/#website"},"datePublished":"2022-12-22T07:23:35+00:00","dateModified":"2023-02-17T20:38:57+00:00","breadcrumb":{"@id":"https:\/\/www.antikvar.sk\/blog\/citlivo-vnimam-fejton\/#breadcrumb"},"inLanguage":"sk-SK","potentialAction":[{"@type":"ReadAction","target":["https:\/\/www.antikvar.sk\/blog\/citlivo-vnimam-fejton\/"]}]},{"@type":"BreadcrumbList","@id":"https:\/\/www.antikvar.sk\/blog\/citlivo-vnimam-fejton\/#breadcrumb","itemListElement":[{"@type":"ListItem","position":1,"name":"Domovsk\u00e1 str\u00e1nka","item":"https:\/\/www.antikvar.sk\/blog\/"},{"@type":"ListItem","position":2,"name":"Citlivo vn\u00edmam &#8211; fejt\u00f3n"}]},{"@type":"WebSite","@id":"https:\/\/www.antikvar.sk\/blog\/#website","url":"https:\/\/www.antikvar.sk\/blog\/","name":"DOMOVINA","description":"Nezabudnite na svoje rodisko, bez neho je len do pekla schodisko","publisher":{"@id":"https:\/\/www.antikvar.sk\/blog\/#\/schema\/person\/960f1c7c0f38d050499287d3a7924469"},"potentialAction":[{"@type":"SearchAction","target":{"@type":"EntryPoint","urlTemplate":"https:\/\/www.antikvar.sk\/blog\/?s={search_term_string}"},"query-input":{"@type":"PropertyValueSpecification","valueRequired":true,"valueName":"search_term_string"}}],"inLanguage":"sk-SK"},{"@type":["Person","Organization"],"@id":"https:\/\/www.antikvar.sk\/blog\/#\/schema\/person\/960f1c7c0f38d050499287d3a7924469","name":"jaropoky","image":{"@type":"ImageObject","inLanguage":"sk-SK","@id":"https:\/\/www.antikvar.sk\/blog\/wp-content\/uploads\/2021\/04\/cropped-cropped-KoreszkaWEB-2.jpg","url":"https:\/\/www.antikvar.sk\/blog\/wp-content\/uploads\/2021\/04\/cropped-cropped-KoreszkaWEB-2.jpg","contentUrl":"https:\/\/www.antikvar.sk\/blog\/wp-content\/uploads\/2021\/04\/cropped-cropped-KoreszkaWEB-2.jpg","width":863,"height":597,"caption":"jaropoky"},"logo":{"@id":"https:\/\/www.antikvar.sk\/blog\/wp-content\/uploads\/2021\/04\/cropped-cropped-KoreszkaWEB-2.jpg"},"description":"Zauj\u00edma sa o filozofiu, umenie, pr\u00edrodu a alternat\u00edvnu medic\u00ednu. Bol vedeck\u00fd pracovn\u00edk a \u0161t\u00e1tny zamestnanec, teraz je na d\u00f4chodku.","sameAs":["http:\/\/www.antikvar.sk\/blog"],"url":"https:\/\/www.antikvar.sk\/blog\/author\/jaro\/"}]}},"uagb_featured_image_src":{"full":false,"thumbnail":false,"medium":false,"medium_large":false,"large":false,"1536x1536":false,"2048x2048":false,"crp_thumbnail":false},"uagb_author_info":{"display_name":"jaropoky","author_link":"https:\/\/www.antikvar.sk\/blog\/author\/jaro\/"},"uagb_comment_info":0,"uagb_excerpt":"V\u00fdrazy \u201cmigrant\u201d, \u201cute\u010denec\u201d a \u201cazylant\u201d s\u00fa v novej 29 stranovej pr\u00edru\u010dke pre pol\u00edciu zak\u00e1zan\u00e9 a policajti sa maj\u00fa zdr\u017ea\u0165 preberania z\u00e1men jednotlivca, informuje port\u00e1l REMIX News. Na ozna\u010denie ute\u010denca mo\u017eno pou\u017ei\u0165 v\u00fdrazy ako \u201c\u013eudia h\u013eadaj\u00faci ochranu alebo chr\u00e1nen\u00e9 osoby\u201d alebo \u201ce\u0161te lep\u0161ie: \u013eudia, ktor\u00ed utiekli, \u013eudia h\u013eadaj\u00faci ochranu\u201d, pri\u010dom policajti by mali o \u017eiadate\u013eoch o&hellip;","_links":{"self":[{"href":"https:\/\/www.antikvar.sk\/blog\/wp-json\/wp\/v2\/posts\/7252","targetHints":{"allow":["GET"]}}],"collection":[{"href":"https:\/\/www.antikvar.sk\/blog\/wp-json\/wp\/v2\/posts"}],"about":[{"href":"https:\/\/www.antikvar.sk\/blog\/wp-json\/wp\/v2\/types\/post"}],"author":[{"embeddable":true,"href":"https:\/\/www.antikvar.sk\/blog\/wp-json\/wp\/v2\/users\/1"}],"replies":[{"embeddable":true,"href":"https:\/\/www.antikvar.sk\/blog\/wp-json\/wp\/v2\/comments?post=7252"}],"version-history":[{"count":0,"href":"https:\/\/www.antikvar.sk\/blog\/wp-json\/wp\/v2\/posts\/7252\/revisions"}],"wp:attachment":[{"href":"https:\/\/www.antikvar.sk\/blog\/wp-json\/wp\/v2\/media?parent=7252"}],"wp:term":[{"taxonomy":"category","embeddable":true,"href":"https:\/\/www.antikvar.sk\/blog\/wp-json\/wp\/v2\/categories?post=7252"},{"taxonomy":"post_tag","embeddable":true,"href":"https:\/\/www.antikvar.sk\/blog\/wp-json\/wp\/v2\/tags?post=7252"}],"curies":[{"name":"wp","href":"https:\/\/api.w.org\/{rel}","templated":true}]}}