{"id":7225,"date":"2022-12-17T16:15:50","date_gmt":"2022-12-17T15:15:50","guid":{"rendered":"http:\/\/www.antikvar.sk\/blog\/?p=7225"},"modified":"2023-05-23T12:18:48","modified_gmt":"2023-05-23T10:18:48","slug":"nomen-omen-ii-fejton","status":"publish","type":"post","link":"https:\/\/www.antikvar.sk\/blog\/nomen-omen-ii-fejton\/","title":{"rendered":"Nomen omen II &#8211; fejt\u00f3n"},"content":{"rendered":"<p><a href=\"https:\/\/en.wikipedia.org\/wiki\/Ilya_Prigogine\" target=\"_blank\" rel=\"noopener\">Prigogine<\/a> a <a href=\"https:\/\/cs.wikipedia.org\/wiki\/Jevgenij_Prigo%C5%BEin\" target=\"_blank\" rel=\"noopener\">\u041f\u0440\u0438\u0433\u043e\u0436\u0438\u043d,<\/a><\/p>\n<p>\u010d\u00edm s\u00fa spojen\u00ed?&nbsp; Predsa dynamitom v prenesenom v\u00fdzname slova, pokia\u013e vieme, kto bol <a href=\"https:\/\/sk.wikipedia.org\/wiki\/Alfred_Nobel\" target=\"_blank\" rel=\"noopener\">Alfred Nobel<\/a>, na \u010dom zbohatol a po kom je pomenovan\u00e1 Nobelova cena,<\/p>\n<p>Ilja Prigogine bol nosite\u013e Nobelovej ceny za ch\u00e9miu, rusk\u00fd \u017eidovsk\u00fd emigrant, p\u00f4sobil v Belgicku. Prigogine sa&nbsp; vyslovuje rovnako ako ten druh\u00fd Prigo\u017ein, \u010do je rusk\u00fd oligarcha a majite\u013e <a href=\"https:\/\/en.wikipedia.org\/wiki\/Wagner_Group\" target=\"_blank\" rel=\"noopener\">Wagner Group<\/a>.&nbsp;<\/p>\n<p>Ten rusk\u00fd Prigo\u017ein, rob\u00ed chaos a poriadok v Ukrajinskom Bachmute a ten rusk\u00fd emigrant nap\u00edsal napr\u00edklad knihu Order from disorder (Poriadok z chaosu), jeho objavy z oblasti synergetiky sa daj\u00fa pou\u017ei\u0165 skoro na v\u0161etko.<\/p>\n<p>Dlho mi trvalo ne\u017e som zohnal \u010desk\u00fd preklad sl\u00e1vnej Prigoginovej knihy, mal som ju ve\u013emi d\u00e1vno iba v ru\u0161tine.&nbsp; Na vojne som bol, preto pozna\u0165 dielo toho druh\u00e9ho <a href=\"https:\/\/cs.wikipedia.org\/wiki\/Jevgenij_Prigo%C5%BEin\" target=\"_blank\" rel=\"noopener\">\u041f\u0440\u0438\u0433\u043e\u0436\u0438\u043d-a ,&nbsp;&nbsp;<\/a> v\u00f4bec&nbsp; net\u00fa\u017eim. Napokon sa n\u00edm zaober\u00e1 na\u0161a vojnou posadnut\u00e1 vl\u00e1da, probruselsk\u00e1, protikorup\u010dn\u00e1 a proukrajinsk\u00e1 vl\u00e1da, je teda v dobr\u00fdch ruk\u00e1ch.<\/p>\n<p><img loading=\"lazy\" decoding=\"async\" class=\"alignnone size-medium wp-image-7258\" src=\"https:\/\/www.antikvar.sk\/blog\/wp-content\/uploads\/2022\/12\/IMG_20221223_132909-e1671798826693-300x232.jpg\" alt=\"\" width=\"300\" height=\"232\" srcset=\"https:\/\/www.antikvar.sk\/blog\/wp-content\/uploads\/2022\/12\/IMG_20221223_132909-e1671798826693-300x232.jpg 300w, https:\/\/www.antikvar.sk\/blog\/wp-content\/uploads\/2022\/12\/IMG_20221223_132909-e1671798826693-768x594.jpg 768w, https:\/\/www.antikvar.sk\/blog\/wp-content\/uploads\/2022\/12\/IMG_20221223_132909-e1671798826693.jpg 800w\" sizes=\"auto, (max-width: 300px) 100vw, 300px\" \/><\/p>\n<p>&nbsp;<\/p>\n<p>Ani jeden z t\u00fdchto Prigoginov v\u0161ak nie je a\u017e tak origin\u00e1lny vo svojich bohumil\u00fdch aktivit\u00e1ch, okr\u00eddlen\u00e1 r\u00edmska z\u00e1sada rozde\u013euj a panuj, vyjadruje v podstate to ist\u00e9 na soci\u00e1lnej \u00farovni.<\/p>\n<p>V\u0161ak n\u00e1m to pekne&nbsp; v\u0161etko do seba zapad\u00e1?&nbsp; Len\u017ee, \u010do \u010falej s t\u00fdmto poprepletan\u00fdm svetom?<\/p>\n<p>Tieto s\u00favislosti by ma ur\u010dite nenapadli, keby som sa svojho \u010dasu nevenoval nerovnov\u00e1\u017enej termodynamike, kde bol ten asi mierumilovn\u00fd Prigogine (Prigo\u017ein) vedeck\u00e1 hviezda, ten druh\u00fd je sk\u00f4r jazdec z apokalypsy a vycv\u00e1lal na medzin\u00e1rodn\u00fa sc\u00e9nu, ke\u010f za\u010dala vojna na Ukrajine.<\/p>\n<p>Frakt\u00e1lmi, synchronicitou, mot\u00fdl\u00edm efektom si tu&nbsp; nem\u00f4\u017eem spom\u00ednan\u00e9 s\u00favislosti vysvetli\u0165, nebolo by to v\u00f4bec origin\u00e1lne a ani celkom isto neviem, \u010di by to sedelo.<\/p>\n<p>Nem\u00f4\u017eem&nbsp; siahnu\u0165 ani po &nbsp;historickom a dialektickom materializme &#8211; v tejto \u0165a\u017ekej dobe sa to jednoducho&nbsp; neodv\u00e1\u017eim a m\u00f4j ob\u013e\u00faben\u00fd Fourier, nikomu ni\u010d nehovor\u00ed.<\/p>\n<p>S\u00fa tu ale dve te\u00f3rie, ktor\u00fdmi m\u00f4\u017eme ve\u013emi komplexne postihn\u00fa\u0165 z\u00e1kladn\u00e9 soci\u00e1lne sily, ktor\u00e9 h\u00fdbu s\u00fa\u010dasn\u00fdm Slovenskom a svetom.<\/p>\n<p>A to je lefoficovizmus a leboputinizmus. Pomocou nich m\u00f4\u017eme r\u00fdchlo a jednoducho&nbsp; vybudova\u0165 teoretick\u00e9 z\u00e1klady s\u00fa\u010dastn\u00e9ho okolit\u00e9ho&nbsp; sveta.<\/p>\n<p>Ak k tomu prid\u00e1me star\u00fa \u010d\u00ednsku koncepciu p\u00f4sobenia s\u00edl jing &#8211; jang vmestia sa n\u00e1m tam aj obaja Prigo\u017einovia.<\/p>\n<p>Potom sta\u010d\u00ed si len pripomen\u00fa\u0165, \u017ee:<\/p>\n<p>Z chaosu poriadok sa za ur\u010dit\u00fdch podmienok d\u00e1 vytvori\u0165 v\u017edy, ale najr\u00fdchlej\u0161ie to ide pod hlav\u0148ami gu\u013eometov. V tom m\u00e1 ten rusk\u00fd Prigo\u017ein ve\u013ek\u00fa v\u00fdhodu.&nbsp; Jemn\u00fa met\u00f3du vytv\u00e1ranie poriadku pomocou strachu, o\u010dkovania, vyh\u013eadovenia sme si ned\u00e1vno otestovali, teraz \u010dakajme, \u017ee pr\u00edde t\u00e1 druh\u00e1, ktor\u00fa efekt\u00edvne vyu\u017e\u00edva zase spom\u00ednan\u00fd Rus. O mier nemaj\u00fa tzv. demokratick\u00ed l\u00eddri z\u00e1ujem.<\/p>\n<p>Potom&nbsp; nech niekto tvrd\u00ed, \u017ee bud\u00facnos\u0165 nepatr\u00ed Rusom a Rusku.<\/p>\n<p>&nbsp;<\/p>\n<p>&nbsp;<\/p>\n<p>&nbsp;<\/p>\n<figure id=\"attachment_7226\" aria-describedby=\"caption-attachment-7226\" style=\"width: 300px\" class=\"wp-caption alignnone\"><img loading=\"lazy\" decoding=\"async\" class=\"wp-image-7226 size-medium\" src=\"https:\/\/www.antikvar.sk\/blog\/wp-content\/uploads\/2022\/12\/Prigozin-300x168.jpg\" alt=\"\" width=\"300\" height=\"168\" srcset=\"https:\/\/www.antikvar.sk\/blog\/wp-content\/uploads\/2022\/12\/Prigozin-300x168.jpg 300w, https:\/\/www.antikvar.sk\/blog\/wp-content\/uploads\/2022\/12\/Prigozin.jpg 650w\" sizes=\"auto, (max-width: 300px) 100vw, 300px\" \/><figcaption id=\"caption-attachment-7226\" class=\"wp-caption-text\">\u0415\u0432\u0433\u0435\u043d\u0438\u0439 \u0412\u0438\u043a\u0442\u043e\u0440\u043e\u0432\u0438\u0447 \u041f\u0440\u0438\u0433\u043e\u0436\u0438\u043d<\/figcaption><\/figure>\n<figure id=\"attachment_7227\" aria-describedby=\"caption-attachment-7227\" style=\"width: 200px\" class=\"wp-caption alignnone\"><img loading=\"lazy\" decoding=\"async\" class=\"wp-image-7227 size-medium\" src=\"https:\/\/www.antikvar.sk\/blog\/wp-content\/uploads\/2022\/12\/prigogine-13288-portrait-medium-200x300.jpg\" alt=\"\" width=\"200\" height=\"300\" srcset=\"https:\/\/www.antikvar.sk\/blog\/wp-content\/uploads\/2022\/12\/prigogine-13288-portrait-medium-200x300.jpg 200w, https:\/\/www.antikvar.sk\/blog\/wp-content\/uploads\/2022\/12\/prigogine-13288-portrait-medium.jpg 496w\" sizes=\"auto, (max-width: 200px) 100vw, 200px\" \/><figcaption id=\"caption-attachment-7227\" class=\"wp-caption-text\">Ilja Prigogine<\/figcaption><\/figure>\n<p>Pr\u00edloha<\/p>\n<p><a href=\"https:\/\/www.antikvar.sk\/blog\/nomen-omen-priezvisko\/\" target=\"_blank\" rel=\"noopener\">Nomen omen<\/a><\/p>\n<p>Dodatok 23.5.2023<\/p>\n<p>Dialektika obsahu a formy:<\/p>\n<p><img loading=\"lazy\" decoding=\"async\" class=\"alignnone size-medium wp-image-8724\" src=\"https:\/\/www.antikvar.sk\/blog\/wp-content\/uploads\/2022\/12\/get-300x196.jpeg\" alt=\"\" width=\"300\" height=\"196\" srcset=\"https:\/\/www.antikvar.sk\/blog\/wp-content\/uploads\/2022\/12\/get-300x196.jpeg 300w, https:\/\/www.antikvar.sk\/blog\/wp-content\/uploads\/2022\/12\/get.jpeg 600w\" sizes=\"auto, (max-width: 300px) 100vw, 300px\" \/><\/p>\n","protected":false},"excerpt":{"rendered":"<p>Prigogine a \u041f\u0440\u0438\u0433\u043e\u0436\u0438\u043d, \u010d\u00edm s\u00fa spojen\u00ed?&nbsp; Predsa dynamitom v prenesenom v\u00fdzname slova, pokia\u013e vieme, kto bol Alfred Nobel, na \u010dom zbohatol a po kom je pomenovan\u00e1 Nobelova cena, Ilja Prigogine bol nosite\u013e Nobelovej ceny za ch\u00e9miu, rusk\u00fd \u017eidovsk\u00fd emigrant, p\u00f4sobil v Belgicku. Prigogine sa&nbsp; vyslovuje rovnako ako ten druh\u00fd Prigo\u017ein, \u010do je rusk\u00fd oligarcha a [&hellip;]<\/p>\n","protected":false},"author":1,"featured_media":7236,"comment_status":"open","ping_status":"open","sticky":false,"template":"","format":"standard","meta":{"_uag_custom_page_level_css":"","site-sidebar-layout":"default","site-content-layout":"default","ast-site-content-layout":"default","site-content-style":"default","site-sidebar-style":"default","ast-global-header-display":"","ast-banner-title-visibility":"","ast-main-header-display":"","ast-hfb-above-header-display":"","ast-hfb-below-header-display":"","ast-hfb-mobile-header-display":"","site-post-title":"","ast-breadcrumbs-content":"","ast-featured-img":"","footer-sml-layout":"","ast-disable-related-posts":"","theme-transparent-header-meta":"default","adv-header-id-meta":"","stick-header-meta":"","header-above-stick-meta":"","header-main-stick-meta":"","header-below-stick-meta":"","astra-migrate-meta-layouts":"default","ast-page-background-enabled":"default","ast-page-background-meta":{"desktop":{"background-color":"","background-image":"","background-repeat":"repeat","background-position":"center center","background-size":"auto","background-attachment":"scroll","background-type":"","background-media":"","overlay-type":"","overlay-color":"","overlay-opacity":"","overlay-gradient":""},"tablet":{"background-color":"","background-image":"","background-repeat":"repeat","background-position":"center center","background-size":"auto","background-attachment":"scroll","background-type":"","background-media":"","overlay-type":"","overlay-color":"","overlay-opacity":"","overlay-gradient":""},"mobile":{"background-color":"","background-image":"","background-repeat":"repeat","background-position":"center center","background-size":"auto","background-attachment":"scroll","background-type":"","background-media":"","overlay-type":"","overlay-color":"","overlay-opacity":"","overlay-gradient":""}},"ast-content-background-meta":{"desktop":{"background-color":"var(--ast-global-color-5)","background-image":"","background-repeat":"repeat","background-position":"center center","background-size":"auto","background-attachment":"scroll","background-type":"","background-media":"","overlay-type":"","overlay-color":"","overlay-opacity":"","overlay-gradient":""},"tablet":{"background-color":"var(--ast-global-color-5)","background-image":"","background-repeat":"repeat","background-position":"center center","background-size":"auto","background-attachment":"scroll","background-type":"","background-media":"","overlay-type":"","overlay-color":"","overlay-opacity":"","overlay-gradient":""},"mobile":{"background-color":"var(--ast-global-color-5)","background-image":"","background-repeat":"repeat","background-position":"center center","background-size":"auto","background-attachment":"scroll","background-type":"","background-media":"","overlay-type":"","overlay-color":"","overlay-opacity":"","overlay-gradient":""}},"ngg_post_thumbnail":0,"footnotes":""},"categories":[1],"tags":[],"class_list":["post-7225","post","type-post","status-publish","format-standard","has-post-thumbnail","hentry","category-postrehy-uvahy-aktualne"],"yoast_head":"<!-- This site is optimized with the Yoast SEO plugin v27.4 - https:\/\/yoast.com\/product\/yoast-seo-wordpress\/ -->\n<title>Nomen omen II - fejt\u00f3n - DOMOVINA<\/title>\n<meta name=\"description\" content=\"Nie je Prigo\u017ein ako Prigo\u017ein\" \/>\n<meta name=\"robots\" content=\"index, follow, max-snippet:-1, max-image-preview:large, max-video-preview:-1\" \/>\n<link rel=\"canonical\" href=\"https:\/\/www.antikvar.sk\/blog\/nomen-omen-ii-fejton\/\" \/>\n<meta property=\"og:locale\" content=\"sk_SK\" \/>\n<meta property=\"og:type\" content=\"article\" \/>\n<meta property=\"og:title\" content=\"Nomen omen II - fejt\u00f3n - DOMOVINA\" \/>\n<meta property=\"og:description\" content=\"Nie je Prigo\u017ein ako Prigo\u017ein\" \/>\n<meta property=\"og:url\" content=\"https:\/\/www.antikvar.sk\/blog\/nomen-omen-ii-fejton\/\" \/>\n<meta property=\"og:site_name\" content=\"DOMOVINA\" \/>\n<meta property=\"article:published_time\" content=\"2022-12-17T15:15:50+00:00\" \/>\n<meta property=\"article:modified_time\" content=\"2023-05-23T10:18:48+00:00\" \/>\n<meta property=\"og:image\" content=\"https:\/\/www.antikvar.sk\/blog\/wp-content\/uploads\/2022\/12\/Prigogine-scaled.jpg\" \/>\n\t<meta property=\"og:image:width\" content=\"2560\" \/>\n\t<meta property=\"og:image:height\" content=\"1997\" \/>\n\t<meta property=\"og:image:type\" content=\"image\/jpeg\" \/>\n<meta name=\"author\" content=\"jaropoky\" \/>\n<meta name=\"twitter:card\" content=\"summary_large_image\" \/>\n<meta name=\"twitter:label1\" content=\"Autor\" \/>\n\t<meta name=\"twitter:data1\" content=\"jaropoky\" \/>\n\t<meta name=\"twitter:label2\" content=\"Predpokladan\u00fd \u010das \u010d\u00edtania\" \/>\n\t<meta name=\"twitter:data2\" content=\"3 min\u00faty\" \/>\n<script type=\"application\/ld+json\" class=\"yoast-schema-graph\">{\"@context\":\"https:\\\/\\\/schema.org\",\"@graph\":[{\"@type\":\"Article\",\"@id\":\"https:\\\/\\\/www.antikvar.sk\\\/blog\\\/nomen-omen-ii-fejton\\\/#article\",\"isPartOf\":{\"@id\":\"https:\\\/\\\/www.antikvar.sk\\\/blog\\\/nomen-omen-ii-fejton\\\/\"},\"author\":{\"name\":\"jaropoky\",\"@id\":\"https:\\\/\\\/www.antikvar.sk\\\/blog\\\/#\\\/schema\\\/person\\\/960f1c7c0f38d050499287d3a7924469\"},\"headline\":\"Nomen omen II &#8211; fejt\u00f3n\",\"datePublished\":\"2022-12-17T15:15:50+00:00\",\"dateModified\":\"2023-05-23T10:18:48+00:00\",\"mainEntityOfPage\":{\"@id\":\"https:\\\/\\\/www.antikvar.sk\\\/blog\\\/nomen-omen-ii-fejton\\\/\"},\"wordCount\":580,\"commentCount\":0,\"publisher\":{\"@id\":\"https:\\\/\\\/www.antikvar.sk\\\/blog\\\/#\\\/schema\\\/person\\\/960f1c7c0f38d050499287d3a7924469\"},\"image\":{\"@id\":\"https:\\\/\\\/www.antikvar.sk\\\/blog\\\/nomen-omen-ii-fejton\\\/#primaryimage\"},\"thumbnailUrl\":\"https:\\\/\\\/www.antikvar.sk\\\/blog\\\/wp-content\\\/uploads\\\/2022\\\/12\\\/Prigogine-scaled.jpg\",\"articleSection\":[\"Aktu\u00e1lne postrehy a \u00favahy\"],\"inLanguage\":\"sk-SK\",\"potentialAction\":[{\"@type\":\"CommentAction\",\"name\":\"Comment\",\"target\":[\"https:\\\/\\\/www.antikvar.sk\\\/blog\\\/nomen-omen-ii-fejton\\\/#respond\"]}]},{\"@type\":\"WebPage\",\"@id\":\"https:\\\/\\\/www.antikvar.sk\\\/blog\\\/nomen-omen-ii-fejton\\\/\",\"url\":\"https:\\\/\\\/www.antikvar.sk\\\/blog\\\/nomen-omen-ii-fejton\\\/\",\"name\":\"Nomen omen II - fejt\u00f3n - DOMOVINA\",\"isPartOf\":{\"@id\":\"https:\\\/\\\/www.antikvar.sk\\\/blog\\\/#website\"},\"primaryImageOfPage\":{\"@id\":\"https:\\\/\\\/www.antikvar.sk\\\/blog\\\/nomen-omen-ii-fejton\\\/#primaryimage\"},\"image\":{\"@id\":\"https:\\\/\\\/www.antikvar.sk\\\/blog\\\/nomen-omen-ii-fejton\\\/#primaryimage\"},\"thumbnailUrl\":\"https:\\\/\\\/www.antikvar.sk\\\/blog\\\/wp-content\\\/uploads\\\/2022\\\/12\\\/Prigogine-scaled.jpg\",\"datePublished\":\"2022-12-17T15:15:50+00:00\",\"dateModified\":\"2023-05-23T10:18:48+00:00\",\"description\":\"Nie je Prigo\u017ein ako Prigo\u017ein\",\"breadcrumb\":{\"@id\":\"https:\\\/\\\/www.antikvar.sk\\\/blog\\\/nomen-omen-ii-fejton\\\/#breadcrumb\"},\"inLanguage\":\"sk-SK\",\"potentialAction\":[{\"@type\":\"ReadAction\",\"target\":[\"https:\\\/\\\/www.antikvar.sk\\\/blog\\\/nomen-omen-ii-fejton\\\/\"]}]},{\"@type\":\"ImageObject\",\"inLanguage\":\"sk-SK\",\"@id\":\"https:\\\/\\\/www.antikvar.sk\\\/blog\\\/nomen-omen-ii-fejton\\\/#primaryimage\",\"url\":\"https:\\\/\\\/www.antikvar.sk\\\/blog\\\/wp-content\\\/uploads\\\/2022\\\/12\\\/Prigogine-scaled.jpg\",\"contentUrl\":\"https:\\\/\\\/www.antikvar.sk\\\/blog\\\/wp-content\\\/uploads\\\/2022\\\/12\\\/Prigogine-scaled.jpg\",\"width\":2560,\"height\":1997},{\"@type\":\"BreadcrumbList\",\"@id\":\"https:\\\/\\\/www.antikvar.sk\\\/blog\\\/nomen-omen-ii-fejton\\\/#breadcrumb\",\"itemListElement\":[{\"@type\":\"ListItem\",\"position\":1,\"name\":\"Domovsk\u00e1 str\u00e1nka\",\"item\":\"https:\\\/\\\/www.antikvar.sk\\\/blog\\\/\"},{\"@type\":\"ListItem\",\"position\":2,\"name\":\"Nomen omen II &#8211; fejt\u00f3n\"}]},{\"@type\":\"WebSite\",\"@id\":\"https:\\\/\\\/www.antikvar.sk\\\/blog\\\/#website\",\"url\":\"https:\\\/\\\/www.antikvar.sk\\\/blog\\\/\",\"name\":\"DOMOVINA\",\"description\":\"Nezabudnite na svoje rodisko, bez neho je len do pekla schodisko\",\"publisher\":{\"@id\":\"https:\\\/\\\/www.antikvar.sk\\\/blog\\\/#\\\/schema\\\/person\\\/960f1c7c0f38d050499287d3a7924469\"},\"potentialAction\":[{\"@type\":\"SearchAction\",\"target\":{\"@type\":\"EntryPoint\",\"urlTemplate\":\"https:\\\/\\\/www.antikvar.sk\\\/blog\\\/?s={search_term_string}\"},\"query-input\":{\"@type\":\"PropertyValueSpecification\",\"valueRequired\":true,\"valueName\":\"search_term_string\"}}],\"inLanguage\":\"sk-SK\"},{\"@type\":[\"Person\",\"Organization\"],\"@id\":\"https:\\\/\\\/www.antikvar.sk\\\/blog\\\/#\\\/schema\\\/person\\\/960f1c7c0f38d050499287d3a7924469\",\"name\":\"jaropoky\",\"image\":{\"@type\":\"ImageObject\",\"inLanguage\":\"sk-SK\",\"@id\":\"https:\\\/\\\/www.antikvar.sk\\\/blog\\\/wp-content\\\/uploads\\\/2021\\\/04\\\/cropped-cropped-KoreszkaWEB-2.jpg\",\"url\":\"https:\\\/\\\/www.antikvar.sk\\\/blog\\\/wp-content\\\/uploads\\\/2021\\\/04\\\/cropped-cropped-KoreszkaWEB-2.jpg\",\"contentUrl\":\"https:\\\/\\\/www.antikvar.sk\\\/blog\\\/wp-content\\\/uploads\\\/2021\\\/04\\\/cropped-cropped-KoreszkaWEB-2.jpg\",\"width\":863,\"height\":597,\"caption\":\"jaropoky\"},\"logo\":{\"@id\":\"https:\\\/\\\/www.antikvar.sk\\\/blog\\\/wp-content\\\/uploads\\\/2021\\\/04\\\/cropped-cropped-KoreszkaWEB-2.jpg\"},\"description\":\"Zauj\u00edma sa o filozofiu, umenie, pr\u00edrodu a alternat\u00edvnu medic\u00ednu. Bol vedeck\u00fd pracovn\u00edk a \u0161t\u00e1tny zamestnanec, teraz je na d\u00f4chodku.\",\"sameAs\":[\"http:\\\/\\\/www.antikvar.sk\\\/blog\"],\"url\":\"https:\\\/\\\/www.antikvar.sk\\\/blog\\\/author\\\/jaro\\\/\"}]}<\/script>\n<!-- \/ Yoast SEO plugin. -->","yoast_head_json":{"title":"Nomen omen II - fejt\u00f3n - DOMOVINA","description":"Nie je Prigo\u017ein ako Prigo\u017ein","robots":{"index":"index","follow":"follow","max-snippet":"max-snippet:-1","max-image-preview":"max-image-preview:large","max-video-preview":"max-video-preview:-1"},"canonical":"https:\/\/www.antikvar.sk\/blog\/nomen-omen-ii-fejton\/","og_locale":"sk_SK","og_type":"article","og_title":"Nomen omen II - fejt\u00f3n - DOMOVINA","og_description":"Nie je Prigo\u017ein ako Prigo\u017ein","og_url":"https:\/\/www.antikvar.sk\/blog\/nomen-omen-ii-fejton\/","og_site_name":"DOMOVINA","article_published_time":"2022-12-17T15:15:50+00:00","article_modified_time":"2023-05-23T10:18:48+00:00","og_image":[{"width":2560,"height":1997,"url":"https:\/\/www.antikvar.sk\/blog\/wp-content\/uploads\/2022\/12\/Prigogine-scaled.jpg","type":"image\/jpeg"}],"author":"jaropoky","twitter_card":"summary_large_image","twitter_misc":{"Autor":"jaropoky","Predpokladan\u00fd \u010das \u010d\u00edtania":"3 min\u00faty"},"schema":{"@context":"https:\/\/schema.org","@graph":[{"@type":"Article","@id":"https:\/\/www.antikvar.sk\/blog\/nomen-omen-ii-fejton\/#article","isPartOf":{"@id":"https:\/\/www.antikvar.sk\/blog\/nomen-omen-ii-fejton\/"},"author":{"name":"jaropoky","@id":"https:\/\/www.antikvar.sk\/blog\/#\/schema\/person\/960f1c7c0f38d050499287d3a7924469"},"headline":"Nomen omen II &#8211; fejt\u00f3n","datePublished":"2022-12-17T15:15:50+00:00","dateModified":"2023-05-23T10:18:48+00:00","mainEntityOfPage":{"@id":"https:\/\/www.antikvar.sk\/blog\/nomen-omen-ii-fejton\/"},"wordCount":580,"commentCount":0,"publisher":{"@id":"https:\/\/www.antikvar.sk\/blog\/#\/schema\/person\/960f1c7c0f38d050499287d3a7924469"},"image":{"@id":"https:\/\/www.antikvar.sk\/blog\/nomen-omen-ii-fejton\/#primaryimage"},"thumbnailUrl":"https:\/\/www.antikvar.sk\/blog\/wp-content\/uploads\/2022\/12\/Prigogine-scaled.jpg","articleSection":["Aktu\u00e1lne postrehy a \u00favahy"],"inLanguage":"sk-SK","potentialAction":[{"@type":"CommentAction","name":"Comment","target":["https:\/\/www.antikvar.sk\/blog\/nomen-omen-ii-fejton\/#respond"]}]},{"@type":"WebPage","@id":"https:\/\/www.antikvar.sk\/blog\/nomen-omen-ii-fejton\/","url":"https:\/\/www.antikvar.sk\/blog\/nomen-omen-ii-fejton\/","name":"Nomen omen II - fejt\u00f3n - DOMOVINA","isPartOf":{"@id":"https:\/\/www.antikvar.sk\/blog\/#website"},"primaryImageOfPage":{"@id":"https:\/\/www.antikvar.sk\/blog\/nomen-omen-ii-fejton\/#primaryimage"},"image":{"@id":"https:\/\/www.antikvar.sk\/blog\/nomen-omen-ii-fejton\/#primaryimage"},"thumbnailUrl":"https:\/\/www.antikvar.sk\/blog\/wp-content\/uploads\/2022\/12\/Prigogine-scaled.jpg","datePublished":"2022-12-17T15:15:50+00:00","dateModified":"2023-05-23T10:18:48+00:00","description":"Nie je Prigo\u017ein ako Prigo\u017ein","breadcrumb":{"@id":"https:\/\/www.antikvar.sk\/blog\/nomen-omen-ii-fejton\/#breadcrumb"},"inLanguage":"sk-SK","potentialAction":[{"@type":"ReadAction","target":["https:\/\/www.antikvar.sk\/blog\/nomen-omen-ii-fejton\/"]}]},{"@type":"ImageObject","inLanguage":"sk-SK","@id":"https:\/\/www.antikvar.sk\/blog\/nomen-omen-ii-fejton\/#primaryimage","url":"https:\/\/www.antikvar.sk\/blog\/wp-content\/uploads\/2022\/12\/Prigogine-scaled.jpg","contentUrl":"https:\/\/www.antikvar.sk\/blog\/wp-content\/uploads\/2022\/12\/Prigogine-scaled.jpg","width":2560,"height":1997},{"@type":"BreadcrumbList","@id":"https:\/\/www.antikvar.sk\/blog\/nomen-omen-ii-fejton\/#breadcrumb","itemListElement":[{"@type":"ListItem","position":1,"name":"Domovsk\u00e1 str\u00e1nka","item":"https:\/\/www.antikvar.sk\/blog\/"},{"@type":"ListItem","position":2,"name":"Nomen omen II &#8211; fejt\u00f3n"}]},{"@type":"WebSite","@id":"https:\/\/www.antikvar.sk\/blog\/#website","url":"https:\/\/www.antikvar.sk\/blog\/","name":"DOMOVINA","description":"Nezabudnite na svoje rodisko, bez neho je len do pekla schodisko","publisher":{"@id":"https:\/\/www.antikvar.sk\/blog\/#\/schema\/person\/960f1c7c0f38d050499287d3a7924469"},"potentialAction":[{"@type":"SearchAction","target":{"@type":"EntryPoint","urlTemplate":"https:\/\/www.antikvar.sk\/blog\/?s={search_term_string}"},"query-input":{"@type":"PropertyValueSpecification","valueRequired":true,"valueName":"search_term_string"}}],"inLanguage":"sk-SK"},{"@type":["Person","Organization"],"@id":"https:\/\/www.antikvar.sk\/blog\/#\/schema\/person\/960f1c7c0f38d050499287d3a7924469","name":"jaropoky","image":{"@type":"ImageObject","inLanguage":"sk-SK","@id":"https:\/\/www.antikvar.sk\/blog\/wp-content\/uploads\/2021\/04\/cropped-cropped-KoreszkaWEB-2.jpg","url":"https:\/\/www.antikvar.sk\/blog\/wp-content\/uploads\/2021\/04\/cropped-cropped-KoreszkaWEB-2.jpg","contentUrl":"https:\/\/www.antikvar.sk\/blog\/wp-content\/uploads\/2021\/04\/cropped-cropped-KoreszkaWEB-2.jpg","width":863,"height":597,"caption":"jaropoky"},"logo":{"@id":"https:\/\/www.antikvar.sk\/blog\/wp-content\/uploads\/2021\/04\/cropped-cropped-KoreszkaWEB-2.jpg"},"description":"Zauj\u00edma sa o filozofiu, umenie, pr\u00edrodu a alternat\u00edvnu medic\u00ednu. Bol vedeck\u00fd pracovn\u00edk a \u0161t\u00e1tny zamestnanec, teraz je na d\u00f4chodku.","sameAs":["http:\/\/www.antikvar.sk\/blog"],"url":"https:\/\/www.antikvar.sk\/blog\/author\/jaro\/"}]}},"uagb_featured_image_src":{"full":["https:\/\/www.antikvar.sk\/blog\/wp-content\/uploads\/2022\/12\/Prigogine-scaled.jpg",2560,1997,false],"thumbnail":["https:\/\/www.antikvar.sk\/blog\/wp-content\/uploads\/2022\/12\/Prigogine-150x150.jpg",150,150,true],"medium":["https:\/\/www.antikvar.sk\/blog\/wp-content\/uploads\/2022\/12\/Prigogine-300x234.jpg",300,234,true],"medium_large":["https:\/\/www.antikvar.sk\/blog\/wp-content\/uploads\/2022\/12\/Prigogine-768x599.jpg",768,599,true],"large":["https:\/\/www.antikvar.sk\/blog\/wp-content\/uploads\/2022\/12\/Prigogine-1024x799.jpg",1024,799,true],"1536x1536":["https:\/\/www.antikvar.sk\/blog\/wp-content\/uploads\/2022\/12\/Prigogine-1536x1198.jpg",1536,1198,true],"2048x2048":["https:\/\/www.antikvar.sk\/blog\/wp-content\/uploads\/2022\/12\/Prigogine-2048x1598.jpg",2048,1598,true],"crp_thumbnail":["https:\/\/www.antikvar.sk\/blog\/wp-content\/uploads\/2022\/12\/Prigogine-150x150.jpg",150,150,true]},"uagb_author_info":{"display_name":"jaropoky","author_link":"https:\/\/www.antikvar.sk\/blog\/author\/jaro\/"},"uagb_comment_info":0,"uagb_excerpt":"Prigogine a \u041f\u0440\u0438\u0433\u043e\u0436\u0438\u043d, \u010d\u00edm s\u00fa spojen\u00ed?&nbsp; Predsa dynamitom v prenesenom v\u00fdzname slova, pokia\u013e vieme, kto bol Alfred Nobel, na \u010dom zbohatol a po kom je pomenovan\u00e1 Nobelova cena, Ilja Prigogine bol nosite\u013e Nobelovej ceny za ch\u00e9miu, rusk\u00fd \u017eidovsk\u00fd emigrant, p\u00f4sobil v Belgicku. Prigogine sa&nbsp; vyslovuje rovnako ako ten druh\u00fd Prigo\u017ein, \u010do je rusk\u00fd oligarcha a&hellip;","_links":{"self":[{"href":"https:\/\/www.antikvar.sk\/blog\/wp-json\/wp\/v2\/posts\/7225","targetHints":{"allow":["GET"]}}],"collection":[{"href":"https:\/\/www.antikvar.sk\/blog\/wp-json\/wp\/v2\/posts"}],"about":[{"href":"https:\/\/www.antikvar.sk\/blog\/wp-json\/wp\/v2\/types\/post"}],"author":[{"embeddable":true,"href":"https:\/\/www.antikvar.sk\/blog\/wp-json\/wp\/v2\/users\/1"}],"replies":[{"embeddable":true,"href":"https:\/\/www.antikvar.sk\/blog\/wp-json\/wp\/v2\/comments?post=7225"}],"version-history":[{"count":0,"href":"https:\/\/www.antikvar.sk\/blog\/wp-json\/wp\/v2\/posts\/7225\/revisions"}],"wp:featuredmedia":[{"embeddable":true,"href":"https:\/\/www.antikvar.sk\/blog\/wp-json\/wp\/v2\/media\/7236"}],"wp:attachment":[{"href":"https:\/\/www.antikvar.sk\/blog\/wp-json\/wp\/v2\/media?parent=7225"}],"wp:term":[{"taxonomy":"category","embeddable":true,"href":"https:\/\/www.antikvar.sk\/blog\/wp-json\/wp\/v2\/categories?post=7225"},{"taxonomy":"post_tag","embeddable":true,"href":"https:\/\/www.antikvar.sk\/blog\/wp-json\/wp\/v2\/tags?post=7225"}],"curies":[{"name":"wp","href":"https:\/\/api.w.org\/{rel}","templated":true}]}}