{"id":7210,"date":"2022-12-17T13:40:29","date_gmt":"2022-12-17T12:40:29","guid":{"rendered":"http:\/\/www.antikvar.sk\/blog\/?p=7210"},"modified":"2022-12-17T16:08:53","modified_gmt":"2022-12-17T15:08:53","slug":"ukrajina-first-fejton","status":"publish","type":"post","link":"https:\/\/www.antikvar.sk\/blog\/ukrajina-first-fejton\/","title":{"rendered":"Ukrajina first a sviato\u010dn\u00e9 kapre &#8211; fejt\u00f3n"},"content":{"rendered":"<p style=\"text-align: justify;\">N\u00e1\u0161 premi\u00e9r, vtedy e\u0161te nebol v demisii, vyhl\u00e1sil, \u017ee jeho vl\u00e1da je protikorup\u010dn\u00e1, pro eur\u00f3pska a pro ukrajinsk\u00e1. \u0164ulpas, keby aspo\u0148 spomenul, \u017ee je aj pro &#8222;t\u00fato krajinu&#8220;.<\/p>\n<p style=\"text-align: justify;\">Pom\u00e1hajme aj Ukrajine ale:<\/p>\n<p style=\"text-align: justify;\">Pr\u00e1ve som si pozrel video o tom, ako sa pred viano\u010dn\u00fdmi sviatkami Rusi a Ukrajinci zab\u00edjaj\u00fa a na\u0161i politici maj\u00fa pokyn len lia\u0165 olej do vojnov\u00e9ho oh\u0148a. Viano\u010dn\u00e9 dar\u010deky&nbsp; bud\u00fa ma\u0165 v Kyjeve&nbsp; deti niekde pod studen\u00fdm radi\u00e1torom v metre, kde sa bud\u00fa schov\u00e1va\u0165 pred bombami.<\/p>\n<p style=\"text-align: justify;\">Teraz som si znova spomenul na slov\u00e1 m\u00f4jho otca, ke\u010f mi robil in\u0161trukt\u00e1\u017e, ako m\u00e1m pom\u00f4c\u0165 topiacemu (Ur\u010dite som toto podrobnej\u0161ie popisoval v niektorom fejt\u00f3ne): &#8222;D\u00f4le\u017eit\u00e9 je, aby si sa pri tom zachra\u0148ovan\u00ed s\u00e1m neutopil&#8220;. S\u00fa\u010dasne mi pripomenul, aby som v\u017edy pl\u00e1val v bl\u00edzkosti brehu, aby z\u00e1chrancovi sta\u010dilo mi hodi\u0165 ko\u0161e\u013eu, ktorou sa pritiahnem. Pohrozil mi, \u017ee, ke\u010f budem tak\u00fd &#8230; a pl\u00e1va\u0165 \u010faleko od brehu a takto ohrozova\u0165 \u017eivot svojho z\u00e1chrancu, potom nech sa utop\u00edm.<\/p>\n<p style=\"text-align: justify;\">Tieto slov\u00e1 sa rovnako dobre hodia na s\u00fa\u010dasn\u00fd tzv. demokratick\u00fd svet, ktor\u00ed sa <a href=\"https:\/\/www.antikvar.sk\/blog\/sebaposkodzovanie\/\" target=\"_blank\" rel=\"noopener\">sebazni\u010duje<\/a> pri pomoci Ukrajine a Rusko-Ukrajinsk\u00e9 vz\u0165ahy. Nech\u00e1pe, \u017ee ke\u010f sa utop\u00ed on (tento tzv. demokratick\u00fd svet), Ukrajinu u\u017e nik nebude zachra\u0148ova\u0165, okrem Rusov. Je to ve\u013emi podivn\u00e9, \u010do sa v s\u00fa\u010dasnosti deje. <strong>Jedine, \u017ee by niekto chcel, aby sme i\u0161li v\u0161etci spolu s Ukrajinou ku dnu.<\/strong><\/p>\n<p style=\"text-align: justify;\">Svet riadia z\u00e1kern\u00ed bl\u00e1zni. Pod\u013ea posledn\u00fdch medi\u00e1lnych v\u00fdstupov&nbsp; je u n\u00e1s kr\u00e1\u013eom politick\u00fdch bl\u00e1znov Matovi\u010d, no nezd\u00e1 sa mi, \u017ee by jeho pr\u00edpadn\u00e1 du\u0161evn\u00e1 porucha, alebo neschopnos\u0165, boli hlavnou pr\u00ed\u010dinou, \u017ee sa stal po\u013eovnou zverou. Je celkom mo\u017en\u00e9, \u017ee je to sprievodn\u00fd jav jeho diagn\u00f3zy a t\u00fdm je \u00faprimnos\u0165. Spome\u0148me si, \u010di n\u00e1hodou neurobil alebo nepovedal nie\u010do, \u010do mu u\u017e d\u00e1vnej\u0161ie mohlo zlomi\u0165 krk, ale sa \u010dakalo iba na vhodn\u00fa pr\u00edle\u017eitos\u0165. Matovi\u010dove osobnostn\u00e9 vlastni nie s\u00fa kompatibiln\u00e9 s vlastnos\u0165ami eur\u00f3pskych psychopatick\u00fdch politikov, ktor\u00ed n\u00e1s \u017een\u00fa do z\u00e1huby. Matovi\u010d je \u0161a\u0161o (bl\u00e1zon), ktor\u00fd vie svojmu p\u00e1novi poveda\u0165 nahlas, \u010do si mysl\u00ed a m\u00e1 k\u00fasok trnavsk\u00e9ho slovensk\u00e9ho srdca.<\/p>\n<p style=\"text-align: justify;\">V opoz\u00edcii sa n\u00e1m bude ur\u010dite hodi\u0165. Nech je zase veselo a politick\u00e9 kapry, ke\u010f si ich po \u010dase budeme d\u00e1va\u0165 na sviato\u010dn\u00fa ve\u010deru, nebud\u00fa aspo\u0148 smrdie\u0165.<\/p>\n<p style=\"text-align: justify;\">S priate\u013eom sme sa dohodli, \u017ee ho asi budeme voli\u0165, ke\u010f Kotlebu str\u010dia medzi\u010dasom do basy.<\/p>\n","protected":false},"excerpt":{"rendered":"<p>N\u00e1\u0161 premi\u00e9r, vtedy e\u0161te nebol v demisii, vyhl\u00e1sil, \u017ee jeho vl\u00e1da je protikorup\u010dn\u00e1, pro eur\u00f3pska a pro ukrajinsk\u00e1. \u0164ulpas, keby aspo\u0148 spomenul, \u017ee je aj pro &#8222;t\u00fato krajinu&#8220;. Pom\u00e1hajme aj Ukrajine ale: Pr\u00e1ve som si pozrel video o tom, ako sa pred viano\u010dn\u00fdmi sviatkami Rusi a Ukrajinci zab\u00edjaj\u00fa a na\u0161i politici maj\u00fa pokyn len lia\u0165 [&hellip;]<\/p>\n","protected":false},"author":1,"featured_media":7219,"comment_status":"open","ping_status":"open","sticky":false,"template":"","format":"standard","meta":{"_uag_custom_page_level_css":"","site-sidebar-layout":"default","site-content-layout":"default","ast-site-content-layout":"default","site-content-style":"default","site-sidebar-style":"default","ast-global-header-display":"","ast-banner-title-visibility":"","ast-main-header-display":"","ast-hfb-above-header-display":"","ast-hfb-below-header-display":"","ast-hfb-mobile-header-display":"","site-post-title":"","ast-breadcrumbs-content":"","ast-featured-img":"","footer-sml-layout":"","ast-disable-related-posts":"","theme-transparent-header-meta":"default","adv-header-id-meta":"","stick-header-meta":"","header-above-stick-meta":"","header-main-stick-meta":"","header-below-stick-meta":"","astra-migrate-meta-layouts":"default","ast-page-background-enabled":"default","ast-page-background-meta":{"desktop":{"background-color":"","background-image":"","background-repeat":"repeat","background-position":"center center","background-size":"auto","background-attachment":"scroll","background-type":"","background-media":"","overlay-type":"","overlay-color":"","overlay-opacity":"","overlay-gradient":""},"tablet":{"background-color":"","background-image":"","background-repeat":"repeat","background-position":"center center","background-size":"auto","background-attachment":"scroll","background-type":"","background-media":"","overlay-type":"","overlay-color":"","overlay-opacity":"","overlay-gradient":""},"mobile":{"background-color":"","background-image":"","background-repeat":"repeat","background-position":"center center","background-size":"auto","background-attachment":"scroll","background-type":"","background-media":"","overlay-type":"","overlay-color":"","overlay-opacity":"","overlay-gradient":""}},"ast-content-background-meta":{"desktop":{"background-color":"var(--ast-global-color-5)","background-image":"","background-repeat":"repeat","background-position":"center center","background-size":"auto","background-attachment":"scroll","background-type":"","background-media":"","overlay-type":"","overlay-color":"","overlay-opacity":"","overlay-gradient":""},"tablet":{"background-color":"var(--ast-global-color-5)","background-image":"","background-repeat":"repeat","background-position":"center center","background-size":"auto","background-attachment":"scroll","background-type":"","background-media":"","overlay-type":"","overlay-color":"","overlay-opacity":"","overlay-gradient":""},"mobile":{"background-color":"var(--ast-global-color-5)","background-image":"","background-repeat":"repeat","background-position":"center center","background-size":"auto","background-attachment":"scroll","background-type":"","background-media":"","overlay-type":"","overlay-color":"","overlay-opacity":"","overlay-gradient":""}},"ngg_post_thumbnail":0,"footnotes":""},"categories":[1],"tags":[],"class_list":["post-7210","post","type-post","status-publish","format-standard","has-post-thumbnail","hentry","category-postrehy-uvahy-aktualne"],"yoast_head":"<!-- This site is optimized with the Yoast SEO plugin v27.5 - https:\/\/yoast.com\/product\/yoast-seo-wordpress\/ -->\n<title>Ukrajina first a sviato\u010dn\u00e9 kapre - fejt\u00f3n - DOMOVINA<\/title>\n<meta name=\"robots\" content=\"index, follow, max-snippet:-1, max-image-preview:large, max-video-preview:-1\" \/>\n<link rel=\"canonical\" href=\"https:\/\/www.antikvar.sk\/blog\/ukrajina-first-fejton\/\" \/>\n<meta property=\"og:locale\" content=\"sk_SK\" \/>\n<meta property=\"og:type\" content=\"article\" \/>\n<meta property=\"og:title\" content=\"Ukrajina first a sviato\u010dn\u00e9 kapre - fejt\u00f3n - DOMOVINA\" \/>\n<meta property=\"og:description\" content=\"N\u00e1\u0161 premi\u00e9r, vtedy e\u0161te nebol v demisii, vyhl\u00e1sil, \u017ee jeho vl\u00e1da je protikorup\u010dn\u00e1, pro eur\u00f3pska a pro ukrajinsk\u00e1. \u0164ulpas, keby aspo\u0148 spomenul, \u017ee je aj pro &#8222;t\u00fato krajinu&#8220;. Pom\u00e1hajme aj Ukrajine ale: Pr\u00e1ve som si pozrel video o tom, ako sa pred viano\u010dn\u00fdmi sviatkami Rusi a Ukrajinci zab\u00edjaj\u00fa a na\u0161i politici maj\u00fa pokyn len lia\u0165 [&hellip;]\" \/>\n<meta property=\"og:url\" content=\"https:\/\/www.antikvar.sk\/blog\/ukrajina-first-fejton\/\" \/>\n<meta property=\"og:site_name\" content=\"DOMOVINA\" \/>\n<meta property=\"article:published_time\" content=\"2022-12-17T12:40:29+00:00\" \/>\n<meta property=\"article:modified_time\" content=\"2022-12-17T15:08:53+00:00\" \/>\n<meta property=\"og:image\" content=\"https:\/\/www.antikvar.sk\/blog\/wp-content\/uploads\/2022\/12\/P1250205.jpg\" \/>\n\t<meta property=\"og:image:width\" content=\"1200\" \/>\n\t<meta property=\"og:image:height\" content=\"675\" \/>\n\t<meta property=\"og:image:type\" content=\"image\/jpeg\" \/>\n<meta name=\"author\" content=\"jaropoky\" \/>\n<meta name=\"twitter:card\" content=\"summary_large_image\" \/>\n<meta name=\"twitter:label1\" content=\"Autor\" \/>\n\t<meta name=\"twitter:data1\" content=\"jaropoky\" \/>\n\t<meta name=\"twitter:label2\" content=\"Predpokladan\u00fd \u010das \u010d\u00edtania\" \/>\n\t<meta name=\"twitter:data2\" content=\"2 min\u00faty\" \/>\n<script type=\"application\/ld+json\" class=\"yoast-schema-graph\">{\"@context\":\"https:\\\/\\\/schema.org\",\"@graph\":[{\"@type\":\"Article\",\"@id\":\"https:\\\/\\\/www.antikvar.sk\\\/blog\\\/ukrajina-first-fejton\\\/#article\",\"isPartOf\":{\"@id\":\"https:\\\/\\\/www.antikvar.sk\\\/blog\\\/ukrajina-first-fejton\\\/\"},\"author\":{\"name\":\"jaropoky\",\"@id\":\"https:\\\/\\\/www.antikvar.sk\\\/blog\\\/#\\\/schema\\\/person\\\/960f1c7c0f38d050499287d3a7924469\"},\"headline\":\"Ukrajina first a sviato\u010dn\u00e9 kapre &#8211; fejt\u00f3n\",\"datePublished\":\"2022-12-17T12:40:29+00:00\",\"dateModified\":\"2022-12-17T15:08:53+00:00\",\"mainEntityOfPage\":{\"@id\":\"https:\\\/\\\/www.antikvar.sk\\\/blog\\\/ukrajina-first-fejton\\\/\"},\"wordCount\":470,\"commentCount\":0,\"publisher\":{\"@id\":\"https:\\\/\\\/www.antikvar.sk\\\/blog\\\/#\\\/schema\\\/person\\\/960f1c7c0f38d050499287d3a7924469\"},\"image\":{\"@id\":\"https:\\\/\\\/www.antikvar.sk\\\/blog\\\/ukrajina-first-fejton\\\/#primaryimage\"},\"thumbnailUrl\":\"https:\\\/\\\/www.antikvar.sk\\\/blog\\\/wp-content\\\/uploads\\\/2022\\\/12\\\/P1250205.jpg\",\"articleSection\":[\"Aktu\u00e1lne postrehy a \u00favahy\"],\"inLanguage\":\"sk-SK\",\"potentialAction\":[{\"@type\":\"CommentAction\",\"name\":\"Comment\",\"target\":[\"https:\\\/\\\/www.antikvar.sk\\\/blog\\\/ukrajina-first-fejton\\\/#respond\"]}]},{\"@type\":\"WebPage\",\"@id\":\"https:\\\/\\\/www.antikvar.sk\\\/blog\\\/ukrajina-first-fejton\\\/\",\"url\":\"https:\\\/\\\/www.antikvar.sk\\\/blog\\\/ukrajina-first-fejton\\\/\",\"name\":\"Ukrajina first a sviato\u010dn\u00e9 kapre - fejt\u00f3n - DOMOVINA\",\"isPartOf\":{\"@id\":\"https:\\\/\\\/www.antikvar.sk\\\/blog\\\/#website\"},\"primaryImageOfPage\":{\"@id\":\"https:\\\/\\\/www.antikvar.sk\\\/blog\\\/ukrajina-first-fejton\\\/#primaryimage\"},\"image\":{\"@id\":\"https:\\\/\\\/www.antikvar.sk\\\/blog\\\/ukrajina-first-fejton\\\/#primaryimage\"},\"thumbnailUrl\":\"https:\\\/\\\/www.antikvar.sk\\\/blog\\\/wp-content\\\/uploads\\\/2022\\\/12\\\/P1250205.jpg\",\"datePublished\":\"2022-12-17T12:40:29+00:00\",\"dateModified\":\"2022-12-17T15:08:53+00:00\",\"breadcrumb\":{\"@id\":\"https:\\\/\\\/www.antikvar.sk\\\/blog\\\/ukrajina-first-fejton\\\/#breadcrumb\"},\"inLanguage\":\"sk-SK\",\"potentialAction\":[{\"@type\":\"ReadAction\",\"target\":[\"https:\\\/\\\/www.antikvar.sk\\\/blog\\\/ukrajina-first-fejton\\\/\"]}]},{\"@type\":\"ImageObject\",\"inLanguage\":\"sk-SK\",\"@id\":\"https:\\\/\\\/www.antikvar.sk\\\/blog\\\/ukrajina-first-fejton\\\/#primaryimage\",\"url\":\"https:\\\/\\\/www.antikvar.sk\\\/blog\\\/wp-content\\\/uploads\\\/2022\\\/12\\\/P1250205.jpg\",\"contentUrl\":\"https:\\\/\\\/www.antikvar.sk\\\/blog\\\/wp-content\\\/uploads\\\/2022\\\/12\\\/P1250205.jpg\",\"width\":1200,\"height\":675},{\"@type\":\"BreadcrumbList\",\"@id\":\"https:\\\/\\\/www.antikvar.sk\\\/blog\\\/ukrajina-first-fejton\\\/#breadcrumb\",\"itemListElement\":[{\"@type\":\"ListItem\",\"position\":1,\"name\":\"Domovsk\u00e1 str\u00e1nka\",\"item\":\"https:\\\/\\\/www.antikvar.sk\\\/blog\\\/\"},{\"@type\":\"ListItem\",\"position\":2,\"name\":\"Ukrajina first a sviato\u010dn\u00e9 kapre &#8211; fejt\u00f3n\"}]},{\"@type\":\"WebSite\",\"@id\":\"https:\\\/\\\/www.antikvar.sk\\\/blog\\\/#website\",\"url\":\"https:\\\/\\\/www.antikvar.sk\\\/blog\\\/\",\"name\":\"DOMOVINA\",\"description\":\"Nezabudnite na svoje rodisko, bez neho je len do pekla schodisko\",\"publisher\":{\"@id\":\"https:\\\/\\\/www.antikvar.sk\\\/blog\\\/#\\\/schema\\\/person\\\/960f1c7c0f38d050499287d3a7924469\"},\"potentialAction\":[{\"@type\":\"SearchAction\",\"target\":{\"@type\":\"EntryPoint\",\"urlTemplate\":\"https:\\\/\\\/www.antikvar.sk\\\/blog\\\/?s={search_term_string}\"},\"query-input\":{\"@type\":\"PropertyValueSpecification\",\"valueRequired\":true,\"valueName\":\"search_term_string\"}}],\"inLanguage\":\"sk-SK\"},{\"@type\":[\"Person\",\"Organization\"],\"@id\":\"https:\\\/\\\/www.antikvar.sk\\\/blog\\\/#\\\/schema\\\/person\\\/960f1c7c0f38d050499287d3a7924469\",\"name\":\"jaropoky\",\"image\":{\"@type\":\"ImageObject\",\"inLanguage\":\"sk-SK\",\"@id\":\"https:\\\/\\\/www.antikvar.sk\\\/blog\\\/wp-content\\\/uploads\\\/2021\\\/04\\\/cropped-cropped-KoreszkaWEB-2.jpg\",\"url\":\"https:\\\/\\\/www.antikvar.sk\\\/blog\\\/wp-content\\\/uploads\\\/2021\\\/04\\\/cropped-cropped-KoreszkaWEB-2.jpg\",\"contentUrl\":\"https:\\\/\\\/www.antikvar.sk\\\/blog\\\/wp-content\\\/uploads\\\/2021\\\/04\\\/cropped-cropped-KoreszkaWEB-2.jpg\",\"width\":863,\"height\":597,\"caption\":\"jaropoky\"},\"logo\":{\"@id\":\"https:\\\/\\\/www.antikvar.sk\\\/blog\\\/wp-content\\\/uploads\\\/2021\\\/04\\\/cropped-cropped-KoreszkaWEB-2.jpg\"},\"description\":\"Zauj\u00edma sa o filozofiu, umenie, pr\u00edrodu a alternat\u00edvnu medic\u00ednu. Bol vedeck\u00fd pracovn\u00edk a \u0161t\u00e1tny zamestnanec, teraz je na d\u00f4chodku.\",\"sameAs\":[\"http:\\\/\\\/www.antikvar.sk\\\/blog\"],\"url\":\"https:\\\/\\\/www.antikvar.sk\\\/blog\\\/author\\\/jaro\\\/\"}]}<\/script>\n<!-- \/ Yoast SEO plugin. -->","yoast_head_json":{"title":"Ukrajina first a sviato\u010dn\u00e9 kapre - fejt\u00f3n - DOMOVINA","robots":{"index":"index","follow":"follow","max-snippet":"max-snippet:-1","max-image-preview":"max-image-preview:large","max-video-preview":"max-video-preview:-1"},"canonical":"https:\/\/www.antikvar.sk\/blog\/ukrajina-first-fejton\/","og_locale":"sk_SK","og_type":"article","og_title":"Ukrajina first a sviato\u010dn\u00e9 kapre - fejt\u00f3n - DOMOVINA","og_description":"N\u00e1\u0161 premi\u00e9r, vtedy e\u0161te nebol v demisii, vyhl\u00e1sil, \u017ee jeho vl\u00e1da je protikorup\u010dn\u00e1, pro eur\u00f3pska a pro ukrajinsk\u00e1. \u0164ulpas, keby aspo\u0148 spomenul, \u017ee je aj pro &#8222;t\u00fato krajinu&#8220;. Pom\u00e1hajme aj Ukrajine ale: Pr\u00e1ve som si pozrel video o tom, ako sa pred viano\u010dn\u00fdmi sviatkami Rusi a Ukrajinci zab\u00edjaj\u00fa a na\u0161i politici maj\u00fa pokyn len lia\u0165 [&hellip;]","og_url":"https:\/\/www.antikvar.sk\/blog\/ukrajina-first-fejton\/","og_site_name":"DOMOVINA","article_published_time":"2022-12-17T12:40:29+00:00","article_modified_time":"2022-12-17T15:08:53+00:00","og_image":[{"width":1200,"height":675,"url":"https:\/\/www.antikvar.sk\/blog\/wp-content\/uploads\/2022\/12\/P1250205.jpg","type":"image\/jpeg"}],"author":"jaropoky","twitter_card":"summary_large_image","twitter_misc":{"Autor":"jaropoky","Predpokladan\u00fd \u010das \u010d\u00edtania":"2 min\u00faty"},"schema":{"@context":"https:\/\/schema.org","@graph":[{"@type":"Article","@id":"https:\/\/www.antikvar.sk\/blog\/ukrajina-first-fejton\/#article","isPartOf":{"@id":"https:\/\/www.antikvar.sk\/blog\/ukrajina-first-fejton\/"},"author":{"name":"jaropoky","@id":"https:\/\/www.antikvar.sk\/blog\/#\/schema\/person\/960f1c7c0f38d050499287d3a7924469"},"headline":"Ukrajina first a sviato\u010dn\u00e9 kapre &#8211; fejt\u00f3n","datePublished":"2022-12-17T12:40:29+00:00","dateModified":"2022-12-17T15:08:53+00:00","mainEntityOfPage":{"@id":"https:\/\/www.antikvar.sk\/blog\/ukrajina-first-fejton\/"},"wordCount":470,"commentCount":0,"publisher":{"@id":"https:\/\/www.antikvar.sk\/blog\/#\/schema\/person\/960f1c7c0f38d050499287d3a7924469"},"image":{"@id":"https:\/\/www.antikvar.sk\/blog\/ukrajina-first-fejton\/#primaryimage"},"thumbnailUrl":"https:\/\/www.antikvar.sk\/blog\/wp-content\/uploads\/2022\/12\/P1250205.jpg","articleSection":["Aktu\u00e1lne postrehy a \u00favahy"],"inLanguage":"sk-SK","potentialAction":[{"@type":"CommentAction","name":"Comment","target":["https:\/\/www.antikvar.sk\/blog\/ukrajina-first-fejton\/#respond"]}]},{"@type":"WebPage","@id":"https:\/\/www.antikvar.sk\/blog\/ukrajina-first-fejton\/","url":"https:\/\/www.antikvar.sk\/blog\/ukrajina-first-fejton\/","name":"Ukrajina first a sviato\u010dn\u00e9 kapre - fejt\u00f3n - DOMOVINA","isPartOf":{"@id":"https:\/\/www.antikvar.sk\/blog\/#website"},"primaryImageOfPage":{"@id":"https:\/\/www.antikvar.sk\/blog\/ukrajina-first-fejton\/#primaryimage"},"image":{"@id":"https:\/\/www.antikvar.sk\/blog\/ukrajina-first-fejton\/#primaryimage"},"thumbnailUrl":"https:\/\/www.antikvar.sk\/blog\/wp-content\/uploads\/2022\/12\/P1250205.jpg","datePublished":"2022-12-17T12:40:29+00:00","dateModified":"2022-12-17T15:08:53+00:00","breadcrumb":{"@id":"https:\/\/www.antikvar.sk\/blog\/ukrajina-first-fejton\/#breadcrumb"},"inLanguage":"sk-SK","potentialAction":[{"@type":"ReadAction","target":["https:\/\/www.antikvar.sk\/blog\/ukrajina-first-fejton\/"]}]},{"@type":"ImageObject","inLanguage":"sk-SK","@id":"https:\/\/www.antikvar.sk\/blog\/ukrajina-first-fejton\/#primaryimage","url":"https:\/\/www.antikvar.sk\/blog\/wp-content\/uploads\/2022\/12\/P1250205.jpg","contentUrl":"https:\/\/www.antikvar.sk\/blog\/wp-content\/uploads\/2022\/12\/P1250205.jpg","width":1200,"height":675},{"@type":"BreadcrumbList","@id":"https:\/\/www.antikvar.sk\/blog\/ukrajina-first-fejton\/#breadcrumb","itemListElement":[{"@type":"ListItem","position":1,"name":"Domovsk\u00e1 str\u00e1nka","item":"https:\/\/www.antikvar.sk\/blog\/"},{"@type":"ListItem","position":2,"name":"Ukrajina first a sviato\u010dn\u00e9 kapre &#8211; fejt\u00f3n"}]},{"@type":"WebSite","@id":"https:\/\/www.antikvar.sk\/blog\/#website","url":"https:\/\/www.antikvar.sk\/blog\/","name":"DOMOVINA","description":"Nezabudnite na svoje rodisko, bez neho je len do pekla schodisko","publisher":{"@id":"https:\/\/www.antikvar.sk\/blog\/#\/schema\/person\/960f1c7c0f38d050499287d3a7924469"},"potentialAction":[{"@type":"SearchAction","target":{"@type":"EntryPoint","urlTemplate":"https:\/\/www.antikvar.sk\/blog\/?s={search_term_string}"},"query-input":{"@type":"PropertyValueSpecification","valueRequired":true,"valueName":"search_term_string"}}],"inLanguage":"sk-SK"},{"@type":["Person","Organization"],"@id":"https:\/\/www.antikvar.sk\/blog\/#\/schema\/person\/960f1c7c0f38d050499287d3a7924469","name":"jaropoky","image":{"@type":"ImageObject","inLanguage":"sk-SK","@id":"https:\/\/www.antikvar.sk\/blog\/wp-content\/uploads\/2021\/04\/cropped-cropped-KoreszkaWEB-2.jpg","url":"https:\/\/www.antikvar.sk\/blog\/wp-content\/uploads\/2021\/04\/cropped-cropped-KoreszkaWEB-2.jpg","contentUrl":"https:\/\/www.antikvar.sk\/blog\/wp-content\/uploads\/2021\/04\/cropped-cropped-KoreszkaWEB-2.jpg","width":863,"height":597,"caption":"jaropoky"},"logo":{"@id":"https:\/\/www.antikvar.sk\/blog\/wp-content\/uploads\/2021\/04\/cropped-cropped-KoreszkaWEB-2.jpg"},"description":"Zauj\u00edma sa o filozofiu, umenie, pr\u00edrodu a alternat\u00edvnu medic\u00ednu. Bol vedeck\u00fd pracovn\u00edk a \u0161t\u00e1tny zamestnanec, teraz je na d\u00f4chodku.","sameAs":["http:\/\/www.antikvar.sk\/blog"],"url":"https:\/\/www.antikvar.sk\/blog\/author\/jaro\/"}]}},"uagb_featured_image_src":{"full":["https:\/\/www.antikvar.sk\/blog\/wp-content\/uploads\/2022\/12\/P1250205.jpg",1200,675,false],"thumbnail":["https:\/\/www.antikvar.sk\/blog\/wp-content\/uploads\/2022\/12\/P1250205-150x150.jpg",150,150,true],"medium":["https:\/\/www.antikvar.sk\/blog\/wp-content\/uploads\/2022\/12\/P1250205-300x169.jpg",300,169,true],"medium_large":["https:\/\/www.antikvar.sk\/blog\/wp-content\/uploads\/2022\/12\/P1250205-768x432.jpg",768,432,true],"large":["https:\/\/www.antikvar.sk\/blog\/wp-content\/uploads\/2022\/12\/P1250205-1024x576.jpg",1024,576,true],"1536x1536":["https:\/\/www.antikvar.sk\/blog\/wp-content\/uploads\/2022\/12\/P1250205.jpg",1200,675,false],"2048x2048":["https:\/\/www.antikvar.sk\/blog\/wp-content\/uploads\/2022\/12\/P1250205.jpg",1200,675,false],"crp_thumbnail":["https:\/\/www.antikvar.sk\/blog\/wp-content\/uploads\/2022\/12\/P1250205-150x150.jpg",150,150,true]},"uagb_author_info":{"display_name":"jaropoky","author_link":"https:\/\/www.antikvar.sk\/blog\/author\/jaro\/"},"uagb_comment_info":0,"uagb_excerpt":"N\u00e1\u0161 premi\u00e9r, vtedy e\u0161te nebol v demisii, vyhl\u00e1sil, \u017ee jeho vl\u00e1da je protikorup\u010dn\u00e1, pro eur\u00f3pska a pro ukrajinsk\u00e1. \u0164ulpas, keby aspo\u0148 spomenul, \u017ee je aj pro &#8222;t\u00fato krajinu&#8220;. Pom\u00e1hajme aj Ukrajine ale: Pr\u00e1ve som si pozrel video o tom, ako sa pred viano\u010dn\u00fdmi sviatkami Rusi a Ukrajinci zab\u00edjaj\u00fa a na\u0161i politici maj\u00fa pokyn len lia\u0165&hellip;","_links":{"self":[{"href":"https:\/\/www.antikvar.sk\/blog\/wp-json\/wp\/v2\/posts\/7210","targetHints":{"allow":["GET"]}}],"collection":[{"href":"https:\/\/www.antikvar.sk\/blog\/wp-json\/wp\/v2\/posts"}],"about":[{"href":"https:\/\/www.antikvar.sk\/blog\/wp-json\/wp\/v2\/types\/post"}],"author":[{"embeddable":true,"href":"https:\/\/www.antikvar.sk\/blog\/wp-json\/wp\/v2\/users\/1"}],"replies":[{"embeddable":true,"href":"https:\/\/www.antikvar.sk\/blog\/wp-json\/wp\/v2\/comments?post=7210"}],"version-history":[{"count":0,"href":"https:\/\/www.antikvar.sk\/blog\/wp-json\/wp\/v2\/posts\/7210\/revisions"}],"wp:featuredmedia":[{"embeddable":true,"href":"https:\/\/www.antikvar.sk\/blog\/wp-json\/wp\/v2\/media\/7219"}],"wp:attachment":[{"href":"https:\/\/www.antikvar.sk\/blog\/wp-json\/wp\/v2\/media?parent=7210"}],"wp:term":[{"taxonomy":"category","embeddable":true,"href":"https:\/\/www.antikvar.sk\/blog\/wp-json\/wp\/v2\/categories?post=7210"},{"taxonomy":"post_tag","embeddable":true,"href":"https:\/\/www.antikvar.sk\/blog\/wp-json\/wp\/v2\/tags?post=7210"}],"curies":[{"name":"wp","href":"https:\/\/api.w.org\/{rel}","templated":true}]}}