{"id":5610,"date":"2022-08-08T21:00:29","date_gmt":"2022-08-08T19:00:29","guid":{"rendered":"http:\/\/www.antikvar.sk\/blog\/?p=5610"},"modified":"2022-08-12T19:52:19","modified_gmt":"2022-08-12T17:52:19","slug":"dajte-si-pozor-na-pecenovu-klobasu-fejton","status":"publish","type":"post","link":"https:\/\/www.antikvar.sk\/blog\/dajte-si-pozor-na-pecenovu-klobasu-fejton\/","title":{"rendered":"Dajte si pozor na pe\u010de\u0148ov\u00fa klob\u00e1su &#8211; fejt\u00f3n"},"content":{"rendered":"<p style=\"text-align: justify;\"><span style=\"font-size: 14pt;\">Rimania v praxi uplat\u0148ovali heslo: Rozde\u013euj a panuj.&nbsp; Nemci, ktor\u00ed nikdy nepreme\u0161kali pr\u00edle\u017eitos\u0165 nadviaza\u0165 na ich ve\u013ekos\u0165 a sl\u00e1vu<sup class=\"modern-footnotes-footnote \" data-mfn=\"1\" data-mfn-post-scope=\"000000001942261f00000000026fd585_5610\"><a href=\"javascript:void(0)\"  title=\"Heiliges R\u00f6misches Reich Deutscher Nation\"  role=\"button\" aria-pressed=\"false\" aria-describedby=\"mfn-content-000000001942261f00000000026fd585_5610-1\">1<\/a><\/sup><span id=\"mfn-content-000000001942261f00000000026fd585_5610-1\" role=\"tooltip\" class=\"modern-footnotes-footnote__note\" tabindex=\"0\" data-mfn=\"1\">Heiliges R\u00f6misches Reich Deutscher Nation<\/span> k tomu v s\u00fa\u010dasnosti pridali: O\u017eobra\u010d a potom sk\u00fap.<\/span><\/p>\n<p style=\"text-align: justify;\"><span style=\"font-size: 14pt;\">Etapa o\u017eobra\u010dovania u\u017e d\u00e1vno za\u010dala, ale dnes, pod\u013ea inform\u00e1cie, ktor\u00fa sprostredkovala Infovojna, jej nov\u00fa vy\u0161\u0161iu kvalitu otvorene&nbsp; ohlasuje Olaf Scholz:<\/span><\/p>\n<div class=\"grid-center\">\n<div class=\"article-body\" data-don=\"article_body\">\n<p style=\"text-align: justify;\"><a href=\"https:\/\/www.infovojna.bz\/article\/aj-ked-nas-to-ekonomicky-boli-pevne-stojime-pri-ukrajine-a-od-sankcii-neuhneme-vyhlasil-scholz\" target=\"_blank\" rel=\"noopener\"><span style=\"font-size: 14pt;\"><em>&#8222;Nemeck\u00fd kancel\u00e1r Olaf Scholz nepova\u017euje podporu sankci\u00ed vo\u010di Rusku vo svojej krajine za slabn\u00facu, aj ke\u010f sa o\u010dak\u00e1va \u010fal\u0161\u00ed n\u00e1rast \u00fa\u010dtov za energie, uviedol v pondelok hovorca vl\u00e1dy, informuje agent\u00fara Reuters. <\/em><\/span><\/a><em><span style=\"font-size: 14pt;\">\u010cakaj\u00fa n\u00e1s \u0165a\u017ek\u00e9 mesiace. Je v\u0161ak jasn\u00e9, \u017ee stoj\u00edme pevne na strane Ukrajiny a stoj\u00edme za sankciami, na ktor\u00fdch sme sa dohodli spolu s Eur\u00f3pskou \u00faniou a medzin\u00e1rodn\u00fdm spolo\u010denstvom,&#8220; vyjadril sa hovorca kancel\u00e1ra Scholza.<\/span><\/em><\/p>\n<p style=\"text-align: justify;\"><span style=\"font-size: 14pt;\"><strong>Hovor\u00ed sa, k\u00fdm tlst\u00fd schudne, tak chud\u00fd skape, a toto presne plat\u00ed aj v ekonomike. <\/strong><br \/>\n<\/span><\/p>\n<p style=\"text-align: justify;\"><span style=\"font-size: 14pt;\">Nemci nesmeruj\u00fa do sebazni\u010denia. Vyzer\u00e1 to tak, \u017ee z Ukrajinskej \u010diernozeme ni\u010d nebude, ale na\u0161e lesy a spodn\u00e1 voda sa ur\u010dite hod\u00ed a aj to m\u00e1lo, \u010do n\u00e1m e\u0161te zostalo. Zni\u010dia n\u00e1s a potom si to tu v\u0161etko k\u00fapia. Pre\u010do by inak&nbsp; Scholz <a href=\"https:\/\/www.bild.de\/politik\/inland\/politik-inland\/ukraine-krieg-melnyk-nennt-scholz-beleidigte-leberwurst-79956584.bild.html\" target=\"_blank\" rel=\"noopener\">toleroval pon\u00ed\u017eenie od ukrajinsk\u00e9ho ve\u013evyslanca Melnika, ktor\u00fd ho nazval pe\u010de\u0148ovou klob\u00e1sou?<\/a>&nbsp; Predsa chce by\u0165 pri tom, ke\u010f sa bude h\u013abkovo deli\u0165 v\u00fdchodn\u00e1 Eur\u00f3pa. Predstavte si, \u017ee na toto v\u0161etko sta\u010d\u00ed jeden koordinovan\u00fd mor\u00e1lny apel&nbsp; \u0161ialencov, ktor\u00ed n\u00e1m tu dnes vl\u00e1dnu.<strong>&nbsp; Strat\u00e9giu mali jednoduch\u00fa: vyvola\u0165 pocit viny a falo\u0161n\u00e9ho humanizmu&nbsp; u psychicky labiln\u00fdch, sugestibiln\u00fdch jedincov, kde patr\u00ed pod\u013ea v\u0161etk\u00e9ho v\u00fdznamn\u00e1 \u010das\u0165 n\u00e1roda.<\/strong>&nbsp; Potom nie je ve\u013ek\u00fd probl\u00e9m podobne ako <a href=\"https:\/\/www.antikvar.sk\/blog\/nadcasova-ilustracia-fejton\/\" target=\"_blank\" rel=\"noopener\">Krys\u00e1rovi z Hamelnu&nbsp; zavies\u0165 oddan\u00fdch, covidom vycvi\u010den\u00fdch tam kde je treba &#8211; na por\u00e1\u017eku<\/a>.<br \/>\n<\/span><\/p>\n<\/div>\n<p>&nbsp;<\/p>\n<div class=\"article-body\" data-don=\"article_body\">\n<figure id=\"attachment_4898\" aria-describedby=\"caption-attachment-4898\" style=\"width: 347px\" class=\"wp-caption alignnone\"><img loading=\"lazy\" decoding=\"async\" class=\"wp-image-4898\" src=\"https:\/\/www.antikvar.sk\/blog\/wp-content\/uploads\/2022\/05\/Podkaniar-300x196.jpg\" alt=\"podkaniar\" width=\"347\" height=\"227\" srcset=\"https:\/\/www.antikvar.sk\/blog\/wp-content\/uploads\/2022\/05\/Podkaniar-300x196.jpg 300w, https:\/\/www.antikvar.sk\/blog\/wp-content\/uploads\/2022\/05\/Podkaniar-768x501.jpg 768w, https:\/\/www.antikvar.sk\/blog\/wp-content\/uploads\/2022\/05\/Podkaniar.jpg 995w\" sizes=\"auto, (max-width: 347px) 100vw, 347px\" \/><figcaption id=\"caption-attachment-4898\" class=\"wp-caption-text\">Krys\u00e1r s Hamelnu. Dobov\u00e1 poh\u013eadnica<\/figcaption><\/figure>\n<\/div>\n<\/div>\n<p>&nbsp;<\/p>\n<p style=\"text-align: justify;\"><strong>Dodatky<\/strong><\/p>\n<p><b>1) Sv\u00e4t\u00e1 r\u00edmska r\u00ed\u0161a nemeck\u00e9ho n\u00e1roda<\/b>&nbsp; lat.&nbsp; <span dir=\"ltr\" title=\"latinsky\" lang=\"la\"><i>Sacrum Romanum Imperium Nationis Germanicae<\/i><\/span>; nem. <span dir=\"ltr\" title=\"nemecky\" lang=\"de\"><i>Heiliges R\u00f6misches Reich Deutscher Nation<\/i><\/span>) bol n\u00e1zov r\u00edmskonemeckej r\u00ed\u0161e v rokoch cca 1450\/1512\/1519 a\u017e do jej z\u00e1niku v roku 1806, a to spravidla bez <a title=\"Talianske kr\u00e1\u013eovstvo (stredovek)\" href=\"https:\/\/sk.wikipedia.org\/wiki\/Talianske_kr%C3%A1%C4%BEovstvo_(stredovek)\">Talianskeho kr\u00e1\u013eovstva<\/a> a <a class=\"mw-disambig\" title=\"Burgundsko\" href=\"https:\/\/sk.wikipedia.org\/wiki\/Burgundsko\">Burgundska<\/a>. Podrobnosti pozri pod <a class=\"mw-redirect\" title=\"R\u00edmskonemeck\u00e1 r\u00ed\u0161a\" href=\"https:\/\/sk.wikipedia.org\/wiki\/R%C3%ADmskonemeck%C3%A1_r%C3%AD%C5%A1a\">r\u00edmskonemeck\u00e1 r\u00ed\u0161a<\/a>.<\/p>\n<p>https:\/\/www.spiegel.de\/politik\/deutschland\/ukraine-krieg-botschafter-andrij-melnyk-nennt-kanzler-olaf-scholz-beleidigte-leberwurst-a-e8ad90fa-2184-47f2-8e4f-cb050457199c<\/p>\n<p align=\"justify\">https:\/\/www.bild.de\/politik\/inland\/politik-inland\/ukraine-krieg-melnyk-nennt-scholz-beleidigte-leberwurst-79956584.bild.html<\/p>\n<p>Ke\u010f nie menovec, potom pr\u00edbuzn\u00fd, ale ur\u010dite vzor &#8222;jeho excelencie&#8220;:<\/p>\n<p>https:\/\/en.wikipedia.org\/wiki\/Andriy_Melnyk<\/p>\n<p>11.12.2022 na \u010cT 24 pribli\u017ene o 23.32 prelo\u017eili v\u00fdrok ve\u013evyslanca Melnika, \u017ee kancel\u00e1r Scholz je pe\u010de\u0148ov\u00e1 klob\u00e1sa ako urazen\u00e1 primadona. Tomu sa hovor\u00ed eufemizmus<\/p>\n<div class=\"grid-center\">\n<div class=\"article-body\" data-don=\"article_body\">\n<p style=\"text-align: justify;\"><img loading=\"lazy\" decoding=\"async\" class=\"alignnone size-medium wp-image-4795\" src=\"https:\/\/www.antikvar.sk\/blog\/wp-content\/uploads\/2022\/04\/Melnik-a-manzelka-s-klobasou-300x225.jpg\" alt=\"\" width=\"300\" height=\"225\" srcset=\"https:\/\/www.antikvar.sk\/blog\/wp-content\/uploads\/2022\/04\/Melnik-a-manzelka-s-klobasou-300x225.jpg 300w, https:\/\/www.antikvar.sk\/blog\/wp-content\/uploads\/2022\/04\/Melnik-a-manzelka-s-klobasou-1024x768.jpg 1024w, https:\/\/www.antikvar.sk\/blog\/wp-content\/uploads\/2022\/04\/Melnik-a-manzelka-s-klobasou-768x576.jpg 768w, https:\/\/www.antikvar.sk\/blog\/wp-content\/uploads\/2022\/04\/Melnik-a-manzelka-s-klobasou.jpg 1280w\" sizes=\"auto, (max-width: 300px) 100vw, 300px\" \/><\/p>\n<\/div>\n<\/div>\n<h5 class=\"modern-footnotes-list-heading \">POZN\u00c1MKY<\/h5><ul class=\"modern-footnotes-list \"><li><span>1<\/span><div>Heiliges R\u00f6misches Reich Deutscher Nation<\/div><\/li><\/ul>","protected":false},"excerpt":{"rendered":"<p>Rimania v praxi uplat\u0148ovali heslo: Rozde\u013euj a panuj.&nbsp; Nemci, ktor\u00ed nikdy nepreme\u0161kali pr\u00edle\u017eitos\u0165 nadviaza\u0165 na ich ve\u013ekos\u0165 a sl\u00e1vu k tomu v s\u00fa\u010dasnosti pridali: O\u017eobra\u010d a potom sk\u00fap. Etapa o\u017eobra\u010dovania u\u017e d\u00e1vno za\u010dala, ale dnes, pod\u013ea inform\u00e1cie, ktor\u00fa sprostredkovala Infovojna, jej nov\u00fa vy\u0161\u0161iu kvalitu otvorene&nbsp; ohlasuje Olaf Scholz: &#8222;Nemeck\u00fd kancel\u00e1r Olaf Scholz nepova\u017euje podporu sankci\u00ed [&hellip;]<\/p>\n","protected":false},"author":1,"featured_media":5614,"comment_status":"open","ping_status":"open","sticky":false,"template":"","format":"standard","meta":{"_uag_custom_page_level_css":"","site-sidebar-layout":"default","site-content-layout":"default","ast-site-content-layout":"default","site-content-style":"default","site-sidebar-style":"default","ast-global-header-display":"","ast-banner-title-visibility":"","ast-main-header-display":"","ast-hfb-above-header-display":"","ast-hfb-below-header-display":"","ast-hfb-mobile-header-display":"","site-post-title":"","ast-breadcrumbs-content":"","ast-featured-img":"","footer-sml-layout":"","ast-disable-related-posts":"","theme-transparent-header-meta":"default","adv-header-id-meta":"","stick-header-meta":"","header-above-stick-meta":"","header-main-stick-meta":"","header-below-stick-meta":"","astra-migrate-meta-layouts":"default","ast-page-background-enabled":"default","ast-page-background-meta":{"desktop":{"background-color":"","background-image":"","background-repeat":"repeat","background-position":"center center","background-size":"auto","background-attachment":"scroll","background-type":"","background-media":"","overlay-type":"","overlay-color":"","overlay-opacity":"","overlay-gradient":""},"tablet":{"background-color":"","background-image":"","background-repeat":"repeat","background-position":"center center","background-size":"auto","background-attachment":"scroll","background-type":"","background-media":"","overlay-type":"","overlay-color":"","overlay-opacity":"","overlay-gradient":""},"mobile":{"background-color":"","background-image":"","background-repeat":"repeat","background-position":"center center","background-size":"auto","background-attachment":"scroll","background-type":"","background-media":"","overlay-type":"","overlay-color":"","overlay-opacity":"","overlay-gradient":""}},"ast-content-background-meta":{"desktop":{"background-color":"var(--ast-global-color-5)","background-image":"","background-repeat":"repeat","background-position":"center center","background-size":"auto","background-attachment":"scroll","background-type":"","background-media":"","overlay-type":"","overlay-color":"","overlay-opacity":"","overlay-gradient":""},"tablet":{"background-color":"var(--ast-global-color-5)","background-image":"","background-repeat":"repeat","background-position":"center center","background-size":"auto","background-attachment":"scroll","background-type":"","background-media":"","overlay-type":"","overlay-color":"","overlay-opacity":"","overlay-gradient":""},"mobile":{"background-color":"var(--ast-global-color-5)","background-image":"","background-repeat":"repeat","background-position":"center center","background-size":"auto","background-attachment":"scroll","background-type":"","background-media":"","overlay-type":"","overlay-color":"","overlay-opacity":"","overlay-gradient":""}},"ngg_post_thumbnail":0,"footnotes":""},"categories":[1],"tags":[],"class_list":["post-5610","post","type-post","status-publish","format-standard","has-post-thumbnail","hentry","category-postrehy-uvahy-aktualne"],"yoast_head":"<!-- This site is optimized with the Yoast SEO plugin v27.5 - https:\/\/yoast.com\/product\/yoast-seo-wordpress\/ -->\n<title>Dajte si pozor na pe\u010de\u0148ov\u00fa klob\u00e1su - fejt\u00f3n - DOMOVINA<\/title>\n<meta name=\"robots\" content=\"index, follow, max-snippet:-1, max-image-preview:large, max-video-preview:-1\" \/>\n<link rel=\"canonical\" href=\"https:\/\/www.antikvar.sk\/blog\/dajte-si-pozor-na-pecenovu-klobasu-fejton\/\" \/>\n<meta property=\"og:locale\" content=\"sk_SK\" \/>\n<meta property=\"og:type\" content=\"article\" \/>\n<meta property=\"og:title\" content=\"Dajte si pozor na pe\u010de\u0148ov\u00fa klob\u00e1su - fejt\u00f3n - DOMOVINA\" \/>\n<meta property=\"og:description\" content=\"Rimania v praxi uplat\u0148ovali heslo: Rozde\u013euj a panuj.&nbsp; Nemci, ktor\u00ed nikdy nepreme\u0161kali pr\u00edle\u017eitos\u0165 nadviaza\u0165 na ich ve\u013ekos\u0165 a sl\u00e1vu k tomu v s\u00fa\u010dasnosti pridali: O\u017eobra\u010d a potom sk\u00fap. Etapa o\u017eobra\u010dovania u\u017e d\u00e1vno za\u010dala, ale dnes, pod\u013ea inform\u00e1cie, ktor\u00fa sprostredkovala Infovojna, jej nov\u00fa vy\u0161\u0161iu kvalitu otvorene&nbsp; ohlasuje Olaf Scholz: &#8222;Nemeck\u00fd kancel\u00e1r Olaf Scholz nepova\u017euje podporu sankci\u00ed [&hellip;]\" \/>\n<meta property=\"og:url\" content=\"https:\/\/www.antikvar.sk\/blog\/dajte-si-pozor-na-pecenovu-klobasu-fejton\/\" \/>\n<meta property=\"og:site_name\" content=\"DOMOVINA\" \/>\n<meta property=\"article:published_time\" content=\"2022-08-08T19:00:29+00:00\" \/>\n<meta property=\"article:modified_time\" content=\"2022-08-12T17:52:19+00:00\" \/>\n<meta property=\"og:image\" content=\"https:\/\/www.antikvar.sk\/blog\/wp-content\/uploads\/2022\/08\/Snimka-obrazovky-z-2022-08-08-20-49-29-e1660326730381.png\" \/>\n\t<meta property=\"og:image:width\" content=\"500\" \/>\n\t<meta property=\"og:image:height\" content=\"404\" \/>\n\t<meta property=\"og:image:type\" content=\"image\/png\" \/>\n<meta name=\"author\" content=\"jaropoky\" \/>\n<meta name=\"twitter:card\" content=\"summary_large_image\" \/>\n<meta name=\"twitter:label1\" content=\"Autor\" \/>\n\t<meta name=\"twitter:data1\" content=\"jaropoky\" \/>\n\t<meta name=\"twitter:label2\" content=\"Predpokladan\u00fd \u010das \u010d\u00edtania\" \/>\n\t<meta name=\"twitter:data2\" content=\"2 min\u00faty\" \/>\n<script type=\"application\/ld+json\" class=\"yoast-schema-graph\">{\"@context\":\"https:\\\/\\\/schema.org\",\"@graph\":[{\"@type\":\"Article\",\"@id\":\"https:\\\/\\\/www.antikvar.sk\\\/blog\\\/dajte-si-pozor-na-pecenovu-klobasu-fejton\\\/#article\",\"isPartOf\":{\"@id\":\"https:\\\/\\\/www.antikvar.sk\\\/blog\\\/dajte-si-pozor-na-pecenovu-klobasu-fejton\\\/\"},\"author\":{\"name\":\"jaropoky\",\"@id\":\"https:\\\/\\\/www.antikvar.sk\\\/blog\\\/#\\\/schema\\\/person\\\/960f1c7c0f38d050499287d3a7924469\"},\"headline\":\"Dajte si pozor na pe\u010de\u0148ov\u00fa klob\u00e1su &#8211; fejt\u00f3n\",\"datePublished\":\"2022-08-08T19:00:29+00:00\",\"dateModified\":\"2022-08-12T17:52:19+00:00\",\"mainEntityOfPage\":{\"@id\":\"https:\\\/\\\/www.antikvar.sk\\\/blog\\\/dajte-si-pozor-na-pecenovu-klobasu-fejton\\\/\"},\"wordCount\":509,\"commentCount\":0,\"publisher\":{\"@id\":\"https:\\\/\\\/www.antikvar.sk\\\/blog\\\/#\\\/schema\\\/person\\\/960f1c7c0f38d050499287d3a7924469\"},\"image\":{\"@id\":\"https:\\\/\\\/www.antikvar.sk\\\/blog\\\/dajte-si-pozor-na-pecenovu-klobasu-fejton\\\/#primaryimage\"},\"thumbnailUrl\":\"https:\\\/\\\/www.antikvar.sk\\\/blog\\\/wp-content\\\/uploads\\\/2022\\\/08\\\/Snimka-obrazovky-z-2022-08-08-20-49-29-e1660326730381.png\",\"articleSection\":[\"Aktu\u00e1lne postrehy a \u00favahy\"],\"inLanguage\":\"sk-SK\",\"potentialAction\":[{\"@type\":\"CommentAction\",\"name\":\"Comment\",\"target\":[\"https:\\\/\\\/www.antikvar.sk\\\/blog\\\/dajte-si-pozor-na-pecenovu-klobasu-fejton\\\/#respond\"]}]},{\"@type\":\"WebPage\",\"@id\":\"https:\\\/\\\/www.antikvar.sk\\\/blog\\\/dajte-si-pozor-na-pecenovu-klobasu-fejton\\\/\",\"url\":\"https:\\\/\\\/www.antikvar.sk\\\/blog\\\/dajte-si-pozor-na-pecenovu-klobasu-fejton\\\/\",\"name\":\"Dajte si pozor na pe\u010de\u0148ov\u00fa klob\u00e1su - fejt\u00f3n - DOMOVINA\",\"isPartOf\":{\"@id\":\"https:\\\/\\\/www.antikvar.sk\\\/blog\\\/#website\"},\"primaryImageOfPage\":{\"@id\":\"https:\\\/\\\/www.antikvar.sk\\\/blog\\\/dajte-si-pozor-na-pecenovu-klobasu-fejton\\\/#primaryimage\"},\"image\":{\"@id\":\"https:\\\/\\\/www.antikvar.sk\\\/blog\\\/dajte-si-pozor-na-pecenovu-klobasu-fejton\\\/#primaryimage\"},\"thumbnailUrl\":\"https:\\\/\\\/www.antikvar.sk\\\/blog\\\/wp-content\\\/uploads\\\/2022\\\/08\\\/Snimka-obrazovky-z-2022-08-08-20-49-29-e1660326730381.png\",\"datePublished\":\"2022-08-08T19:00:29+00:00\",\"dateModified\":\"2022-08-12T17:52:19+00:00\",\"breadcrumb\":{\"@id\":\"https:\\\/\\\/www.antikvar.sk\\\/blog\\\/dajte-si-pozor-na-pecenovu-klobasu-fejton\\\/#breadcrumb\"},\"inLanguage\":\"sk-SK\",\"potentialAction\":[{\"@type\":\"ReadAction\",\"target\":[\"https:\\\/\\\/www.antikvar.sk\\\/blog\\\/dajte-si-pozor-na-pecenovu-klobasu-fejton\\\/\"]}]},{\"@type\":\"ImageObject\",\"inLanguage\":\"sk-SK\",\"@id\":\"https:\\\/\\\/www.antikvar.sk\\\/blog\\\/dajte-si-pozor-na-pecenovu-klobasu-fejton\\\/#primaryimage\",\"url\":\"https:\\\/\\\/www.antikvar.sk\\\/blog\\\/wp-content\\\/uploads\\\/2022\\\/08\\\/Snimka-obrazovky-z-2022-08-08-20-49-29-e1660326730381.png\",\"contentUrl\":\"https:\\\/\\\/www.antikvar.sk\\\/blog\\\/wp-content\\\/uploads\\\/2022\\\/08\\\/Snimka-obrazovky-z-2022-08-08-20-49-29-e1660326730381.png\",\"width\":500,\"height\":404},{\"@type\":\"BreadcrumbList\",\"@id\":\"https:\\\/\\\/www.antikvar.sk\\\/blog\\\/dajte-si-pozor-na-pecenovu-klobasu-fejton\\\/#breadcrumb\",\"itemListElement\":[{\"@type\":\"ListItem\",\"position\":1,\"name\":\"Domovsk\u00e1 str\u00e1nka\",\"item\":\"https:\\\/\\\/www.antikvar.sk\\\/blog\\\/\"},{\"@type\":\"ListItem\",\"position\":2,\"name\":\"Dajte si pozor na pe\u010de\u0148ov\u00fa klob\u00e1su &#8211; fejt\u00f3n\"}]},{\"@type\":\"WebSite\",\"@id\":\"https:\\\/\\\/www.antikvar.sk\\\/blog\\\/#website\",\"url\":\"https:\\\/\\\/www.antikvar.sk\\\/blog\\\/\",\"name\":\"DOMOVINA\",\"description\":\"Nezabudnite na svoje rodisko, bez neho je len do pekla schodisko\",\"publisher\":{\"@id\":\"https:\\\/\\\/www.antikvar.sk\\\/blog\\\/#\\\/schema\\\/person\\\/960f1c7c0f38d050499287d3a7924469\"},\"potentialAction\":[{\"@type\":\"SearchAction\",\"target\":{\"@type\":\"EntryPoint\",\"urlTemplate\":\"https:\\\/\\\/www.antikvar.sk\\\/blog\\\/?s={search_term_string}\"},\"query-input\":{\"@type\":\"PropertyValueSpecification\",\"valueRequired\":true,\"valueName\":\"search_term_string\"}}],\"inLanguage\":\"sk-SK\"},{\"@type\":[\"Person\",\"Organization\"],\"@id\":\"https:\\\/\\\/www.antikvar.sk\\\/blog\\\/#\\\/schema\\\/person\\\/960f1c7c0f38d050499287d3a7924469\",\"name\":\"jaropoky\",\"image\":{\"@type\":\"ImageObject\",\"inLanguage\":\"sk-SK\",\"@id\":\"https:\\\/\\\/www.antikvar.sk\\\/blog\\\/wp-content\\\/uploads\\\/2021\\\/04\\\/cropped-cropped-KoreszkaWEB-2.jpg\",\"url\":\"https:\\\/\\\/www.antikvar.sk\\\/blog\\\/wp-content\\\/uploads\\\/2021\\\/04\\\/cropped-cropped-KoreszkaWEB-2.jpg\",\"contentUrl\":\"https:\\\/\\\/www.antikvar.sk\\\/blog\\\/wp-content\\\/uploads\\\/2021\\\/04\\\/cropped-cropped-KoreszkaWEB-2.jpg\",\"width\":863,\"height\":597,\"caption\":\"jaropoky\"},\"logo\":{\"@id\":\"https:\\\/\\\/www.antikvar.sk\\\/blog\\\/wp-content\\\/uploads\\\/2021\\\/04\\\/cropped-cropped-KoreszkaWEB-2.jpg\"},\"description\":\"Zauj\u00edma sa o filozofiu, umenie, pr\u00edrodu a alternat\u00edvnu medic\u00ednu. Bol vedeck\u00fd pracovn\u00edk a \u0161t\u00e1tny zamestnanec, teraz je na d\u00f4chodku.\",\"sameAs\":[\"http:\\\/\\\/www.antikvar.sk\\\/blog\"],\"url\":\"https:\\\/\\\/www.antikvar.sk\\\/blog\\\/author\\\/jaro\\\/\"}]}<\/script>\n<!-- \/ Yoast SEO plugin. -->","yoast_head_json":{"title":"Dajte si pozor na pe\u010de\u0148ov\u00fa klob\u00e1su - fejt\u00f3n - DOMOVINA","robots":{"index":"index","follow":"follow","max-snippet":"max-snippet:-1","max-image-preview":"max-image-preview:large","max-video-preview":"max-video-preview:-1"},"canonical":"https:\/\/www.antikvar.sk\/blog\/dajte-si-pozor-na-pecenovu-klobasu-fejton\/","og_locale":"sk_SK","og_type":"article","og_title":"Dajte si pozor na pe\u010de\u0148ov\u00fa klob\u00e1su - fejt\u00f3n - DOMOVINA","og_description":"Rimania v praxi uplat\u0148ovali heslo: Rozde\u013euj a panuj.&nbsp; Nemci, ktor\u00ed nikdy nepreme\u0161kali pr\u00edle\u017eitos\u0165 nadviaza\u0165 na ich ve\u013ekos\u0165 a sl\u00e1vu k tomu v s\u00fa\u010dasnosti pridali: O\u017eobra\u010d a potom sk\u00fap. Etapa o\u017eobra\u010dovania u\u017e d\u00e1vno za\u010dala, ale dnes, pod\u013ea inform\u00e1cie, ktor\u00fa sprostredkovala Infovojna, jej nov\u00fa vy\u0161\u0161iu kvalitu otvorene&nbsp; ohlasuje Olaf Scholz: &#8222;Nemeck\u00fd kancel\u00e1r Olaf Scholz nepova\u017euje podporu sankci\u00ed [&hellip;]","og_url":"https:\/\/www.antikvar.sk\/blog\/dajte-si-pozor-na-pecenovu-klobasu-fejton\/","og_site_name":"DOMOVINA","article_published_time":"2022-08-08T19:00:29+00:00","article_modified_time":"2022-08-12T17:52:19+00:00","og_image":[{"width":500,"height":404,"url":"https:\/\/www.antikvar.sk\/blog\/wp-content\/uploads\/2022\/08\/Snimka-obrazovky-z-2022-08-08-20-49-29-e1660326730381.png","type":"image\/png"}],"author":"jaropoky","twitter_card":"summary_large_image","twitter_misc":{"Autor":"jaropoky","Predpokladan\u00fd \u010das \u010d\u00edtania":"2 min\u00faty"},"schema":{"@context":"https:\/\/schema.org","@graph":[{"@type":"Article","@id":"https:\/\/www.antikvar.sk\/blog\/dajte-si-pozor-na-pecenovu-klobasu-fejton\/#article","isPartOf":{"@id":"https:\/\/www.antikvar.sk\/blog\/dajte-si-pozor-na-pecenovu-klobasu-fejton\/"},"author":{"name":"jaropoky","@id":"https:\/\/www.antikvar.sk\/blog\/#\/schema\/person\/960f1c7c0f38d050499287d3a7924469"},"headline":"Dajte si pozor na pe\u010de\u0148ov\u00fa klob\u00e1su &#8211; fejt\u00f3n","datePublished":"2022-08-08T19:00:29+00:00","dateModified":"2022-08-12T17:52:19+00:00","mainEntityOfPage":{"@id":"https:\/\/www.antikvar.sk\/blog\/dajte-si-pozor-na-pecenovu-klobasu-fejton\/"},"wordCount":509,"commentCount":0,"publisher":{"@id":"https:\/\/www.antikvar.sk\/blog\/#\/schema\/person\/960f1c7c0f38d050499287d3a7924469"},"image":{"@id":"https:\/\/www.antikvar.sk\/blog\/dajte-si-pozor-na-pecenovu-klobasu-fejton\/#primaryimage"},"thumbnailUrl":"https:\/\/www.antikvar.sk\/blog\/wp-content\/uploads\/2022\/08\/Snimka-obrazovky-z-2022-08-08-20-49-29-e1660326730381.png","articleSection":["Aktu\u00e1lne postrehy a \u00favahy"],"inLanguage":"sk-SK","potentialAction":[{"@type":"CommentAction","name":"Comment","target":["https:\/\/www.antikvar.sk\/blog\/dajte-si-pozor-na-pecenovu-klobasu-fejton\/#respond"]}]},{"@type":"WebPage","@id":"https:\/\/www.antikvar.sk\/blog\/dajte-si-pozor-na-pecenovu-klobasu-fejton\/","url":"https:\/\/www.antikvar.sk\/blog\/dajte-si-pozor-na-pecenovu-klobasu-fejton\/","name":"Dajte si pozor na pe\u010de\u0148ov\u00fa klob\u00e1su - fejt\u00f3n - DOMOVINA","isPartOf":{"@id":"https:\/\/www.antikvar.sk\/blog\/#website"},"primaryImageOfPage":{"@id":"https:\/\/www.antikvar.sk\/blog\/dajte-si-pozor-na-pecenovu-klobasu-fejton\/#primaryimage"},"image":{"@id":"https:\/\/www.antikvar.sk\/blog\/dajte-si-pozor-na-pecenovu-klobasu-fejton\/#primaryimage"},"thumbnailUrl":"https:\/\/www.antikvar.sk\/blog\/wp-content\/uploads\/2022\/08\/Snimka-obrazovky-z-2022-08-08-20-49-29-e1660326730381.png","datePublished":"2022-08-08T19:00:29+00:00","dateModified":"2022-08-12T17:52:19+00:00","breadcrumb":{"@id":"https:\/\/www.antikvar.sk\/blog\/dajte-si-pozor-na-pecenovu-klobasu-fejton\/#breadcrumb"},"inLanguage":"sk-SK","potentialAction":[{"@type":"ReadAction","target":["https:\/\/www.antikvar.sk\/blog\/dajte-si-pozor-na-pecenovu-klobasu-fejton\/"]}]},{"@type":"ImageObject","inLanguage":"sk-SK","@id":"https:\/\/www.antikvar.sk\/blog\/dajte-si-pozor-na-pecenovu-klobasu-fejton\/#primaryimage","url":"https:\/\/www.antikvar.sk\/blog\/wp-content\/uploads\/2022\/08\/Snimka-obrazovky-z-2022-08-08-20-49-29-e1660326730381.png","contentUrl":"https:\/\/www.antikvar.sk\/blog\/wp-content\/uploads\/2022\/08\/Snimka-obrazovky-z-2022-08-08-20-49-29-e1660326730381.png","width":500,"height":404},{"@type":"BreadcrumbList","@id":"https:\/\/www.antikvar.sk\/blog\/dajte-si-pozor-na-pecenovu-klobasu-fejton\/#breadcrumb","itemListElement":[{"@type":"ListItem","position":1,"name":"Domovsk\u00e1 str\u00e1nka","item":"https:\/\/www.antikvar.sk\/blog\/"},{"@type":"ListItem","position":2,"name":"Dajte si pozor na pe\u010de\u0148ov\u00fa klob\u00e1su &#8211; fejt\u00f3n"}]},{"@type":"WebSite","@id":"https:\/\/www.antikvar.sk\/blog\/#website","url":"https:\/\/www.antikvar.sk\/blog\/","name":"DOMOVINA","description":"Nezabudnite na svoje rodisko, bez neho je len do pekla schodisko","publisher":{"@id":"https:\/\/www.antikvar.sk\/blog\/#\/schema\/person\/960f1c7c0f38d050499287d3a7924469"},"potentialAction":[{"@type":"SearchAction","target":{"@type":"EntryPoint","urlTemplate":"https:\/\/www.antikvar.sk\/blog\/?s={search_term_string}"},"query-input":{"@type":"PropertyValueSpecification","valueRequired":true,"valueName":"search_term_string"}}],"inLanguage":"sk-SK"},{"@type":["Person","Organization"],"@id":"https:\/\/www.antikvar.sk\/blog\/#\/schema\/person\/960f1c7c0f38d050499287d3a7924469","name":"jaropoky","image":{"@type":"ImageObject","inLanguage":"sk-SK","@id":"https:\/\/www.antikvar.sk\/blog\/wp-content\/uploads\/2021\/04\/cropped-cropped-KoreszkaWEB-2.jpg","url":"https:\/\/www.antikvar.sk\/blog\/wp-content\/uploads\/2021\/04\/cropped-cropped-KoreszkaWEB-2.jpg","contentUrl":"https:\/\/www.antikvar.sk\/blog\/wp-content\/uploads\/2021\/04\/cropped-cropped-KoreszkaWEB-2.jpg","width":863,"height":597,"caption":"jaropoky"},"logo":{"@id":"https:\/\/www.antikvar.sk\/blog\/wp-content\/uploads\/2021\/04\/cropped-cropped-KoreszkaWEB-2.jpg"},"description":"Zauj\u00edma sa o filozofiu, umenie, pr\u00edrodu a alternat\u00edvnu medic\u00ednu. Bol vedeck\u00fd pracovn\u00edk a \u0161t\u00e1tny zamestnanec, teraz je na d\u00f4chodku.","sameAs":["http:\/\/www.antikvar.sk\/blog"],"url":"https:\/\/www.antikvar.sk\/blog\/author\/jaro\/"}]}},"uagb_featured_image_src":{"full":["https:\/\/www.antikvar.sk\/blog\/wp-content\/uploads\/2022\/08\/Snimka-obrazovky-z-2022-08-08-20-49-29-e1660326730381.png",500,404,false],"thumbnail":["https:\/\/www.antikvar.sk\/blog\/wp-content\/uploads\/2022\/08\/Snimka-obrazovky-z-2022-08-08-20-49-29-e1660326730381-150x150.png",150,150,true],"medium":["https:\/\/www.antikvar.sk\/blog\/wp-content\/uploads\/2022\/08\/Snimka-obrazovky-z-2022-08-08-20-49-29-e1660326730381-300x242.png",300,242,true],"medium_large":["https:\/\/www.antikvar.sk\/blog\/wp-content\/uploads\/2022\/08\/Snimka-obrazovky-z-2022-08-08-20-49-29-768x621.png",768,621,true],"large":["https:\/\/www.antikvar.sk\/blog\/wp-content\/uploads\/2022\/08\/Snimka-obrazovky-z-2022-08-08-20-49-29-e1660326730381.png",500,404,false],"1536x1536":["https:\/\/www.antikvar.sk\/blog\/wp-content\/uploads\/2022\/08\/Snimka-obrazovky-z-2022-08-08-20-49-29-e1660326730381.png",500,404,false],"2048x2048":["https:\/\/www.antikvar.sk\/blog\/wp-content\/uploads\/2022\/08\/Snimka-obrazovky-z-2022-08-08-20-49-29-e1660326730381.png",500,404,false],"crp_thumbnail":["https:\/\/www.antikvar.sk\/blog\/wp-content\/uploads\/2022\/08\/Snimka-obrazovky-z-2022-08-08-20-49-29-e1660326730381-150x150.png",150,150,true]},"uagb_author_info":{"display_name":"jaropoky","author_link":"https:\/\/www.antikvar.sk\/blog\/author\/jaro\/"},"uagb_comment_info":0,"uagb_excerpt":"Rimania v praxi uplat\u0148ovali heslo: Rozde\u013euj a panuj.&nbsp; Nemci, ktor\u00ed nikdy nepreme\u0161kali pr\u00edle\u017eitos\u0165 nadviaza\u0165 na ich ve\u013ekos\u0165 a sl\u00e1vu k tomu v s\u00fa\u010dasnosti pridali: O\u017eobra\u010d a potom sk\u00fap. Etapa o\u017eobra\u010dovania u\u017e d\u00e1vno za\u010dala, ale dnes, pod\u013ea inform\u00e1cie, ktor\u00fa sprostredkovala Infovojna, jej nov\u00fa vy\u0161\u0161iu kvalitu otvorene&nbsp; ohlasuje Olaf Scholz: &#8222;Nemeck\u00fd kancel\u00e1r Olaf Scholz nepova\u017euje podporu sankci\u00ed&hellip;","_links":{"self":[{"href":"https:\/\/www.antikvar.sk\/blog\/wp-json\/wp\/v2\/posts\/5610","targetHints":{"allow":["GET"]}}],"collection":[{"href":"https:\/\/www.antikvar.sk\/blog\/wp-json\/wp\/v2\/posts"}],"about":[{"href":"https:\/\/www.antikvar.sk\/blog\/wp-json\/wp\/v2\/types\/post"}],"author":[{"embeddable":true,"href":"https:\/\/www.antikvar.sk\/blog\/wp-json\/wp\/v2\/users\/1"}],"replies":[{"embeddable":true,"href":"https:\/\/www.antikvar.sk\/blog\/wp-json\/wp\/v2\/comments?post=5610"}],"version-history":[{"count":0,"href":"https:\/\/www.antikvar.sk\/blog\/wp-json\/wp\/v2\/posts\/5610\/revisions"}],"wp:featuredmedia":[{"embeddable":true,"href":"https:\/\/www.antikvar.sk\/blog\/wp-json\/wp\/v2\/media\/5614"}],"wp:attachment":[{"href":"https:\/\/www.antikvar.sk\/blog\/wp-json\/wp\/v2\/media?parent=5610"}],"wp:term":[{"taxonomy":"category","embeddable":true,"href":"https:\/\/www.antikvar.sk\/blog\/wp-json\/wp\/v2\/categories?post=5610"},{"taxonomy":"post_tag","embeddable":true,"href":"https:\/\/www.antikvar.sk\/blog\/wp-json\/wp\/v2\/tags?post=5610"}],"curies":[{"name":"wp","href":"https:\/\/api.w.org\/{rel}","templated":true}]}}