{"id":5578,"date":"2022-08-08T13:44:09","date_gmt":"2022-08-08T11:44:09","guid":{"rendered":"http:\/\/www.antikvar.sk\/blog\/?p=5578"},"modified":"2022-08-09T08:06:40","modified_gmt":"2022-08-09T06:06:40","slug":"nouze-naucila-dalibora-housti-fejton","status":"publish","type":"post","link":"https:\/\/www.antikvar.sk\/blog\/nouze-naucila-dalibora-housti-fejton\/","title":{"rendered":"Nouze nau\u010dila Dalibora housti &#8211; fejt\u00f3n"},"content":{"rendered":"<p style=\"text-align: justify;\"><span style=\"font-size: 14pt;\"><a href=\"https:\/\/www.hlavnespravy.sk\/krajniak-progresivci-liberali-cervene-denniky-ked-uz-principialne-bojujete-proti-fasizmu-odpovedzte-mi-na-jednu-otazku\/2900688\" target=\"_blank\" rel=\"noopener\"><strong><em>&#8222;Minister pr\u00e1ce, soci\u00e1lnych vec\u00ed a rodiny SR Milan Krajniak na soci\u00e1lnej sieti po\u017eiadal progres\u00edvcov, liber\u00e1lov, \u010derven\u00e9 denn\u00edky, ktor\u00e9 u\u017e principi\u00e1lne bojuj\u00fa proti fa\u0161izmu, aby mu odpovedali na jednu ot\u00e1zku. Je ma\u010farsk\u00fd Jobbik fa\u0161istick\u00fd? Pre\u010do ste vtedy nekri\u010dali, \u017ee slu\u0161n\u00fd politik sa nem\u00f4\u017ee nikdy sp\u00e1ja\u0165 s fa\u0161istami? Pre\u010do ste vtedy nekri\u010dali, \u017ee s fa\u0161istami sa nerokuje? Pre\u010do ste vtedy nekri\u010dali, \u017ee ma\u010farsk\u00ed eko-bio-raw liber\u00e1li a progres\u00edvci chc\u00fa hne\u010f za na\u0161imi ju\u017en\u00fdmi hranicami zostavi\u0165 s fa\u0161istami vl\u00e1du? Lebo ste pokrytci. Antifa\u0161isti ste iba vtedy, ke\u010f sa v\u00e1m to hod\u00ed. Ke\u010f sa va\u0161im ma\u010farsk\u00fdm eko-bio-raw progres\u00edvnym kamo\u0161om hodila spolupr\u00e1ca s fa\u0161istami, tak ste boli tich\u00fa\u010dko&#8220;&#8230;<\/em><\/strong><\/a><\/span><\/p>\n<p style=\"text-align: justify;\"><span style=\"font-size: 14pt;\">Viacej si pre\u010d\u00edtate v \u010dl\u00e1nku z ktor\u00e9ho je cit\u00e1cia.<strong><br \/>\n<\/strong><\/span><\/p>\n<p style=\"text-align: justify;\"><span style=\"font-size: 14pt;\">Ak\u00e1 n\u00fadza don\u00fatila Krajniaka,&nbsp; aby takto h\u00fadol si \u013eahko domysl\u00edme<sup class=\"modern-footnotes-footnote \" data-mfn=\"1\" data-mfn-post-scope=\"0000000057ad348700000000577aa431_5578\"><a href=\"javascript:void(0)\"  title=\"Nouze nau\u010dila Dalibora housti. Sv\u00edzeln\u00e1 situace donutila \u010dlov\u011bka d\u011blat n\u011bco, co necht\u011bl a jinak by to ani d\u011blat nesvedl. Pov\u011bst o Daliborovi z Kozojed zn\u00e1me z liter\u00e1rn\u00edho pod\u00e1n\u00ed Aloise Jir\u00e1ska a taky z opery Bed\u0159icha Smetany\"  role=\"button\" aria-pressed=\"false\" aria-describedby=\"mfn-content-0000000057ad348700000000577aa431_5578-1\">1<\/a><\/sup><span id=\"mfn-content-0000000057ad348700000000577aa431_5578-1\" role=\"tooltip\" class=\"modern-footnotes-footnote__note\" tabindex=\"0\" data-mfn=\"1\">Nouze nau\u010dila Dalibora housti. Sv\u00edzeln\u00e1 situace donutila \u010dlov\u011bka d\u011blat n\u011bco, co necht\u011bl a jinak by to ani d\u011blat nesvedl. Pov\u011bst o Daliborovi z Kozojed zn\u00e1me z liter\u00e1rn\u00edho pod\u00e1n\u00ed Aloise Jir\u00e1ska a taky z opery Bed\u0159icha Smetany<\/span>.&nbsp; No viete si predstavi\u0165 tak\u00fa, po ktorej by hrdinsky zakikir\u00edkal, \u017ee cel\u00e1&nbsp; koal\u00edcia, vl\u00e1da, prezidentka sa bratr\u00ed\u010dkuj\u00fa, a keby len to, s fa\u0161istami v Kyjeve?&nbsp; Nemusel by si ani vym\u00fd\u0161\u013ea\u0165 nov\u00e9 odv\u00e1\u017ene vyhl\u00e1senie, sta\u010dilo by, keby citoval s\u00e1m seba a vymenil p\u00e1r slov.&nbsp; Len\u017ee to by bola moment\u00e1lne kone\u010dn\u00e1 jeho s\u013eubne sa rozv\u00edjaj\u00facej politickej kari\u00e9ry.&nbsp;<\/span><\/p>\n<p style=\"text-align: justify;\"><span style=\"font-size: 14pt;\"> Mo\u017eno dnes bol len za\u010diatok a bude&nbsp; odv\u00e1\u017ene pokra\u010dova\u0165, preto\u017ee zavetril, \u017ee niekto za\u010dal pripravova\u0165 dlhodob\u00e9 kurzy hry na husle v Leopoldove pre s\u00fa\u010dasn\u00fdch politikov pri moci. Ak Krajniakove odv\u00e1\u017ene slov\u00e1 nepadn\u00fa na \u00farodn\u00fa p\u00f4du a t\u00ed ktor\u00fdm boli ur\u010den\u00e9 s n\u00e1lepkovan\u00edm fa\u0161istami neprestan\u00fa, m\u00f4\u017ee n\u00e1s te\u0161i\u0165 potom u\u017e iba to, \u017ee ozajstn\u00fd fa\u0161izmus je ten n\u00e1\u0161 dom\u00e1ci &#8211; slovensk\u00fd.&nbsp; V Budape\u0161ti, Kyjeve a v Bruseli s\u00fa prinajhor\u0161om jeho ne\u0161kodn\u00e9 ml\u00e1de\u017en\u00edcke organiz\u00e1cie, s ktor\u00fdmi je mo\u017eno pomocou eurofondov a z na\u0161ich dan\u00ed e\u0161te nejak\u00fd ten r\u00f4\u010dik citlivo a vn\u00edmavo pracova\u0165.<\/span><\/p>\n<p>&nbsp;<\/p>\n<p><span style=\"font-size: 14pt;\">Vysvetlivky<\/span><\/p>\n<p><span style=\"font-size: 14pt;\">1\/ https:\/\/dvojka.rozhlas.cz\/nouze-naucila-dalibora-housti-7602752<\/span><\/p>\n<p>&nbsp;<\/p>\n<p style=\"text-align: justify;\">&nbsp;<\/p>\n<p style=\"text-align: justify;\">&nbsp;<\/p>\n<p style=\"text-align: justify;\">&nbsp;<\/p>\n<p style=\"text-align: justify;\">&nbsp;<\/p>\n<p style=\"text-align: justify;\">&nbsp;<\/p>\n<h5 class=\"modern-footnotes-list-heading \">POZN\u00c1MKY<\/h5><ul class=\"modern-footnotes-list \"><li><span>1<\/span><div>Nouze nau\u010dila Dalibora housti. Sv\u00edzeln\u00e1 situace donutila \u010dlov\u011bka d\u011blat n\u011bco, co necht\u011bl a jinak by to ani d\u011blat nesvedl. Pov\u011bst o Daliborovi z Kozojed zn\u00e1me z liter\u00e1rn\u00edho pod\u00e1n\u00ed Aloise Jir\u00e1ska a taky z opery Bed\u0159icha Smetany<\/div><\/li><\/ul>","protected":false},"excerpt":{"rendered":"<p>&#8222;Minister pr\u00e1ce, soci\u00e1lnych vec\u00ed a rodiny SR Milan Krajniak na soci\u00e1lnej sieti po\u017eiadal progres\u00edvcov, liber\u00e1lov, \u010derven\u00e9 denn\u00edky, ktor\u00e9 u\u017e principi\u00e1lne bojuj\u00fa proti fa\u0161izmu, aby mu odpovedali na jednu ot\u00e1zku. Je ma\u010farsk\u00fd Jobbik fa\u0161istick\u00fd? Pre\u010do ste vtedy nekri\u010dali, \u017ee slu\u0161n\u00fd politik sa nem\u00f4\u017ee nikdy sp\u00e1ja\u0165 s fa\u0161istami? Pre\u010do ste vtedy nekri\u010dali, \u017ee s fa\u0161istami sa nerokuje? [&hellip;]<\/p>\n","protected":false},"author":1,"featured_media":5586,"comment_status":"open","ping_status":"open","sticky":false,"template":"","format":"standard","meta":{"_uag_custom_page_level_css":"","site-sidebar-layout":"default","site-content-layout":"default","ast-site-content-layout":"default","site-content-style":"default","site-sidebar-style":"default","ast-global-header-display":"","ast-banner-title-visibility":"","ast-main-header-display":"","ast-hfb-above-header-display":"","ast-hfb-below-header-display":"","ast-hfb-mobile-header-display":"","site-post-title":"","ast-breadcrumbs-content":"","ast-featured-img":"","footer-sml-layout":"","ast-disable-related-posts":"","theme-transparent-header-meta":"default","adv-header-id-meta":"","stick-header-meta":"","header-above-stick-meta":"","header-main-stick-meta":"","header-below-stick-meta":"","astra-migrate-meta-layouts":"default","ast-page-background-enabled":"default","ast-page-background-meta":{"desktop":{"background-color":"","background-image":"","background-repeat":"repeat","background-position":"center center","background-size":"auto","background-attachment":"scroll","background-type":"","background-media":"","overlay-type":"","overlay-color":"","overlay-opacity":"","overlay-gradient":""},"tablet":{"background-color":"","background-image":"","background-repeat":"repeat","background-position":"center center","background-size":"auto","background-attachment":"scroll","background-type":"","background-media":"","overlay-type":"","overlay-color":"","overlay-opacity":"","overlay-gradient":""},"mobile":{"background-color":"","background-image":"","background-repeat":"repeat","background-position":"center center","background-size":"auto","background-attachment":"scroll","background-type":"","background-media":"","overlay-type":"","overlay-color":"","overlay-opacity":"","overlay-gradient":""}},"ast-content-background-meta":{"desktop":{"background-color":"var(--ast-global-color-5)","background-image":"","background-repeat":"repeat","background-position":"center center","background-size":"auto","background-attachment":"scroll","background-type":"","background-media":"","overlay-type":"","overlay-color":"","overlay-opacity":"","overlay-gradient":""},"tablet":{"background-color":"var(--ast-global-color-5)","background-image":"","background-repeat":"repeat","background-position":"center center","background-size":"auto","background-attachment":"scroll","background-type":"","background-media":"","overlay-type":"","overlay-color":"","overlay-opacity":"","overlay-gradient":""},"mobile":{"background-color":"var(--ast-global-color-5)","background-image":"","background-repeat":"repeat","background-position":"center center","background-size":"auto","background-attachment":"scroll","background-type":"","background-media":"","overlay-type":"","overlay-color":"","overlay-opacity":"","overlay-gradient":""}},"ngg_post_thumbnail":0,"footnotes":""},"categories":[1,6],"tags":[247,248,246],"class_list":["post-5578","post","type-post","status-publish","format-standard","has-post-thumbnail","hentry","category-postrehy-uvahy-aktualne","category-fejtony","tag-husle","tag-krajniak","tag-nudza"],"yoast_head":"<!-- This site is optimized with the Yoast SEO plugin v27.5 - https:\/\/yoast.com\/product\/yoast-seo-wordpress\/ -->\n<title>Nouze nau\u010dila Dalibora housti - fejt\u00f3n - DOMOVINA<\/title>\n<meta name=\"robots\" content=\"index, follow, max-snippet:-1, max-image-preview:large, max-video-preview:-1\" \/>\n<link rel=\"canonical\" href=\"https:\/\/www.antikvar.sk\/blog\/nouze-naucila-dalibora-housti-fejton\/\" \/>\n<meta property=\"og:locale\" content=\"sk_SK\" \/>\n<meta property=\"og:type\" content=\"article\" \/>\n<meta property=\"og:title\" content=\"Nouze nau\u010dila Dalibora housti - fejt\u00f3n - DOMOVINA\" \/>\n<meta property=\"og:description\" content=\"&#8222;Minister pr\u00e1ce, soci\u00e1lnych vec\u00ed a rodiny SR Milan Krajniak na soci\u00e1lnej sieti po\u017eiadal progres\u00edvcov, liber\u00e1lov, \u010derven\u00e9 denn\u00edky, ktor\u00e9 u\u017e principi\u00e1lne bojuj\u00fa proti fa\u0161izmu, aby mu odpovedali na jednu ot\u00e1zku. Je ma\u010farsk\u00fd Jobbik fa\u0161istick\u00fd? Pre\u010do ste vtedy nekri\u010dali, \u017ee slu\u0161n\u00fd politik sa nem\u00f4\u017ee nikdy sp\u00e1ja\u0165 s fa\u0161istami? Pre\u010do ste vtedy nekri\u010dali, \u017ee s fa\u0161istami sa nerokuje? [&hellip;]\" \/>\n<meta property=\"og:url\" content=\"https:\/\/www.antikvar.sk\/blog\/nouze-naucila-dalibora-housti-fejton\/\" \/>\n<meta property=\"og:site_name\" content=\"DOMOVINA\" \/>\n<meta property=\"article:published_time\" content=\"2022-08-08T11:44:09+00:00\" \/>\n<meta property=\"article:modified_time\" content=\"2022-08-09T06:06:40+00:00\" \/>\n<meta property=\"og:image\" content=\"https:\/\/www.antikvar.sk\/blog\/wp-content\/uploads\/2022\/08\/daliborka.jpeg\" \/>\n\t<meta property=\"og:image:width\" content=\"960\" \/>\n\t<meta property=\"og:image:height\" content=\"540\" \/>\n\t<meta property=\"og:image:type\" content=\"image\/jpeg\" \/>\n<meta name=\"author\" content=\"jaropoky\" \/>\n<meta name=\"twitter:card\" content=\"summary_large_image\" \/>\n<meta name=\"twitter:label1\" content=\"Autor\" \/>\n\t<meta name=\"twitter:data1\" content=\"jaropoky\" \/>\n\t<meta name=\"twitter:label2\" content=\"Predpokladan\u00fd \u010das \u010d\u00edtania\" \/>\n\t<meta name=\"twitter:data2\" content=\"2 min\u00faty\" \/>\n<script type=\"application\/ld+json\" class=\"yoast-schema-graph\">{\"@context\":\"https:\\\/\\\/schema.org\",\"@graph\":[{\"@type\":\"Article\",\"@id\":\"https:\\\/\\\/www.antikvar.sk\\\/blog\\\/nouze-naucila-dalibora-housti-fejton\\\/#article\",\"isPartOf\":{\"@id\":\"https:\\\/\\\/www.antikvar.sk\\\/blog\\\/nouze-naucila-dalibora-housti-fejton\\\/\"},\"author\":{\"name\":\"jaropoky\",\"@id\":\"https:\\\/\\\/www.antikvar.sk\\\/blog\\\/#\\\/schema\\\/person\\\/960f1c7c0f38d050499287d3a7924469\"},\"headline\":\"Nouze nau\u010dila Dalibora housti &#8211; fejt\u00f3n\",\"datePublished\":\"2022-08-08T11:44:09+00:00\",\"dateModified\":\"2022-08-09T06:06:40+00:00\",\"mainEntityOfPage\":{\"@id\":\"https:\\\/\\\/www.antikvar.sk\\\/blog\\\/nouze-naucila-dalibora-housti-fejton\\\/\"},\"wordCount\":447,\"commentCount\":0,\"publisher\":{\"@id\":\"https:\\\/\\\/www.antikvar.sk\\\/blog\\\/#\\\/schema\\\/person\\\/960f1c7c0f38d050499287d3a7924469\"},\"image\":{\"@id\":\"https:\\\/\\\/www.antikvar.sk\\\/blog\\\/nouze-naucila-dalibora-housti-fejton\\\/#primaryimage\"},\"thumbnailUrl\":\"https:\\\/\\\/www.antikvar.sk\\\/blog\\\/wp-content\\\/uploads\\\/2022\\\/08\\\/daliborka.jpeg\",\"keywords\":[\"husle\",\"Krajniak\",\"n\u00fadza\"],\"articleSection\":[\"Aktu\u00e1lne postrehy a \u00favahy\",\"Fejt\u00f3ny\"],\"inLanguage\":\"sk-SK\",\"potentialAction\":[{\"@type\":\"CommentAction\",\"name\":\"Comment\",\"target\":[\"https:\\\/\\\/www.antikvar.sk\\\/blog\\\/nouze-naucila-dalibora-housti-fejton\\\/#respond\"]}]},{\"@type\":\"WebPage\",\"@id\":\"https:\\\/\\\/www.antikvar.sk\\\/blog\\\/nouze-naucila-dalibora-housti-fejton\\\/\",\"url\":\"https:\\\/\\\/www.antikvar.sk\\\/blog\\\/nouze-naucila-dalibora-housti-fejton\\\/\",\"name\":\"Nouze nau\u010dila Dalibora housti - fejt\u00f3n - DOMOVINA\",\"isPartOf\":{\"@id\":\"https:\\\/\\\/www.antikvar.sk\\\/blog\\\/#website\"},\"primaryImageOfPage\":{\"@id\":\"https:\\\/\\\/www.antikvar.sk\\\/blog\\\/nouze-naucila-dalibora-housti-fejton\\\/#primaryimage\"},\"image\":{\"@id\":\"https:\\\/\\\/www.antikvar.sk\\\/blog\\\/nouze-naucila-dalibora-housti-fejton\\\/#primaryimage\"},\"thumbnailUrl\":\"https:\\\/\\\/www.antikvar.sk\\\/blog\\\/wp-content\\\/uploads\\\/2022\\\/08\\\/daliborka.jpeg\",\"datePublished\":\"2022-08-08T11:44:09+00:00\",\"dateModified\":\"2022-08-09T06:06:40+00:00\",\"breadcrumb\":{\"@id\":\"https:\\\/\\\/www.antikvar.sk\\\/blog\\\/nouze-naucila-dalibora-housti-fejton\\\/#breadcrumb\"},\"inLanguage\":\"sk-SK\",\"potentialAction\":[{\"@type\":\"ReadAction\",\"target\":[\"https:\\\/\\\/www.antikvar.sk\\\/blog\\\/nouze-naucila-dalibora-housti-fejton\\\/\"]}]},{\"@type\":\"ImageObject\",\"inLanguage\":\"sk-SK\",\"@id\":\"https:\\\/\\\/www.antikvar.sk\\\/blog\\\/nouze-naucila-dalibora-housti-fejton\\\/#primaryimage\",\"url\":\"https:\\\/\\\/www.antikvar.sk\\\/blog\\\/wp-content\\\/uploads\\\/2022\\\/08\\\/daliborka.jpeg\",\"contentUrl\":\"https:\\\/\\\/www.antikvar.sk\\\/blog\\\/wp-content\\\/uploads\\\/2022\\\/08\\\/daliborka.jpeg\",\"width\":960,\"height\":540},{\"@type\":\"BreadcrumbList\",\"@id\":\"https:\\\/\\\/www.antikvar.sk\\\/blog\\\/nouze-naucila-dalibora-housti-fejton\\\/#breadcrumb\",\"itemListElement\":[{\"@type\":\"ListItem\",\"position\":1,\"name\":\"Domovsk\u00e1 str\u00e1nka\",\"item\":\"https:\\\/\\\/www.antikvar.sk\\\/blog\\\/\"},{\"@type\":\"ListItem\",\"position\":2,\"name\":\"Nouze nau\u010dila Dalibora housti &#8211; fejt\u00f3n\"}]},{\"@type\":\"WebSite\",\"@id\":\"https:\\\/\\\/www.antikvar.sk\\\/blog\\\/#website\",\"url\":\"https:\\\/\\\/www.antikvar.sk\\\/blog\\\/\",\"name\":\"DOMOVINA\",\"description\":\"Nezabudnite na svoje rodisko, bez neho je len do pekla schodisko\",\"publisher\":{\"@id\":\"https:\\\/\\\/www.antikvar.sk\\\/blog\\\/#\\\/schema\\\/person\\\/960f1c7c0f38d050499287d3a7924469\"},\"potentialAction\":[{\"@type\":\"SearchAction\",\"target\":{\"@type\":\"EntryPoint\",\"urlTemplate\":\"https:\\\/\\\/www.antikvar.sk\\\/blog\\\/?s={search_term_string}\"},\"query-input\":{\"@type\":\"PropertyValueSpecification\",\"valueRequired\":true,\"valueName\":\"search_term_string\"}}],\"inLanguage\":\"sk-SK\"},{\"@type\":[\"Person\",\"Organization\"],\"@id\":\"https:\\\/\\\/www.antikvar.sk\\\/blog\\\/#\\\/schema\\\/person\\\/960f1c7c0f38d050499287d3a7924469\",\"name\":\"jaropoky\",\"image\":{\"@type\":\"ImageObject\",\"inLanguage\":\"sk-SK\",\"@id\":\"https:\\\/\\\/www.antikvar.sk\\\/blog\\\/wp-content\\\/uploads\\\/2021\\\/04\\\/cropped-cropped-KoreszkaWEB-2.jpg\",\"url\":\"https:\\\/\\\/www.antikvar.sk\\\/blog\\\/wp-content\\\/uploads\\\/2021\\\/04\\\/cropped-cropped-KoreszkaWEB-2.jpg\",\"contentUrl\":\"https:\\\/\\\/www.antikvar.sk\\\/blog\\\/wp-content\\\/uploads\\\/2021\\\/04\\\/cropped-cropped-KoreszkaWEB-2.jpg\",\"width\":863,\"height\":597,\"caption\":\"jaropoky\"},\"logo\":{\"@id\":\"https:\\\/\\\/www.antikvar.sk\\\/blog\\\/wp-content\\\/uploads\\\/2021\\\/04\\\/cropped-cropped-KoreszkaWEB-2.jpg\"},\"description\":\"Zauj\u00edma sa o filozofiu, umenie, pr\u00edrodu a alternat\u00edvnu medic\u00ednu. Bol vedeck\u00fd pracovn\u00edk a \u0161t\u00e1tny zamestnanec, teraz je na d\u00f4chodku.\",\"sameAs\":[\"http:\\\/\\\/www.antikvar.sk\\\/blog\"],\"url\":\"https:\\\/\\\/www.antikvar.sk\\\/blog\\\/author\\\/jaro\\\/\"}]}<\/script>\n<!-- \/ Yoast SEO plugin. -->","yoast_head_json":{"title":"Nouze nau\u010dila Dalibora housti - fejt\u00f3n - DOMOVINA","robots":{"index":"index","follow":"follow","max-snippet":"max-snippet:-1","max-image-preview":"max-image-preview:large","max-video-preview":"max-video-preview:-1"},"canonical":"https:\/\/www.antikvar.sk\/blog\/nouze-naucila-dalibora-housti-fejton\/","og_locale":"sk_SK","og_type":"article","og_title":"Nouze nau\u010dila Dalibora housti - fejt\u00f3n - DOMOVINA","og_description":"&#8222;Minister pr\u00e1ce, soci\u00e1lnych vec\u00ed a rodiny SR Milan Krajniak na soci\u00e1lnej sieti po\u017eiadal progres\u00edvcov, liber\u00e1lov, \u010derven\u00e9 denn\u00edky, ktor\u00e9 u\u017e principi\u00e1lne bojuj\u00fa proti fa\u0161izmu, aby mu odpovedali na jednu ot\u00e1zku. Je ma\u010farsk\u00fd Jobbik fa\u0161istick\u00fd? Pre\u010do ste vtedy nekri\u010dali, \u017ee slu\u0161n\u00fd politik sa nem\u00f4\u017ee nikdy sp\u00e1ja\u0165 s fa\u0161istami? Pre\u010do ste vtedy nekri\u010dali, \u017ee s fa\u0161istami sa nerokuje? [&hellip;]","og_url":"https:\/\/www.antikvar.sk\/blog\/nouze-naucila-dalibora-housti-fejton\/","og_site_name":"DOMOVINA","article_published_time":"2022-08-08T11:44:09+00:00","article_modified_time":"2022-08-09T06:06:40+00:00","og_image":[{"width":960,"height":540,"url":"https:\/\/www.antikvar.sk\/blog\/wp-content\/uploads\/2022\/08\/daliborka.jpeg","type":"image\/jpeg"}],"author":"jaropoky","twitter_card":"summary_large_image","twitter_misc":{"Autor":"jaropoky","Predpokladan\u00fd \u010das \u010d\u00edtania":"2 min\u00faty"},"schema":{"@context":"https:\/\/schema.org","@graph":[{"@type":"Article","@id":"https:\/\/www.antikvar.sk\/blog\/nouze-naucila-dalibora-housti-fejton\/#article","isPartOf":{"@id":"https:\/\/www.antikvar.sk\/blog\/nouze-naucila-dalibora-housti-fejton\/"},"author":{"name":"jaropoky","@id":"https:\/\/www.antikvar.sk\/blog\/#\/schema\/person\/960f1c7c0f38d050499287d3a7924469"},"headline":"Nouze nau\u010dila Dalibora housti &#8211; fejt\u00f3n","datePublished":"2022-08-08T11:44:09+00:00","dateModified":"2022-08-09T06:06:40+00:00","mainEntityOfPage":{"@id":"https:\/\/www.antikvar.sk\/blog\/nouze-naucila-dalibora-housti-fejton\/"},"wordCount":447,"commentCount":0,"publisher":{"@id":"https:\/\/www.antikvar.sk\/blog\/#\/schema\/person\/960f1c7c0f38d050499287d3a7924469"},"image":{"@id":"https:\/\/www.antikvar.sk\/blog\/nouze-naucila-dalibora-housti-fejton\/#primaryimage"},"thumbnailUrl":"https:\/\/www.antikvar.sk\/blog\/wp-content\/uploads\/2022\/08\/daliborka.jpeg","keywords":["husle","Krajniak","n\u00fadza"],"articleSection":["Aktu\u00e1lne postrehy a \u00favahy","Fejt\u00f3ny"],"inLanguage":"sk-SK","potentialAction":[{"@type":"CommentAction","name":"Comment","target":["https:\/\/www.antikvar.sk\/blog\/nouze-naucila-dalibora-housti-fejton\/#respond"]}]},{"@type":"WebPage","@id":"https:\/\/www.antikvar.sk\/blog\/nouze-naucila-dalibora-housti-fejton\/","url":"https:\/\/www.antikvar.sk\/blog\/nouze-naucila-dalibora-housti-fejton\/","name":"Nouze nau\u010dila Dalibora housti - fejt\u00f3n - DOMOVINA","isPartOf":{"@id":"https:\/\/www.antikvar.sk\/blog\/#website"},"primaryImageOfPage":{"@id":"https:\/\/www.antikvar.sk\/blog\/nouze-naucila-dalibora-housti-fejton\/#primaryimage"},"image":{"@id":"https:\/\/www.antikvar.sk\/blog\/nouze-naucila-dalibora-housti-fejton\/#primaryimage"},"thumbnailUrl":"https:\/\/www.antikvar.sk\/blog\/wp-content\/uploads\/2022\/08\/daliborka.jpeg","datePublished":"2022-08-08T11:44:09+00:00","dateModified":"2022-08-09T06:06:40+00:00","breadcrumb":{"@id":"https:\/\/www.antikvar.sk\/blog\/nouze-naucila-dalibora-housti-fejton\/#breadcrumb"},"inLanguage":"sk-SK","potentialAction":[{"@type":"ReadAction","target":["https:\/\/www.antikvar.sk\/blog\/nouze-naucila-dalibora-housti-fejton\/"]}]},{"@type":"ImageObject","inLanguage":"sk-SK","@id":"https:\/\/www.antikvar.sk\/blog\/nouze-naucila-dalibora-housti-fejton\/#primaryimage","url":"https:\/\/www.antikvar.sk\/blog\/wp-content\/uploads\/2022\/08\/daliborka.jpeg","contentUrl":"https:\/\/www.antikvar.sk\/blog\/wp-content\/uploads\/2022\/08\/daliborka.jpeg","width":960,"height":540},{"@type":"BreadcrumbList","@id":"https:\/\/www.antikvar.sk\/blog\/nouze-naucila-dalibora-housti-fejton\/#breadcrumb","itemListElement":[{"@type":"ListItem","position":1,"name":"Domovsk\u00e1 str\u00e1nka","item":"https:\/\/www.antikvar.sk\/blog\/"},{"@type":"ListItem","position":2,"name":"Nouze nau\u010dila Dalibora housti &#8211; fejt\u00f3n"}]},{"@type":"WebSite","@id":"https:\/\/www.antikvar.sk\/blog\/#website","url":"https:\/\/www.antikvar.sk\/blog\/","name":"DOMOVINA","description":"Nezabudnite na svoje rodisko, bez neho je len do pekla schodisko","publisher":{"@id":"https:\/\/www.antikvar.sk\/blog\/#\/schema\/person\/960f1c7c0f38d050499287d3a7924469"},"potentialAction":[{"@type":"SearchAction","target":{"@type":"EntryPoint","urlTemplate":"https:\/\/www.antikvar.sk\/blog\/?s={search_term_string}"},"query-input":{"@type":"PropertyValueSpecification","valueRequired":true,"valueName":"search_term_string"}}],"inLanguage":"sk-SK"},{"@type":["Person","Organization"],"@id":"https:\/\/www.antikvar.sk\/blog\/#\/schema\/person\/960f1c7c0f38d050499287d3a7924469","name":"jaropoky","image":{"@type":"ImageObject","inLanguage":"sk-SK","@id":"https:\/\/www.antikvar.sk\/blog\/wp-content\/uploads\/2021\/04\/cropped-cropped-KoreszkaWEB-2.jpg","url":"https:\/\/www.antikvar.sk\/blog\/wp-content\/uploads\/2021\/04\/cropped-cropped-KoreszkaWEB-2.jpg","contentUrl":"https:\/\/www.antikvar.sk\/blog\/wp-content\/uploads\/2021\/04\/cropped-cropped-KoreszkaWEB-2.jpg","width":863,"height":597,"caption":"jaropoky"},"logo":{"@id":"https:\/\/www.antikvar.sk\/blog\/wp-content\/uploads\/2021\/04\/cropped-cropped-KoreszkaWEB-2.jpg"},"description":"Zauj\u00edma sa o filozofiu, umenie, pr\u00edrodu a alternat\u00edvnu medic\u00ednu. Bol vedeck\u00fd pracovn\u00edk a \u0161t\u00e1tny zamestnanec, teraz je na d\u00f4chodku.","sameAs":["http:\/\/www.antikvar.sk\/blog"],"url":"https:\/\/www.antikvar.sk\/blog\/author\/jaro\/"}]}},"uagb_featured_image_src":{"full":["https:\/\/www.antikvar.sk\/blog\/wp-content\/uploads\/2022\/08\/daliborka.jpeg",960,540,false],"thumbnail":["https:\/\/www.antikvar.sk\/blog\/wp-content\/uploads\/2022\/08\/daliborka-150x150.jpeg",150,150,true],"medium":["https:\/\/www.antikvar.sk\/blog\/wp-content\/uploads\/2022\/08\/daliborka-300x169.jpeg",300,169,true],"medium_large":["https:\/\/www.antikvar.sk\/blog\/wp-content\/uploads\/2022\/08\/daliborka-768x432.jpeg",768,432,true],"large":["https:\/\/www.antikvar.sk\/blog\/wp-content\/uploads\/2022\/08\/daliborka.jpeg",960,540,false],"1536x1536":["https:\/\/www.antikvar.sk\/blog\/wp-content\/uploads\/2022\/08\/daliborka.jpeg",960,540,false],"2048x2048":["https:\/\/www.antikvar.sk\/blog\/wp-content\/uploads\/2022\/08\/daliborka.jpeg",960,540,false],"crp_thumbnail":["https:\/\/www.antikvar.sk\/blog\/wp-content\/uploads\/2022\/08\/daliborka-150x150.jpeg",150,150,true]},"uagb_author_info":{"display_name":"jaropoky","author_link":"https:\/\/www.antikvar.sk\/blog\/author\/jaro\/"},"uagb_comment_info":0,"uagb_excerpt":"&#8222;Minister pr\u00e1ce, soci\u00e1lnych vec\u00ed a rodiny SR Milan Krajniak na soci\u00e1lnej sieti po\u017eiadal progres\u00edvcov, liber\u00e1lov, \u010derven\u00e9 denn\u00edky, ktor\u00e9 u\u017e principi\u00e1lne bojuj\u00fa proti fa\u0161izmu, aby mu odpovedali na jednu ot\u00e1zku. Je ma\u010farsk\u00fd Jobbik fa\u0161istick\u00fd? Pre\u010do ste vtedy nekri\u010dali, \u017ee slu\u0161n\u00fd politik sa nem\u00f4\u017ee nikdy sp\u00e1ja\u0165 s fa\u0161istami? Pre\u010do ste vtedy nekri\u010dali, \u017ee s fa\u0161istami sa nerokuje?&hellip;","_links":{"self":[{"href":"https:\/\/www.antikvar.sk\/blog\/wp-json\/wp\/v2\/posts\/5578","targetHints":{"allow":["GET"]}}],"collection":[{"href":"https:\/\/www.antikvar.sk\/blog\/wp-json\/wp\/v2\/posts"}],"about":[{"href":"https:\/\/www.antikvar.sk\/blog\/wp-json\/wp\/v2\/types\/post"}],"author":[{"embeddable":true,"href":"https:\/\/www.antikvar.sk\/blog\/wp-json\/wp\/v2\/users\/1"}],"replies":[{"embeddable":true,"href":"https:\/\/www.antikvar.sk\/blog\/wp-json\/wp\/v2\/comments?post=5578"}],"version-history":[{"count":0,"href":"https:\/\/www.antikvar.sk\/blog\/wp-json\/wp\/v2\/posts\/5578\/revisions"}],"wp:featuredmedia":[{"embeddable":true,"href":"https:\/\/www.antikvar.sk\/blog\/wp-json\/wp\/v2\/media\/5586"}],"wp:attachment":[{"href":"https:\/\/www.antikvar.sk\/blog\/wp-json\/wp\/v2\/media?parent=5578"}],"wp:term":[{"taxonomy":"category","embeddable":true,"href":"https:\/\/www.antikvar.sk\/blog\/wp-json\/wp\/v2\/categories?post=5578"},{"taxonomy":"post_tag","embeddable":true,"href":"https:\/\/www.antikvar.sk\/blog\/wp-json\/wp\/v2\/tags?post=5578"}],"curies":[{"name":"wp","href":"https:\/\/api.w.org\/{rel}","templated":true}]}}