{"id":4347,"date":"2022-04-12T18:05:59","date_gmt":"2022-04-12T16:05:59","guid":{"rendered":"http:\/\/www.antikvar.sk\/blog\/?p=4347"},"modified":"2022-04-14T19:21:30","modified_gmt":"2022-04-14T17:21:30","slug":"informacny-rasizmus","status":"publish","type":"post","link":"https:\/\/www.antikvar.sk\/blog\/informacny-rasizmus\/","title":{"rendered":"Informa\u010dn\u00fd rasizmus &#8211; ve\u013eavravn\u00fd neologizmus &#8211; fejt\u00f3n"},"content":{"rendered":"<p style=\"text-align: justify;\">Keby nebola vyn\u00e1jden\u00e1 informa\u010dn\u00e1 vojna a sankcie, ve\u013emi pravdepodobne by sme dnes boli na p\u00e1r dn\u00ed svedkami kone\u010dnej f\u00e1zy III. svetovej vojny a z\u00e1videli by sme \u0161\u0165astlivcom, ktor\u00ed sa nach\u00e1dzali v epicentr\u00e1ch v\u00fdbuchov at\u00f3mov\u00fdch b\u00f4mb.<\/p>\n<p style=\"text-align: justify;\">Kolekt\u00edvnemu z\u00e1padu, ako ho naz\u00fdvaj\u00fa na\u0161i moment\u00e1lni \u00fahlavn\u00ed nepriatelia Rusi, by ni\u010d in\u00e9, aby nestratili tv\u00e1r, nezost\u00e1valo. Americk\u00fd Land and lease zbran\u00ed je len arogantn\u00fd sp\u00f4sob ako zarobi\u0165 na cudzom ne\u0161\u0165ast\u00ed a ok\u00e1zal\u00e9 dary a ich kritika napr. syst\u00e9mov S-300 s\u00fa iba z\u00fafale PR politikov &#8211; efekt je len medi\u00e1lne efem\u00e9rny.<\/p>\n<p style=\"text-align: justify;\">Na\u0161\u0165astie je tu st\u00e1le \u010do zdokonalova\u0165 v oblasti technol\u00f3gi\u00ed informa\u010dnej vojny, aby sme nemuseli obliec\u0165 mask\u00e1\u010de a vypochodova\u0165 na v\u00fdchod, ke\u010f u\u017e chceme br\u00e1ni\u0165 neviem ak\u00e9 eur\u00f3pske hodnoty. V opa\u010dnom pr\u00edpade,&nbsp; by sme to boli ur\u010dite my, \u010do by sme iniciat\u00edvne pod velen\u00edm odv\u00e1\u017eneho Macka, ako prv\u00fd za\u00fato\u010dili na krvila\u010dn\u00fdch aziatov.<\/p>\n<p style=\"text-align: justify;\"><strong>Na kovidovom polyg\u00f3ne si na n\u00e1s vysk\u00fa\u0161ali a teraz priviedli do dokonalosti informa\u010dn\u00fd rasizmus,&nbsp; ktor\u00fd znamen\u00e1 v praxi to\u013eko, \u017ee Rus nech hovor\u00ed \u010doko\u013evek, nikdy to nem\u00f4\u017ee by\u0165 pravda.<\/strong> Po tomto u\u017e m\u00f4\u017ee len nasledova\u0165 systematick\u00fd informa\u010dn\u00fd holocaust alebo informa\u010dn\u00e1 genoc\u00edda. O informa\u010dnej genoc\u00edde hovorila 12.4.2022 M. Zacharovov\u00e1 v rozhovore pre Rosija 24, \u010do znamen\u00e1, \u017ee to funguje. Pokia\u013e samozrejme neprijmeme informa\u010dne rasistick\u00fa t\u00e9zu, \u017ee Rus-Ruska nem\u00f4\u017eu nikdy hovori\u0165 pravdu.&nbsp; Ako to vlastne je, si m\u00f4\u017eme najlep\u0161ie overi\u0165 na na\u0161ej ko\u017ei, len\u017ee v tomto pr\u00edpade na\u0161ich m\u00e9di\u00ed, na\u0161ich politikov nem\u00f4\u017eeme hovori\u0165 o rasizme. Jedine, \u017ee by sme pochopili, \u017ee patria k inej rase.&nbsp;&nbsp;<\/p>\n<p style=\"text-align: justify;\">&nbsp;<\/p>\n<p style=\"text-align: justify;\"><strong>Vysvetlivky:<\/strong><\/p>\n<p style=\"text-align: justify;\">Nevedel som sa rozhodn\u00fa\u0165, ak\u00fd pou\u017eijem ilustra\u010dn\u00fd obr\u00e1zok, no na druh\u00fd de\u0148 po tom, \u010do som dokon\u010dil fejt\u00f3n, mi pri\u0161iel mailom od priate\u013ea \u00fadajne vtip, ktor\u00fd v\u0161etko vyrie\u0161il.<\/p>\n<p style=\"text-align: justify;\">Text vtipu nasleduje:<\/p>\n<p style=\"text-align: justify;\">Do tyg\u0159\u00edho v\u00fdb\u011bhu v ZOO se z\u0159\u00edt\u00ed mal\u00e9 d\u00edt\u011b. P\u00e1n, kter\u00fd stoj\u00ed vedle s pivem v ruce zahod\u00ed kel\u00edmek, vrhne se p\u0159ed bl\u00ed\u017e\u00edc\u00edho se tygra a d\u00edt\u011b z v\u00fdb\u011bhu vyt\u00e1hne. &#8222;Pane, zachoval jste se jako hrdina, d\u011bkuji moc!&#8220; se slzami v o\u010d\u00edch d\u011bkuje mu\u017ei maminka zachr\u00e1n\u011bn\u00e9ho d\u00edt\u011bte. &#8222;\u041d\u0438\u0447\u0435\u0433\u043e \u0441\u0442\u0440\u0430\u0448\u043d\u043e\u0433\u043e, \u0432\u0441\u0435 \u0431\u044b \u0442\u0430\u043a \u0441\u0434\u0435\u043b\u0430\u043b\u0438&#8220;, odv\u011bt\u00ed rusky mu\u017e a jde si v klidu ke st\u00e1nku pro dal\u0161\u00ed pivo. Toho dne ve\u010der hlavn\u00ed zpr\u00e1vy v\u017edy objektivn\u00ed \u010cesk\u00e9 televize za\u010d\u00ednaj\u00ed sd\u011blen\u00edm: &#8222;Opil\u00fd Rus v pra\u017esk\u00e9 ZOO okradl tygra o j\u00eddlo!&#8220;.<\/p>\n<p style=\"text-align: justify;\">\u0160koda len, \u017ee chlapec v pr\u00edbehu, ke\u010f u\u017e mal niekde spadn\u00fa\u0165, nespadol do v\u00fdbehu medve\u010fa. Medve\u010f, ktor\u00fd si l\u00ed\u017ee ubolen\u00e9 laby, by bol pre ilustr\u00e1ciu fejt\u00f3nu vhodnej\u0161\u00ed. Asi sa to tak nemohlo sta\u0165, lebo predpoklad\u00e1m, \u017ee vo v\u0161etk\u00fdch ZOO v Kolekt\u00edvnom z\u00e1pade bol medve\u010f z politick\u00fdch d\u00f4vodov nahraden\u00fd medved\u00edkom \u010distotn\u00fdm, ktor\u00fd poch\u00e1dza so Severnej Ameriky. Ke\u010f nie fyzicky, tak aspo\u0148 vymenili n\u00e1zov expon\u00e1tu. T\u00fa\u017eba mal\u00fdch medved\u00edkov sta\u0165 sa ve\u013ek\u00fdm medve\u010fom sa kone\u010dne splnila. Aj v tomto je ur\u010dit\u00e1 paralela, ktor\u00fa nebudem rozobera\u0165.<\/p>\n<figure style=\"width: 199px\" class=\"wp-caption alignnone\"><img loading=\"lazy\" decoding=\"async\" class=\"rg_i Q4LuWd\" src=\"https:\/\/encrypted-tbn0.gstatic.com\/images?q=tbn:ANd9GcRslD0-XQrDJvK1wObJr61cyr-wSv6D-JgrCxs1bpeZhp5YzCvTrcQW64Ql8IL6f0HjDWg&amp;usqp=CAU\" alt=\"Medved\u00edk \u010cistotn\u00fd... - Medved\u00edk \u010cistotn\u00fd fans \/ Raccoon fans\" data-noaft=\"1\" width=\"199\" height=\"265\"><figcaption class=\"wp-caption-text\">Medved\u00edk \u010distotn\u00fd<\/figcaption><\/figure>\n<p style=\"text-align: justify;\">&nbsp;<\/p>\n<p style=\"text-align: justify;\">&nbsp;<\/p>\n<p style=\"text-align: justify;\">&nbsp;<\/p>\n<p style=\"text-align: justify;\">&nbsp;<\/p>\n<p style=\"text-align: justify;\">&nbsp;<\/p>\n<p style=\"text-align: justify;\">&nbsp;<\/p>\n<p style=\"text-align: justify;\">&nbsp;<\/p>\n","protected":false},"excerpt":{"rendered":"<p>Keby nebola vyn\u00e1jden\u00e1 informa\u010dn\u00e1 vojna a sankcie, ve\u013emi pravdepodobne by sme dnes boli na p\u00e1r dn\u00ed svedkami kone\u010dnej f\u00e1zy III. svetovej vojny a z\u00e1videli by sme \u0161\u0165astlivcom, ktor\u00ed sa nach\u00e1dzali v epicentr\u00e1ch v\u00fdbuchov at\u00f3mov\u00fdch b\u00f4mb. Kolekt\u00edvnemu z\u00e1padu, ako ho naz\u00fdvaj\u00fa na\u0161i moment\u00e1lni \u00fahlavn\u00ed nepriatelia Rusi, by ni\u010d in\u00e9, aby nestratili tv\u00e1r, nezost\u00e1valo. Americk\u00fd Land and [&hellip;]<\/p>\n","protected":false},"author":1,"featured_media":4368,"comment_status":"open","ping_status":"open","sticky":false,"template":"","format":"standard","meta":{"_uag_custom_page_level_css":"","site-sidebar-layout":"default","site-content-layout":"default","ast-site-content-layout":"default","site-content-style":"default","site-sidebar-style":"default","ast-global-header-display":"","ast-banner-title-visibility":"","ast-main-header-display":"","ast-hfb-above-header-display":"","ast-hfb-below-header-display":"","ast-hfb-mobile-header-display":"","site-post-title":"","ast-breadcrumbs-content":"","ast-featured-img":"","footer-sml-layout":"","ast-disable-related-posts":"","theme-transparent-header-meta":"default","adv-header-id-meta":"","stick-header-meta":"","header-above-stick-meta":"","header-main-stick-meta":"","header-below-stick-meta":"","astra-migrate-meta-layouts":"default","ast-page-background-enabled":"default","ast-page-background-meta":{"desktop":{"background-color":"","background-image":"","background-repeat":"repeat","background-position":"center center","background-size":"auto","background-attachment":"scroll","background-type":"","background-media":"","overlay-type":"","overlay-color":"","overlay-opacity":"","overlay-gradient":""},"tablet":{"background-color":"","background-image":"","background-repeat":"repeat","background-position":"center center","background-size":"auto","background-attachment":"scroll","background-type":"","background-media":"","overlay-type":"","overlay-color":"","overlay-opacity":"","overlay-gradient":""},"mobile":{"background-color":"","background-image":"","background-repeat":"repeat","background-position":"center center","background-size":"auto","background-attachment":"scroll","background-type":"","background-media":"","overlay-type":"","overlay-color":"","overlay-opacity":"","overlay-gradient":""}},"ast-content-background-meta":{"desktop":{"background-color":"var(--ast-global-color-5)","background-image":"","background-repeat":"repeat","background-position":"center center","background-size":"auto","background-attachment":"scroll","background-type":"","background-media":"","overlay-type":"","overlay-color":"","overlay-opacity":"","overlay-gradient":""},"tablet":{"background-color":"var(--ast-global-color-5)","background-image":"","background-repeat":"repeat","background-position":"center center","background-size":"auto","background-attachment":"scroll","background-type":"","background-media":"","overlay-type":"","overlay-color":"","overlay-opacity":"","overlay-gradient":""},"mobile":{"background-color":"var(--ast-global-color-5)","background-image":"","background-repeat":"repeat","background-position":"center center","background-size":"auto","background-attachment":"scroll","background-type":"","background-media":"","overlay-type":"","overlay-color":"","overlay-opacity":"","overlay-gradient":""}},"ngg_post_thumbnail":0,"footnotes":""},"categories":[1],"tags":[223,224],"class_list":["post-4347","post","type-post","status-publish","format-standard","has-post-thumbnail","hentry","category-postrehy-uvahy-aktualne","tag-informacny-rasizmus","tag-medviedik-cistotny"],"yoast_head":"<!-- This site is optimized with the Yoast SEO plugin v27.4 - https:\/\/yoast.com\/product\/yoast-seo-wordpress\/ -->\n<title>Informa\u010dn\u00fd rasizmus - ve\u013eavravn\u00fd neologizmus - fejt\u00f3n - DOMOVINA<\/title>\n<meta name=\"description\" content=\"Informa\u010dn\u00fd rasizmus - fejt\u00f3n\" \/>\n<meta name=\"robots\" content=\"index, follow, max-snippet:-1, max-image-preview:large, max-video-preview:-1\" \/>\n<link rel=\"canonical\" href=\"https:\/\/www.antikvar.sk\/blog\/informacny-rasizmus\/\" \/>\n<meta property=\"og:locale\" content=\"sk_SK\" \/>\n<meta property=\"og:type\" content=\"article\" \/>\n<meta property=\"og:title\" content=\"Informa\u010dn\u00fd rasizmus - ve\u013eavravn\u00fd neologizmus - fejt\u00f3n - DOMOVINA\" \/>\n<meta property=\"og:description\" content=\"Informa\u010dn\u00fd rasizmus - fejt\u00f3n\" \/>\n<meta property=\"og:url\" content=\"https:\/\/www.antikvar.sk\/blog\/informacny-rasizmus\/\" \/>\n<meta property=\"og:site_name\" content=\"DOMOVINA\" \/>\n<meta property=\"article:published_time\" content=\"2022-04-12T16:05:59+00:00\" \/>\n<meta property=\"article:modified_time\" content=\"2022-04-14T17:21:30+00:00\" \/>\n<meta property=\"og:image\" content=\"https:\/\/www.antikvar.sk\/blog\/wp-content\/uploads\/2022\/04\/tyger.jpg\" \/>\n\t<meta property=\"og:image:width\" content=\"622\" \/>\n\t<meta property=\"og:image:height\" content=\"415\" \/>\n\t<meta property=\"og:image:type\" content=\"image\/jpeg\" \/>\n<meta name=\"author\" content=\"jaropoky\" \/>\n<meta name=\"twitter:card\" content=\"summary_large_image\" \/>\n<meta name=\"twitter:label1\" content=\"Autor\" \/>\n\t<meta name=\"twitter:data1\" content=\"jaropoky\" \/>\n\t<meta name=\"twitter:label2\" content=\"Predpokladan\u00fd \u010das \u010d\u00edtania\" \/>\n\t<meta name=\"twitter:data2\" content=\"3 min\u00faty\" \/>\n<script type=\"application\/ld+json\" class=\"yoast-schema-graph\">{\"@context\":\"https:\\\/\\\/schema.org\",\"@graph\":[{\"@type\":\"Article\",\"@id\":\"https:\\\/\\\/www.antikvar.sk\\\/blog\\\/informacny-rasizmus\\\/#article\",\"isPartOf\":{\"@id\":\"https:\\\/\\\/www.antikvar.sk\\\/blog\\\/informacny-rasizmus\\\/\"},\"author\":{\"name\":\"jaropoky\",\"@id\":\"https:\\\/\\\/www.antikvar.sk\\\/blog\\\/#\\\/schema\\\/person\\\/960f1c7c0f38d050499287d3a7924469\"},\"headline\":\"Informa\u010dn\u00fd rasizmus &#8211; ve\u013eavravn\u00fd neologizmus &#8211; fejt\u00f3n\",\"datePublished\":\"2022-04-12T16:05:59+00:00\",\"dateModified\":\"2022-04-14T17:21:30+00:00\",\"mainEntityOfPage\":{\"@id\":\"https:\\\/\\\/www.antikvar.sk\\\/blog\\\/informacny-rasizmus\\\/\"},\"wordCount\":644,\"commentCount\":0,\"publisher\":{\"@id\":\"https:\\\/\\\/www.antikvar.sk\\\/blog\\\/#\\\/schema\\\/person\\\/960f1c7c0f38d050499287d3a7924469\"},\"image\":{\"@id\":\"https:\\\/\\\/www.antikvar.sk\\\/blog\\\/informacny-rasizmus\\\/#primaryimage\"},\"thumbnailUrl\":\"https:\\\/\\\/www.antikvar.sk\\\/blog\\\/wp-content\\\/uploads\\\/2022\\\/04\\\/tyger.jpg\",\"keywords\":[\"informa\u010dn\u00fd rasizmus\",\"medviedik \u010distotn\u00fd\"],\"articleSection\":[\"Aktu\u00e1lne postrehy a \u00favahy\"],\"inLanguage\":\"sk-SK\",\"potentialAction\":[{\"@type\":\"CommentAction\",\"name\":\"Comment\",\"target\":[\"https:\\\/\\\/www.antikvar.sk\\\/blog\\\/informacny-rasizmus\\\/#respond\"]}]},{\"@type\":\"WebPage\",\"@id\":\"https:\\\/\\\/www.antikvar.sk\\\/blog\\\/informacny-rasizmus\\\/\",\"url\":\"https:\\\/\\\/www.antikvar.sk\\\/blog\\\/informacny-rasizmus\\\/\",\"name\":\"Informa\u010dn\u00fd rasizmus - ve\u013eavravn\u00fd neologizmus - fejt\u00f3n - DOMOVINA\",\"isPartOf\":{\"@id\":\"https:\\\/\\\/www.antikvar.sk\\\/blog\\\/#website\"},\"primaryImageOfPage\":{\"@id\":\"https:\\\/\\\/www.antikvar.sk\\\/blog\\\/informacny-rasizmus\\\/#primaryimage\"},\"image\":{\"@id\":\"https:\\\/\\\/www.antikvar.sk\\\/blog\\\/informacny-rasizmus\\\/#primaryimage\"},\"thumbnailUrl\":\"https:\\\/\\\/www.antikvar.sk\\\/blog\\\/wp-content\\\/uploads\\\/2022\\\/04\\\/tyger.jpg\",\"datePublished\":\"2022-04-12T16:05:59+00:00\",\"dateModified\":\"2022-04-14T17:21:30+00:00\",\"description\":\"Informa\u010dn\u00fd rasizmus - fejt\u00f3n\",\"breadcrumb\":{\"@id\":\"https:\\\/\\\/www.antikvar.sk\\\/blog\\\/informacny-rasizmus\\\/#breadcrumb\"},\"inLanguage\":\"sk-SK\",\"potentialAction\":[{\"@type\":\"ReadAction\",\"target\":[\"https:\\\/\\\/www.antikvar.sk\\\/blog\\\/informacny-rasizmus\\\/\"]}]},{\"@type\":\"ImageObject\",\"inLanguage\":\"sk-SK\",\"@id\":\"https:\\\/\\\/www.antikvar.sk\\\/blog\\\/informacny-rasizmus\\\/#primaryimage\",\"url\":\"https:\\\/\\\/www.antikvar.sk\\\/blog\\\/wp-content\\\/uploads\\\/2022\\\/04\\\/tyger.jpg\",\"contentUrl\":\"https:\\\/\\\/www.antikvar.sk\\\/blog\\\/wp-content\\\/uploads\\\/2022\\\/04\\\/tyger.jpg\",\"width\":622,\"height\":415,\"caption\":\"tyger\"},{\"@type\":\"BreadcrumbList\",\"@id\":\"https:\\\/\\\/www.antikvar.sk\\\/blog\\\/informacny-rasizmus\\\/#breadcrumb\",\"itemListElement\":[{\"@type\":\"ListItem\",\"position\":1,\"name\":\"Domovsk\u00e1 str\u00e1nka\",\"item\":\"https:\\\/\\\/www.antikvar.sk\\\/blog\\\/\"},{\"@type\":\"ListItem\",\"position\":2,\"name\":\"Informa\u010dn\u00fd rasizmus &#8211; ve\u013eavravn\u00fd neologizmus &#8211; fejt\u00f3n\"}]},{\"@type\":\"WebSite\",\"@id\":\"https:\\\/\\\/www.antikvar.sk\\\/blog\\\/#website\",\"url\":\"https:\\\/\\\/www.antikvar.sk\\\/blog\\\/\",\"name\":\"DOMOVINA\",\"description\":\"Nezabudnite na svoje rodisko, bez neho je len do pekla schodisko\",\"publisher\":{\"@id\":\"https:\\\/\\\/www.antikvar.sk\\\/blog\\\/#\\\/schema\\\/person\\\/960f1c7c0f38d050499287d3a7924469\"},\"potentialAction\":[{\"@type\":\"SearchAction\",\"target\":{\"@type\":\"EntryPoint\",\"urlTemplate\":\"https:\\\/\\\/www.antikvar.sk\\\/blog\\\/?s={search_term_string}\"},\"query-input\":{\"@type\":\"PropertyValueSpecification\",\"valueRequired\":true,\"valueName\":\"search_term_string\"}}],\"inLanguage\":\"sk-SK\"},{\"@type\":[\"Person\",\"Organization\"],\"@id\":\"https:\\\/\\\/www.antikvar.sk\\\/blog\\\/#\\\/schema\\\/person\\\/960f1c7c0f38d050499287d3a7924469\",\"name\":\"jaropoky\",\"image\":{\"@type\":\"ImageObject\",\"inLanguage\":\"sk-SK\",\"@id\":\"https:\\\/\\\/www.antikvar.sk\\\/blog\\\/wp-content\\\/uploads\\\/2021\\\/04\\\/cropped-cropped-KoreszkaWEB-2.jpg\",\"url\":\"https:\\\/\\\/www.antikvar.sk\\\/blog\\\/wp-content\\\/uploads\\\/2021\\\/04\\\/cropped-cropped-KoreszkaWEB-2.jpg\",\"contentUrl\":\"https:\\\/\\\/www.antikvar.sk\\\/blog\\\/wp-content\\\/uploads\\\/2021\\\/04\\\/cropped-cropped-KoreszkaWEB-2.jpg\",\"width\":863,\"height\":597,\"caption\":\"jaropoky\"},\"logo\":{\"@id\":\"https:\\\/\\\/www.antikvar.sk\\\/blog\\\/wp-content\\\/uploads\\\/2021\\\/04\\\/cropped-cropped-KoreszkaWEB-2.jpg\"},\"description\":\"Zauj\u00edma sa o filozofiu, umenie, pr\u00edrodu a alternat\u00edvnu medic\u00ednu. Bol vedeck\u00fd pracovn\u00edk a \u0161t\u00e1tny zamestnanec, teraz je na d\u00f4chodku.\",\"sameAs\":[\"http:\\\/\\\/www.antikvar.sk\\\/blog\"],\"url\":\"https:\\\/\\\/www.antikvar.sk\\\/blog\\\/author\\\/jaro\\\/\"}]}<\/script>\n<!-- \/ Yoast SEO plugin. -->","yoast_head_json":{"title":"Informa\u010dn\u00fd rasizmus - ve\u013eavravn\u00fd neologizmus - fejt\u00f3n - DOMOVINA","description":"Informa\u010dn\u00fd rasizmus - fejt\u00f3n","robots":{"index":"index","follow":"follow","max-snippet":"max-snippet:-1","max-image-preview":"max-image-preview:large","max-video-preview":"max-video-preview:-1"},"canonical":"https:\/\/www.antikvar.sk\/blog\/informacny-rasizmus\/","og_locale":"sk_SK","og_type":"article","og_title":"Informa\u010dn\u00fd rasizmus - ve\u013eavravn\u00fd neologizmus - fejt\u00f3n - DOMOVINA","og_description":"Informa\u010dn\u00fd rasizmus - fejt\u00f3n","og_url":"https:\/\/www.antikvar.sk\/blog\/informacny-rasizmus\/","og_site_name":"DOMOVINA","article_published_time":"2022-04-12T16:05:59+00:00","article_modified_time":"2022-04-14T17:21:30+00:00","og_image":[{"width":622,"height":415,"url":"https:\/\/www.antikvar.sk\/blog\/wp-content\/uploads\/2022\/04\/tyger.jpg","type":"image\/jpeg"}],"author":"jaropoky","twitter_card":"summary_large_image","twitter_misc":{"Autor":"jaropoky","Predpokladan\u00fd \u010das \u010d\u00edtania":"3 min\u00faty"},"schema":{"@context":"https:\/\/schema.org","@graph":[{"@type":"Article","@id":"https:\/\/www.antikvar.sk\/blog\/informacny-rasizmus\/#article","isPartOf":{"@id":"https:\/\/www.antikvar.sk\/blog\/informacny-rasizmus\/"},"author":{"name":"jaropoky","@id":"https:\/\/www.antikvar.sk\/blog\/#\/schema\/person\/960f1c7c0f38d050499287d3a7924469"},"headline":"Informa\u010dn\u00fd rasizmus &#8211; ve\u013eavravn\u00fd neologizmus &#8211; fejt\u00f3n","datePublished":"2022-04-12T16:05:59+00:00","dateModified":"2022-04-14T17:21:30+00:00","mainEntityOfPage":{"@id":"https:\/\/www.antikvar.sk\/blog\/informacny-rasizmus\/"},"wordCount":644,"commentCount":0,"publisher":{"@id":"https:\/\/www.antikvar.sk\/blog\/#\/schema\/person\/960f1c7c0f38d050499287d3a7924469"},"image":{"@id":"https:\/\/www.antikvar.sk\/blog\/informacny-rasizmus\/#primaryimage"},"thumbnailUrl":"https:\/\/www.antikvar.sk\/blog\/wp-content\/uploads\/2022\/04\/tyger.jpg","keywords":["informa\u010dn\u00fd rasizmus","medviedik \u010distotn\u00fd"],"articleSection":["Aktu\u00e1lne postrehy a \u00favahy"],"inLanguage":"sk-SK","potentialAction":[{"@type":"CommentAction","name":"Comment","target":["https:\/\/www.antikvar.sk\/blog\/informacny-rasizmus\/#respond"]}]},{"@type":"WebPage","@id":"https:\/\/www.antikvar.sk\/blog\/informacny-rasizmus\/","url":"https:\/\/www.antikvar.sk\/blog\/informacny-rasizmus\/","name":"Informa\u010dn\u00fd rasizmus - ve\u013eavravn\u00fd neologizmus - fejt\u00f3n - DOMOVINA","isPartOf":{"@id":"https:\/\/www.antikvar.sk\/blog\/#website"},"primaryImageOfPage":{"@id":"https:\/\/www.antikvar.sk\/blog\/informacny-rasizmus\/#primaryimage"},"image":{"@id":"https:\/\/www.antikvar.sk\/blog\/informacny-rasizmus\/#primaryimage"},"thumbnailUrl":"https:\/\/www.antikvar.sk\/blog\/wp-content\/uploads\/2022\/04\/tyger.jpg","datePublished":"2022-04-12T16:05:59+00:00","dateModified":"2022-04-14T17:21:30+00:00","description":"Informa\u010dn\u00fd rasizmus - fejt\u00f3n","breadcrumb":{"@id":"https:\/\/www.antikvar.sk\/blog\/informacny-rasizmus\/#breadcrumb"},"inLanguage":"sk-SK","potentialAction":[{"@type":"ReadAction","target":["https:\/\/www.antikvar.sk\/blog\/informacny-rasizmus\/"]}]},{"@type":"ImageObject","inLanguage":"sk-SK","@id":"https:\/\/www.antikvar.sk\/blog\/informacny-rasizmus\/#primaryimage","url":"https:\/\/www.antikvar.sk\/blog\/wp-content\/uploads\/2022\/04\/tyger.jpg","contentUrl":"https:\/\/www.antikvar.sk\/blog\/wp-content\/uploads\/2022\/04\/tyger.jpg","width":622,"height":415,"caption":"tyger"},{"@type":"BreadcrumbList","@id":"https:\/\/www.antikvar.sk\/blog\/informacny-rasizmus\/#breadcrumb","itemListElement":[{"@type":"ListItem","position":1,"name":"Domovsk\u00e1 str\u00e1nka","item":"https:\/\/www.antikvar.sk\/blog\/"},{"@type":"ListItem","position":2,"name":"Informa\u010dn\u00fd rasizmus &#8211; ve\u013eavravn\u00fd neologizmus &#8211; fejt\u00f3n"}]},{"@type":"WebSite","@id":"https:\/\/www.antikvar.sk\/blog\/#website","url":"https:\/\/www.antikvar.sk\/blog\/","name":"DOMOVINA","description":"Nezabudnite na svoje rodisko, bez neho je len do pekla schodisko","publisher":{"@id":"https:\/\/www.antikvar.sk\/blog\/#\/schema\/person\/960f1c7c0f38d050499287d3a7924469"},"potentialAction":[{"@type":"SearchAction","target":{"@type":"EntryPoint","urlTemplate":"https:\/\/www.antikvar.sk\/blog\/?s={search_term_string}"},"query-input":{"@type":"PropertyValueSpecification","valueRequired":true,"valueName":"search_term_string"}}],"inLanguage":"sk-SK"},{"@type":["Person","Organization"],"@id":"https:\/\/www.antikvar.sk\/blog\/#\/schema\/person\/960f1c7c0f38d050499287d3a7924469","name":"jaropoky","image":{"@type":"ImageObject","inLanguage":"sk-SK","@id":"https:\/\/www.antikvar.sk\/blog\/wp-content\/uploads\/2021\/04\/cropped-cropped-KoreszkaWEB-2.jpg","url":"https:\/\/www.antikvar.sk\/blog\/wp-content\/uploads\/2021\/04\/cropped-cropped-KoreszkaWEB-2.jpg","contentUrl":"https:\/\/www.antikvar.sk\/blog\/wp-content\/uploads\/2021\/04\/cropped-cropped-KoreszkaWEB-2.jpg","width":863,"height":597,"caption":"jaropoky"},"logo":{"@id":"https:\/\/www.antikvar.sk\/blog\/wp-content\/uploads\/2021\/04\/cropped-cropped-KoreszkaWEB-2.jpg"},"description":"Zauj\u00edma sa o filozofiu, umenie, pr\u00edrodu a alternat\u00edvnu medic\u00ednu. Bol vedeck\u00fd pracovn\u00edk a \u0161t\u00e1tny zamestnanec, teraz je na d\u00f4chodku.","sameAs":["http:\/\/www.antikvar.sk\/blog"],"url":"https:\/\/www.antikvar.sk\/blog\/author\/jaro\/"}]}},"uagb_featured_image_src":{"full":["https:\/\/www.antikvar.sk\/blog\/wp-content\/uploads\/2022\/04\/tyger.jpg",622,415,false],"thumbnail":["https:\/\/www.antikvar.sk\/blog\/wp-content\/uploads\/2022\/04\/tyger-150x150.jpg",150,150,true],"medium":["https:\/\/www.antikvar.sk\/blog\/wp-content\/uploads\/2022\/04\/tyger-300x200.jpg",300,200,true],"medium_large":["https:\/\/www.antikvar.sk\/blog\/wp-content\/uploads\/2022\/04\/tyger.jpg",622,415,false],"large":["https:\/\/www.antikvar.sk\/blog\/wp-content\/uploads\/2022\/04\/tyger.jpg",622,415,false],"1536x1536":["https:\/\/www.antikvar.sk\/blog\/wp-content\/uploads\/2022\/04\/tyger.jpg",622,415,false],"2048x2048":["https:\/\/www.antikvar.sk\/blog\/wp-content\/uploads\/2022\/04\/tyger.jpg",622,415,false],"crp_thumbnail":["https:\/\/www.antikvar.sk\/blog\/wp-content\/uploads\/2022\/04\/tyger.jpg",150,100,false]},"uagb_author_info":{"display_name":"jaropoky","author_link":"https:\/\/www.antikvar.sk\/blog\/author\/jaro\/"},"uagb_comment_info":0,"uagb_excerpt":"Keby nebola vyn\u00e1jden\u00e1 informa\u010dn\u00e1 vojna a sankcie, ve\u013emi pravdepodobne by sme dnes boli na p\u00e1r dn\u00ed svedkami kone\u010dnej f\u00e1zy III. svetovej vojny a z\u00e1videli by sme \u0161\u0165astlivcom, ktor\u00ed sa nach\u00e1dzali v epicentr\u00e1ch v\u00fdbuchov at\u00f3mov\u00fdch b\u00f4mb. Kolekt\u00edvnemu z\u00e1padu, ako ho naz\u00fdvaj\u00fa na\u0161i moment\u00e1lni \u00fahlavn\u00ed nepriatelia Rusi, by ni\u010d in\u00e9, aby nestratili tv\u00e1r, nezost\u00e1valo. Americk\u00fd Land and&hellip;","_links":{"self":[{"href":"https:\/\/www.antikvar.sk\/blog\/wp-json\/wp\/v2\/posts\/4347","targetHints":{"allow":["GET"]}}],"collection":[{"href":"https:\/\/www.antikvar.sk\/blog\/wp-json\/wp\/v2\/posts"}],"about":[{"href":"https:\/\/www.antikvar.sk\/blog\/wp-json\/wp\/v2\/types\/post"}],"author":[{"embeddable":true,"href":"https:\/\/www.antikvar.sk\/blog\/wp-json\/wp\/v2\/users\/1"}],"replies":[{"embeddable":true,"href":"https:\/\/www.antikvar.sk\/blog\/wp-json\/wp\/v2\/comments?post=4347"}],"version-history":[{"count":0,"href":"https:\/\/www.antikvar.sk\/blog\/wp-json\/wp\/v2\/posts\/4347\/revisions"}],"wp:featuredmedia":[{"embeddable":true,"href":"https:\/\/www.antikvar.sk\/blog\/wp-json\/wp\/v2\/media\/4368"}],"wp:attachment":[{"href":"https:\/\/www.antikvar.sk\/blog\/wp-json\/wp\/v2\/media?parent=4347"}],"wp:term":[{"taxonomy":"category","embeddable":true,"href":"https:\/\/www.antikvar.sk\/blog\/wp-json\/wp\/v2\/categories?post=4347"},{"taxonomy":"post_tag","embeddable":true,"href":"https:\/\/www.antikvar.sk\/blog\/wp-json\/wp\/v2\/tags?post=4347"}],"curies":[{"name":"wp","href":"https:\/\/api.w.org\/{rel}","templated":true}]}}