{"id":3322,"date":"2022-01-12T17:40:17","date_gmt":"2022-01-12T16:40:17","guid":{"rendered":"http:\/\/www.antikvar.sk\/blog\/?p=3322"},"modified":"2022-02-14T23:33:03","modified_gmt":"2022-02-14T22:33:03","slug":"a-teraz-hrr-na-nich-fejton","status":"publish","type":"post","link":"https:\/\/www.antikvar.sk\/blog\/a-teraz-hrr-na-nich-fejton\/","title":{"rendered":"A teraz h\u0155\u0155 na nich &#8211; fejt\u00f3n"},"content":{"rendered":"<p style=\"text-align: justify;\"><span style=\"font-size: 12pt;\">Denn\u00edk Pravda si dnes spomenul na n\u00e1\u0161ho gener\u00e1lneho prokur\u00e1tora. Informoval o tom, \u017ee sa ozval z Moskvy, je \u017eiv\u00fd a zdrav\u00fd a odmieta \u010dierno-biele videnie sveta. V\u00fdborne! D\u00fafam sa \u0161\u0165astne vr\u00e1ti domov a bude sa m\u00f4c\u0165 venova\u0165 pln\u00fd el\u00e1nu, obohaten\u00fd o zahrani\u010dn\u00e9 sk\u00fasenosti, svojej pr\u00e1ci. Nie je tentoraz, zd\u00e1 sa, \u017eiaden d\u00f4vod, aby dopadol ako Kl\u00e9ma, ktor\u00fd po n\u00e1vrate z Moskvy ochorel a kr\u00e1tko na to zomrel. Je pekn\u00e9, \u017ee ho ani ten liber\u00e1lny pionier z parlamentu nedon\u00fatil k tomu, aby v Moskve po\u017eiadal o politick\u00fd azyl.<\/span><\/p>\n<blockquote><p><span style=\"font-size: 12pt;\"><a href=\"https:\/\/spravy.pravda.sk\/domace\/clanok\/613167-zilinka-sa-ozval-z-moskvy-odmieta-cierno-biele-videnie-sveta\/?utm_source=pravda&amp;utm_medium=hp-box&amp;utm_campaign=shp_9clanok_box\" target=\"_blank\" rel=\"noopener\">&nbsp;\u201e\u2026oslavy 300. v\u00fdro\u010dia ruskej prokurat\u00fary na Gener\u00e1lnej prokurat\u00fare Ruskej feder\u00e1cie v Moskve\u2026 mo\u017enos\u0165 zastupova\u0165 Gener\u00e1lnu prokurat\u00faru Slovenskej republiky na oslav\u00e1ch vn\u00edmam nielen ako mo\u017enos\u0165 obzrie\u0165 sa do minulosti, ale predov\u0161etk\u00fdm ako mo\u017enos\u0165 pou\u010di\u0165 sa z nej a n\u00e1js\u0165 v\u00fdzvy na rozvoj org\u00e1nov prokurat\u00fary do bud\u00facnosti,\u201c nap\u00edsal na soci\u00e1lnej sieti.<\/a><\/span><\/p>\n<p><span style=\"font-size: 12pt;\"><a href=\"https:\/\/spravy.pravda.sk\/domace\/clanok\/613167-zilinka-sa-ozval-z-moskvy-odmieta-cierno-biele-videnie-sveta\/?utm_source=pravda&amp;utm_medium=hp-box&amp;utm_campaign=shp_9clanok_box\" target=\"_blank\" rel=\"noopener\">\u017dilinka \u010falej tvrd\u00ed, \u017ee odmietam \u010dierno-biele videnie sveta. \u201eOsobn\u00fd kontakt a komunik\u00e1ciu s hlavami partnersk\u00fdch org\u00e1nov prokurat\u00far v zahrani\u010d\u00ed, vr\u00e1tane Ruskej feder\u00e1cie, pova\u017eujem za nevyhnutn\u00fd a pr\u00ednosn\u00fd na naplnenie spolo\u010dn\u00e9ho cie\u013ea, ktor\u00fdm je ochrana z\u00e1konnosti aj v glob\u00e1lnom meradle,\u201c<\/a><\/span><\/p><\/blockquote>\n<p style=\"text-align: justify;\"><span style=\"font-size: 12pt;\">U\u017e z detstva m\u00e1m zafixovan\u00e9, \u017ee gener\u00e1lny prokur\u00e1tor je ve\u013emi siln\u00fd mu\u017e. Pokia\u013e sa duch z\u00e1kona o prokurat\u00fare odvtedy nezmenil, <a href=\"https:\/\/www.zakonypreludi.sk\/zz\/2001-153\" target=\"_blank\" rel=\"noopener\">mala by prokurat\u00fara dohliada\u0165 nad dodr\u017eiavan\u00edm z\u00e1konnosti&nbsp; a pri tom kona\u0165 iniciat\u00edvne (ex offo). <\/a>Pod\u013ea dne\u0161n\u00e9ho vyhl\u00e1senia ist\u00e9ho Val\u00e1\u0161ka v rel\u00e1cii T\u00e9ma d\u0148a, treba americk\u00fa arm\u00e1du chr\u00e1ni\u0165 najm\u00e4 pred gener\u00e1lnym prokur\u00e1torom \u017dilinkom.<\/span><\/p>\n<p style=\"text-align: justify;\"><span style=\"font-size: 12pt;\">Potom kde je probl\u00e9m?<\/span><\/p>\n<p style=\"text-align: justify;\"><span style=\"font-size: 12pt;\">Mnoh\u00ed maj\u00fa, \u017eia\u013e, tak\u00fd pocit, \u017ee prokur\u00e1tori gener\u00e1lnej prokurat\u00fary nevidia a nepo\u010duj\u00fa. Pravdepodobne to bude t\u00fdm, \u017ee maj\u00fa vytvoren\u00e9 zl\u00e9 materi\u00e1lno technick\u00e9 podmienky. Preto by bolo asi vhodn\u00e9:<\/span><\/p>\n<p style=\"text-align: justify;\"><span style=\"font-size: 12pt;\">Aby gener\u00e1lny prokur\u00e1tor po n\u00e1vrate z Moskvy preveril, \u010di maj\u00fa pracovn\u00edci prokurat\u00fary funk\u010dn\u00fd pr\u00edstup na internet, \u010di im ho neblokuje n\u00e1hodou SIS, alebo hackeri z d\u00e1kej mimovl\u00e1dky financovanej z ministerstva pravdy. Na gener\u00e1lnej prokurat\u00fare&nbsp; by sa mali robi\u0165 ka\u017ed\u00fd de\u0148 pred za\u010diatkom zamestnania inform\u00e1cie o aktu\u00e1lnom dian\u00ed na Slovensku. Predstavujem si to tak, \u017ee v\u017edy in\u00fd prokur\u00e1tor urob\u00ed&nbsp; preh\u013ead tla\u010de &#8211; informuje o spr\u00e1vach v alternat\u00edvnych m\u00e9diach. V minulosti sa to realizovalo na ka\u017edom pracovisku a Pravdu, z ktorej sme si robili v\u00fdstri\u017eky, sme si po\u017ei\u010diavali, aby sa u\u0161etrilo. Na budove by sa mali da\u0165 umy\u0165 okn\u00e1, nech p\u00e1ni prokur\u00e1tori vidia, \u010do sa deje vonku. Raz mesa\u010dne robi\u0165 odpo\u010det toho&nbsp; ko\u013eko&nbsp; poru\u0161en\u00ed z\u00e1konov sa pre\u0161etrovalo, a ak\u00fdch na z\u00e1klade iniciat\u00edvy samotn\u00fdch prokur\u00e1torov. Po osved\u010den\u00ed sa t\u00fdchto n\u00e1vrhov ich aplikova\u0165&nbsp; aj na krajsk\u00e9 prokurat\u00fary.<\/span><\/p>\n<p style=\"text-align: justify;\"><span style=\"font-size: 12pt;\">Za\u010da\u0165 sa d\u00e1&nbsp; napr\u00edklad t\u00fdmto: <a href=\"https:\/\/www.antikvar.sk\/blog\/ockovanie-genocida-prokuratura\/\">To nie je o\u010dkovanie, ale genoc\u00edda \u2013 fejt\u00f3n (u\u017e asi nad r\u00e1mec \u017e\u00e1nru), <\/a>preto\u017ee u\u017e je na\u010dase.<\/span><\/p>\n<p style=\"text-align: justify;\"><span style=\"font-size: 12pt;\">Pre\u010do d\u00e1vam tieto n\u00e1vrhy?&nbsp; Bud\u00fa to u\u017e skoro dva roky, \u010do \u017eijeme v tot\u00e1lnom bezpr\u00e1v\u00ed a d\u00e1ke v\u00fdrazn\u00e9 aktivity prokur\u00e1torov v tomto smere nepoci\u0165ujeme. Ob\u010das s\u00edce prokurat\u00fara zastav\u00ed st\u00edhanie, prep\u00e1\u010dte, ale pre be\u017en\u00e9ho neinformovan\u00e9ho, ob\u010dana oby\u010dajn\u00e9ho vagabunda. Inak sa ni\u010d tak\u00e9 nedeje, \u010do by sme priamo kladne poc\u00edtili. Prokur\u00e1tori by nemali by\u0165 vy\u010derpan\u00ed z tla\u010doviek, ako na\u0161i opozi\u010dn\u00ed poslanci. Predpoklad\u00e1m, \u017ee gener\u00e1lneho prokur\u00e1tora nem\u00f4\u017ee ani znechuti\u0165 agent cudzej moci (takto ho vid\u00ed viac ako polovica Slov\u00e1kov, aby som mu nekrivdil), ktor\u00fd moment\u00e1lne \u0161\u00e9fuje na\u0161ej arm\u00e1de, t\u00fdm \u017ee neakceptoval jeho pripomienky k obrannej zmluve s USA. On nevie, ak\u00e9 je poslanie prokurat\u00fary. Ak sa smeje na tla\u010dovke, \u017ee gener\u00e1lna prokurat\u00fara namietala hlu\u010dnos\u0165, ktorou bud\u00fa ob\u0165a\u017eovan\u00ed obyvatelia v bl\u00edzkosti let\u00edsk, z ktor\u00fdch by mali \u0161tartova\u0165 aj americk\u00e9 st\u00edha\u010dky. Je to&nbsp; asi tr\u00faba Jerichova, preto\u017ee ani netu\u0161\u00ed, \u017ee podania dotknut\u00fdch ob\u010danov skon\u010dia presne tam, odkia\u013e dostal pripomienky &#8211; na prokurat\u00fare.<\/span><\/p>\n<p style=\"text-align: justify;\"><span style=\"font-size: 12pt;\">Treba&nbsp; ho vyl\u00e1ka\u0165 na exkurziu gener\u00e1lnej prokurat\u00fari a zavrie\u0165 ho do niektor\u00e9ho z trezorov, ktor\u00e9 tam ur\u010dite zostali po&nbsp; N\u00e1rodnej banke Slovenska. Nech je v nich dovtedy zatvoren\u00fd, k\u00fdm nebude recitova\u0165 spam\u00e4ti z\u00e1kon, ktor\u00fdm sa riadi prokurat\u00fara. Pripomienky gener\u00e1lneho prokur\u00e1tora nepozn\u00e1m, ale som si ist\u00fd, \u017ee starostlivos\u0165ou o u\u0161n\u00e9 bubienky ob\u010danov to neskon\u010dilo.<\/span><\/p>\n<p style=\"text-align: justify;\"><span style=\"font-size: 12pt;\">Nevidie\u0165 veci \u010dierno &#8211; bielo je ve\u013emi spr\u00e1vne, ale nevidie\u0165 veci, \u010do sa dej\u00fa okolo seba je neospravedlnite\u013en\u00e9 najm\u00e4 v tedy, ak mi tak\u00fato povinnos\u0165 uklad\u00e1 z\u00e1kon.<\/span><\/p>\n<p style=\"text-align: justify;\"><span style=\"font-size: 12pt;\">Preto hrr na nich, p\u00e1n gener\u00e1lny prokur\u00e1tor! &nbsp;<a href=\"https:\/\/www.antikvar.sk\/blog\/kruhova-obrana-fejton\/\" target=\"_blank\" rel=\"noopener\">Zakia\u013e&nbsp; sa e\u0161te lep\u0161ie nezakop\u00fa a nedobuduj\u00fa nepreniknute\u013en\u00fa obranu s cudzou arm\u00e1dou za chrbtom.<\/a> Potom n\u00e1m neostane ni\u010d in\u00e9&nbsp; len chodi\u0165 skorm\u00fatene s dlh\u00fdm nosom okolo hradieb, preto\u017ee tr\u00faby Jerichov\u00e9 n\u00e1m z ministerstva obrany nepo\u017ei\u010daj\u00fa. Ke\u010f ich rozpr\u00e1\u0161ite, ur\u010dite sa stanete \u010dasom hlavn\u00fdm velite\u013eom na\u0161ej arm\u00e1dy, pokia\u013e budete ma\u0165 z\u00e1ujem. <a href=\"https:\/\/www.antikvar.sk\/blog\/olano-na-vecne-casy-fejton\/\" target=\"_blank\" rel=\"noopener\">V opa\u010dnom pr\u00edpade tu m\u00e1me podobn\u00e9 kreat\u00fary vo vl\u00e1de ako teraz na ve\u010dn\u00e9 \u010dasy.<\/a><\/span><\/p>\n<p style=\"text-align: justify;\"><span style=\"font-size: 12pt;\">D\u00e1vajte na seba pozor a nesklamte n\u00e1s!<\/span><\/p>\n<p style=\"text-align: justify;\">&nbsp;<\/p>\n<p style=\"text-align: justify;\"><span style=\"font-size: 12pt;\">Pr\u00edlohy:<\/span><\/p>\n<p style=\"text-align: justify;\"><span style=\"font-size: 12pt;\">1 \/ https:\/\/www.zakonypreludi.sk\/zz\/2001-153<\/span><\/p>\n<h1 style=\"text-align: justify;\" data-docid=\"1402000\" data-sliceid=\"74276\"><span style=\"font-size: 12pt;\">Z\u00e1kon \u010d. 153\/2001 Z. z. <span class=\"h1a\">Z\u00e1kon o prokurat\u00fare<\/span><\/span><\/h1>\n<p style=\"text-align: justify;\"><span style=\"font-size: 12pt;\">\u00a7 3<\/span><\/p>\n<p style=\"text-align: justify;\"><span style=\"font-size: 12pt;\">(1) Prokurat\u00fara chr\u00e1ni pr\u00e1va a z\u00e1konom chr\u00e1nen\u00e9 z\u00e1ujmy fyzick\u00fdch os\u00f4b, pr\u00e1vnick\u00fdch os\u00f4b a \u0161t\u00e1tu.<\/span><\/p>\n<p style=\"text-align: justify;\"><span style=\"font-size: 12pt;\">(2) Prokurat\u00fara je v rozsahu svojej p\u00f4sobnosti povinn\u00e1 vo verejnom z\u00e1ujme vykona\u0165 opatrenia na predch\u00e1dzanie poru\u0161eniu z\u00e1konnosti, na zistenie a odstr\u00e1nenie poru\u0161enia z\u00e1konnosti, na obnovu poru\u0161en\u00fdch pr\u00e1v a vyvodenie zodpovednosti za ich poru\u0161enie. Pri v\u00fdkone svojej p\u00f4sobnosti je prokurat\u00fara povinn\u00e1 vyu\u017e\u00edva\u0165 z\u00e1konn\u00e9 prostriedky tak, aby sa bez ak\u00fdchko\u013evek vplyvov zabezpe\u010dila d\u00f4sledn\u00e1, \u00fa\u010dinn\u00e1 a r\u00fdchla ochrana pr\u00e1v a z\u00e1konom chr\u00e1nen\u00fdch z\u00e1ujmov fyzick\u00fdch os\u00f4b, pr\u00e1vnick\u00fdch os\u00f4b a \u0161t\u00e1tu.<\/span><\/p>\n<p style=\"text-align: justify;\">&nbsp;<\/p>\n<p style=\"text-align: justify;\">&nbsp;<\/p>\n<p style=\"text-align: justify;\">&nbsp;<\/p>\n","protected":false},"excerpt":{"rendered":"<p>Denn\u00edk Pravda si dnes spomenul na n\u00e1\u0161ho gener\u00e1lneho prokur\u00e1tora. Informoval o tom, \u017ee sa ozval z Moskvy, je \u017eiv\u00fd a zdrav\u00fd a odmieta \u010dierno-biele videnie sveta. V\u00fdborne! D\u00fafam sa \u0161\u0165astne vr\u00e1ti domov a bude sa m\u00f4c\u0165 venova\u0165 pln\u00fd el\u00e1nu, obohaten\u00fd o zahrani\u010dn\u00e9 sk\u00fasenosti, svojej pr\u00e1ci. Nie je tentoraz, zd\u00e1 sa, \u017eiaden d\u00f4vod, aby dopadol ako [&hellip;]<\/p>\n","protected":false},"author":1,"featured_media":3339,"comment_status":"open","ping_status":"open","sticky":false,"template":"","format":"standard","meta":{"_uag_custom_page_level_css":"","site-sidebar-layout":"default","site-content-layout":"default","ast-site-content-layout":"default","site-content-style":"default","site-sidebar-style":"default","ast-global-header-display":"","ast-banner-title-visibility":"","ast-main-header-display":"","ast-hfb-above-header-display":"","ast-hfb-below-header-display":"","ast-hfb-mobile-header-display":"","site-post-title":"","ast-breadcrumbs-content":"","ast-featured-img":"","footer-sml-layout":"","ast-disable-related-posts":"","theme-transparent-header-meta":"","adv-header-id-meta":"","stick-header-meta":"","header-above-stick-meta":"","header-main-stick-meta":"","header-below-stick-meta":"","astra-migrate-meta-layouts":"default","ast-page-background-enabled":"default","ast-page-background-meta":{"desktop":{"background-color":"","background-image":"","background-repeat":"repeat","background-position":"center center","background-size":"auto","background-attachment":"scroll","background-type":"","background-media":"","overlay-type":"","overlay-color":"","overlay-opacity":"","overlay-gradient":""},"tablet":{"background-color":"","background-image":"","background-repeat":"repeat","background-position":"center center","background-size":"auto","background-attachment":"scroll","background-type":"","background-media":"","overlay-type":"","overlay-color":"","overlay-opacity":"","overlay-gradient":""},"mobile":{"background-color":"","background-image":"","background-repeat":"repeat","background-position":"center center","background-size":"auto","background-attachment":"scroll","background-type":"","background-media":"","overlay-type":"","overlay-color":"","overlay-opacity":"","overlay-gradient":""}},"ast-content-background-meta":{"desktop":{"background-color":"var(--ast-global-color-5)","background-image":"","background-repeat":"repeat","background-position":"center center","background-size":"auto","background-attachment":"scroll","background-type":"","background-media":"","overlay-type":"","overlay-color":"","overlay-opacity":"","overlay-gradient":""},"tablet":{"background-color":"var(--ast-global-color-5)","background-image":"","background-repeat":"repeat","background-position":"center center","background-size":"auto","background-attachment":"scroll","background-type":"","background-media":"","overlay-type":"","overlay-color":"","overlay-opacity":"","overlay-gradient":""},"mobile":{"background-color":"var(--ast-global-color-5)","background-image":"","background-repeat":"repeat","background-position":"center center","background-size":"auto","background-attachment":"scroll","background-type":"","background-media":"","overlay-type":"","overlay-color":"","overlay-opacity":"","overlay-gradient":""}},"ngg_post_thumbnail":0,"footnotes":""},"categories":[1],"tags":[176,177,175],"class_list":["post-3322","post","type-post","status-publish","format-standard","has-post-thumbnail","hentry","category-postrehy-uvahy-aktualne","tag-ex-offo","tag-ranny-prehlad-tlace","tag-zilinka"],"yoast_head":"<!-- This site is optimized with the Yoast SEO plugin v27.5 - https:\/\/yoast.com\/product\/yoast-seo-wordpress\/ -->\n<title>A teraz h\u0155\u0155 na nich - fejt\u00f3n - DOMOVINA<\/title>\n<meta name=\"description\" content=\"Pre\u010do prokur\u00e1tori nekonaj\u00fa ex offo, \u010dakaj\u00fa a\u017e n\u00e1s tu vyhubia? Dva roky nez\u00e1konnosti sta\u010dili.\" \/>\n<meta name=\"robots\" content=\"index, follow, max-snippet:-1, max-image-preview:large, max-video-preview:-1\" \/>\n<link rel=\"canonical\" href=\"https:\/\/www.antikvar.sk\/blog\/a-teraz-hrr-na-nich-fejton\/\" \/>\n<meta property=\"og:locale\" content=\"sk_SK\" \/>\n<meta property=\"og:type\" content=\"article\" \/>\n<meta property=\"og:title\" content=\"A teraz h\u0155\u0155 na nich - fejt\u00f3n - DOMOVINA\" \/>\n<meta property=\"og:description\" content=\"Pre\u010do prokur\u00e1tori nekonaj\u00fa ex offo, \u010dakaj\u00fa a\u017e n\u00e1s tu vyhubia? Dva roky nez\u00e1konnosti sta\u010dili.\" \/>\n<meta property=\"og:url\" content=\"https:\/\/www.antikvar.sk\/blog\/a-teraz-hrr-na-nich-fejton\/\" \/>\n<meta property=\"og:site_name\" content=\"DOMOVINA\" \/>\n<meta property=\"article:published_time\" content=\"2022-01-12T16:40:17+00:00\" \/>\n<meta property=\"article:modified_time\" content=\"2022-02-14T22:33:03+00:00\" \/>\n<meta property=\"og:image\" content=\"https:\/\/www.antikvar.sk\/blog\/wp-content\/uploads\/2022\/01\/CTVB.jan_zizka_jpg.jpg\" \/>\n\t<meta property=\"og:image:width\" content=\"700\" \/>\n\t<meta property=\"og:image:height\" content=\"394\" \/>\n\t<meta property=\"og:image:type\" content=\"image\/jpeg\" \/>\n<meta name=\"author\" content=\"jaropoky\" \/>\n<meta name=\"twitter:card\" content=\"summary_large_image\" \/>\n<meta name=\"twitter:label1\" content=\"Autor\" \/>\n\t<meta name=\"twitter:data1\" content=\"jaropoky\" \/>\n\t<meta name=\"twitter:label2\" content=\"Predpokladan\u00fd \u010das \u010d\u00edtania\" \/>\n\t<meta name=\"twitter:data2\" content=\"5 min\u00fat\" \/>\n<script type=\"application\/ld+json\" class=\"yoast-schema-graph\">{\"@context\":\"https:\\\/\\\/schema.org\",\"@graph\":[{\"@type\":\"Article\",\"@id\":\"https:\\\/\\\/www.antikvar.sk\\\/blog\\\/a-teraz-hrr-na-nich-fejton\\\/#article\",\"isPartOf\":{\"@id\":\"https:\\\/\\\/www.antikvar.sk\\\/blog\\\/a-teraz-hrr-na-nich-fejton\\\/\"},\"author\":{\"name\":\"jaropoky\",\"@id\":\"https:\\\/\\\/www.antikvar.sk\\\/blog\\\/#\\\/schema\\\/person\\\/960f1c7c0f38d050499287d3a7924469\"},\"headline\":\"A teraz h\u0155\u0155 na nich &#8211; fejt\u00f3n\",\"datePublished\":\"2022-01-12T16:40:17+00:00\",\"dateModified\":\"2022-02-14T22:33:03+00:00\",\"mainEntityOfPage\":{\"@id\":\"https:\\\/\\\/www.antikvar.sk\\\/blog\\\/a-teraz-hrr-na-nich-fejton\\\/\"},\"wordCount\":1133,\"commentCount\":0,\"publisher\":{\"@id\":\"https:\\\/\\\/www.antikvar.sk\\\/blog\\\/#\\\/schema\\\/person\\\/960f1c7c0f38d050499287d3a7924469\"},\"image\":{\"@id\":\"https:\\\/\\\/www.antikvar.sk\\\/blog\\\/a-teraz-hrr-na-nich-fejton\\\/#primaryimage\"},\"thumbnailUrl\":\"https:\\\/\\\/www.antikvar.sk\\\/blog\\\/wp-content\\\/uploads\\\/2022\\\/01\\\/CTVB.jan_zizka_jpg.jpg\",\"keywords\":[\"ex offo\",\"rann\u00fd preh\u013ead tla\u010de\",\"\u017dilinka\"],\"articleSection\":[\"Aktu\u00e1lne postrehy a \u00favahy\"],\"inLanguage\":\"sk-SK\",\"potentialAction\":[{\"@type\":\"CommentAction\",\"name\":\"Comment\",\"target\":[\"https:\\\/\\\/www.antikvar.sk\\\/blog\\\/a-teraz-hrr-na-nich-fejton\\\/#respond\"]}]},{\"@type\":\"WebPage\",\"@id\":\"https:\\\/\\\/www.antikvar.sk\\\/blog\\\/a-teraz-hrr-na-nich-fejton\\\/\",\"url\":\"https:\\\/\\\/www.antikvar.sk\\\/blog\\\/a-teraz-hrr-na-nich-fejton\\\/\",\"name\":\"A teraz h\u0155\u0155 na nich - fejt\u00f3n - DOMOVINA\",\"isPartOf\":{\"@id\":\"https:\\\/\\\/www.antikvar.sk\\\/blog\\\/#website\"},\"primaryImageOfPage\":{\"@id\":\"https:\\\/\\\/www.antikvar.sk\\\/blog\\\/a-teraz-hrr-na-nich-fejton\\\/#primaryimage\"},\"image\":{\"@id\":\"https:\\\/\\\/www.antikvar.sk\\\/blog\\\/a-teraz-hrr-na-nich-fejton\\\/#primaryimage\"},\"thumbnailUrl\":\"https:\\\/\\\/www.antikvar.sk\\\/blog\\\/wp-content\\\/uploads\\\/2022\\\/01\\\/CTVB.jan_zizka_jpg.jpg\",\"datePublished\":\"2022-01-12T16:40:17+00:00\",\"dateModified\":\"2022-02-14T22:33:03+00:00\",\"description\":\"Pre\u010do prokur\u00e1tori nekonaj\u00fa ex offo, \u010dakaj\u00fa a\u017e n\u00e1s tu vyhubia? Dva roky nez\u00e1konnosti sta\u010dili.\",\"breadcrumb\":{\"@id\":\"https:\\\/\\\/www.antikvar.sk\\\/blog\\\/a-teraz-hrr-na-nich-fejton\\\/#breadcrumb\"},\"inLanguage\":\"sk-SK\",\"potentialAction\":[{\"@type\":\"ReadAction\",\"target\":[\"https:\\\/\\\/www.antikvar.sk\\\/blog\\\/a-teraz-hrr-na-nich-fejton\\\/\"]}]},{\"@type\":\"ImageObject\",\"inLanguage\":\"sk-SK\",\"@id\":\"https:\\\/\\\/www.antikvar.sk\\\/blog\\\/a-teraz-hrr-na-nich-fejton\\\/#primaryimage\",\"url\":\"https:\\\/\\\/www.antikvar.sk\\\/blog\\\/wp-content\\\/uploads\\\/2022\\\/01\\\/CTVB.jan_zizka_jpg.jpg\",\"contentUrl\":\"https:\\\/\\\/www.antikvar.sk\\\/blog\\\/wp-content\\\/uploads\\\/2022\\\/01\\\/CTVB.jan_zizka_jpg.jpg\",\"width\":700,\"height\":394,\"caption\":\"hrr na nich \u017eilinka\"},{\"@type\":\"BreadcrumbList\",\"@id\":\"https:\\\/\\\/www.antikvar.sk\\\/blog\\\/a-teraz-hrr-na-nich-fejton\\\/#breadcrumb\",\"itemListElement\":[{\"@type\":\"ListItem\",\"position\":1,\"name\":\"Domovsk\u00e1 str\u00e1nka\",\"item\":\"https:\\\/\\\/www.antikvar.sk\\\/blog\\\/\"},{\"@type\":\"ListItem\",\"position\":2,\"name\":\"A teraz h\u0155\u0155 na nich &#8211; fejt\u00f3n\"}]},{\"@type\":\"WebSite\",\"@id\":\"https:\\\/\\\/www.antikvar.sk\\\/blog\\\/#website\",\"url\":\"https:\\\/\\\/www.antikvar.sk\\\/blog\\\/\",\"name\":\"DOMOVINA\",\"description\":\"Nezabudnite na svoje rodisko, bez neho je len do pekla schodisko\",\"publisher\":{\"@id\":\"https:\\\/\\\/www.antikvar.sk\\\/blog\\\/#\\\/schema\\\/person\\\/960f1c7c0f38d050499287d3a7924469\"},\"potentialAction\":[{\"@type\":\"SearchAction\",\"target\":{\"@type\":\"EntryPoint\",\"urlTemplate\":\"https:\\\/\\\/www.antikvar.sk\\\/blog\\\/?s={search_term_string}\"},\"query-input\":{\"@type\":\"PropertyValueSpecification\",\"valueRequired\":true,\"valueName\":\"search_term_string\"}}],\"inLanguage\":\"sk-SK\"},{\"@type\":[\"Person\",\"Organization\"],\"@id\":\"https:\\\/\\\/www.antikvar.sk\\\/blog\\\/#\\\/schema\\\/person\\\/960f1c7c0f38d050499287d3a7924469\",\"name\":\"jaropoky\",\"image\":{\"@type\":\"ImageObject\",\"inLanguage\":\"sk-SK\",\"@id\":\"https:\\\/\\\/www.antikvar.sk\\\/blog\\\/wp-content\\\/uploads\\\/2021\\\/04\\\/cropped-cropped-KoreszkaWEB-2.jpg\",\"url\":\"https:\\\/\\\/www.antikvar.sk\\\/blog\\\/wp-content\\\/uploads\\\/2021\\\/04\\\/cropped-cropped-KoreszkaWEB-2.jpg\",\"contentUrl\":\"https:\\\/\\\/www.antikvar.sk\\\/blog\\\/wp-content\\\/uploads\\\/2021\\\/04\\\/cropped-cropped-KoreszkaWEB-2.jpg\",\"width\":863,\"height\":597,\"caption\":\"jaropoky\"},\"logo\":{\"@id\":\"https:\\\/\\\/www.antikvar.sk\\\/blog\\\/wp-content\\\/uploads\\\/2021\\\/04\\\/cropped-cropped-KoreszkaWEB-2.jpg\"},\"description\":\"Zauj\u00edma sa o filozofiu, umenie, pr\u00edrodu a alternat\u00edvnu medic\u00ednu. Bol vedeck\u00fd pracovn\u00edk a \u0161t\u00e1tny zamestnanec, teraz je na d\u00f4chodku.\",\"sameAs\":[\"http:\\\/\\\/www.antikvar.sk\\\/blog\"],\"url\":\"https:\\\/\\\/www.antikvar.sk\\\/blog\\\/author\\\/jaro\\\/\"}]}<\/script>\n<!-- \/ Yoast SEO plugin. -->","yoast_head_json":{"title":"A teraz h\u0155\u0155 na nich - fejt\u00f3n - DOMOVINA","description":"Pre\u010do prokur\u00e1tori nekonaj\u00fa ex offo, \u010dakaj\u00fa a\u017e n\u00e1s tu vyhubia? Dva roky nez\u00e1konnosti sta\u010dili.","robots":{"index":"index","follow":"follow","max-snippet":"max-snippet:-1","max-image-preview":"max-image-preview:large","max-video-preview":"max-video-preview:-1"},"canonical":"https:\/\/www.antikvar.sk\/blog\/a-teraz-hrr-na-nich-fejton\/","og_locale":"sk_SK","og_type":"article","og_title":"A teraz h\u0155\u0155 na nich - fejt\u00f3n - DOMOVINA","og_description":"Pre\u010do prokur\u00e1tori nekonaj\u00fa ex offo, \u010dakaj\u00fa a\u017e n\u00e1s tu vyhubia? Dva roky nez\u00e1konnosti sta\u010dili.","og_url":"https:\/\/www.antikvar.sk\/blog\/a-teraz-hrr-na-nich-fejton\/","og_site_name":"DOMOVINA","article_published_time":"2022-01-12T16:40:17+00:00","article_modified_time":"2022-02-14T22:33:03+00:00","og_image":[{"width":700,"height":394,"url":"https:\/\/www.antikvar.sk\/blog\/wp-content\/uploads\/2022\/01\/CTVB.jan_zizka_jpg.jpg","type":"image\/jpeg"}],"author":"jaropoky","twitter_card":"summary_large_image","twitter_misc":{"Autor":"jaropoky","Predpokladan\u00fd \u010das \u010d\u00edtania":"5 min\u00fat"},"schema":{"@context":"https:\/\/schema.org","@graph":[{"@type":"Article","@id":"https:\/\/www.antikvar.sk\/blog\/a-teraz-hrr-na-nich-fejton\/#article","isPartOf":{"@id":"https:\/\/www.antikvar.sk\/blog\/a-teraz-hrr-na-nich-fejton\/"},"author":{"name":"jaropoky","@id":"https:\/\/www.antikvar.sk\/blog\/#\/schema\/person\/960f1c7c0f38d050499287d3a7924469"},"headline":"A teraz h\u0155\u0155 na nich &#8211; fejt\u00f3n","datePublished":"2022-01-12T16:40:17+00:00","dateModified":"2022-02-14T22:33:03+00:00","mainEntityOfPage":{"@id":"https:\/\/www.antikvar.sk\/blog\/a-teraz-hrr-na-nich-fejton\/"},"wordCount":1133,"commentCount":0,"publisher":{"@id":"https:\/\/www.antikvar.sk\/blog\/#\/schema\/person\/960f1c7c0f38d050499287d3a7924469"},"image":{"@id":"https:\/\/www.antikvar.sk\/blog\/a-teraz-hrr-na-nich-fejton\/#primaryimage"},"thumbnailUrl":"https:\/\/www.antikvar.sk\/blog\/wp-content\/uploads\/2022\/01\/CTVB.jan_zizka_jpg.jpg","keywords":["ex offo","rann\u00fd preh\u013ead tla\u010de","\u017dilinka"],"articleSection":["Aktu\u00e1lne postrehy a \u00favahy"],"inLanguage":"sk-SK","potentialAction":[{"@type":"CommentAction","name":"Comment","target":["https:\/\/www.antikvar.sk\/blog\/a-teraz-hrr-na-nich-fejton\/#respond"]}]},{"@type":"WebPage","@id":"https:\/\/www.antikvar.sk\/blog\/a-teraz-hrr-na-nich-fejton\/","url":"https:\/\/www.antikvar.sk\/blog\/a-teraz-hrr-na-nich-fejton\/","name":"A teraz h\u0155\u0155 na nich - fejt\u00f3n - DOMOVINA","isPartOf":{"@id":"https:\/\/www.antikvar.sk\/blog\/#website"},"primaryImageOfPage":{"@id":"https:\/\/www.antikvar.sk\/blog\/a-teraz-hrr-na-nich-fejton\/#primaryimage"},"image":{"@id":"https:\/\/www.antikvar.sk\/blog\/a-teraz-hrr-na-nich-fejton\/#primaryimage"},"thumbnailUrl":"https:\/\/www.antikvar.sk\/blog\/wp-content\/uploads\/2022\/01\/CTVB.jan_zizka_jpg.jpg","datePublished":"2022-01-12T16:40:17+00:00","dateModified":"2022-02-14T22:33:03+00:00","description":"Pre\u010do prokur\u00e1tori nekonaj\u00fa ex offo, \u010dakaj\u00fa a\u017e n\u00e1s tu vyhubia? Dva roky nez\u00e1konnosti sta\u010dili.","breadcrumb":{"@id":"https:\/\/www.antikvar.sk\/blog\/a-teraz-hrr-na-nich-fejton\/#breadcrumb"},"inLanguage":"sk-SK","potentialAction":[{"@type":"ReadAction","target":["https:\/\/www.antikvar.sk\/blog\/a-teraz-hrr-na-nich-fejton\/"]}]},{"@type":"ImageObject","inLanguage":"sk-SK","@id":"https:\/\/www.antikvar.sk\/blog\/a-teraz-hrr-na-nich-fejton\/#primaryimage","url":"https:\/\/www.antikvar.sk\/blog\/wp-content\/uploads\/2022\/01\/CTVB.jan_zizka_jpg.jpg","contentUrl":"https:\/\/www.antikvar.sk\/blog\/wp-content\/uploads\/2022\/01\/CTVB.jan_zizka_jpg.jpg","width":700,"height":394,"caption":"hrr na nich \u017eilinka"},{"@type":"BreadcrumbList","@id":"https:\/\/www.antikvar.sk\/blog\/a-teraz-hrr-na-nich-fejton\/#breadcrumb","itemListElement":[{"@type":"ListItem","position":1,"name":"Domovsk\u00e1 str\u00e1nka","item":"https:\/\/www.antikvar.sk\/blog\/"},{"@type":"ListItem","position":2,"name":"A teraz h\u0155\u0155 na nich &#8211; fejt\u00f3n"}]},{"@type":"WebSite","@id":"https:\/\/www.antikvar.sk\/blog\/#website","url":"https:\/\/www.antikvar.sk\/blog\/","name":"DOMOVINA","description":"Nezabudnite na svoje rodisko, bez neho je len do pekla schodisko","publisher":{"@id":"https:\/\/www.antikvar.sk\/blog\/#\/schema\/person\/960f1c7c0f38d050499287d3a7924469"},"potentialAction":[{"@type":"SearchAction","target":{"@type":"EntryPoint","urlTemplate":"https:\/\/www.antikvar.sk\/blog\/?s={search_term_string}"},"query-input":{"@type":"PropertyValueSpecification","valueRequired":true,"valueName":"search_term_string"}}],"inLanguage":"sk-SK"},{"@type":["Person","Organization"],"@id":"https:\/\/www.antikvar.sk\/blog\/#\/schema\/person\/960f1c7c0f38d050499287d3a7924469","name":"jaropoky","image":{"@type":"ImageObject","inLanguage":"sk-SK","@id":"https:\/\/www.antikvar.sk\/blog\/wp-content\/uploads\/2021\/04\/cropped-cropped-KoreszkaWEB-2.jpg","url":"https:\/\/www.antikvar.sk\/blog\/wp-content\/uploads\/2021\/04\/cropped-cropped-KoreszkaWEB-2.jpg","contentUrl":"https:\/\/www.antikvar.sk\/blog\/wp-content\/uploads\/2021\/04\/cropped-cropped-KoreszkaWEB-2.jpg","width":863,"height":597,"caption":"jaropoky"},"logo":{"@id":"https:\/\/www.antikvar.sk\/blog\/wp-content\/uploads\/2021\/04\/cropped-cropped-KoreszkaWEB-2.jpg"},"description":"Zauj\u00edma sa o filozofiu, umenie, pr\u00edrodu a alternat\u00edvnu medic\u00ednu. Bol vedeck\u00fd pracovn\u00edk a \u0161t\u00e1tny zamestnanec, teraz je na d\u00f4chodku.","sameAs":["http:\/\/www.antikvar.sk\/blog"],"url":"https:\/\/www.antikvar.sk\/blog\/author\/jaro\/"}]}},"uagb_featured_image_src":{"full":["https:\/\/www.antikvar.sk\/blog\/wp-content\/uploads\/2022\/01\/CTVB.jan_zizka_jpg.jpg",700,394,false],"thumbnail":["https:\/\/www.antikvar.sk\/blog\/wp-content\/uploads\/2022\/01\/CTVB.jan_zizka_jpg-150x150.jpg",150,150,true],"medium":["https:\/\/www.antikvar.sk\/blog\/wp-content\/uploads\/2022\/01\/CTVB.jan_zizka_jpg-300x169.jpg",300,169,true],"medium_large":["https:\/\/www.antikvar.sk\/blog\/wp-content\/uploads\/2022\/01\/CTVB.jan_zizka_jpg.jpg",700,394,false],"large":["https:\/\/www.antikvar.sk\/blog\/wp-content\/uploads\/2022\/01\/CTVB.jan_zizka_jpg.jpg",700,394,false],"1536x1536":["https:\/\/www.antikvar.sk\/blog\/wp-content\/uploads\/2022\/01\/CTVB.jan_zizka_jpg.jpg",700,394,false],"2048x2048":["https:\/\/www.antikvar.sk\/blog\/wp-content\/uploads\/2022\/01\/CTVB.jan_zizka_jpg.jpg",700,394,false],"crp_thumbnail":["https:\/\/www.antikvar.sk\/blog\/wp-content\/uploads\/2022\/01\/CTVB.jan_zizka_jpg.jpg",150,84,false]},"uagb_author_info":{"display_name":"jaropoky","author_link":"https:\/\/www.antikvar.sk\/blog\/author\/jaro\/"},"uagb_comment_info":0,"uagb_excerpt":"Denn\u00edk Pravda si dnes spomenul na n\u00e1\u0161ho gener\u00e1lneho prokur\u00e1tora. Informoval o tom, \u017ee sa ozval z Moskvy, je \u017eiv\u00fd a zdrav\u00fd a odmieta \u010dierno-biele videnie sveta. V\u00fdborne! D\u00fafam sa \u0161\u0165astne vr\u00e1ti domov a bude sa m\u00f4c\u0165 venova\u0165 pln\u00fd el\u00e1nu, obohaten\u00fd o zahrani\u010dn\u00e9 sk\u00fasenosti, svojej pr\u00e1ci. Nie je tentoraz, zd\u00e1 sa, \u017eiaden d\u00f4vod, aby dopadol ako&hellip;","_links":{"self":[{"href":"https:\/\/www.antikvar.sk\/blog\/wp-json\/wp\/v2\/posts\/3322","targetHints":{"allow":["GET"]}}],"collection":[{"href":"https:\/\/www.antikvar.sk\/blog\/wp-json\/wp\/v2\/posts"}],"about":[{"href":"https:\/\/www.antikvar.sk\/blog\/wp-json\/wp\/v2\/types\/post"}],"author":[{"embeddable":true,"href":"https:\/\/www.antikvar.sk\/blog\/wp-json\/wp\/v2\/users\/1"}],"replies":[{"embeddable":true,"href":"https:\/\/www.antikvar.sk\/blog\/wp-json\/wp\/v2\/comments?post=3322"}],"version-history":[{"count":0,"href":"https:\/\/www.antikvar.sk\/blog\/wp-json\/wp\/v2\/posts\/3322\/revisions"}],"wp:featuredmedia":[{"embeddable":true,"href":"https:\/\/www.antikvar.sk\/blog\/wp-json\/wp\/v2\/media\/3339"}],"wp:attachment":[{"href":"https:\/\/www.antikvar.sk\/blog\/wp-json\/wp\/v2\/media?parent=3322"}],"wp:term":[{"taxonomy":"category","embeddable":true,"href":"https:\/\/www.antikvar.sk\/blog\/wp-json\/wp\/v2\/categories?post=3322"},{"taxonomy":"post_tag","embeddable":true,"href":"https:\/\/www.antikvar.sk\/blog\/wp-json\/wp\/v2\/tags?post=3322"}],"curies":[{"name":"wp","href":"https:\/\/api.w.org\/{rel}","templated":true}]}}