{"id":1966,"date":"2021-09-12T10:41:32","date_gmt":"2021-09-12T08:41:32","guid":{"rendered":"http:\/\/www.antikvar.sk\/blog\/?p=1966"},"modified":"2024-11-16T22:30:24","modified_gmt":"2024-11-16T21:30:24","slug":"narodna-umelkyna-caputova","status":"publish","type":"post","link":"https:\/\/www.antikvar.sk\/blog\/narodna-umelkyna-caputova\/","title":{"rendered":"N\u00e1rodnou umelky\u0148ou za p\u00e1r dn\u00ed &#8211; honfoglal\u00e1sfejt\u00f3n"},"content":{"rendered":"<aside class=\"article-fix-actions\"><span style=\"font-size: 14pt;\"><a class=\"debata-icon debata-fixed\" href=\"https:\/\/debata.pravda.sk\/debata\/600369-caputova-ziskala-justitia-awards-ocenenie-pre-pravnicky\/\">&#8222;Prezidentka SR Zuzana \u010caputov\u00e1 z\u00edskala cenu Justitia Awards, ktor\u00fa ude\u013euje organiz\u00e1cia Women in Law Initiative so s\u00eddlom vo Viedni.<\/a><\/span><\/aside>\n<div class=\"article-inner\">\n<div class=\"article-detail-submenu\">\n<div class=\"article-detail-submenu-info\"><span class=\"article-detail-submenu-autor\" style=\"font-size: 14pt;\"> SITA <\/span><\/div>\n<\/div>\n<\/div>\n<div class=\"article-detail-submenu\">\n<div class=\"article-detail-submenu-info\"><span class=\"article-detail-submenu-date\" style=\"font-size: 14pt;\">11.09.2021 09:27<\/span><\/div>\n<\/div>\n<div class=\"article-main-img\">\n<p><span class=\"texy-image-foto-wrap\" style=\"font-size: 14pt;\"> <img loading=\"lazy\" decoding=\"async\" class=\"article-detail-image\" src=\"https:\/\/ipravda.sk\/res\/2021\/09\/10\/thumbs\/zuzana-caputova-clanokW.jpg\" sizes=\"auto, (max-width: 600px) 270px, 825px\" srcset=\"https:\/\/ipravda.sk\/res\/2021\/09\/10\/thumbs\/zuzana-caputova-strednaW.jpg 540w, https:\/\/ipravda.sk\/res\/2021\/09\/10\/thumbs\/zuzana-caputova-clanokW.jpg 825w\" alt=\"Zuzana \u010caputov\u00e1\" width=\"169\" height=\"95\">&nbsp;&nbsp;<\/span><\/p>\n<div class=\"article-detail-image-menu\"><span class=\"article-detail-image-alt\" style=\"font-size: 14pt;\"> <span class=\"texy-image-foto-wrap\"><span class=\"article-detail-image-autor\">Foto: TASR. <\/span><\/span>Prezidentka Zuzana \u010caputov\u00e1 &#8211; bud\u00faca n\u00e1rodn\u00e1 umelky\u0148a <\/span><\/div>\n<\/div>\n<div class=\"article-detail-body\">\n<p>&nbsp;<\/p>\n<p style=\"text-align: justify;\"><span style=\"font-size: 14pt;\">Ako informoval hovorca hlavy \u0161t\u00e1tu, poslan\u00edm organiz\u00e1cie je sp\u00e1ja\u0165 predov\u0161etk\u00fdm \u017eeny pracuj\u00face v r\u00f4znych pr\u00e1vnick\u00fdch profesi\u00e1ch po celom svete. Je platformou pre diskusiu a v\u00fdmenu inform\u00e1ci\u00ed a sk\u00fasenost\u00ed v najr\u00f4znej\u0161\u00edch ekonomick\u00fdch a spolo\u010densk\u00fdch oblastiach, kde sa uplat\u0148uje pr\u00e1vo.&nbsp; Ceny Justitia Awards udelili po\u010das galacerem\u00f3nie v troch kateg\u00f3ri\u00e1ch: medzin\u00e1rodn\u00e9 l\u00edderky, akademick\u00e9 ocenenie a ceny pre mlad\u00e9 v\u00fdnimo\u010dn\u00e9 pr\u00e1vni\u010dky. Prezidentka bola nominovan\u00e1 v prvej kateg\u00f3rii, do ktorej organiz\u00e1tori vybrali najtalentovanej\u0161ie a najvplyvnej\u0161ie pr\u00e1vni\u010dky, ktor\u00e9 z\u00e1sadn\u00fdm sp\u00f4sobom menia spolo\u010dnos\u0165 v\u010faka svojej erud\u00edcii a inovat\u00edvnosti. <strong>Ide o ocenenie pre v\u00fdnimo\u010dn\u00fa \u017eensk\u00fa pr\u00e1vnick\u00fa osobnos\u0165 roka&#8220;.&nbsp; <\/strong><\/span><\/p>\n<p style=\"text-align: justify;\"><span style=\"font-size: 14pt;\">To\u013eko denn\u00edk &#8222;Ob\u010das Pravda&#8220;, a \u010do k tomu m\u00f4\u017eu doplni\u0165 t\u00ed, ktor\u00ed netrpia stratou pam\u00e4ti a nie s\u00fa primerane seniln\u00ed?&nbsp; Pr\u00e1vne \u00fakony na\u0161ej prvej d\u00e1my si hore spomenut\u00ed&nbsp; pam\u00e4tn\u00edci dobre pam\u00e4taj\u00fa.&nbsp; Najm\u00e4 jej posledn\u00fd, ke\u010f sa jej podarilo zmari\u0165 referendum o skr\u00e1ten\u00ed volebn\u00e9ho obdobia n\u00e1\u0161ho nedocenen\u00e9ho parlamentu. Ako brilantn\u00e1 \u00fastavn\u00e1 pr\u00e1vni\u010dka, posunula svoje rozhodnutie na priame vybavenie \u00fastavn\u00e9mu s\u00fadu, ktor\u00fd rozhodol, ako sa po\u017eadovalo. <a href=\"https:\/\/www.hlavnydennik.sk\/2019\/03\/22\/skandal-caputova-nikdy-podanie-vo-veci-pezinskej-skladky-na-europsky-sudny-dvor-nepripravovala\/\" target=\"_blank\" rel=\"noopener\">V pr\u00edpade pezinskej skl\u00e1dky to nebola ona, ktor\u00e1 vypracovala podanie na&nbsp; Eur\u00f3psky s\u00fadny dvor v Luxemburgu, ale pracovn\u00ed\u010dka magistr\u00e1tu mesta, tvrdia zl\u00e9 jazyky<\/a>. V minulosti sa vravelo, \u017ee komu dal boh \u00farad, tomu dal aj rozum. <a href=\"https:\/\/www.antikvar.sk\/blog\/dilema-zlate-tela-krystalove-kridlo-supa-vedci-hovorcovia-politikov\/\" target=\"_blank\" rel=\"noopener\">V tomto preva\u017ene ateistickom svete plat\u00ed nie\u010do podobn\u00e9, ale u\u017e nerozhoduje boh, ale komisia d\u00e1kej mimovl\u00e1dny, ktor\u00e1 udelen\u00edm vyznamenania v\u00e1m de facto dopln\u00ed vzdelanie, vytvor\u00ed z\u00e1sluhy, anuluje chyby, urob\u00ed z v\u00e1s superstar v oblasti, kde sa to pr\u00e1ve hod\u00ed<\/a>.<\/span><\/p>\n<p style=\"text-align: justify;\"><span style=\"font-size: 14pt;\">S\u00fa aj tak\u00ed, \u010do sa na prezidentku nehnevaj\u00fa, \u017ee zabr\u00e1nila rozpusteniu tohto &#8222;n\u00e1rodn\u00e9ho&#8220; parlamentu.&nbsp; Kto in\u00fd, ke\u010f kovid sklamal,&nbsp; by dorazil tento nepou\u010dite\u013en\u00fd n\u00e1rod, ktor\u00fd&nbsp; si ho zvolil asi v posledn\u00fdch, &#8222;demokratick\u00fdch&#8220; vo\u013eb\u00e1ch. Neurobila to len pre rados\u0165 t\u00fdchto nepriate\u013eov Slovenska, ale sledovala aj osobn\u00fd cie\u013e, ktor\u00fd sa postupne dost\u00e1va na povrch:<\/span><\/p>\n<p style=\"text-align: justify;\"><span style=\"font-size: 14pt;\">V ma\u010farskom parlamente, citujem Jergu\u0161a Ferka: &#8222;<a href=\"http:\/\/archiv.extraplus.sk\/37\/premaluvaci-dejin\" target=\"_blank\" rel=\"noopener\"><strong>V ma\u010farskom parlamente &#8211; postavenom najm\u00e4 liptovsk\u00fdmi mur\u00e1rmi &#8211; vis\u00ed v jednej z najv\u00e4\u010d\u0161\u00edch sien\u00ed monument\u00e1lny, \u0161estn\u00e1s\u0165metrov\u00fd obraz nazvan\u00fd Pr\u00edchod star\u00fdch Ma\u010farov, ktor\u00fd nama\u013eoval jeden z najlep\u0161\u00edch ma\u010farsk\u00fdch maliarov Mih\u00e1ly Munk\u00e1csy (p\u00f4vodn\u00e9 meno Lieb). Dielo zobrazuje impozantn\u00fdch rytierov-vit\u00e9zov (v\u00ed\u0165azov), odet\u00fdch v bl\u00fdskav\u00fdch pancieroch, so skvelou oce\u013eovou zbrojou, na ko\u0148och o\u0161\u00edrovan\u00fdch bohato zdoben\u00fdmi postrojmi. Pr\u00edchodz\u00edch jazdcov &#8211; vojvodcu Arp\u00e1da a jeho dru\u017einu &#8211; v\u00edtaj\u00fa miestni obyvatelia, chud\u00e1ci odet\u00ed v chatrn\u00fdch zrebn\u00fdch habitoch, o\u010dividne soci\u00e1lne i kult\u00farne zaostalej\u0161\u00ed&#8220;.<\/strong><\/a><\/span><\/p>\n<p style=\"text-align: justify;\"><span style=\"font-size: 14pt;\">Pod\u013ea tohto vzoru sa chyst\u00e1 na\u0161a prv\u00e1 d\u00e1ma vytvori\u0165 nezabudnute\u013en\u00e9, monument\u00e1lne, v\u00fdtvarn\u00e9 dielo: Pr\u00edchod imigrantov do tejto krajiny &#8211; zaujatie zeme, ktor\u00e9 by malo by\u0165 umiestnen\u00e9 v parlamente pred o\u010dami poslancov a pri priamych prenosoch, ak sa s nimi v\u00f4bec e\u0161te po\u010d\u00edta, aj pred cel\u00fdm n\u00e1rodom, aby vedel kam patr\u00ed a spratal sa do ko\u017ee. Ve\u013ekoform\u00e1tov\u00e9 pl\u00e1tno s honosn\u00fdm zlat\u00fdm r\u00e1mom je u\u017e v pal\u00e1ci pripraven\u00e9, probl\u00e9m je, koho zavolaj\u00fa, aby dielo realizoval. Monumentalista M. Munk\u00e1czy ne\u017eije, rovnako ako M. Benka,<a href=\"https:\/\/www.google.com\/search?source=univ&amp;tbm=isch&amp;q=painter+sigueros&amp;sa=X&amp;ved=2ahUKEwj7nrGHg_7yAhXIg_0HHfWyC7wQjJkEegQIBhAC&amp;biw=1920&amp;bih=870#imgrc=tr-XSa7bpwgpJM\" target=\"_blank\" rel=\"noopener\"> \u010di Siqueiros.<\/a> Komisia zlo\u017een\u00e1 popredn\u00fdch kaviarensk\u00fdch pavla\u010dov\u00fdch umelcov je u\u017e ale pripraven\u00e1, aby rozhodla o titule&nbsp;&nbsp; n\u00e1rodnej umelkyne pre autorku tohto unik\u00e1tneho, monument\u00e1lneho, anga\u017eovan\u00e9ho diela. Ak niekoho pozn\u00e1te, kto by tak\u00e9 nie\u010do zvl\u00e1dol, po\u0161lite ur\u00fdchlene n\u00e1vrh priamo do jej kancel\u00e1rie. <\/span><span style=\"font-size: 14pt;\">Je to ve\u013emi s\u00farne.<\/span><span style=\"font-size: 14pt;\"> Opilca z Ko\u0161\u00edc neprihlasujte, ten vie pou\u017e\u00edva\u0165 iba \u010derven\u00fa farbu, na obraze bude dominova\u0165 \u010dierna.&nbsp; <\/span><\/p>\n<p style=\"text-align: justify;\"><span style=\"font-size: 14pt;\">Aureolu&nbsp; renesan\u010dnej \u017eeny treba do novej vo\u013eby hlavy \u0161t\u00e1tu udr\u017eova\u0165 a kultivova\u0165. Vyznamenan\u00ed nie je nikdy dos\u0165.&nbsp; Nobelov\u00e9 ceny pre tento rok za medic\u00ednu boli rozobran\u00e9. Preto spojen\u00fd t\u00edm SAV, ministerstva zdravotn\u00edctva a jani\u010diarov z radov lek\u00e1rov pod veden\u00edm ambici\u00f3zneho <a href=\"https:\/\/www.antikvar.sk\/blog\/nomen-omen-priezvisko\/\" target=\"_blank\" rel=\"noopener\">cynika MUDr. Psa&nbsp;<\/a> maj\u00fa dostatok \u010dasu na nap\u00edsanie prelomovej \u0161t\u00fadie o v\u00fdsledkoch etnickej o\u010disty v tejto krajine a \u010caputov\u00fa vzh\u013eadom na jej osobn\u00fd pr\u00ednos m\u00f4\u017eu s \u010dist\u00fdm svedom\u00edm prip\u00edsa\u0165 medzi autorov tejto \u0161t\u00fadie.<br \/>\n<\/span><\/p>\n<p style=\"text-align: justify;\"><span style=\"font-size: 14pt;\"><a href=\"https:\/\/www.antikvar.sk\/blog\/dilema-zlate-tela-krystalove-kridlo-supa-vedci-hovorcovia-politikov\/\" target=\"_blank\" rel=\"noopener\"> U prvej d\u00e1my sa&nbsp; po\u010d\u00edta aj s Nobelovou cenou mieru<\/a>, pre ukon\u010denie vojnov\u00e9ho konfliktu s Ma\u010farskom, ktor\u00fd hrozil, pre p\u00f4vodnos\u0165 n\u00e1metu obrazu v parlamente a toho, \u017ee z n\u00e1metu nie je jednozna\u010dne vidie\u0165, kto zaujal&nbsp; t\u00fato krajinu sk\u00f4r, Afri\u010dania, \u010di Ma\u010fari.&nbsp; Nebojte sa, obraz z r\u00e1mu nevyre\u017e\u00fa, ale ako kompenz\u00e1ciu si Ma\u010fari odre\u017e\u00fa k\u00fasok \u017ditn\u00e9ho ostrova iba po B. Bystricu, aby &#8222;bratom&#8220; Poliakom nie\u010do zostalo. T\u00fato kompenz\u00e1ciu \u010derstv\u00e1 n\u00e1rodn\u00e1 umelky\u0148a ur\u010dite po\u013eahky zd\u00f4vodn\u00ed t\u00fdm, pod\u013ea vzoru M. Albrightovej, \u017ee je nespravodliv\u00e9, aby tak\u00fd mal\u00fd bezv\u00fdznamn\u00fd n\u00e1rod ovl\u00e1dal ve\u013ek\u00fa, na vodu bohat\u00fa a spokojen\u00e9 zomieranie vhodn\u00fa krajinu (Ide o jej v\u00fdrok t\u00fdkaj\u00faci sa Ruska a jeho pr\u00edrodn\u00fdch zdrojov).<\/span><\/p>\n<p style=\"text-align: justify;\"><span style=\"font-size: 14pt;\">N\u00e1s m\u00f4\u017ee jedine te\u0161i\u0165, \u017ee osud Doryana Greya zo sl\u00e1vneho Wildeovho rom\u00e1nu Albrightov\u00fa &#8211; Korbelovu u\u017e d\u00e1vno postihol a na t\u00fato pekn\u00fa na\u0161u tv\u00e1ri\u010dku to len \u010dak\u00e1. Bude to sk\u00f4r, ako si mysl\u00edme, pokia\u013e si nevst\u00fapi do svedomia, len\u017ee ona to asi neurob\u00ed, preto\u017ee sa&nbsp; m\u00f4\u017ee spolieha\u0165 na burku, ktor\u00e1 jej prinesie nov\u00e9 hlasy v bud\u00facej prezidentskej kampani. S nik\u00e1bom sa u\u017e z\u017eila, my si tie\u017e pomaly zvyk\u00e1me. V \u010dom je potom probl\u00e9m?<br \/>\n<\/span><\/p>\n<p style=\"text-align: justify;\"><span style=\"font-size: 14pt;\"><img loading=\"lazy\" decoding=\"async\" class=\"n3VNCb\" src=\"https:\/\/infocz-media.s3.amazonaws.com\/infocz\/production\/files\/2020\/07\/30\/18\/43\/11\/b0a6568f-0513-4932-bf0e-85b2b433e65e\/3210755.jpg\" alt=\"INFO.CZ | Zahalov\u00e1n\u00ed obli\u010deje: Kde v\u0161ude plat\u00ed z\u00e1kaz? Lavinu odstartovala Francie, hid\u017e\u00e1b se \u0159e\u0161il i v \u010cesku\" width=\"224\" height=\"126\" data-noaft=\"1\"><\/span><\/p>\n<h2><span class=\"texy-image-foto-wrap\"><img loading=\"lazy\" decoding=\"async\" class=\"article-detail-image\" src=\"https:\/\/ipravda.sk\/res\/2021\/09\/10\/thumbs\/zuzana-caputova-clanokW.jpg\" sizes=\"auto, (max-width: 600px) 270px, 825px\" srcset=\"https:\/\/ipravda.sk\/res\/2021\/09\/10\/thumbs\/zuzana-caputova-strednaW.jpg 540w, https:\/\/ipravda.sk\/res\/2021\/09\/10\/thumbs\/zuzana-caputova-clanokW.jpg 825w\" alt=\"Zuzana \u010caputov\u00e1\" width=\"169\" height=\"95\"><\/span><\/h2>\n<h2>&nbsp;<\/h2>\n<h2><span style=\"font-size: 18pt;\">Vysvetlivky<\/span><\/h2>\n<p style=\"text-align: justify;\"><span style=\"font-size: 14pt;\">Predstavu o tom, ako&nbsp; asi bude vyzera\u0165 rokovacia sie\u0148 parlamentu&nbsp; tejto krajiny po in\u0161tal\u00e1cii monument\u00e1lneho diela \u010derstvej n\u00e1rodnej umelkyne, si m\u00f4\u017eete urobi\u0165 na z\u00e1klade prilo\u017een\u00e9ho videa. Sta\u010d\u00ed od 12:45 min\u00faty.<\/span><\/p>\n<p>&nbsp;<\/p>\n<div class=\"ast-oembed-container \" style=\"height: 100%;\"><iframe loading=\"lazy\" title=\"Munk\u00e1csy: Honfoglal\u00e1s\" width=\"500\" height=\"281\" src=\"https:\/\/www.youtube.com\/embed\/KoPFdHleZvQ?feature=oembed\" frameborder=\"0\" allow=\"accelerometer; autoplay; clipboard-write; encrypted-media; gyroscope; picture-in-picture; web-share\" referrerpolicy=\"strict-origin-when-cross-origin\" allowfullscreen><\/iframe><\/div>\n<p><span style=\"font-size: 14pt;\">prilo\u017een\u00e9 video 12:45 min<\/span><\/p>\n<p><span style=\"font-size: 14pt;\">Ilustra\u010dn\u00fd obr\u00e1zok je dielo G. Rudnaya naroden\u00e9ho v Ple\u0161ivci z roku 1919 s n\u00e1zvom &#8222;Ute\u010denci&#8220;.&nbsp; T\u00fdch, \u010do v tejto krajine zv\u00fd\u0161ia, \u010dak\u00e1 podobn\u00fd osud, ak sa nezmobilizujeme.<\/span><\/p>\n<p>&nbsp;<\/p>\n<p>Dodatok z 27.1.2023<\/p>\n<p><a href=\"https:\/\/spravy.pravda.sk\/svet\/clanok\/654701-caputova-si-v-berline-prevzala-prestiznu-cenu-a-apelovala-na-navrat-k-hodnotam\/\" target=\"_blank\" rel=\"noopener\">https:\/\/spravy.pravda.sk\/svet\/clanok\/654701-caputova-si-v-berline-prevzala-prestiznu-cenu-a-apelovala-na-navrat-k-hodnotam\/<\/a><\/p>\n<p>Schwarzkopf sa mi sp\u00e1ja s reklamou na \u0161amp\u00f3ny v rak\u00faskej telev\u00edzii.<\/p>\n<p>7.6.2024<\/p>\n<p><a href=\"https:\/\/www.hlavnespravy.sk\/prezidentka-dostane-od-pavla-najvyssie-ceske-vyznamenanie-rad-bieleho-leva\/3518200\" target=\"_blank\" rel=\"noopener\">https:\/\/www.hlavnespravy.sk\/prezidentka-dostane-od-pavla-najvyssie-ceske-vyznamenanie-rad-bieleho-leva\/3518200<\/a><\/p>\n<p>14.6.2024<\/p>\n<p><a href=\"https:\/\/www.extraplus.sk\/clanok\/caputova-ma-rovnake-vyznamenanie-ako-mussolini\" target=\"_blank\" rel=\"noopener\">https:\/\/www.extraplus.sk\/clanok\/caputova-ma-rovnake-vyznamenanie-ako-mussolini<\/a><\/p>\n<\/div>\n","protected":false},"excerpt":{"rendered":"<p>&#8222;Prezidentka SR Zuzana \u010caputov\u00e1 z\u00edskala cenu Justitia Awards, ktor\u00fa ude\u013euje organiz\u00e1cia Women in Law Initiative so s\u00eddlom vo Viedni. SITA 11.09.2021 09:27 &nbsp;&nbsp; Foto: TASR. Prezidentka Zuzana \u010caputov\u00e1 &#8211; bud\u00faca n\u00e1rodn\u00e1 umelky\u0148a &nbsp; Ako informoval hovorca hlavy \u0161t\u00e1tu, poslan\u00edm organiz\u00e1cie je sp\u00e1ja\u0165 predov\u0161etk\u00fdm \u017eeny pracuj\u00face v r\u00f4znych pr\u00e1vnick\u00fdch profesi\u00e1ch po celom svete. Je platformou pre [&hellip;]<\/p>\n","protected":false},"author":1,"featured_media":1993,"comment_status":"open","ping_status":"open","sticky":false,"template":"","format":"standard","meta":{"_uag_custom_page_level_css":"","site-sidebar-layout":"default","site-content-layout":"default","ast-site-content-layout":"default","site-content-style":"default","site-sidebar-style":"default","ast-global-header-display":"","ast-banner-title-visibility":"","ast-main-header-display":"","ast-hfb-above-header-display":"","ast-hfb-below-header-display":"","ast-hfb-mobile-header-display":"","site-post-title":"","ast-breadcrumbs-content":"","ast-featured-img":"","footer-sml-layout":"","ast-disable-related-posts":"","theme-transparent-header-meta":"default","adv-header-id-meta":"","stick-header-meta":"","header-above-stick-meta":"","header-main-stick-meta":"","header-below-stick-meta":"","astra-migrate-meta-layouts":"set","ast-page-background-enabled":"default","ast-page-background-meta":{"desktop":{"background-color":"","background-image":"","background-repeat":"repeat","background-position":"center center","background-size":"auto","background-attachment":"scroll","background-type":"","background-media":"","overlay-type":"","overlay-color":"","overlay-opacity":"","overlay-gradient":""},"tablet":{"background-color":"","background-image":"","background-repeat":"repeat","background-position":"center center","background-size":"auto","background-attachment":"scroll","background-type":"","background-media":"","overlay-type":"","overlay-color":"","overlay-opacity":"","overlay-gradient":""},"mobile":{"background-color":"","background-image":"","background-repeat":"repeat","background-position":"center center","background-size":"auto","background-attachment":"scroll","background-type":"","background-media":"","overlay-type":"","overlay-color":"","overlay-opacity":"","overlay-gradient":""}},"ast-content-background-meta":{"desktop":{"background-color":"var(--ast-global-color-5)","background-image":"","background-repeat":"repeat","background-position":"center center","background-size":"auto","background-attachment":"scroll","background-type":"","background-media":"","overlay-type":"","overlay-color":"","overlay-opacity":"","overlay-gradient":""},"tablet":{"background-color":"var(--ast-global-color-5)","background-image":"","background-repeat":"repeat","background-position":"center center","background-size":"auto","background-attachment":"scroll","background-type":"","background-media":"","overlay-type":"","overlay-color":"","overlay-opacity":"","overlay-gradient":""},"mobile":{"background-color":"var(--ast-global-color-5)","background-image":"","background-repeat":"repeat","background-position":"center center","background-size":"auto","background-attachment":"scroll","background-type":"","background-media":"","overlay-type":"","overlay-color":"","overlay-opacity":"","overlay-gradient":""}},"ngg_post_thumbnail":0,"footnotes":""},"categories":[1],"tags":[101,113,114],"class_list":["post-1966","post","type-post","status-publish","format-standard","has-post-thumbnail","hentry","category-postrehy-uvahy-aktualne","tag-narodna-umelkyna","tag-prezidentka","tag-zaujatie-zeme"],"yoast_head":"<!-- This site is optimized with the Yoast SEO plugin v27.5 - https:\/\/yoast.com\/product\/yoast-seo-wordpress\/ -->\n<title>N\u00e1rodnou umelky\u0148ou za p\u00e1r dn\u00ed - honfoglal\u00e1sfejt\u00f3n - DOMOVINA<\/title>\n<meta name=\"description\" content=\"Pri v\u0161etk\u00fdch oceneniach, ktor\u00e9 na\u0161a prezidentka u\u017e m\u00e1, jej ch\u00fdba iba titul n\u00e1rodnej umelkyne. Dostane ho istotne za monument\u00e1lny obraz.\" \/>\n<meta name=\"robots\" content=\"index, follow, max-snippet:-1, max-image-preview:large, max-video-preview:-1\" \/>\n<link rel=\"canonical\" href=\"https:\/\/www.antikvar.sk\/blog\/narodna-umelkyna-caputova\/\" \/>\n<meta property=\"og:locale\" content=\"sk_SK\" \/>\n<meta property=\"og:type\" content=\"article\" \/>\n<meta property=\"og:title\" content=\"N\u00e1rodnou umelky\u0148ou za p\u00e1r dn\u00ed - honfoglal\u00e1sfejt\u00f3n - DOMOVINA\" \/>\n<meta property=\"og:description\" content=\"Pri v\u0161etk\u00fdch oceneniach, ktor\u00e9 na\u0161a prezidentka u\u017e m\u00e1, jej ch\u00fdba iba titul n\u00e1rodnej umelkyne. Dostane ho istotne za monument\u00e1lny obraz.\" \/>\n<meta property=\"og:url\" content=\"https:\/\/www.antikvar.sk\/blog\/narodna-umelkyna-caputova\/\" \/>\n<meta property=\"og:site_name\" content=\"DOMOVINA\" \/>\n<meta property=\"article:published_time\" content=\"2021-09-12T08:41:32+00:00\" \/>\n<meta property=\"article:modified_time\" content=\"2024-11-16T21:30:24+00:00\" \/>\n<meta property=\"og:image\" content=\"https:\/\/www.antikvar.sk\/blog\/wp-content\/uploads\/2021\/09\/Rudnay.jpg\" \/>\n\t<meta property=\"og:image:width\" content=\"2000\" \/>\n\t<meta property=\"og:image:height\" content=\"1385\" \/>\n\t<meta property=\"og:image:type\" content=\"image\/jpeg\" \/>\n<meta name=\"author\" content=\"jaropoky\" \/>\n<meta name=\"twitter:card\" content=\"summary_large_image\" \/>\n<meta name=\"twitter:label1\" content=\"Autor\" \/>\n\t<meta name=\"twitter:data1\" content=\"jaropoky\" \/>\n\t<meta name=\"twitter:label2\" content=\"Predpokladan\u00fd \u010das \u010d\u00edtania\" \/>\n\t<meta name=\"twitter:data2\" content=\"5 min\u00fat\" \/>\n<script type=\"application\/ld+json\" class=\"yoast-schema-graph\">{\"@context\":\"https:\\\/\\\/schema.org\",\"@graph\":[{\"@type\":\"Article\",\"@id\":\"https:\\\/\\\/www.antikvar.sk\\\/blog\\\/narodna-umelkyna-caputova\\\/#article\",\"isPartOf\":{\"@id\":\"https:\\\/\\\/www.antikvar.sk\\\/blog\\\/narodna-umelkyna-caputova\\\/\"},\"author\":{\"name\":\"jaropoky\",\"@id\":\"https:\\\/\\\/www.antikvar.sk\\\/blog\\\/#\\\/schema\\\/person\\\/960f1c7c0f38d050499287d3a7924469\"},\"headline\":\"N\u00e1rodnou umelky\u0148ou za p\u00e1r dn\u00ed &#8211; honfoglal\u00e1sfejt\u00f3n\",\"datePublished\":\"2021-09-12T08:41:32+00:00\",\"dateModified\":\"2024-11-16T21:30:24+00:00\",\"mainEntityOfPage\":{\"@id\":\"https:\\\/\\\/www.antikvar.sk\\\/blog\\\/narodna-umelkyna-caputova\\\/\"},\"wordCount\":1212,\"commentCount\":0,\"publisher\":{\"@id\":\"https:\\\/\\\/www.antikvar.sk\\\/blog\\\/#\\\/schema\\\/person\\\/960f1c7c0f38d050499287d3a7924469\"},\"image\":{\"@id\":\"https:\\\/\\\/www.antikvar.sk\\\/blog\\\/narodna-umelkyna-caputova\\\/#primaryimage\"},\"thumbnailUrl\":\"https:\\\/\\\/www.antikvar.sk\\\/blog\\\/wp-content\\\/uploads\\\/2021\\\/09\\\/Rudnay.jpg\",\"keywords\":[\"n\u00e1rodn\u00e1 umelky\u0148a\",\"prezidentka\",\"zaujatie zeme\"],\"articleSection\":[\"Aktu\u00e1lne postrehy a \u00favahy\"],\"inLanguage\":\"sk-SK\",\"potentialAction\":[{\"@type\":\"CommentAction\",\"name\":\"Comment\",\"target\":[\"https:\\\/\\\/www.antikvar.sk\\\/blog\\\/narodna-umelkyna-caputova\\\/#respond\"]}]},{\"@type\":\"WebPage\",\"@id\":\"https:\\\/\\\/www.antikvar.sk\\\/blog\\\/narodna-umelkyna-caputova\\\/\",\"url\":\"https:\\\/\\\/www.antikvar.sk\\\/blog\\\/narodna-umelkyna-caputova\\\/\",\"name\":\"N\u00e1rodnou umelky\u0148ou za p\u00e1r dn\u00ed - honfoglal\u00e1sfejt\u00f3n - DOMOVINA\",\"isPartOf\":{\"@id\":\"https:\\\/\\\/www.antikvar.sk\\\/blog\\\/#website\"},\"primaryImageOfPage\":{\"@id\":\"https:\\\/\\\/www.antikvar.sk\\\/blog\\\/narodna-umelkyna-caputova\\\/#primaryimage\"},\"image\":{\"@id\":\"https:\\\/\\\/www.antikvar.sk\\\/blog\\\/narodna-umelkyna-caputova\\\/#primaryimage\"},\"thumbnailUrl\":\"https:\\\/\\\/www.antikvar.sk\\\/blog\\\/wp-content\\\/uploads\\\/2021\\\/09\\\/Rudnay.jpg\",\"datePublished\":\"2021-09-12T08:41:32+00:00\",\"dateModified\":\"2024-11-16T21:30:24+00:00\",\"description\":\"Pri v\u0161etk\u00fdch oceneniach, ktor\u00e9 na\u0161a prezidentka u\u017e m\u00e1, jej ch\u00fdba iba titul n\u00e1rodnej umelkyne. Dostane ho istotne za monument\u00e1lny obraz.\",\"breadcrumb\":{\"@id\":\"https:\\\/\\\/www.antikvar.sk\\\/blog\\\/narodna-umelkyna-caputova\\\/#breadcrumb\"},\"inLanguage\":\"sk-SK\",\"potentialAction\":[{\"@type\":\"ReadAction\",\"target\":[\"https:\\\/\\\/www.antikvar.sk\\\/blog\\\/narodna-umelkyna-caputova\\\/\"]}]},{\"@type\":\"ImageObject\",\"inLanguage\":\"sk-SK\",\"@id\":\"https:\\\/\\\/www.antikvar.sk\\\/blog\\\/narodna-umelkyna-caputova\\\/#primaryimage\",\"url\":\"https:\\\/\\\/www.antikvar.sk\\\/blog\\\/wp-content\\\/uploads\\\/2021\\\/09\\\/Rudnay.jpg\",\"contentUrl\":\"https:\\\/\\\/www.antikvar.sk\\\/blog\\\/wp-content\\\/uploads\\\/2021\\\/09\\\/Rudnay.jpg\",\"width\":2000,\"height\":1385},{\"@type\":\"BreadcrumbList\",\"@id\":\"https:\\\/\\\/www.antikvar.sk\\\/blog\\\/narodna-umelkyna-caputova\\\/#breadcrumb\",\"itemListElement\":[{\"@type\":\"ListItem\",\"position\":1,\"name\":\"Domovsk\u00e1 str\u00e1nka\",\"item\":\"https:\\\/\\\/www.antikvar.sk\\\/blog\\\/\"},{\"@type\":\"ListItem\",\"position\":2,\"name\":\"N\u00e1rodnou umelky\u0148ou za p\u00e1r dn\u00ed &#8211; honfoglal\u00e1sfejt\u00f3n\"}]},{\"@type\":\"WebSite\",\"@id\":\"https:\\\/\\\/www.antikvar.sk\\\/blog\\\/#website\",\"url\":\"https:\\\/\\\/www.antikvar.sk\\\/blog\\\/\",\"name\":\"DOMOVINA\",\"description\":\"Nezabudnite na svoje rodisko, bez neho je len do pekla schodisko\",\"publisher\":{\"@id\":\"https:\\\/\\\/www.antikvar.sk\\\/blog\\\/#\\\/schema\\\/person\\\/960f1c7c0f38d050499287d3a7924469\"},\"potentialAction\":[{\"@type\":\"SearchAction\",\"target\":{\"@type\":\"EntryPoint\",\"urlTemplate\":\"https:\\\/\\\/www.antikvar.sk\\\/blog\\\/?s={search_term_string}\"},\"query-input\":{\"@type\":\"PropertyValueSpecification\",\"valueRequired\":true,\"valueName\":\"search_term_string\"}}],\"inLanguage\":\"sk-SK\"},{\"@type\":[\"Person\",\"Organization\"],\"@id\":\"https:\\\/\\\/www.antikvar.sk\\\/blog\\\/#\\\/schema\\\/person\\\/960f1c7c0f38d050499287d3a7924469\",\"name\":\"jaropoky\",\"image\":{\"@type\":\"ImageObject\",\"inLanguage\":\"sk-SK\",\"@id\":\"https:\\\/\\\/www.antikvar.sk\\\/blog\\\/wp-content\\\/uploads\\\/2021\\\/04\\\/cropped-cropped-KoreszkaWEB-2.jpg\",\"url\":\"https:\\\/\\\/www.antikvar.sk\\\/blog\\\/wp-content\\\/uploads\\\/2021\\\/04\\\/cropped-cropped-KoreszkaWEB-2.jpg\",\"contentUrl\":\"https:\\\/\\\/www.antikvar.sk\\\/blog\\\/wp-content\\\/uploads\\\/2021\\\/04\\\/cropped-cropped-KoreszkaWEB-2.jpg\",\"width\":863,\"height\":597,\"caption\":\"jaropoky\"},\"logo\":{\"@id\":\"https:\\\/\\\/www.antikvar.sk\\\/blog\\\/wp-content\\\/uploads\\\/2021\\\/04\\\/cropped-cropped-KoreszkaWEB-2.jpg\"},\"description\":\"Zauj\u00edma sa o filozofiu, umenie, pr\u00edrodu a alternat\u00edvnu medic\u00ednu. Bol vedeck\u00fd pracovn\u00edk a \u0161t\u00e1tny zamestnanec, teraz je na d\u00f4chodku.\",\"sameAs\":[\"http:\\\/\\\/www.antikvar.sk\\\/blog\"],\"url\":\"https:\\\/\\\/www.antikvar.sk\\\/blog\\\/author\\\/jaro\\\/\"}]}<\/script>\n<!-- \/ Yoast SEO plugin. -->","yoast_head_json":{"title":"N\u00e1rodnou umelky\u0148ou za p\u00e1r dn\u00ed - honfoglal\u00e1sfejt\u00f3n - DOMOVINA","description":"Pri v\u0161etk\u00fdch oceneniach, ktor\u00e9 na\u0161a prezidentka u\u017e m\u00e1, jej ch\u00fdba iba titul n\u00e1rodnej umelkyne. Dostane ho istotne za monument\u00e1lny obraz.","robots":{"index":"index","follow":"follow","max-snippet":"max-snippet:-1","max-image-preview":"max-image-preview:large","max-video-preview":"max-video-preview:-1"},"canonical":"https:\/\/www.antikvar.sk\/blog\/narodna-umelkyna-caputova\/","og_locale":"sk_SK","og_type":"article","og_title":"N\u00e1rodnou umelky\u0148ou za p\u00e1r dn\u00ed - honfoglal\u00e1sfejt\u00f3n - DOMOVINA","og_description":"Pri v\u0161etk\u00fdch oceneniach, ktor\u00e9 na\u0161a prezidentka u\u017e m\u00e1, jej ch\u00fdba iba titul n\u00e1rodnej umelkyne. Dostane ho istotne za monument\u00e1lny obraz.","og_url":"https:\/\/www.antikvar.sk\/blog\/narodna-umelkyna-caputova\/","og_site_name":"DOMOVINA","article_published_time":"2021-09-12T08:41:32+00:00","article_modified_time":"2024-11-16T21:30:24+00:00","og_image":[{"width":2000,"height":1385,"url":"https:\/\/www.antikvar.sk\/blog\/wp-content\/uploads\/2021\/09\/Rudnay.jpg","type":"image\/jpeg"}],"author":"jaropoky","twitter_card":"summary_large_image","twitter_misc":{"Autor":"jaropoky","Predpokladan\u00fd \u010das \u010d\u00edtania":"5 min\u00fat"},"schema":{"@context":"https:\/\/schema.org","@graph":[{"@type":"Article","@id":"https:\/\/www.antikvar.sk\/blog\/narodna-umelkyna-caputova\/#article","isPartOf":{"@id":"https:\/\/www.antikvar.sk\/blog\/narodna-umelkyna-caputova\/"},"author":{"name":"jaropoky","@id":"https:\/\/www.antikvar.sk\/blog\/#\/schema\/person\/960f1c7c0f38d050499287d3a7924469"},"headline":"N\u00e1rodnou umelky\u0148ou za p\u00e1r dn\u00ed &#8211; honfoglal\u00e1sfejt\u00f3n","datePublished":"2021-09-12T08:41:32+00:00","dateModified":"2024-11-16T21:30:24+00:00","mainEntityOfPage":{"@id":"https:\/\/www.antikvar.sk\/blog\/narodna-umelkyna-caputova\/"},"wordCount":1212,"commentCount":0,"publisher":{"@id":"https:\/\/www.antikvar.sk\/blog\/#\/schema\/person\/960f1c7c0f38d050499287d3a7924469"},"image":{"@id":"https:\/\/www.antikvar.sk\/blog\/narodna-umelkyna-caputova\/#primaryimage"},"thumbnailUrl":"https:\/\/www.antikvar.sk\/blog\/wp-content\/uploads\/2021\/09\/Rudnay.jpg","keywords":["n\u00e1rodn\u00e1 umelky\u0148a","prezidentka","zaujatie zeme"],"articleSection":["Aktu\u00e1lne postrehy a \u00favahy"],"inLanguage":"sk-SK","potentialAction":[{"@type":"CommentAction","name":"Comment","target":["https:\/\/www.antikvar.sk\/blog\/narodna-umelkyna-caputova\/#respond"]}]},{"@type":"WebPage","@id":"https:\/\/www.antikvar.sk\/blog\/narodna-umelkyna-caputova\/","url":"https:\/\/www.antikvar.sk\/blog\/narodna-umelkyna-caputova\/","name":"N\u00e1rodnou umelky\u0148ou za p\u00e1r dn\u00ed - honfoglal\u00e1sfejt\u00f3n - DOMOVINA","isPartOf":{"@id":"https:\/\/www.antikvar.sk\/blog\/#website"},"primaryImageOfPage":{"@id":"https:\/\/www.antikvar.sk\/blog\/narodna-umelkyna-caputova\/#primaryimage"},"image":{"@id":"https:\/\/www.antikvar.sk\/blog\/narodna-umelkyna-caputova\/#primaryimage"},"thumbnailUrl":"https:\/\/www.antikvar.sk\/blog\/wp-content\/uploads\/2021\/09\/Rudnay.jpg","datePublished":"2021-09-12T08:41:32+00:00","dateModified":"2024-11-16T21:30:24+00:00","description":"Pri v\u0161etk\u00fdch oceneniach, ktor\u00e9 na\u0161a prezidentka u\u017e m\u00e1, jej ch\u00fdba iba titul n\u00e1rodnej umelkyne. Dostane ho istotne za monument\u00e1lny obraz.","breadcrumb":{"@id":"https:\/\/www.antikvar.sk\/blog\/narodna-umelkyna-caputova\/#breadcrumb"},"inLanguage":"sk-SK","potentialAction":[{"@type":"ReadAction","target":["https:\/\/www.antikvar.sk\/blog\/narodna-umelkyna-caputova\/"]}]},{"@type":"ImageObject","inLanguage":"sk-SK","@id":"https:\/\/www.antikvar.sk\/blog\/narodna-umelkyna-caputova\/#primaryimage","url":"https:\/\/www.antikvar.sk\/blog\/wp-content\/uploads\/2021\/09\/Rudnay.jpg","contentUrl":"https:\/\/www.antikvar.sk\/blog\/wp-content\/uploads\/2021\/09\/Rudnay.jpg","width":2000,"height":1385},{"@type":"BreadcrumbList","@id":"https:\/\/www.antikvar.sk\/blog\/narodna-umelkyna-caputova\/#breadcrumb","itemListElement":[{"@type":"ListItem","position":1,"name":"Domovsk\u00e1 str\u00e1nka","item":"https:\/\/www.antikvar.sk\/blog\/"},{"@type":"ListItem","position":2,"name":"N\u00e1rodnou umelky\u0148ou za p\u00e1r dn\u00ed &#8211; honfoglal\u00e1sfejt\u00f3n"}]},{"@type":"WebSite","@id":"https:\/\/www.antikvar.sk\/blog\/#website","url":"https:\/\/www.antikvar.sk\/blog\/","name":"DOMOVINA","description":"Nezabudnite na svoje rodisko, bez neho je len do pekla schodisko","publisher":{"@id":"https:\/\/www.antikvar.sk\/blog\/#\/schema\/person\/960f1c7c0f38d050499287d3a7924469"},"potentialAction":[{"@type":"SearchAction","target":{"@type":"EntryPoint","urlTemplate":"https:\/\/www.antikvar.sk\/blog\/?s={search_term_string}"},"query-input":{"@type":"PropertyValueSpecification","valueRequired":true,"valueName":"search_term_string"}}],"inLanguage":"sk-SK"},{"@type":["Person","Organization"],"@id":"https:\/\/www.antikvar.sk\/blog\/#\/schema\/person\/960f1c7c0f38d050499287d3a7924469","name":"jaropoky","image":{"@type":"ImageObject","inLanguage":"sk-SK","@id":"https:\/\/www.antikvar.sk\/blog\/wp-content\/uploads\/2021\/04\/cropped-cropped-KoreszkaWEB-2.jpg","url":"https:\/\/www.antikvar.sk\/blog\/wp-content\/uploads\/2021\/04\/cropped-cropped-KoreszkaWEB-2.jpg","contentUrl":"https:\/\/www.antikvar.sk\/blog\/wp-content\/uploads\/2021\/04\/cropped-cropped-KoreszkaWEB-2.jpg","width":863,"height":597,"caption":"jaropoky"},"logo":{"@id":"https:\/\/www.antikvar.sk\/blog\/wp-content\/uploads\/2021\/04\/cropped-cropped-KoreszkaWEB-2.jpg"},"description":"Zauj\u00edma sa o filozofiu, umenie, pr\u00edrodu a alternat\u00edvnu medic\u00ednu. Bol vedeck\u00fd pracovn\u00edk a \u0161t\u00e1tny zamestnanec, teraz je na d\u00f4chodku.","sameAs":["http:\/\/www.antikvar.sk\/blog"],"url":"https:\/\/www.antikvar.sk\/blog\/author\/jaro\/"}]}},"uagb_featured_image_src":{"full":["https:\/\/www.antikvar.sk\/blog\/wp-content\/uploads\/2021\/09\/Rudnay.jpg",2000,1385,false],"thumbnail":["https:\/\/www.antikvar.sk\/blog\/wp-content\/uploads\/2021\/09\/Rudnay-150x150.jpg",150,150,true],"medium":["https:\/\/www.antikvar.sk\/blog\/wp-content\/uploads\/2021\/09\/Rudnay-300x208.jpg",300,208,true],"medium_large":["https:\/\/www.antikvar.sk\/blog\/wp-content\/uploads\/2021\/09\/Rudnay-768x532.jpg",768,532,true],"large":["https:\/\/www.antikvar.sk\/blog\/wp-content\/uploads\/2021\/09\/Rudnay-1024x709.jpg",1024,709,true],"1536x1536":["https:\/\/www.antikvar.sk\/blog\/wp-content\/uploads\/2021\/09\/Rudnay-1536x1064.jpg",1536,1064,true],"2048x2048":["https:\/\/www.antikvar.sk\/blog\/wp-content\/uploads\/2021\/09\/Rudnay.jpg",2000,1385,false],"crp_thumbnail":["https:\/\/www.antikvar.sk\/blog\/wp-content\/uploads\/2021\/09\/Rudnay.jpg",150,104,false]},"uagb_author_info":{"display_name":"jaropoky","author_link":"https:\/\/www.antikvar.sk\/blog\/author\/jaro\/"},"uagb_comment_info":1,"uagb_excerpt":"&#8222;Prezidentka SR Zuzana \u010caputov\u00e1 z\u00edskala cenu Justitia Awards, ktor\u00fa ude\u013euje organiz\u00e1cia Women in Law Initiative so s\u00eddlom vo Viedni. SITA 11.09.2021 09:27 &nbsp;&nbsp; Foto: TASR. Prezidentka Zuzana \u010caputov\u00e1 &#8211; bud\u00faca n\u00e1rodn\u00e1 umelky\u0148a &nbsp; Ako informoval hovorca hlavy \u0161t\u00e1tu, poslan\u00edm organiz\u00e1cie je sp\u00e1ja\u0165 predov\u0161etk\u00fdm \u017eeny pracuj\u00face v r\u00f4znych pr\u00e1vnick\u00fdch profesi\u00e1ch po celom svete. Je platformou pre&hellip;","_links":{"self":[{"href":"https:\/\/www.antikvar.sk\/blog\/wp-json\/wp\/v2\/posts\/1966","targetHints":{"allow":["GET"]}}],"collection":[{"href":"https:\/\/www.antikvar.sk\/blog\/wp-json\/wp\/v2\/posts"}],"about":[{"href":"https:\/\/www.antikvar.sk\/blog\/wp-json\/wp\/v2\/types\/post"}],"author":[{"embeddable":true,"href":"https:\/\/www.antikvar.sk\/blog\/wp-json\/wp\/v2\/users\/1"}],"replies":[{"embeddable":true,"href":"https:\/\/www.antikvar.sk\/blog\/wp-json\/wp\/v2\/comments?post=1966"}],"version-history":[{"count":0,"href":"https:\/\/www.antikvar.sk\/blog\/wp-json\/wp\/v2\/posts\/1966\/revisions"}],"wp:featuredmedia":[{"embeddable":true,"href":"https:\/\/www.antikvar.sk\/blog\/wp-json\/wp\/v2\/media\/1993"}],"wp:attachment":[{"href":"https:\/\/www.antikvar.sk\/blog\/wp-json\/wp\/v2\/media?parent=1966"}],"wp:term":[{"taxonomy":"category","embeddable":true,"href":"https:\/\/www.antikvar.sk\/blog\/wp-json\/wp\/v2\/categories?post=1966"},{"taxonomy":"post_tag","embeddable":true,"href":"https:\/\/www.antikvar.sk\/blog\/wp-json\/wp\/v2\/tags?post=1966"}],"curies":[{"name":"wp","href":"https:\/\/api.w.org\/{rel}","templated":true}]}}