{"id":172,"date":"2021-04-19T20:27:56","date_gmt":"2021-04-19T18:27:56","guid":{"rendered":"http:\/\/www.antikvar.sk\/blog\/?p=172"},"modified":"2021-12-22T13:04:04","modified_gmt":"2021-12-22T12:04:04","slug":"zima-mraz-koleda-stromcek-kovidko-rusko-vianoce-ovce","status":"publish","type":"post","link":"https:\/\/www.antikvar.sk\/blog\/zima-mraz-koleda-stromcek-kovidko-rusko-vianoce-ovce\/","title":{"rendered":"Koleda, ale pesimistick\u00e1"},"content":{"rendered":"<h3>&nbsp;<\/h3>\n<h5><span style=\"font-size: 14pt;\">Pesimistick\u00e1, u\u017e neaktu\u00e1lna, ale recyklovate\u013en\u00e1 koleda. <\/span><\/h5>\n<p><span style=\"font-size: 14pt;\">Man\u017eelka ju skritizovala, \u017ee&nbsp; ver\u0161 s Je\u017ei\u0161kom nie je dobr\u00fd. Vtedy som to mal uroben\u00e9 po Kovidko. Povedal som si, &#8222;prd tomu rozumie&#8220; a pokra\u010doval som, na\u0161\u0165astie. Ja tak\u00fato &#8222;tvorbu&#8220; naz\u00fdvam &#8211; odrhova\u010dky, a tam si mysl\u00edm, \u017ee je to primeran\u00e9. <\/span><\/p>\n<p style=\"text-align: justify;\"><span style=\"font-size: 14pt;\">Odrhova\u010dky nepatria do klenotnice slovenskej po\u00e9zie, ale k v\u00ednu, do chlapskej spolo\u010dnosti, kde baby vo v\u00e4\u010d\u0161ine pr\u00edpadov len prek\u00e1\u017eaj\u00fa.&nbsp; Teraz som si spomenul na klasika, preto odbo\u010d\u00edm: E\u0161te si raz buchnem p\u00e4s\u0165ou o st\u00f4l, namo\u010d\u00edm vlasy do v\u00edna, preto\u017ee som v mrcha svete r\u00e1stol, nechyt\u00ed sa ma zlosyna,&nbsp; mor ani pra\u0161ina \/ani kovid doplnil som\/.<br \/>\n<\/span><\/p>\n<h3><span style=\"font-size: 14pt;\">Koleda<\/span><\/h3>\n<p><span style=\"font-size: 14pt;\">Nie je zima, nie je mr\u00e1z,<\/span><\/p>\n<p><span style=\"font-size: 14pt;\">nepr\u00edde k n\u00e1m Mikul\u00e1\u0161,<\/span><\/p>\n<p><span style=\"font-size: 14pt;\">nepr\u00edde ani Je\u017ei\u0161ko,<\/span><\/p>\n<p><span style=\"font-size: 14pt;\">nav\u0161t\u00edvi n\u00e1s&nbsp; Kovidko.<\/span><\/p>\n<p><span style=\"font-size: 14pt;\">Na strom\u010deku miesto svie\u010dok,<\/span><\/p>\n<p><span style=\"font-size: 14pt;\">trbliecu sa nanovl\u00e1kna r\u00fa\u0161ok.<\/span><\/p>\n<p><span style=\"font-size: 14pt;\">Pod strom\u010dekom kr\u00e1sne zabalen\u00e1,<\/span><\/p>\n<p><span style=\"font-size: 14pt;\">usmieva sa na n\u00e1s&nbsp; karant\u00e9na.<\/span><\/p>\n<p><span style=\"font-size: 14pt;\">Po ve\u010deri \u017eiadne pr\u00edpitky,<\/span><\/p>\n<p><span style=\"font-size: 14pt;\">zato Pfizer do ritky.<\/span><\/p>\n<p><span style=\"font-size: 14pt;\">V novom roku do \u00fatoku,<\/span><\/p>\n<p><span style=\"font-size: 14pt;\">e\u0161te jednu si daj do boku.<\/span><\/p>\n<p><span style=\"font-size: 14pt;\">Na bud\u00face Vianoce,<\/span><\/p>\n<p><span style=\"font-size: 14pt;\">nebud\u00fa musie\u0165 zvoni\u0165 zvonce,<\/span><\/p>\n<p><span style=\"font-size: 14pt;\">ale iba svorne b\u013ea\u010da\u0165,<\/span><\/p>\n<p><span style=\"font-size: 14pt;\">klonovan\u00e9 slovensk\u00e9 ovce.<\/span><\/p>\n<p><span style=\"font-size: 14pt;\">Viano\u010dn\u00fdch strom\u010dekov nebude treba,<\/span><\/p>\n<p><span style=\"font-size: 14pt;\">posta\u010d\u00ed iba k\u00f4pka \u010derstv\u00e9ho sena.<\/span><\/p>\n<p><span style=\"font-size: 14pt;\">A to bude, drah\u00ed p\u00e1ni,<\/span><\/p>\n<p><span style=\"font-size: 14pt;\">&nbsp;t\u00e1 s\u013eubovan\u00e1 zmena!<\/span><\/p>\n<p><span style=\"font-size: 14pt;\"><del>\u010ealej volte Matovi\u010da a z ch&#8230; V\u00e1m narastie p&#8230;.<\/del> <\/span><\/p>\n<p>&nbsp;<\/p>\n<p><span style=\"font-size: 14pt;\">2.12.2020<\/span><\/p>\n","protected":false},"excerpt":{"rendered":"<p>&nbsp; Pesimistick\u00e1, u\u017e neaktu\u00e1lna, ale recyklovate\u013en\u00e1 koleda. Man\u017eelka ju skritizovala, \u017ee&nbsp; ver\u0161 s Je\u017ei\u0161kom nie je dobr\u00fd. Vtedy som to mal uroben\u00e9 po Kovidko. Povedal som si, &#8222;prd tomu rozumie&#8220; a pokra\u010doval som, na\u0161\u0165astie. Ja tak\u00fato &#8222;tvorbu&#8220; naz\u00fdvam &#8211; odrhova\u010dky, a tam si mysl\u00edm, \u017ee je to primeran\u00e9. Odrhova\u010dky nepatria do klenotnice slovenskej po\u00e9zie, ale [&hellip;]<\/p>\n","protected":false},"author":1,"featured_media":0,"comment_status":"open","ping_status":"open","sticky":false,"template":"","format":"standard","meta":{"_uag_custom_page_level_css":"","site-sidebar-layout":"default","site-content-layout":"default","ast-site-content-layout":"default","site-content-style":"default","site-sidebar-style":"default","ast-global-header-display":"","ast-banner-title-visibility":"","ast-main-header-display":"","ast-hfb-above-header-display":"","ast-hfb-below-header-display":"","ast-hfb-mobile-header-display":"","site-post-title":"","ast-breadcrumbs-content":"","ast-featured-img":"","footer-sml-layout":"","ast-disable-related-posts":"","theme-transparent-header-meta":"default","adv-header-id-meta":"","stick-header-meta":"","header-above-stick-meta":"","header-main-stick-meta":"","header-below-stick-meta":"","astra-migrate-meta-layouts":"default","ast-page-background-enabled":"default","ast-page-background-meta":{"desktop":{"background-color":"","background-image":"","background-repeat":"repeat","background-position":"center center","background-size":"auto","background-attachment":"scroll","background-type":"","background-media":"","overlay-type":"","overlay-color":"","overlay-opacity":"","overlay-gradient":""},"tablet":{"background-color":"","background-image":"","background-repeat":"repeat","background-position":"center center","background-size":"auto","background-attachment":"scroll","background-type":"","background-media":"","overlay-type":"","overlay-color":"","overlay-opacity":"","overlay-gradient":""},"mobile":{"background-color":"","background-image":"","background-repeat":"repeat","background-position":"center center","background-size":"auto","background-attachment":"scroll","background-type":"","background-media":"","overlay-type":"","overlay-color":"","overlay-opacity":"","overlay-gradient":""}},"ast-content-background-meta":{"desktop":{"background-color":"var(--ast-global-color-5)","background-image":"","background-repeat":"repeat","background-position":"center center","background-size":"auto","background-attachment":"scroll","background-type":"","background-media":"","overlay-type":"","overlay-color":"","overlay-opacity":"","overlay-gradient":""},"tablet":{"background-color":"var(--ast-global-color-5)","background-image":"","background-repeat":"repeat","background-position":"center center","background-size":"auto","background-attachment":"scroll","background-type":"","background-media":"","overlay-type":"","overlay-color":"","overlay-opacity":"","overlay-gradient":""},"mobile":{"background-color":"var(--ast-global-color-5)","background-image":"","background-repeat":"repeat","background-position":"center center","background-size":"auto","background-attachment":"scroll","background-type":"","background-media":"","overlay-type":"","overlay-color":"","overlay-opacity":"","overlay-gradient":""}},"ngg_post_thumbnail":0,"footnotes":""},"categories":[2,4],"tags":[59,60,43,44],"class_list":["post-172","post","type-post","status-publish","format-standard","hentry","category-prostonarodne","category-texty-covid-postrehy-fejtony-prostonarodne","tag-koleda","tag-kovidko","tag-pesimisticka-koleda-o-kovide","tag-vianocny-stromcek-bez-sviecok-ozdobeny-ruskami"],"yoast_head":"<!-- This site is optimized with the Yoast SEO plugin v27.5 - https:\/\/yoast.com\/product\/yoast-seo-wordpress\/ -->\n<title>Koleda, ale pesimistick\u00e1 - DOMOVINA Kovidko, nanovl\u00e1ka r\u00fa\u0161ok<\/title>\n<meta name=\"description\" content=\"Pesimistick\u00e1 viano\u010dn\u00e1 koleda, ktor\u00fa man\u017eelka skritizovala. Namiesto Je\u017ei\u0161ka pr\u00edde Kovidko, ako dar\u010dek karant\u00e9na a Pfizer\" \/>\n<meta name=\"robots\" content=\"index, follow, max-snippet:-1, max-image-preview:large, max-video-preview:-1\" \/>\n<link rel=\"canonical\" href=\"https:\/\/www.antikvar.sk\/blog\/zima-mraz-koleda-stromcek-kovidko-rusko-vianoce-ovce\/\" \/>\n<meta property=\"og:locale\" content=\"sk_SK\" \/>\n<meta property=\"og:type\" content=\"article\" \/>\n<meta property=\"og:title\" content=\"Koleda, ale pesimistick\u00e1 - DOMOVINA Kovidko, nanovl\u00e1ka r\u00fa\u0161ok\" \/>\n<meta property=\"og:description\" content=\"Pesimistick\u00e1 viano\u010dn\u00e1 koleda, ktor\u00fa man\u017eelka skritizovala. Namiesto Je\u017ei\u0161ka pr\u00edde Kovidko, ako dar\u010dek karant\u00e9na a Pfizer\" \/>\n<meta property=\"og:url\" content=\"https:\/\/www.antikvar.sk\/blog\/zima-mraz-koleda-stromcek-kovidko-rusko-vianoce-ovce\/\" \/>\n<meta property=\"og:site_name\" content=\"DOMOVINA\" \/>\n<meta property=\"article:published_time\" content=\"2021-04-19T18:27:56+00:00\" \/>\n<meta property=\"article:modified_time\" content=\"2021-12-22T12:04:04+00:00\" \/>\n<meta name=\"author\" content=\"jaropoky\" \/>\n<meta name=\"twitter:card\" content=\"summary_large_image\" \/>\n<meta name=\"twitter:label1\" content=\"Autor\" \/>\n\t<meta name=\"twitter:data1\" content=\"jaropoky\" \/>\n\t<meta name=\"twitter:label2\" content=\"Predpokladan\u00fd \u010das \u010d\u00edtania\" \/>\n\t<meta name=\"twitter:data2\" content=\"2 min\u00faty\" \/>\n<script type=\"application\/ld+json\" class=\"yoast-schema-graph\">{\"@context\":\"https:\\\/\\\/schema.org\",\"@graph\":[{\"@type\":\"Article\",\"@id\":\"https:\\\/\\\/www.antikvar.sk\\\/blog\\\/zima-mraz-koleda-stromcek-kovidko-rusko-vianoce-ovce\\\/#article\",\"isPartOf\":{\"@id\":\"https:\\\/\\\/www.antikvar.sk\\\/blog\\\/zima-mraz-koleda-stromcek-kovidko-rusko-vianoce-ovce\\\/\"},\"author\":{\"name\":\"jaropoky\",\"@id\":\"https:\\\/\\\/www.antikvar.sk\\\/blog\\\/#\\\/schema\\\/person\\\/960f1c7c0f38d050499287d3a7924469\"},\"headline\":\"Koleda, ale pesimistick\u00e1\",\"datePublished\":\"2021-04-19T18:27:56+00:00\",\"dateModified\":\"2021-12-22T12:04:04+00:00\",\"mainEntityOfPage\":{\"@id\":\"https:\\\/\\\/www.antikvar.sk\\\/blog\\\/zima-mraz-koleda-stromcek-kovidko-rusko-vianoce-ovce\\\/\"},\"wordCount\":266,\"commentCount\":0,\"publisher\":{\"@id\":\"https:\\\/\\\/www.antikvar.sk\\\/blog\\\/#\\\/schema\\\/person\\\/960f1c7c0f38d050499287d3a7924469\"},\"keywords\":[\"koleda\",\"Kovidko\",\"pesimistick\u00e1 koleda o kovide\",\"viano\u010dn\u00fd strom\u010dek bez svie\u010dok ozdoben\u00fd r\u00fa\u0161kami\"],\"articleSection\":[\"Proston\u00e1rodn\u00e9\",\"Texty v \u010dase covidu\"],\"inLanguage\":\"sk-SK\",\"potentialAction\":[{\"@type\":\"CommentAction\",\"name\":\"Comment\",\"target\":[\"https:\\\/\\\/www.antikvar.sk\\\/blog\\\/zima-mraz-koleda-stromcek-kovidko-rusko-vianoce-ovce\\\/#respond\"]}]},{\"@type\":\"WebPage\",\"@id\":\"https:\\\/\\\/www.antikvar.sk\\\/blog\\\/zima-mraz-koleda-stromcek-kovidko-rusko-vianoce-ovce\\\/\",\"url\":\"https:\\\/\\\/www.antikvar.sk\\\/blog\\\/zima-mraz-koleda-stromcek-kovidko-rusko-vianoce-ovce\\\/\",\"name\":\"Koleda, ale pesimistick\u00e1 - DOMOVINA Kovidko, nanovl\u00e1ka r\u00fa\u0161ok\",\"isPartOf\":{\"@id\":\"https:\\\/\\\/www.antikvar.sk\\\/blog\\\/#website\"},\"datePublished\":\"2021-04-19T18:27:56+00:00\",\"dateModified\":\"2021-12-22T12:04:04+00:00\",\"description\":\"Pesimistick\u00e1 viano\u010dn\u00e1 koleda, ktor\u00fa man\u017eelka skritizovala. Namiesto Je\u017ei\u0161ka pr\u00edde Kovidko, ako dar\u010dek karant\u00e9na a Pfizer\",\"breadcrumb\":{\"@id\":\"https:\\\/\\\/www.antikvar.sk\\\/blog\\\/zima-mraz-koleda-stromcek-kovidko-rusko-vianoce-ovce\\\/#breadcrumb\"},\"inLanguage\":\"sk-SK\",\"potentialAction\":[{\"@type\":\"ReadAction\",\"target\":[\"https:\\\/\\\/www.antikvar.sk\\\/blog\\\/zima-mraz-koleda-stromcek-kovidko-rusko-vianoce-ovce\\\/\"]}]},{\"@type\":\"BreadcrumbList\",\"@id\":\"https:\\\/\\\/www.antikvar.sk\\\/blog\\\/zima-mraz-koleda-stromcek-kovidko-rusko-vianoce-ovce\\\/#breadcrumb\",\"itemListElement\":[{\"@type\":\"ListItem\",\"position\":1,\"name\":\"Domovsk\u00e1 str\u00e1nka\",\"item\":\"https:\\\/\\\/www.antikvar.sk\\\/blog\\\/\"},{\"@type\":\"ListItem\",\"position\":2,\"name\":\"Koleda, ale pesimistick\u00e1\"}]},{\"@type\":\"WebSite\",\"@id\":\"https:\\\/\\\/www.antikvar.sk\\\/blog\\\/#website\",\"url\":\"https:\\\/\\\/www.antikvar.sk\\\/blog\\\/\",\"name\":\"DOMOVINA\",\"description\":\"Nezabudnite na svoje rodisko, bez neho je len do pekla schodisko\",\"publisher\":{\"@id\":\"https:\\\/\\\/www.antikvar.sk\\\/blog\\\/#\\\/schema\\\/person\\\/960f1c7c0f38d050499287d3a7924469\"},\"potentialAction\":[{\"@type\":\"SearchAction\",\"target\":{\"@type\":\"EntryPoint\",\"urlTemplate\":\"https:\\\/\\\/www.antikvar.sk\\\/blog\\\/?s={search_term_string}\"},\"query-input\":{\"@type\":\"PropertyValueSpecification\",\"valueRequired\":true,\"valueName\":\"search_term_string\"}}],\"inLanguage\":\"sk-SK\"},{\"@type\":[\"Person\",\"Organization\"],\"@id\":\"https:\\\/\\\/www.antikvar.sk\\\/blog\\\/#\\\/schema\\\/person\\\/960f1c7c0f38d050499287d3a7924469\",\"name\":\"jaropoky\",\"image\":{\"@type\":\"ImageObject\",\"inLanguage\":\"sk-SK\",\"@id\":\"https:\\\/\\\/www.antikvar.sk\\\/blog\\\/wp-content\\\/uploads\\\/2021\\\/04\\\/cropped-cropped-KoreszkaWEB-2.jpg\",\"url\":\"https:\\\/\\\/www.antikvar.sk\\\/blog\\\/wp-content\\\/uploads\\\/2021\\\/04\\\/cropped-cropped-KoreszkaWEB-2.jpg\",\"contentUrl\":\"https:\\\/\\\/www.antikvar.sk\\\/blog\\\/wp-content\\\/uploads\\\/2021\\\/04\\\/cropped-cropped-KoreszkaWEB-2.jpg\",\"width\":863,\"height\":597,\"caption\":\"jaropoky\"},\"logo\":{\"@id\":\"https:\\\/\\\/www.antikvar.sk\\\/blog\\\/wp-content\\\/uploads\\\/2021\\\/04\\\/cropped-cropped-KoreszkaWEB-2.jpg\"},\"description\":\"Zauj\u00edma sa o filozofiu, umenie, pr\u00edrodu a alternat\u00edvnu medic\u00ednu. Bol vedeck\u00fd pracovn\u00edk a \u0161t\u00e1tny zamestnanec, teraz je na d\u00f4chodku.\",\"sameAs\":[\"http:\\\/\\\/www.antikvar.sk\\\/blog\"],\"url\":\"https:\\\/\\\/www.antikvar.sk\\\/blog\\\/author\\\/jaro\\\/\"}]}<\/script>\n<!-- \/ Yoast SEO plugin. -->","yoast_head_json":{"title":"Koleda, ale pesimistick\u00e1 - DOMOVINA Kovidko, nanovl\u00e1ka r\u00fa\u0161ok","description":"Pesimistick\u00e1 viano\u010dn\u00e1 koleda, ktor\u00fa man\u017eelka skritizovala. Namiesto Je\u017ei\u0161ka pr\u00edde Kovidko, ako dar\u010dek karant\u00e9na a Pfizer","robots":{"index":"index","follow":"follow","max-snippet":"max-snippet:-1","max-image-preview":"max-image-preview:large","max-video-preview":"max-video-preview:-1"},"canonical":"https:\/\/www.antikvar.sk\/blog\/zima-mraz-koleda-stromcek-kovidko-rusko-vianoce-ovce\/","og_locale":"sk_SK","og_type":"article","og_title":"Koleda, ale pesimistick\u00e1 - DOMOVINA Kovidko, nanovl\u00e1ka r\u00fa\u0161ok","og_description":"Pesimistick\u00e1 viano\u010dn\u00e1 koleda, ktor\u00fa man\u017eelka skritizovala. Namiesto Je\u017ei\u0161ka pr\u00edde Kovidko, ako dar\u010dek karant\u00e9na a Pfizer","og_url":"https:\/\/www.antikvar.sk\/blog\/zima-mraz-koleda-stromcek-kovidko-rusko-vianoce-ovce\/","og_site_name":"DOMOVINA","article_published_time":"2021-04-19T18:27:56+00:00","article_modified_time":"2021-12-22T12:04:04+00:00","author":"jaropoky","twitter_card":"summary_large_image","twitter_misc":{"Autor":"jaropoky","Predpokladan\u00fd \u010das \u010d\u00edtania":"2 min\u00faty"},"schema":{"@context":"https:\/\/schema.org","@graph":[{"@type":"Article","@id":"https:\/\/www.antikvar.sk\/blog\/zima-mraz-koleda-stromcek-kovidko-rusko-vianoce-ovce\/#article","isPartOf":{"@id":"https:\/\/www.antikvar.sk\/blog\/zima-mraz-koleda-stromcek-kovidko-rusko-vianoce-ovce\/"},"author":{"name":"jaropoky","@id":"https:\/\/www.antikvar.sk\/blog\/#\/schema\/person\/960f1c7c0f38d050499287d3a7924469"},"headline":"Koleda, ale pesimistick\u00e1","datePublished":"2021-04-19T18:27:56+00:00","dateModified":"2021-12-22T12:04:04+00:00","mainEntityOfPage":{"@id":"https:\/\/www.antikvar.sk\/blog\/zima-mraz-koleda-stromcek-kovidko-rusko-vianoce-ovce\/"},"wordCount":266,"commentCount":0,"publisher":{"@id":"https:\/\/www.antikvar.sk\/blog\/#\/schema\/person\/960f1c7c0f38d050499287d3a7924469"},"keywords":["koleda","Kovidko","pesimistick\u00e1 koleda o kovide","viano\u010dn\u00fd strom\u010dek bez svie\u010dok ozdoben\u00fd r\u00fa\u0161kami"],"articleSection":["Proston\u00e1rodn\u00e9","Texty v \u010dase covidu"],"inLanguage":"sk-SK","potentialAction":[{"@type":"CommentAction","name":"Comment","target":["https:\/\/www.antikvar.sk\/blog\/zima-mraz-koleda-stromcek-kovidko-rusko-vianoce-ovce\/#respond"]}]},{"@type":"WebPage","@id":"https:\/\/www.antikvar.sk\/blog\/zima-mraz-koleda-stromcek-kovidko-rusko-vianoce-ovce\/","url":"https:\/\/www.antikvar.sk\/blog\/zima-mraz-koleda-stromcek-kovidko-rusko-vianoce-ovce\/","name":"Koleda, ale pesimistick\u00e1 - DOMOVINA Kovidko, nanovl\u00e1ka r\u00fa\u0161ok","isPartOf":{"@id":"https:\/\/www.antikvar.sk\/blog\/#website"},"datePublished":"2021-04-19T18:27:56+00:00","dateModified":"2021-12-22T12:04:04+00:00","description":"Pesimistick\u00e1 viano\u010dn\u00e1 koleda, ktor\u00fa man\u017eelka skritizovala. Namiesto Je\u017ei\u0161ka pr\u00edde Kovidko, ako dar\u010dek karant\u00e9na a Pfizer","breadcrumb":{"@id":"https:\/\/www.antikvar.sk\/blog\/zima-mraz-koleda-stromcek-kovidko-rusko-vianoce-ovce\/#breadcrumb"},"inLanguage":"sk-SK","potentialAction":[{"@type":"ReadAction","target":["https:\/\/www.antikvar.sk\/blog\/zima-mraz-koleda-stromcek-kovidko-rusko-vianoce-ovce\/"]}]},{"@type":"BreadcrumbList","@id":"https:\/\/www.antikvar.sk\/blog\/zima-mraz-koleda-stromcek-kovidko-rusko-vianoce-ovce\/#breadcrumb","itemListElement":[{"@type":"ListItem","position":1,"name":"Domovsk\u00e1 str\u00e1nka","item":"https:\/\/www.antikvar.sk\/blog\/"},{"@type":"ListItem","position":2,"name":"Koleda, ale pesimistick\u00e1"}]},{"@type":"WebSite","@id":"https:\/\/www.antikvar.sk\/blog\/#website","url":"https:\/\/www.antikvar.sk\/blog\/","name":"DOMOVINA","description":"Nezabudnite na svoje rodisko, bez neho je len do pekla schodisko","publisher":{"@id":"https:\/\/www.antikvar.sk\/blog\/#\/schema\/person\/960f1c7c0f38d050499287d3a7924469"},"potentialAction":[{"@type":"SearchAction","target":{"@type":"EntryPoint","urlTemplate":"https:\/\/www.antikvar.sk\/blog\/?s={search_term_string}"},"query-input":{"@type":"PropertyValueSpecification","valueRequired":true,"valueName":"search_term_string"}}],"inLanguage":"sk-SK"},{"@type":["Person","Organization"],"@id":"https:\/\/www.antikvar.sk\/blog\/#\/schema\/person\/960f1c7c0f38d050499287d3a7924469","name":"jaropoky","image":{"@type":"ImageObject","inLanguage":"sk-SK","@id":"https:\/\/www.antikvar.sk\/blog\/wp-content\/uploads\/2021\/04\/cropped-cropped-KoreszkaWEB-2.jpg","url":"https:\/\/www.antikvar.sk\/blog\/wp-content\/uploads\/2021\/04\/cropped-cropped-KoreszkaWEB-2.jpg","contentUrl":"https:\/\/www.antikvar.sk\/blog\/wp-content\/uploads\/2021\/04\/cropped-cropped-KoreszkaWEB-2.jpg","width":863,"height":597,"caption":"jaropoky"},"logo":{"@id":"https:\/\/www.antikvar.sk\/blog\/wp-content\/uploads\/2021\/04\/cropped-cropped-KoreszkaWEB-2.jpg"},"description":"Zauj\u00edma sa o filozofiu, umenie, pr\u00edrodu a alternat\u00edvnu medic\u00ednu. Bol vedeck\u00fd pracovn\u00edk a \u0161t\u00e1tny zamestnanec, teraz je na d\u00f4chodku.","sameAs":["http:\/\/www.antikvar.sk\/blog"],"url":"https:\/\/www.antikvar.sk\/blog\/author\/jaro\/"}]}},"uagb_featured_image_src":{"full":false,"thumbnail":false,"medium":false,"medium_large":false,"large":false,"1536x1536":false,"2048x2048":false,"crp_thumbnail":false},"uagb_author_info":{"display_name":"jaropoky","author_link":"https:\/\/www.antikvar.sk\/blog\/author\/jaro\/"},"uagb_comment_info":0,"uagb_excerpt":"&nbsp; Pesimistick\u00e1, u\u017e neaktu\u00e1lna, ale recyklovate\u013en\u00e1 koleda. Man\u017eelka ju skritizovala, \u017ee&nbsp; ver\u0161 s Je\u017ei\u0161kom nie je dobr\u00fd. Vtedy som to mal uroben\u00e9 po Kovidko. Povedal som si, &#8222;prd tomu rozumie&#8220; a pokra\u010doval som, na\u0161\u0165astie. Ja tak\u00fato &#8222;tvorbu&#8220; naz\u00fdvam &#8211; odrhova\u010dky, a tam si mysl\u00edm, \u017ee je to primeran\u00e9. Odrhova\u010dky nepatria do klenotnice slovenskej po\u00e9zie, ale&hellip;","_links":{"self":[{"href":"https:\/\/www.antikvar.sk\/blog\/wp-json\/wp\/v2\/posts\/172","targetHints":{"allow":["GET"]}}],"collection":[{"href":"https:\/\/www.antikvar.sk\/blog\/wp-json\/wp\/v2\/posts"}],"about":[{"href":"https:\/\/www.antikvar.sk\/blog\/wp-json\/wp\/v2\/types\/post"}],"author":[{"embeddable":true,"href":"https:\/\/www.antikvar.sk\/blog\/wp-json\/wp\/v2\/users\/1"}],"replies":[{"embeddable":true,"href":"https:\/\/www.antikvar.sk\/blog\/wp-json\/wp\/v2\/comments?post=172"}],"version-history":[{"count":0,"href":"https:\/\/www.antikvar.sk\/blog\/wp-json\/wp\/v2\/posts\/172\/revisions"}],"wp:attachment":[{"href":"https:\/\/www.antikvar.sk\/blog\/wp-json\/wp\/v2\/media?parent=172"}],"wp:term":[{"taxonomy":"category","embeddable":true,"href":"https:\/\/www.antikvar.sk\/blog\/wp-json\/wp\/v2\/categories?post=172"},{"taxonomy":"post_tag","embeddable":true,"href":"https:\/\/www.antikvar.sk\/blog\/wp-json\/wp\/v2\/tags?post=172"}],"curies":[{"name":"wp","href":"https:\/\/api.w.org\/{rel}","templated":true}]}}