{"id":14221,"date":"2026-03-15T10:01:05","date_gmt":"2026-03-15T09:01:05","guid":{"rendered":"https:\/\/www.antikvar.sk\/blog\/?p=14221"},"modified":"2026-03-16T12:39:30","modified_gmt":"2026-03-16T11:39:30","slug":"to-nemoze-porovnavat-poznamka","status":"publish","type":"post","link":"https:\/\/www.antikvar.sk\/blog\/to-nemoze-porovnavat-poznamka\/","title":{"rendered":"To nem\u00f4\u017eme porovn\u00e1va\u0165? &#8211; pozn\u00e1mka"},"content":{"rendered":"<p style=\"text-align: justify;\"><span style=\"font-size: 14pt;\">V\u010dera 14. marca si zop\u00e1r odv\u00e1\u017elivcov pripomenulo&nbsp;v pozit\u00edvnom zmysle, a zrejme asi len s\u00fakromne,&nbsp;v\u00fdro\u010die vzniku Slovenskej republiky. V m\u00e9di\u00e1ch tentoraz bolo akosi podozrivo ticho. Prebehlo to z\u00e1hadne, aspo\u0148 pre m\u0148a,&nbsp;bez nieko\u013ekokr\u00e1t za de\u0148 opakovania: &#8222;Fa\u0161istick\u00fd Slovensk\u00fd \u0161t\u00e1t, vojnov\u00fd zlo\u010dinec Tiso, holokaust, stotis\u00edce vyvezen\u00fdch \u017eidov z Ko\u0161\u00edc&#8220;, i ke\u010f vtedy Ko\u0161ice boli okupovan\u00e9&nbsp;horthyovsk\u00fdm Ma\u010farskom a podobne. \u017deby zasiahlo t\u00fdch nieko\u013eko&nbsp;&#8222;neo\u013eud\u00e1kov&#8220; <strong><span style=\"text-decoration: underline;\">v \u010dlenskej z\u00e1kladni <\/span><\/strong>vl\u00e1dnej koal\u00edcie?&nbsp;Pred vo\u013ebami n\u00e1m s\u013eubovali, \u017ee urobia poriadok vo vl\u00e1dou kontrolovan\u00fdch m\u00e9diach. <\/span><\/p>\n<p style=\"text-align: justify;\"><span style=\"font-size: 14pt;\">Nebude to tak. Pr\u00ed\u010dinou je strach z toho, \u017ee by&nbsp;si&nbsp;nielen poddkritick\u00e9 mno\u017estvo posluch\u00e1\u010dov rozhlasu a telev\u00edzie&nbsp;neza\u010dalo porovn\u00e1va\u0165 s\u00fa\u010dasnos\u0165 s udalos\u0165ami a \u010dinmi slovensk\u00fdch politikov Slovenskej republiky po\u010das svetovej vojny.<\/span><\/p>\n<p style=\"text-align: justify;\"><span style=\"font-size: 14pt;\">Nech by bol&nbsp;prezident Tiso priamo zodpovedn\u00fd za 70 tis\u00edc deportovan\u00fdch \u017eidov z \u00fazemia Slovenska, vypovedanie vojny Sovietskemu zv\u00e4zu, in\u0161titucionalizovanie antisemitizmu&nbsp;at\u010f, mnoh\u00fdm by sa vybavilo, za \u010do v\u0161etko je zodpovedn\u00fd emeritn\u00fd <a href=\"https:\/\/www.antikvar.sk\/blog\/drzi-arogantny-spratek\/\" target=\"_blank\" rel=\"noopener\">prezident Ukrajiny Zelensk\u00fd<\/a>, a s ak\u00fdm nad\u0161en\u00edm sa s n\u00edm obj\u00edmaj\u00fa, velebia ho, posielaj\u00fa mu miliardy, kon\u010diace na \u00fa\u010dtoch jeho najbli\u017e\u0161\u00edch spolupracovn\u00edkov, eur\u00f3psk\u00ed politici, ktor\u00fdm nevad\u00ed, \u017ee v\u010faka tejto ich zvrhlej nekritickej l\u00e1ske likvid\u00faj\u00fa ekonomiku a kult\u00faru Eur\u00f3py.&nbsp;<\/span><\/p>\n<p style=\"text-align: justify;\"><span style=\"font-size: 14pt;\">Zbyto\u010dne je uv\u00e1dza\u0165 konkr\u00e9tne pr\u00edklady. Internet ich je pln\u00fd. Napriek tomu st\u00e1le po\u010d\u00favame&nbsp; z\u00fafal\u00e9<strong> &#8222;To nem\u00f4\u017ete porovn\u00e1va\u0165!&#8220;<\/strong><\/span><\/p>\n<p style=\"text-align: justify;\"><span style=\"font-size: 14pt;\"><strong> Porovn\u00e1vajme a tie\u017e presta\u0148me si kone\u010dne sypa\u0165 popol na hlavu za to, \u017ee na\u0161i predkovia to, \u010do im pripravili zradcovia v Mn\u00edchove, celkom brav\u00farne zvl\u00e1dli. M\u00e1me \u0161\u0165astie, \u017ee sme vtedy mali schopn\u00fdch \u013eud\u00ed, ktor\u00ed rozhodovali. Predstavte si, sta\u010d\u00ed len s\u00fa\u010dasn\u00fa garnit\u00faru, na ich miestach. To by sme len dopadli. Faktom je v\u0161ak, \u017ee v tej dobe by sa nedostali ani pred br\u00e1nu Snemu Slovenskej republiky, \u010di Prezidentsk\u00e9ho pal\u00e1ca, a to nie z rasov\u00fdch d\u00f4vodov.<\/strong><\/span><\/p>\n<p style=\"text-align: justify;\"><strong><span style=\"font-size: 14pt;\">Doplnok<\/span><\/strong><\/p>\n<p style=\"text-align: justify;\"><span style=\"font-size: 14pt;\"><a href=\"https:\/\/www.antikvar.sk\/blog\/vojnovy-slovensky-stat-fotofejton\/\" target=\"_blank\" rel=\"noopener\">&#8222;Vojnov\u00fd slovensk\u00fd \u0161t\u00e1t&#8220;.<\/a><\/span><\/p>\n<p style=\"text-align: justify;\">&nbsp;<\/p>\n<p style=\"text-align: justify;\">&nbsp;<\/p>\n","protected":false},"excerpt":{"rendered":"<p>V\u010dera 14. marca si zop\u00e1r odv\u00e1\u017elivcov pripomenulo&nbsp;v pozit\u00edvnom zmysle, a zrejme asi len s\u00fakromne,&nbsp;v\u00fdro\u010die vzniku Slovenskej republiky. V m\u00e9di\u00e1ch tentoraz bolo akosi podozrivo ticho. Prebehlo to z\u00e1hadne, aspo\u0148 pre m\u0148a,&nbsp;bez nieko\u013ekokr\u00e1t za de\u0148 opakovania: &#8222;Fa\u0161istick\u00fd Slovensk\u00fd \u0161t\u00e1t, vojnov\u00fd zlo\u010dinec Tiso, holokaust, stotis\u00edce vyvezen\u00fdch \u017eidov z Ko\u0161\u00edc&#8220;, i ke\u010f vtedy Ko\u0161ice boli okupovan\u00e9&nbsp;horthyovsk\u00fdm Ma\u010farskom a podobne. [&hellip;]<\/p>\n","protected":false},"author":1,"featured_media":14236,"comment_status":"open","ping_status":"open","sticky":false,"template":"","format":"standard","meta":{"_uag_custom_page_level_css":"","site-sidebar-layout":"default","site-content-layout":"","ast-site-content-layout":"default","site-content-style":"default","site-sidebar-style":"default","ast-global-header-display":"","ast-banner-title-visibility":"","ast-main-header-display":"","ast-hfb-above-header-display":"","ast-hfb-below-header-display":"","ast-hfb-mobile-header-display":"","site-post-title":"","ast-breadcrumbs-content":"","ast-featured-img":"","footer-sml-layout":"","ast-disable-related-posts":"","theme-transparent-header-meta":"default","adv-header-id-meta":"","stick-header-meta":"","header-above-stick-meta":"","header-main-stick-meta":"","header-below-stick-meta":"","astra-migrate-meta-layouts":"set","ast-page-background-enabled":"default","ast-page-background-meta":{"desktop":{"background-color":"","background-image":"","background-repeat":"repeat","background-position":"center center","background-size":"auto","background-attachment":"scroll","background-type":"","background-media":"","overlay-type":"","overlay-color":"","overlay-opacity":"","overlay-gradient":""},"tablet":{"background-color":"","background-image":"","background-repeat":"repeat","background-position":"center center","background-size":"auto","background-attachment":"scroll","background-type":"","background-media":"","overlay-type":"","overlay-color":"","overlay-opacity":"","overlay-gradient":""},"mobile":{"background-color":"","background-image":"","background-repeat":"repeat","background-position":"center center","background-size":"auto","background-attachment":"scroll","background-type":"","background-media":"","overlay-type":"","overlay-color":"","overlay-opacity":"","overlay-gradient":""}},"ast-content-background-meta":{"desktop":{"background-color":"var(--ast-global-color-5)","background-image":"","background-repeat":"repeat","background-position":"center center","background-size":"auto","background-attachment":"scroll","background-type":"","background-media":"","overlay-type":"","overlay-color":"","overlay-opacity":"","overlay-gradient":""},"tablet":{"background-color":"var(--ast-global-color-5)","background-image":"","background-repeat":"repeat","background-position":"center center","background-size":"auto","background-attachment":"scroll","background-type":"","background-media":"","overlay-type":"","overlay-color":"","overlay-opacity":"","overlay-gradient":""},"mobile":{"background-color":"var(--ast-global-color-5)","background-image":"","background-repeat":"repeat","background-position":"center center","background-size":"auto","background-attachment":"scroll","background-type":"","background-media":"","overlay-type":"","overlay-color":"","overlay-opacity":"","overlay-gradient":""}},"ngg_post_thumbnail":0,"footnotes":""},"categories":[1],"tags":[520,588,587,502],"class_list":["post-14221","post","type-post","status-publish","format-standard","has-post-thumbnail","hentry","category-postrehy-uvahy-aktualne","tag-slovenska-republika","tag-tiso","tag-vojnovy-slovensky-stat","tag-zelensky"],"yoast_head":"<!-- This site is optimized with the Yoast SEO plugin v27.5 - https:\/\/yoast.com\/product\/yoast-seo-wordpress\/ -->\n<title>To nem\u00f4\u017eme porovn\u00e1va\u0165? - pozn\u00e1mka - DOMOVINA<\/title>\n<meta name=\"robots\" content=\"index, follow, max-snippet:-1, max-image-preview:large, max-video-preview:-1\" \/>\n<link rel=\"canonical\" href=\"https:\/\/www.antikvar.sk\/blog\/to-nemoze-porovnavat-poznamka\/\" \/>\n<meta property=\"og:locale\" content=\"sk_SK\" \/>\n<meta property=\"og:type\" content=\"article\" \/>\n<meta property=\"og:title\" content=\"To nem\u00f4\u017eme porovn\u00e1va\u0165? - pozn\u00e1mka - DOMOVINA\" \/>\n<meta property=\"og:description\" content=\"V\u010dera 14. marca si zop\u00e1r odv\u00e1\u017elivcov pripomenulo&nbsp;v pozit\u00edvnom zmysle, a zrejme asi len s\u00fakromne,&nbsp;v\u00fdro\u010die vzniku Slovenskej republiky. V m\u00e9di\u00e1ch tentoraz bolo akosi podozrivo ticho. Prebehlo to z\u00e1hadne, aspo\u0148 pre m\u0148a,&nbsp;bez nieko\u013ekokr\u00e1t za de\u0148 opakovania: &#8222;Fa\u0161istick\u00fd Slovensk\u00fd \u0161t\u00e1t, vojnov\u00fd zlo\u010dinec Tiso, holokaust, stotis\u00edce vyvezen\u00fdch \u017eidov z Ko\u0161\u00edc&#8220;, i ke\u010f vtedy Ko\u0161ice boli okupovan\u00e9&nbsp;horthyovsk\u00fdm Ma\u010farskom a podobne. [&hellip;]\" \/>\n<meta property=\"og:url\" content=\"https:\/\/www.antikvar.sk\/blog\/to-nemoze-porovnavat-poznamka\/\" \/>\n<meta property=\"og:site_name\" content=\"DOMOVINA\" \/>\n<meta property=\"article:published_time\" content=\"2026-03-15T09:01:05+00:00\" \/>\n<meta property=\"article:modified_time\" content=\"2026-03-16T11:39:30+00:00\" \/>\n<meta property=\"og:image\" content=\"https:\/\/www.antikvar.sk\/blog\/wp-content\/uploads\/2026\/03\/Slovensky-Snem.jpg\" \/>\n\t<meta property=\"og:image:width\" content=\"1085\" \/>\n\t<meta property=\"og:image:height\" content=\"814\" \/>\n\t<meta property=\"og:image:type\" content=\"image\/jpeg\" \/>\n<meta name=\"author\" content=\"jaropoky\" \/>\n<meta name=\"twitter:card\" content=\"summary_large_image\" \/>\n<meta name=\"twitter:label1\" content=\"Autor\" \/>\n\t<meta name=\"twitter:data1\" content=\"jaropoky\" \/>\n\t<meta name=\"twitter:label2\" content=\"Predpokladan\u00fd \u010das \u010d\u00edtania\" \/>\n\t<meta name=\"twitter:data2\" content=\"2 min\u00faty\" \/>\n<script type=\"application\/ld+json\" class=\"yoast-schema-graph\">{\"@context\":\"https:\\\/\\\/schema.org\",\"@graph\":[{\"@type\":\"Article\",\"@id\":\"https:\\\/\\\/www.antikvar.sk\\\/blog\\\/to-nemoze-porovnavat-poznamka\\\/#article\",\"isPartOf\":{\"@id\":\"https:\\\/\\\/www.antikvar.sk\\\/blog\\\/to-nemoze-porovnavat-poznamka\\\/\"},\"author\":{\"name\":\"jaropoky\",\"@id\":\"https:\\\/\\\/www.antikvar.sk\\\/blog\\\/#\\\/schema\\\/person\\\/960f1c7c0f38d050499287d3a7924469\"},\"headline\":\"To nem\u00f4\u017eme porovn\u00e1va\u0165? &#8211; pozn\u00e1mka\",\"datePublished\":\"2026-03-15T09:01:05+00:00\",\"dateModified\":\"2026-03-16T11:39:30+00:00\",\"mainEntityOfPage\":{\"@id\":\"https:\\\/\\\/www.antikvar.sk\\\/blog\\\/to-nemoze-porovnavat-poznamka\\\/\"},\"wordCount\":391,\"commentCount\":0,\"publisher\":{\"@id\":\"https:\\\/\\\/www.antikvar.sk\\\/blog\\\/#\\\/schema\\\/person\\\/960f1c7c0f38d050499287d3a7924469\"},\"image\":{\"@id\":\"https:\\\/\\\/www.antikvar.sk\\\/blog\\\/to-nemoze-porovnavat-poznamka\\\/#primaryimage\"},\"thumbnailUrl\":\"https:\\\/\\\/www.antikvar.sk\\\/blog\\\/wp-content\\\/uploads\\\/2026\\\/03\\\/Slovensky-Snem.jpg\",\"keywords\":[\"Slovensk\u00e1 republika\",\"Tiso\",\"vojnov\u00fd slovensk\u00fd \u0161t\u00e1t\",\"zelensk\u00fd\"],\"articleSection\":[\"Aktu\u00e1lne postrehy a \u00favahy\"],\"inLanguage\":\"sk-SK\",\"potentialAction\":[{\"@type\":\"CommentAction\",\"name\":\"Comment\",\"target\":[\"https:\\\/\\\/www.antikvar.sk\\\/blog\\\/to-nemoze-porovnavat-poznamka\\\/#respond\"]}]},{\"@type\":\"WebPage\",\"@id\":\"https:\\\/\\\/www.antikvar.sk\\\/blog\\\/to-nemoze-porovnavat-poznamka\\\/\",\"url\":\"https:\\\/\\\/www.antikvar.sk\\\/blog\\\/to-nemoze-porovnavat-poznamka\\\/\",\"name\":\"To nem\u00f4\u017eme porovn\u00e1va\u0165? - pozn\u00e1mka - DOMOVINA\",\"isPartOf\":{\"@id\":\"https:\\\/\\\/www.antikvar.sk\\\/blog\\\/#website\"},\"primaryImageOfPage\":{\"@id\":\"https:\\\/\\\/www.antikvar.sk\\\/blog\\\/to-nemoze-porovnavat-poznamka\\\/#primaryimage\"},\"image\":{\"@id\":\"https:\\\/\\\/www.antikvar.sk\\\/blog\\\/to-nemoze-porovnavat-poznamka\\\/#primaryimage\"},\"thumbnailUrl\":\"https:\\\/\\\/www.antikvar.sk\\\/blog\\\/wp-content\\\/uploads\\\/2026\\\/03\\\/Slovensky-Snem.jpg\",\"datePublished\":\"2026-03-15T09:01:05+00:00\",\"dateModified\":\"2026-03-16T11:39:30+00:00\",\"breadcrumb\":{\"@id\":\"https:\\\/\\\/www.antikvar.sk\\\/blog\\\/to-nemoze-porovnavat-poznamka\\\/#breadcrumb\"},\"inLanguage\":\"sk-SK\",\"potentialAction\":[{\"@type\":\"ReadAction\",\"target\":[\"https:\\\/\\\/www.antikvar.sk\\\/blog\\\/to-nemoze-porovnavat-poznamka\\\/\"]}]},{\"@type\":\"ImageObject\",\"inLanguage\":\"sk-SK\",\"@id\":\"https:\\\/\\\/www.antikvar.sk\\\/blog\\\/to-nemoze-porovnavat-poznamka\\\/#primaryimage\",\"url\":\"https:\\\/\\\/www.antikvar.sk\\\/blog\\\/wp-content\\\/uploads\\\/2026\\\/03\\\/Slovensky-Snem.jpg\",\"contentUrl\":\"https:\\\/\\\/www.antikvar.sk\\\/blog\\\/wp-content\\\/uploads\\\/2026\\\/03\\\/Slovensky-Snem.jpg\",\"width\":1085,\"height\":814},{\"@type\":\"BreadcrumbList\",\"@id\":\"https:\\\/\\\/www.antikvar.sk\\\/blog\\\/to-nemoze-porovnavat-poznamka\\\/#breadcrumb\",\"itemListElement\":[{\"@type\":\"ListItem\",\"position\":1,\"name\":\"Domovsk\u00e1 str\u00e1nka\",\"item\":\"https:\\\/\\\/www.antikvar.sk\\\/blog\\\/\"},{\"@type\":\"ListItem\",\"position\":2,\"name\":\"To nem\u00f4\u017eme porovn\u00e1va\u0165? &#8211; pozn\u00e1mka\"}]},{\"@type\":\"WebSite\",\"@id\":\"https:\\\/\\\/www.antikvar.sk\\\/blog\\\/#website\",\"url\":\"https:\\\/\\\/www.antikvar.sk\\\/blog\\\/\",\"name\":\"DOMOVINA\",\"description\":\"Nezabudnite na svoje rodisko, bez neho je len do pekla schodisko\",\"publisher\":{\"@id\":\"https:\\\/\\\/www.antikvar.sk\\\/blog\\\/#\\\/schema\\\/person\\\/960f1c7c0f38d050499287d3a7924469\"},\"potentialAction\":[{\"@type\":\"SearchAction\",\"target\":{\"@type\":\"EntryPoint\",\"urlTemplate\":\"https:\\\/\\\/www.antikvar.sk\\\/blog\\\/?s={search_term_string}\"},\"query-input\":{\"@type\":\"PropertyValueSpecification\",\"valueRequired\":true,\"valueName\":\"search_term_string\"}}],\"inLanguage\":\"sk-SK\"},{\"@type\":[\"Person\",\"Organization\"],\"@id\":\"https:\\\/\\\/www.antikvar.sk\\\/blog\\\/#\\\/schema\\\/person\\\/960f1c7c0f38d050499287d3a7924469\",\"name\":\"jaropoky\",\"image\":{\"@type\":\"ImageObject\",\"inLanguage\":\"sk-SK\",\"@id\":\"https:\\\/\\\/www.antikvar.sk\\\/blog\\\/wp-content\\\/uploads\\\/2021\\\/04\\\/cropped-cropped-KoreszkaWEB-2.jpg\",\"url\":\"https:\\\/\\\/www.antikvar.sk\\\/blog\\\/wp-content\\\/uploads\\\/2021\\\/04\\\/cropped-cropped-KoreszkaWEB-2.jpg\",\"contentUrl\":\"https:\\\/\\\/www.antikvar.sk\\\/blog\\\/wp-content\\\/uploads\\\/2021\\\/04\\\/cropped-cropped-KoreszkaWEB-2.jpg\",\"width\":863,\"height\":597,\"caption\":\"jaropoky\"},\"logo\":{\"@id\":\"https:\\\/\\\/www.antikvar.sk\\\/blog\\\/wp-content\\\/uploads\\\/2021\\\/04\\\/cropped-cropped-KoreszkaWEB-2.jpg\"},\"description\":\"Zauj\u00edma sa o filozofiu, umenie, pr\u00edrodu a alternat\u00edvnu medic\u00ednu. Bol vedeck\u00fd pracovn\u00edk a \u0161t\u00e1tny zamestnanec, teraz je na d\u00f4chodku.\",\"sameAs\":[\"http:\\\/\\\/www.antikvar.sk\\\/blog\"],\"url\":\"https:\\\/\\\/www.antikvar.sk\\\/blog\\\/author\\\/jaro\\\/\"}]}<\/script>\n<!-- \/ Yoast SEO plugin. -->","yoast_head_json":{"title":"To nem\u00f4\u017eme porovn\u00e1va\u0165? - pozn\u00e1mka - DOMOVINA","robots":{"index":"index","follow":"follow","max-snippet":"max-snippet:-1","max-image-preview":"max-image-preview:large","max-video-preview":"max-video-preview:-1"},"canonical":"https:\/\/www.antikvar.sk\/blog\/to-nemoze-porovnavat-poznamka\/","og_locale":"sk_SK","og_type":"article","og_title":"To nem\u00f4\u017eme porovn\u00e1va\u0165? - pozn\u00e1mka - DOMOVINA","og_description":"V\u010dera 14. marca si zop\u00e1r odv\u00e1\u017elivcov pripomenulo&nbsp;v pozit\u00edvnom zmysle, a zrejme asi len s\u00fakromne,&nbsp;v\u00fdro\u010die vzniku Slovenskej republiky. V m\u00e9di\u00e1ch tentoraz bolo akosi podozrivo ticho. Prebehlo to z\u00e1hadne, aspo\u0148 pre m\u0148a,&nbsp;bez nieko\u013ekokr\u00e1t za de\u0148 opakovania: &#8222;Fa\u0161istick\u00fd Slovensk\u00fd \u0161t\u00e1t, vojnov\u00fd zlo\u010dinec Tiso, holokaust, stotis\u00edce vyvezen\u00fdch \u017eidov z Ko\u0161\u00edc&#8220;, i ke\u010f vtedy Ko\u0161ice boli okupovan\u00e9&nbsp;horthyovsk\u00fdm Ma\u010farskom a podobne. [&hellip;]","og_url":"https:\/\/www.antikvar.sk\/blog\/to-nemoze-porovnavat-poznamka\/","og_site_name":"DOMOVINA","article_published_time":"2026-03-15T09:01:05+00:00","article_modified_time":"2026-03-16T11:39:30+00:00","og_image":[{"width":1085,"height":814,"url":"https:\/\/www.antikvar.sk\/blog\/wp-content\/uploads\/2026\/03\/Slovensky-Snem.jpg","type":"image\/jpeg"}],"author":"jaropoky","twitter_card":"summary_large_image","twitter_misc":{"Autor":"jaropoky","Predpokladan\u00fd \u010das \u010d\u00edtania":"2 min\u00faty"},"schema":{"@context":"https:\/\/schema.org","@graph":[{"@type":"Article","@id":"https:\/\/www.antikvar.sk\/blog\/to-nemoze-porovnavat-poznamka\/#article","isPartOf":{"@id":"https:\/\/www.antikvar.sk\/blog\/to-nemoze-porovnavat-poznamka\/"},"author":{"name":"jaropoky","@id":"https:\/\/www.antikvar.sk\/blog\/#\/schema\/person\/960f1c7c0f38d050499287d3a7924469"},"headline":"To nem\u00f4\u017eme porovn\u00e1va\u0165? &#8211; pozn\u00e1mka","datePublished":"2026-03-15T09:01:05+00:00","dateModified":"2026-03-16T11:39:30+00:00","mainEntityOfPage":{"@id":"https:\/\/www.antikvar.sk\/blog\/to-nemoze-porovnavat-poznamka\/"},"wordCount":391,"commentCount":0,"publisher":{"@id":"https:\/\/www.antikvar.sk\/blog\/#\/schema\/person\/960f1c7c0f38d050499287d3a7924469"},"image":{"@id":"https:\/\/www.antikvar.sk\/blog\/to-nemoze-porovnavat-poznamka\/#primaryimage"},"thumbnailUrl":"https:\/\/www.antikvar.sk\/blog\/wp-content\/uploads\/2026\/03\/Slovensky-Snem.jpg","keywords":["Slovensk\u00e1 republika","Tiso","vojnov\u00fd slovensk\u00fd \u0161t\u00e1t","zelensk\u00fd"],"articleSection":["Aktu\u00e1lne postrehy a \u00favahy"],"inLanguage":"sk-SK","potentialAction":[{"@type":"CommentAction","name":"Comment","target":["https:\/\/www.antikvar.sk\/blog\/to-nemoze-porovnavat-poznamka\/#respond"]}]},{"@type":"WebPage","@id":"https:\/\/www.antikvar.sk\/blog\/to-nemoze-porovnavat-poznamka\/","url":"https:\/\/www.antikvar.sk\/blog\/to-nemoze-porovnavat-poznamka\/","name":"To nem\u00f4\u017eme porovn\u00e1va\u0165? - pozn\u00e1mka - DOMOVINA","isPartOf":{"@id":"https:\/\/www.antikvar.sk\/blog\/#website"},"primaryImageOfPage":{"@id":"https:\/\/www.antikvar.sk\/blog\/to-nemoze-porovnavat-poznamka\/#primaryimage"},"image":{"@id":"https:\/\/www.antikvar.sk\/blog\/to-nemoze-porovnavat-poznamka\/#primaryimage"},"thumbnailUrl":"https:\/\/www.antikvar.sk\/blog\/wp-content\/uploads\/2026\/03\/Slovensky-Snem.jpg","datePublished":"2026-03-15T09:01:05+00:00","dateModified":"2026-03-16T11:39:30+00:00","breadcrumb":{"@id":"https:\/\/www.antikvar.sk\/blog\/to-nemoze-porovnavat-poznamka\/#breadcrumb"},"inLanguage":"sk-SK","potentialAction":[{"@type":"ReadAction","target":["https:\/\/www.antikvar.sk\/blog\/to-nemoze-porovnavat-poznamka\/"]}]},{"@type":"ImageObject","inLanguage":"sk-SK","@id":"https:\/\/www.antikvar.sk\/blog\/to-nemoze-porovnavat-poznamka\/#primaryimage","url":"https:\/\/www.antikvar.sk\/blog\/wp-content\/uploads\/2026\/03\/Slovensky-Snem.jpg","contentUrl":"https:\/\/www.antikvar.sk\/blog\/wp-content\/uploads\/2026\/03\/Slovensky-Snem.jpg","width":1085,"height":814},{"@type":"BreadcrumbList","@id":"https:\/\/www.antikvar.sk\/blog\/to-nemoze-porovnavat-poznamka\/#breadcrumb","itemListElement":[{"@type":"ListItem","position":1,"name":"Domovsk\u00e1 str\u00e1nka","item":"https:\/\/www.antikvar.sk\/blog\/"},{"@type":"ListItem","position":2,"name":"To nem\u00f4\u017eme porovn\u00e1va\u0165? &#8211; pozn\u00e1mka"}]},{"@type":"WebSite","@id":"https:\/\/www.antikvar.sk\/blog\/#website","url":"https:\/\/www.antikvar.sk\/blog\/","name":"DOMOVINA","description":"Nezabudnite na svoje rodisko, bez neho je len do pekla schodisko","publisher":{"@id":"https:\/\/www.antikvar.sk\/blog\/#\/schema\/person\/960f1c7c0f38d050499287d3a7924469"},"potentialAction":[{"@type":"SearchAction","target":{"@type":"EntryPoint","urlTemplate":"https:\/\/www.antikvar.sk\/blog\/?s={search_term_string}"},"query-input":{"@type":"PropertyValueSpecification","valueRequired":true,"valueName":"search_term_string"}}],"inLanguage":"sk-SK"},{"@type":["Person","Organization"],"@id":"https:\/\/www.antikvar.sk\/blog\/#\/schema\/person\/960f1c7c0f38d050499287d3a7924469","name":"jaropoky","image":{"@type":"ImageObject","inLanguage":"sk-SK","@id":"https:\/\/www.antikvar.sk\/blog\/wp-content\/uploads\/2021\/04\/cropped-cropped-KoreszkaWEB-2.jpg","url":"https:\/\/www.antikvar.sk\/blog\/wp-content\/uploads\/2021\/04\/cropped-cropped-KoreszkaWEB-2.jpg","contentUrl":"https:\/\/www.antikvar.sk\/blog\/wp-content\/uploads\/2021\/04\/cropped-cropped-KoreszkaWEB-2.jpg","width":863,"height":597,"caption":"jaropoky"},"logo":{"@id":"https:\/\/www.antikvar.sk\/blog\/wp-content\/uploads\/2021\/04\/cropped-cropped-KoreszkaWEB-2.jpg"},"description":"Zauj\u00edma sa o filozofiu, umenie, pr\u00edrodu a alternat\u00edvnu medic\u00ednu. Bol vedeck\u00fd pracovn\u00edk a \u0161t\u00e1tny zamestnanec, teraz je na d\u00f4chodku.","sameAs":["http:\/\/www.antikvar.sk\/blog"],"url":"https:\/\/www.antikvar.sk\/blog\/author\/jaro\/"}]}},"uagb_featured_image_src":{"full":["https:\/\/www.antikvar.sk\/blog\/wp-content\/uploads\/2026\/03\/Slovensky-Snem.jpg",1085,814,false],"thumbnail":["https:\/\/www.antikvar.sk\/blog\/wp-content\/uploads\/2026\/03\/Slovensky-Snem-150x150.jpg",150,150,true],"medium":["https:\/\/www.antikvar.sk\/blog\/wp-content\/uploads\/2026\/03\/Slovensky-Snem-300x225.jpg",300,225,true],"medium_large":["https:\/\/www.antikvar.sk\/blog\/wp-content\/uploads\/2026\/03\/Slovensky-Snem-768x576.jpg",768,576,true],"large":["https:\/\/www.antikvar.sk\/blog\/wp-content\/uploads\/2026\/03\/Slovensky-Snem-1024x768.jpg",1024,768,true],"1536x1536":["https:\/\/www.antikvar.sk\/blog\/wp-content\/uploads\/2026\/03\/Slovensky-Snem.jpg",1085,814,false],"2048x2048":["https:\/\/www.antikvar.sk\/blog\/wp-content\/uploads\/2026\/03\/Slovensky-Snem.jpg",1085,814,false],"crp_thumbnail":["https:\/\/www.antikvar.sk\/blog\/wp-content\/uploads\/2026\/03\/Slovensky-Snem-150x150.jpg",150,150,true]},"uagb_author_info":{"display_name":"jaropoky","author_link":"https:\/\/www.antikvar.sk\/blog\/author\/jaro\/"},"uagb_comment_info":0,"uagb_excerpt":"V\u010dera 14. marca si zop\u00e1r odv\u00e1\u017elivcov pripomenulo&nbsp;v pozit\u00edvnom zmysle, a zrejme asi len s\u00fakromne,&nbsp;v\u00fdro\u010die vzniku Slovenskej republiky. V m\u00e9di\u00e1ch tentoraz bolo akosi podozrivo ticho. Prebehlo to z\u00e1hadne, aspo\u0148 pre m\u0148a,&nbsp;bez nieko\u013ekokr\u00e1t za de\u0148 opakovania: &#8222;Fa\u0161istick\u00fd Slovensk\u00fd \u0161t\u00e1t, vojnov\u00fd zlo\u010dinec Tiso, holokaust, stotis\u00edce vyvezen\u00fdch \u017eidov z Ko\u0161\u00edc&#8220;, i ke\u010f vtedy Ko\u0161ice boli okupovan\u00e9&nbsp;horthyovsk\u00fdm Ma\u010farskom a podobne.&hellip;","_links":{"self":[{"href":"https:\/\/www.antikvar.sk\/blog\/wp-json\/wp\/v2\/posts\/14221","targetHints":{"allow":["GET"]}}],"collection":[{"href":"https:\/\/www.antikvar.sk\/blog\/wp-json\/wp\/v2\/posts"}],"about":[{"href":"https:\/\/www.antikvar.sk\/blog\/wp-json\/wp\/v2\/types\/post"}],"author":[{"embeddable":true,"href":"https:\/\/www.antikvar.sk\/blog\/wp-json\/wp\/v2\/users\/1"}],"replies":[{"embeddable":true,"href":"https:\/\/www.antikvar.sk\/blog\/wp-json\/wp\/v2\/comments?post=14221"}],"version-history":[{"count":27,"href":"https:\/\/www.antikvar.sk\/blog\/wp-json\/wp\/v2\/posts\/14221\/revisions"}],"predecessor-version":[{"id":14251,"href":"https:\/\/www.antikvar.sk\/blog\/wp-json\/wp\/v2\/posts\/14221\/revisions\/14251"}],"wp:featuredmedia":[{"embeddable":true,"href":"https:\/\/www.antikvar.sk\/blog\/wp-json\/wp\/v2\/media\/14236"}],"wp:attachment":[{"href":"https:\/\/www.antikvar.sk\/blog\/wp-json\/wp\/v2\/media?parent=14221"}],"wp:term":[{"taxonomy":"category","embeddable":true,"href":"https:\/\/www.antikvar.sk\/blog\/wp-json\/wp\/v2\/categories?post=14221"},{"taxonomy":"post_tag","embeddable":true,"href":"https:\/\/www.antikvar.sk\/blog\/wp-json\/wp\/v2\/tags?post=14221"}],"curies":[{"name":"wp","href":"https:\/\/api.w.org\/{rel}","templated":true}]}}