{"id":14120,"date":"2025-12-12T18:38:17","date_gmt":"2025-12-12T17:38:17","guid":{"rendered":"https:\/\/www.antikvar.sk\/blog\/?p=14120"},"modified":"2025-12-12T18:39:31","modified_gmt":"2025-12-12T17:39:31","slug":"zbytocne-nariekate-a-vyhrazate-sa-je-neskoro-poznamka","status":"publish","type":"post","link":"https:\/\/www.antikvar.sk\/blog\/zbytocne-nariekate-a-vyhrazate-sa-je-neskoro-poznamka\/","title":{"rendered":"Zbyto\u010dne nariekate a vyhr\u00e1\u017eate sa, je neskoro &#8211; pozn\u00e1mka"},"content":{"rendered":"<p class=\"custom-blue caricature-subtitle main-title\"><a href=\"https:\/\/www.hlavnespravy.sk\/premier-vita-prelomenie-veta-prezidenta-pri-zakone-o-zmene-uradu-na-ochranu-oznamovatelov\/4159384\" target=\"_blank\" rel=\"noopener\"><span style=\"font-size: 14pt;\">Premi\u00e9r: Prezident SR v mojich o\u010diach zlyhal. Nebude ma\u0165 \u017eiadnu podporu<\/span><\/a><\/p>\n<p class=\"custom-blue caricature-subtitle main-title\"><span style=\"font-size: 14pt;\"><a href=\"https:\/\/www.hlavnespravy.sk\/danko-prezident-stratil-doveru-sns-uz-nikdy-ho-nepodporime-do-ziadnej-funkcie\/4159522\" target=\"_blank\" rel=\"noopener\">Danko: Prezident stratil d\u00f4veru SNS, u\u017e nikdy ho nepodpor\u00edme do \u017eiadnej funkcie<\/a><\/span><\/p>\n<p><strong><span style=\"font-size: 14pt;\"><img loading=\"lazy\" decoding=\"async\" class=\"lazyloaded\" src=\"https:\/\/www.hlavnespravy.sk\/img.php?aid=4159522\" alt=\"\" width=\"1\" height=\"1\" data-ll-status=\"loaded\">P\u00e1ni aj toto je to dielo va\u0161ej k\u00e1drovej <span style=\"font-size: 18pt;\">nepolitiky.<\/span><\/span><\/strong><\/p>\n<div class=\"article-top\">\n<p>&nbsp;<\/p>\n<\/div>\n","protected":false},"excerpt":{"rendered":"<p>Premi\u00e9r: Prezident SR v mojich o\u010diach zlyhal. Nebude ma\u0165 \u017eiadnu podporu Danko: Prezident stratil d\u00f4veru SNS, u\u017e nikdy ho nepodpor\u00edme do \u017eiadnej funkcie P\u00e1ni aj toto je to dielo va\u0161ej k\u00e1drovej nepolitiky. &nbsp;<\/p>\n","protected":false},"author":1,"featured_media":0,"comment_status":"open","ping_status":"open","sticky":false,"template":"","format":"standard","meta":{"_uag_custom_page_level_css":"","site-sidebar-layout":"default","site-content-layout":"","ast-site-content-layout":"default","site-content-style":"default","site-sidebar-style":"default","ast-global-header-display":"","ast-banner-title-visibility":"","ast-main-header-display":"","ast-hfb-above-header-display":"","ast-hfb-below-header-display":"","ast-hfb-mobile-header-display":"","site-post-title":"","ast-breadcrumbs-content":"","ast-featured-img":"","footer-sml-layout":"","ast-disable-related-posts":"","theme-transparent-header-meta":"default","adv-header-id-meta":"","stick-header-meta":"","header-above-stick-meta":"","header-main-stick-meta":"","header-below-stick-meta":"","astra-migrate-meta-layouts":"set","ast-page-background-enabled":"default","ast-page-background-meta":{"desktop":{"background-color":"","background-image":"","background-repeat":"repeat","background-position":"center center","background-size":"auto","background-attachment":"scroll","background-type":"","background-media":"","overlay-type":"","overlay-color":"","overlay-opacity":"","overlay-gradient":""},"tablet":{"background-color":"","background-image":"","background-repeat":"repeat","background-position":"center center","background-size":"auto","background-attachment":"scroll","background-type":"","background-media":"","overlay-type":"","overlay-color":"","overlay-opacity":"","overlay-gradient":""},"mobile":{"background-color":"","background-image":"","background-repeat":"repeat","background-position":"center center","background-size":"auto","background-attachment":"scroll","background-type":"","background-media":"","overlay-type":"","overlay-color":"","overlay-opacity":"","overlay-gradient":""}},"ast-content-background-meta":{"desktop":{"background-color":"var(--ast-global-color-5)","background-image":"","background-repeat":"repeat","background-position":"center center","background-size":"auto","background-attachment":"scroll","background-type":"","background-media":"","overlay-type":"","overlay-color":"","overlay-opacity":"","overlay-gradient":""},"tablet":{"background-color":"var(--ast-global-color-5)","background-image":"","background-repeat":"repeat","background-position":"center center","background-size":"auto","background-attachment":"scroll","background-type":"","background-media":"","overlay-type":"","overlay-color":"","overlay-opacity":"","overlay-gradient":""},"mobile":{"background-color":"var(--ast-global-color-5)","background-image":"","background-repeat":"repeat","background-position":"center center","background-size":"auto","background-attachment":"scroll","background-type":"","background-media":"","overlay-type":"","overlay-color":"","overlay-opacity":"","overlay-gradient":""}},"ngg_post_thumbnail":0,"footnotes":""},"categories":[1],"tags":[369,357,571,572],"class_list":["post-14120","post","type-post","status-publish","format-standard","hentry","category-postrehy-uvahy-aktualne","tag-danko","tag-fico","tag-prezident","tag-vyhrazky"],"yoast_head":"<!-- This site is optimized with the Yoast SEO plugin v27.5 - https:\/\/yoast.com\/product\/yoast-seo-wordpress\/ -->\n<title>Zbyto\u010dne nariekate a vyhr\u00e1\u017eate sa, je neskoro - pozn\u00e1mka - DOMOVINA<\/title>\n<meta name=\"robots\" content=\"index, follow, max-snippet:-1, max-image-preview:large, max-video-preview:-1\" \/>\n<link rel=\"canonical\" href=\"https:\/\/www.antikvar.sk\/blog\/zbytocne-nariekate-a-vyhrazate-sa-je-neskoro-poznamka\/\" \/>\n<meta property=\"og:locale\" content=\"sk_SK\" \/>\n<meta property=\"og:type\" content=\"article\" \/>\n<meta property=\"og:title\" content=\"Zbyto\u010dne nariekate a vyhr\u00e1\u017eate sa, je neskoro - pozn\u00e1mka - DOMOVINA\" \/>\n<meta property=\"og:description\" content=\"Premi\u00e9r: Prezident SR v mojich o\u010diach zlyhal. Nebude ma\u0165 \u017eiadnu podporu Danko: Prezident stratil d\u00f4veru SNS, u\u017e nikdy ho nepodpor\u00edme do \u017eiadnej funkcie P\u00e1ni aj toto je to dielo va\u0161ej k\u00e1drovej nepolitiky. &nbsp;\" \/>\n<meta property=\"og:url\" content=\"https:\/\/www.antikvar.sk\/blog\/zbytocne-nariekate-a-vyhrazate-sa-je-neskoro-poznamka\/\" \/>\n<meta property=\"og:site_name\" content=\"DOMOVINA\" \/>\n<meta property=\"article:published_time\" content=\"2025-12-12T17:38:17+00:00\" \/>\n<meta property=\"article:modified_time\" content=\"2025-12-12T17:39:31+00:00\" \/>\n<meta property=\"og:image\" content=\"https:\/\/www.hlavnespravy.sk\/img.php?aid=4159522\" \/>\n<meta name=\"author\" content=\"jaropoky\" \/>\n<meta name=\"twitter:card\" content=\"summary_large_image\" \/>\n<meta name=\"twitter:label1\" content=\"Autor\" \/>\n\t<meta name=\"twitter:data1\" content=\"jaropoky\" \/>\n<script type=\"application\/ld+json\" class=\"yoast-schema-graph\">{\"@context\":\"https:\\\/\\\/schema.org\",\"@graph\":[{\"@type\":\"Article\",\"@id\":\"https:\\\/\\\/www.antikvar.sk\\\/blog\\\/zbytocne-nariekate-a-vyhrazate-sa-je-neskoro-poznamka\\\/#article\",\"isPartOf\":{\"@id\":\"https:\\\/\\\/www.antikvar.sk\\\/blog\\\/zbytocne-nariekate-a-vyhrazate-sa-je-neskoro-poznamka\\\/\"},\"author\":{\"name\":\"jaropoky\",\"@id\":\"https:\\\/\\\/www.antikvar.sk\\\/blog\\\/#\\\/schema\\\/person\\\/960f1c7c0f38d050499287d3a7924469\"},\"headline\":\"Zbyto\u010dne nariekate a vyhr\u00e1\u017eate sa, je neskoro &#8211; pozn\u00e1mka\",\"datePublished\":\"2025-12-12T17:38:17+00:00\",\"dateModified\":\"2025-12-12T17:39:31+00:00\",\"mainEntityOfPage\":{\"@id\":\"https:\\\/\\\/www.antikvar.sk\\\/blog\\\/zbytocne-nariekate-a-vyhrazate-sa-je-neskoro-poznamka\\\/\"},\"wordCount\":52,\"commentCount\":0,\"publisher\":{\"@id\":\"https:\\\/\\\/www.antikvar.sk\\\/blog\\\/#\\\/schema\\\/person\\\/960f1c7c0f38d050499287d3a7924469\"},\"image\":{\"@id\":\"https:\\\/\\\/www.antikvar.sk\\\/blog\\\/zbytocne-nariekate-a-vyhrazate-sa-je-neskoro-poznamka\\\/#primaryimage\"},\"thumbnailUrl\":\"https:\\\/\\\/www.hlavnespravy.sk\\\/img.php?aid=4159522\",\"keywords\":[\"Danko\",\"Fico\",\"prezident\",\"vyhr\u00e1\u017eky\"],\"articleSection\":[\"Aktu\u00e1lne postrehy a \u00favahy\"],\"inLanguage\":\"sk-SK\",\"potentialAction\":[{\"@type\":\"CommentAction\",\"name\":\"Comment\",\"target\":[\"https:\\\/\\\/www.antikvar.sk\\\/blog\\\/zbytocne-nariekate-a-vyhrazate-sa-je-neskoro-poznamka\\\/#respond\"]}]},{\"@type\":\"WebPage\",\"@id\":\"https:\\\/\\\/www.antikvar.sk\\\/blog\\\/zbytocne-nariekate-a-vyhrazate-sa-je-neskoro-poznamka\\\/\",\"url\":\"https:\\\/\\\/www.antikvar.sk\\\/blog\\\/zbytocne-nariekate-a-vyhrazate-sa-je-neskoro-poznamka\\\/\",\"name\":\"Zbyto\u010dne nariekate a vyhr\u00e1\u017eate sa, je neskoro - pozn\u00e1mka - DOMOVINA\",\"isPartOf\":{\"@id\":\"https:\\\/\\\/www.antikvar.sk\\\/blog\\\/#website\"},\"primaryImageOfPage\":{\"@id\":\"https:\\\/\\\/www.antikvar.sk\\\/blog\\\/zbytocne-nariekate-a-vyhrazate-sa-je-neskoro-poznamka\\\/#primaryimage\"},\"image\":{\"@id\":\"https:\\\/\\\/www.antikvar.sk\\\/blog\\\/zbytocne-nariekate-a-vyhrazate-sa-je-neskoro-poznamka\\\/#primaryimage\"},\"thumbnailUrl\":\"https:\\\/\\\/www.hlavnespravy.sk\\\/img.php?aid=4159522\",\"datePublished\":\"2025-12-12T17:38:17+00:00\",\"dateModified\":\"2025-12-12T17:39:31+00:00\",\"breadcrumb\":{\"@id\":\"https:\\\/\\\/www.antikvar.sk\\\/blog\\\/zbytocne-nariekate-a-vyhrazate-sa-je-neskoro-poznamka\\\/#breadcrumb\"},\"inLanguage\":\"sk-SK\",\"potentialAction\":[{\"@type\":\"ReadAction\",\"target\":[\"https:\\\/\\\/www.antikvar.sk\\\/blog\\\/zbytocne-nariekate-a-vyhrazate-sa-je-neskoro-poznamka\\\/\"]}]},{\"@type\":\"ImageObject\",\"inLanguage\":\"sk-SK\",\"@id\":\"https:\\\/\\\/www.antikvar.sk\\\/blog\\\/zbytocne-nariekate-a-vyhrazate-sa-je-neskoro-poznamka\\\/#primaryimage\",\"url\":\"https:\\\/\\\/www.hlavnespravy.sk\\\/img.php?aid=4159522\",\"contentUrl\":\"https:\\\/\\\/www.hlavnespravy.sk\\\/img.php?aid=4159522\"},{\"@type\":\"BreadcrumbList\",\"@id\":\"https:\\\/\\\/www.antikvar.sk\\\/blog\\\/zbytocne-nariekate-a-vyhrazate-sa-je-neskoro-poznamka\\\/#breadcrumb\",\"itemListElement\":[{\"@type\":\"ListItem\",\"position\":1,\"name\":\"Domovsk\u00e1 str\u00e1nka\",\"item\":\"https:\\\/\\\/www.antikvar.sk\\\/blog\\\/\"},{\"@type\":\"ListItem\",\"position\":2,\"name\":\"Zbyto\u010dne nariekate a vyhr\u00e1\u017eate sa, je neskoro &#8211; pozn\u00e1mka\"}]},{\"@type\":\"WebSite\",\"@id\":\"https:\\\/\\\/www.antikvar.sk\\\/blog\\\/#website\",\"url\":\"https:\\\/\\\/www.antikvar.sk\\\/blog\\\/\",\"name\":\"DOMOVINA\",\"description\":\"Nezabudnite na svoje rodisko, bez neho je len do pekla schodisko\",\"publisher\":{\"@id\":\"https:\\\/\\\/www.antikvar.sk\\\/blog\\\/#\\\/schema\\\/person\\\/960f1c7c0f38d050499287d3a7924469\"},\"potentialAction\":[{\"@type\":\"SearchAction\",\"target\":{\"@type\":\"EntryPoint\",\"urlTemplate\":\"https:\\\/\\\/www.antikvar.sk\\\/blog\\\/?s={search_term_string}\"},\"query-input\":{\"@type\":\"PropertyValueSpecification\",\"valueRequired\":true,\"valueName\":\"search_term_string\"}}],\"inLanguage\":\"sk-SK\"},{\"@type\":[\"Person\",\"Organization\"],\"@id\":\"https:\\\/\\\/www.antikvar.sk\\\/blog\\\/#\\\/schema\\\/person\\\/960f1c7c0f38d050499287d3a7924469\",\"name\":\"jaropoky\",\"image\":{\"@type\":\"ImageObject\",\"inLanguage\":\"sk-SK\",\"@id\":\"https:\\\/\\\/www.antikvar.sk\\\/blog\\\/wp-content\\\/uploads\\\/2021\\\/04\\\/cropped-cropped-KoreszkaWEB-2.jpg\",\"url\":\"https:\\\/\\\/www.antikvar.sk\\\/blog\\\/wp-content\\\/uploads\\\/2021\\\/04\\\/cropped-cropped-KoreszkaWEB-2.jpg\",\"contentUrl\":\"https:\\\/\\\/www.antikvar.sk\\\/blog\\\/wp-content\\\/uploads\\\/2021\\\/04\\\/cropped-cropped-KoreszkaWEB-2.jpg\",\"width\":863,\"height\":597,\"caption\":\"jaropoky\"},\"logo\":{\"@id\":\"https:\\\/\\\/www.antikvar.sk\\\/blog\\\/wp-content\\\/uploads\\\/2021\\\/04\\\/cropped-cropped-KoreszkaWEB-2.jpg\"},\"description\":\"Zauj\u00edma sa o filozofiu, umenie, pr\u00edrodu a alternat\u00edvnu medic\u00ednu. Bol vedeck\u00fd pracovn\u00edk a \u0161t\u00e1tny zamestnanec, teraz je na d\u00f4chodku.\",\"sameAs\":[\"http:\\\/\\\/www.antikvar.sk\\\/blog\"],\"url\":\"https:\\\/\\\/www.antikvar.sk\\\/blog\\\/author\\\/jaro\\\/\"}]}<\/script>\n<!-- \/ Yoast SEO plugin. -->","yoast_head_json":{"title":"Zbyto\u010dne nariekate a vyhr\u00e1\u017eate sa, je neskoro - pozn\u00e1mka - DOMOVINA","robots":{"index":"index","follow":"follow","max-snippet":"max-snippet:-1","max-image-preview":"max-image-preview:large","max-video-preview":"max-video-preview:-1"},"canonical":"https:\/\/www.antikvar.sk\/blog\/zbytocne-nariekate-a-vyhrazate-sa-je-neskoro-poznamka\/","og_locale":"sk_SK","og_type":"article","og_title":"Zbyto\u010dne nariekate a vyhr\u00e1\u017eate sa, je neskoro - pozn\u00e1mka - DOMOVINA","og_description":"Premi\u00e9r: Prezident SR v mojich o\u010diach zlyhal. Nebude ma\u0165 \u017eiadnu podporu Danko: Prezident stratil d\u00f4veru SNS, u\u017e nikdy ho nepodpor\u00edme do \u017eiadnej funkcie P\u00e1ni aj toto je to dielo va\u0161ej k\u00e1drovej nepolitiky. &nbsp;","og_url":"https:\/\/www.antikvar.sk\/blog\/zbytocne-nariekate-a-vyhrazate-sa-je-neskoro-poznamka\/","og_site_name":"DOMOVINA","article_published_time":"2025-12-12T17:38:17+00:00","article_modified_time":"2025-12-12T17:39:31+00:00","og_image":[{"url":"https:\/\/www.hlavnespravy.sk\/img.php?aid=4159522","type":"","width":"","height":""}],"author":"jaropoky","twitter_card":"summary_large_image","twitter_misc":{"Autor":"jaropoky"},"schema":{"@context":"https:\/\/schema.org","@graph":[{"@type":"Article","@id":"https:\/\/www.antikvar.sk\/blog\/zbytocne-nariekate-a-vyhrazate-sa-je-neskoro-poznamka\/#article","isPartOf":{"@id":"https:\/\/www.antikvar.sk\/blog\/zbytocne-nariekate-a-vyhrazate-sa-je-neskoro-poznamka\/"},"author":{"name":"jaropoky","@id":"https:\/\/www.antikvar.sk\/blog\/#\/schema\/person\/960f1c7c0f38d050499287d3a7924469"},"headline":"Zbyto\u010dne nariekate a vyhr\u00e1\u017eate sa, je neskoro &#8211; pozn\u00e1mka","datePublished":"2025-12-12T17:38:17+00:00","dateModified":"2025-12-12T17:39:31+00:00","mainEntityOfPage":{"@id":"https:\/\/www.antikvar.sk\/blog\/zbytocne-nariekate-a-vyhrazate-sa-je-neskoro-poznamka\/"},"wordCount":52,"commentCount":0,"publisher":{"@id":"https:\/\/www.antikvar.sk\/blog\/#\/schema\/person\/960f1c7c0f38d050499287d3a7924469"},"image":{"@id":"https:\/\/www.antikvar.sk\/blog\/zbytocne-nariekate-a-vyhrazate-sa-je-neskoro-poznamka\/#primaryimage"},"thumbnailUrl":"https:\/\/www.hlavnespravy.sk\/img.php?aid=4159522","keywords":["Danko","Fico","prezident","vyhr\u00e1\u017eky"],"articleSection":["Aktu\u00e1lne postrehy a \u00favahy"],"inLanguage":"sk-SK","potentialAction":[{"@type":"CommentAction","name":"Comment","target":["https:\/\/www.antikvar.sk\/blog\/zbytocne-nariekate-a-vyhrazate-sa-je-neskoro-poznamka\/#respond"]}]},{"@type":"WebPage","@id":"https:\/\/www.antikvar.sk\/blog\/zbytocne-nariekate-a-vyhrazate-sa-je-neskoro-poznamka\/","url":"https:\/\/www.antikvar.sk\/blog\/zbytocne-nariekate-a-vyhrazate-sa-je-neskoro-poznamka\/","name":"Zbyto\u010dne nariekate a vyhr\u00e1\u017eate sa, je neskoro - pozn\u00e1mka - DOMOVINA","isPartOf":{"@id":"https:\/\/www.antikvar.sk\/blog\/#website"},"primaryImageOfPage":{"@id":"https:\/\/www.antikvar.sk\/blog\/zbytocne-nariekate-a-vyhrazate-sa-je-neskoro-poznamka\/#primaryimage"},"image":{"@id":"https:\/\/www.antikvar.sk\/blog\/zbytocne-nariekate-a-vyhrazate-sa-je-neskoro-poznamka\/#primaryimage"},"thumbnailUrl":"https:\/\/www.hlavnespravy.sk\/img.php?aid=4159522","datePublished":"2025-12-12T17:38:17+00:00","dateModified":"2025-12-12T17:39:31+00:00","breadcrumb":{"@id":"https:\/\/www.antikvar.sk\/blog\/zbytocne-nariekate-a-vyhrazate-sa-je-neskoro-poznamka\/#breadcrumb"},"inLanguage":"sk-SK","potentialAction":[{"@type":"ReadAction","target":["https:\/\/www.antikvar.sk\/blog\/zbytocne-nariekate-a-vyhrazate-sa-je-neskoro-poznamka\/"]}]},{"@type":"ImageObject","inLanguage":"sk-SK","@id":"https:\/\/www.antikvar.sk\/blog\/zbytocne-nariekate-a-vyhrazate-sa-je-neskoro-poznamka\/#primaryimage","url":"https:\/\/www.hlavnespravy.sk\/img.php?aid=4159522","contentUrl":"https:\/\/www.hlavnespravy.sk\/img.php?aid=4159522"},{"@type":"BreadcrumbList","@id":"https:\/\/www.antikvar.sk\/blog\/zbytocne-nariekate-a-vyhrazate-sa-je-neskoro-poznamka\/#breadcrumb","itemListElement":[{"@type":"ListItem","position":1,"name":"Domovsk\u00e1 str\u00e1nka","item":"https:\/\/www.antikvar.sk\/blog\/"},{"@type":"ListItem","position":2,"name":"Zbyto\u010dne nariekate a vyhr\u00e1\u017eate sa, je neskoro &#8211; pozn\u00e1mka"}]},{"@type":"WebSite","@id":"https:\/\/www.antikvar.sk\/blog\/#website","url":"https:\/\/www.antikvar.sk\/blog\/","name":"DOMOVINA","description":"Nezabudnite na svoje rodisko, bez neho je len do pekla schodisko","publisher":{"@id":"https:\/\/www.antikvar.sk\/blog\/#\/schema\/person\/960f1c7c0f38d050499287d3a7924469"},"potentialAction":[{"@type":"SearchAction","target":{"@type":"EntryPoint","urlTemplate":"https:\/\/www.antikvar.sk\/blog\/?s={search_term_string}"},"query-input":{"@type":"PropertyValueSpecification","valueRequired":true,"valueName":"search_term_string"}}],"inLanguage":"sk-SK"},{"@type":["Person","Organization"],"@id":"https:\/\/www.antikvar.sk\/blog\/#\/schema\/person\/960f1c7c0f38d050499287d3a7924469","name":"jaropoky","image":{"@type":"ImageObject","inLanguage":"sk-SK","@id":"https:\/\/www.antikvar.sk\/blog\/wp-content\/uploads\/2021\/04\/cropped-cropped-KoreszkaWEB-2.jpg","url":"https:\/\/www.antikvar.sk\/blog\/wp-content\/uploads\/2021\/04\/cropped-cropped-KoreszkaWEB-2.jpg","contentUrl":"https:\/\/www.antikvar.sk\/blog\/wp-content\/uploads\/2021\/04\/cropped-cropped-KoreszkaWEB-2.jpg","width":863,"height":597,"caption":"jaropoky"},"logo":{"@id":"https:\/\/www.antikvar.sk\/blog\/wp-content\/uploads\/2021\/04\/cropped-cropped-KoreszkaWEB-2.jpg"},"description":"Zauj\u00edma sa o filozofiu, umenie, pr\u00edrodu a alternat\u00edvnu medic\u00ednu. Bol vedeck\u00fd pracovn\u00edk a \u0161t\u00e1tny zamestnanec, teraz je na d\u00f4chodku.","sameAs":["http:\/\/www.antikvar.sk\/blog"],"url":"https:\/\/www.antikvar.sk\/blog\/author\/jaro\/"}]}},"uagb_featured_image_src":{"full":false,"thumbnail":false,"medium":false,"medium_large":false,"large":false,"1536x1536":false,"2048x2048":false,"crp_thumbnail":false},"uagb_author_info":{"display_name":"jaropoky","author_link":"https:\/\/www.antikvar.sk\/blog\/author\/jaro\/"},"uagb_comment_info":0,"uagb_excerpt":"Premi\u00e9r: Prezident SR v mojich o\u010diach zlyhal. Nebude ma\u0165 \u017eiadnu podporu Danko: Prezident stratil d\u00f4veru SNS, u\u017e nikdy ho nepodpor\u00edme do \u017eiadnej funkcie P\u00e1ni aj toto je to dielo va\u0161ej k\u00e1drovej nepolitiky. &nbsp;","_links":{"self":[{"href":"https:\/\/www.antikvar.sk\/blog\/wp-json\/wp\/v2\/posts\/14120","targetHints":{"allow":["GET"]}}],"collection":[{"href":"https:\/\/www.antikvar.sk\/blog\/wp-json\/wp\/v2\/posts"}],"about":[{"href":"https:\/\/www.antikvar.sk\/blog\/wp-json\/wp\/v2\/types\/post"}],"author":[{"embeddable":true,"href":"https:\/\/www.antikvar.sk\/blog\/wp-json\/wp\/v2\/users\/1"}],"replies":[{"embeddable":true,"href":"https:\/\/www.antikvar.sk\/blog\/wp-json\/wp\/v2\/comments?post=14120"}],"version-history":[{"count":2,"href":"https:\/\/www.antikvar.sk\/blog\/wp-json\/wp\/v2\/posts\/14120\/revisions"}],"predecessor-version":[{"id":14122,"href":"https:\/\/www.antikvar.sk\/blog\/wp-json\/wp\/v2\/posts\/14120\/revisions\/14122"}],"wp:attachment":[{"href":"https:\/\/www.antikvar.sk\/blog\/wp-json\/wp\/v2\/media?parent=14120"}],"wp:term":[{"taxonomy":"category","embeddable":true,"href":"https:\/\/www.antikvar.sk\/blog\/wp-json\/wp\/v2\/categories?post=14120"},{"taxonomy":"post_tag","embeddable":true,"href":"https:\/\/www.antikvar.sk\/blog\/wp-json\/wp\/v2\/tags?post=14120"}],"curies":[{"name":"wp","href":"https:\/\/api.w.org\/{rel}","templated":true}]}}