{"id":13141,"date":"2025-03-29T18:11:11","date_gmt":"2025-03-29T17:11:11","guid":{"rendered":"https:\/\/www.antikvar.sk\/blog\/?p=13141"},"modified":"2025-03-30T21:32:00","modified_gmt":"2025-03-30T19:32:00","slug":"ideopsychoteror-poznamka","status":"publish","type":"post","link":"https:\/\/www.antikvar.sk\/blog\/ideopsychoteror-poznamka\/","title":{"rendered":"Ideopsychoteror &#8211; pozn\u00e1mka"},"content":{"rendered":"<p style=\"text-align: justify;\"><span style=\"font-size: 14pt;\"><em><strong>&#8222;Najhor\u0161ia zo v\u0161etk\u00fdch krutovl\u00e1d je bezcitn\u00e1 tyrania ide\u00ed, znie posledn\u00e1 veta P. Johnsonovej knihy Itelektu\u00e1li.&#8220;<\/strong><\/em><\/span><\/p>\n<p style=\"text-align: justify;\"><span style=\"font-size: 14pt;\">Ideologick\u00fd teror je najz\u00e1kernej\u0161ia forma teroru, po \u0148om by mohol nasledova\u0165&nbsp; psychick\u00fd teror. Spojenie oboch sme za\u017eili a za\u017e\u00edvame na vlastnej ko\u017ei. Pr\u00edklady netreba uv\u00e1dza\u0165. Psychick\u00fd teror efekt\u00edvne likviduje jednotlivcov. Ideologick\u00fd teror n\u00e1rody a \u0161t\u00e1ty. Niekde medzi t\u00fdm stoj\u00ed dif\u00fazia my\u0161lienok a hodn\u00f4t, ktor\u00fa pracovne naz\u00fdvame <a href=\"https:\/\/www.antikvar.sk\/blog\/najprv-difuzia-a-potom-fuzia-fejton\/\" target=\"_blank\" rel=\"noopener\">\u0161ime\u010dkova dif\u00fazia<\/a> na odl\u00ed\u0161enie od fyzk\u00e1lno-chemickej dif\u00fazie.<\/span><\/p>\n<p style=\"text-align: justify;\"><span style=\"font-size: 14pt;\">Na ot\u00e1zku: Komu za to treba po\u010fakova\u0165?, si ka\u017ed\u00fd \u013eahko s\u00e1m odpovie. <a href=\"https:\/\/www.antikvar.sk\/blog\/autorstvo-fejton\/\" target=\"_blank\" rel=\"noopener\">P. Johnson cituj\u00fac Camusa, u\u017e nie\u010do nazna\u010dil<\/a>. Ideopsychoteror je&nbsp; sofistikovan\u00e1&nbsp; <a href=\"https:\/\/www.antikvar.sk\/blog\/blitzkrieg-fejton\/\" target=\"_blank\" rel=\"noopener\">forma neutr\u00f3novej bomby &#8211; \u013eudia s vlastnou hlavou vymizn\u00fa, materi\u00e1lne statky zostan\u00fa pre nov\u00fdch konzumentov.<\/a><\/span><\/p>\n<p style=\"text-align: justify;\"><strong><span style=\"font-size: 14pt;\">Doplnky a pozn\u00e1mky:<\/span><\/strong><\/p>\n<p style=\"text-align: justify;\"><span style=\"font-size: 14pt;\">P. Johnson: Intelektu\u00e1lov\u00e9, N\u00e1vrat domu, 1995<\/span><\/p>\n<blockquote class=\"wp-embedded-content\" data-secret=\"dHtLDGfL2z\"><p><a href=\"https:\/\/www.antikvar.sk\/blog\/najprv-difuzia-a-potom-fuzia-fejton\/\">Najprv dif\u00fazia a potom f\u00fazia &#8211; fejt\u00f3n<\/a><\/p><\/blockquote>\n<p><iframe loading=\"lazy\" class=\"wp-embedded-content\" sandbox=\"allow-scripts\" security=\"restricted\" style=\"position: absolute; visibility: hidden;\" title=\"&#8220;Najprv dif\u00fazia a potom f\u00fazia &#8211; fejt\u00f3n&#8221; &#8212; DOMOVINA\" src=\"https:\/\/www.antikvar.sk\/blog\/najprv-difuzia-a-potom-fuzia-fejton\/embed\/#?secret=mSwizShXiI#?secret=dHtLDGfL2z\" data-secret=\"dHtLDGfL2z\" width=\"500\" height=\"282\" frameborder=\"0\" marginwidth=\"0\" marginheight=\"0\" scrolling=\"no\"><\/iframe><\/p>\n<p><span style=\"font-size: 14pt;\"><a href=\"https:\/\/uzitocna.pravda.sk\/spotrebitel\/clanok\/746402-retazce-zacali-predavat-evakuacne-batohy-bunkre-aj-nepriestrelne-vesty-kde-ich-mozete-kupit-a-za-kolko\/?utm_source=pravda&amp;utm_medium=hp-box&amp;utm_campaign=shp_3clanok_box\" target=\"_blank\" rel=\"noopener\">https:\/\/uzitocna.pravda.sk\/spotrebitel\/clanok\/746402-retazce-zacali-predavat-evakuacne-batohy-bunkre-aj-nepriestrelne-vesty-kde-ich-mozete-kupit-a-za-kolko\/?utm_source=pravda&amp;utm_medium=hp-box&amp;utm_campaign=shp_3clanok_box<\/a><\/span><\/p>\n<p><span style=\"font-size: 14pt;\"><a class=\"question-hyperlink\" href=\"https:\/\/latin.stackexchange.com\/questions\/17256\/te-tero-roma-manu-nuda-date-tela-latete\">Te tero, Roma, manu nuda, date tela, latete&nbsp;<\/a><\/span><\/p>\n<p><span style=\"font-size: 14pt;\">Syndr\u00f3mom <a class=\"link\" href=\"https:\/\/www.martinus.sk\/authors\/jean-jacques-rousseau\">Jeana-Jacquesa Rousseau<\/a>a autora Emil alebo O v\u00fdchove, ktor\u00fd dal svoje deti do sirotinca, som svojho \u010dasu ozna\u010dil to, na \u010do my be\u017ene&nbsp; pou\u017e\u00edvame pr\u00edslovie: k\u00e1\u017ee vodu a pije v\u00edno.<\/span><\/p>\n","protected":false},"excerpt":{"rendered":"<p>&#8222;Najhor\u0161ia zo v\u0161etk\u00fdch krutovl\u00e1d je bezcitn\u00e1 tyrania ide\u00ed, znie posledn\u00e1 veta P. Johnsonovej knihy Itelektu\u00e1li.&#8220; Ideologick\u00fd teror je najz\u00e1kernej\u0161ia forma teroru, po \u0148om by mohol nasledova\u0165&nbsp; psychick\u00fd teror. Spojenie oboch sme za\u017eili a za\u017e\u00edvame na vlastnej ko\u017ei. Pr\u00edklady netreba uv\u00e1dza\u0165. Psychick\u00fd teror efekt\u00edvne likviduje jednotlivcov. Ideologick\u00fd teror n\u00e1rody a \u0161t\u00e1ty. Niekde medzi t\u00fdm stoj\u00ed dif\u00fazia [&hellip;]<\/p>\n","protected":false},"author":1,"featured_media":13153,"comment_status":"open","ping_status":"open","sticky":false,"template":"","format":"standard","meta":{"_uag_custom_page_level_css":"","site-sidebar-layout":"default","site-content-layout":"","ast-site-content-layout":"default","site-content-style":"default","site-sidebar-style":"default","ast-global-header-display":"","ast-banner-title-visibility":"","ast-main-header-display":"","ast-hfb-above-header-display":"","ast-hfb-below-header-display":"","ast-hfb-mobile-header-display":"","site-post-title":"","ast-breadcrumbs-content":"","ast-featured-img":"","footer-sml-layout":"","ast-disable-related-posts":"","theme-transparent-header-meta":"default","adv-header-id-meta":"","stick-header-meta":"","header-above-stick-meta":"","header-main-stick-meta":"","header-below-stick-meta":"","astra-migrate-meta-layouts":"set","ast-page-background-enabled":"default","ast-page-background-meta":{"desktop":{"background-color":"","background-image":"","background-repeat":"repeat","background-position":"center center","background-size":"auto","background-attachment":"scroll","background-type":"","background-media":"","overlay-type":"","overlay-color":"","overlay-opacity":"","overlay-gradient":""},"tablet":{"background-color":"","background-image":"","background-repeat":"repeat","background-position":"center center","background-size":"auto","background-attachment":"scroll","background-type":"","background-media":"","overlay-type":"","overlay-color":"","overlay-opacity":"","overlay-gradient":""},"mobile":{"background-color":"","background-image":"","background-repeat":"repeat","background-position":"center center","background-size":"auto","background-attachment":"scroll","background-type":"","background-media":"","overlay-type":"","overlay-color":"","overlay-opacity":"","overlay-gradient":""}},"ast-content-background-meta":{"desktop":{"background-color":"var(--ast-global-color-5)","background-image":"","background-repeat":"repeat","background-position":"center center","background-size":"auto","background-attachment":"scroll","background-type":"","background-media":"","overlay-type":"","overlay-color":"","overlay-opacity":"","overlay-gradient":""},"tablet":{"background-color":"var(--ast-global-color-5)","background-image":"","background-repeat":"repeat","background-position":"center center","background-size":"auto","background-attachment":"scroll","background-type":"","background-media":"","overlay-type":"","overlay-color":"","overlay-opacity":"","overlay-gradient":""},"mobile":{"background-color":"var(--ast-global-color-5)","background-image":"","background-repeat":"repeat","background-position":"center center","background-size":"auto","background-attachment":"scroll","background-type":"","background-media":"","overlay-type":"","overlay-color":"","overlay-opacity":"","overlay-gradient":""}},"ngg_post_thumbnail":0,"footnotes":""},"categories":[1],"tags":[143],"class_list":["post-13141","post","type-post","status-publish","format-standard","has-post-thumbnail","hentry","category-postrehy-uvahy-aktualne","tag-psychoteror"],"yoast_head":"<!-- This site is optimized with the Yoast SEO plugin v27.5 - https:\/\/yoast.com\/product\/yoast-seo-wordpress\/ -->\n<title>Ideopsychoteror - pozn\u00e1mka - DOMOVINA<\/title>\n<meta name=\"robots\" content=\"index, follow, max-snippet:-1, max-image-preview:large, max-video-preview:-1\" \/>\n<link rel=\"canonical\" href=\"https:\/\/www.antikvar.sk\/blog\/ideopsychoteror-poznamka\/\" \/>\n<meta property=\"og:locale\" content=\"sk_SK\" \/>\n<meta property=\"og:type\" content=\"article\" \/>\n<meta property=\"og:title\" content=\"Ideopsychoteror - pozn\u00e1mka - DOMOVINA\" \/>\n<meta property=\"og:description\" content=\"&#8222;Najhor\u0161ia zo v\u0161etk\u00fdch krutovl\u00e1d je bezcitn\u00e1 tyrania ide\u00ed, znie posledn\u00e1 veta P. Johnsonovej knihy Itelektu\u00e1li.&#8220; Ideologick\u00fd teror je najz\u00e1kernej\u0161ia forma teroru, po \u0148om by mohol nasledova\u0165&nbsp; psychick\u00fd teror. Spojenie oboch sme za\u017eili a za\u017e\u00edvame na vlastnej ko\u017ei. Pr\u00edklady netreba uv\u00e1dza\u0165. Psychick\u00fd teror efekt\u00edvne likviduje jednotlivcov. Ideologick\u00fd teror n\u00e1rody a \u0161t\u00e1ty. Niekde medzi t\u00fdm stoj\u00ed dif\u00fazia [&hellip;]\" \/>\n<meta property=\"og:url\" content=\"https:\/\/www.antikvar.sk\/blog\/ideopsychoteror-poznamka\/\" \/>\n<meta property=\"og:site_name\" content=\"DOMOVINA\" \/>\n<meta property=\"article:published_time\" content=\"2025-03-29T17:11:11+00:00\" \/>\n<meta property=\"article:modified_time\" content=\"2025-03-30T19:32:00+00:00\" \/>\n<meta property=\"og:image\" content=\"https:\/\/www.antikvar.sk\/blog\/wp-content\/uploads\/2025\/03\/Johnson2-scaled.jpg\" \/>\n\t<meta property=\"og:image:width\" content=\"2237\" \/>\n\t<meta property=\"og:image:height\" content=\"2560\" \/>\n\t<meta property=\"og:image:type\" content=\"image\/jpeg\" \/>\n<meta name=\"author\" content=\"jaropoky\" \/>\n<meta name=\"twitter:card\" content=\"summary_large_image\" \/>\n<meta name=\"twitter:label1\" content=\"Autor\" \/>\n\t<meta name=\"twitter:data1\" content=\"jaropoky\" \/>\n\t<meta name=\"twitter:label2\" content=\"Predpokladan\u00fd \u010das \u010d\u00edtania\" \/>\n\t<meta name=\"twitter:data2\" content=\"1 min\u00fata\" \/>\n<script type=\"application\/ld+json\" class=\"yoast-schema-graph\">{\"@context\":\"https:\\\/\\\/schema.org\",\"@graph\":[{\"@type\":\"Article\",\"@id\":\"https:\\\/\\\/www.antikvar.sk\\\/blog\\\/ideopsychoteror-poznamka\\\/#article\",\"isPartOf\":{\"@id\":\"https:\\\/\\\/www.antikvar.sk\\\/blog\\\/ideopsychoteror-poznamka\\\/\"},\"author\":{\"name\":\"jaropoky\",\"@id\":\"https:\\\/\\\/www.antikvar.sk\\\/blog\\\/#\\\/schema\\\/person\\\/960f1c7c0f38d050499287d3a7924469\"},\"headline\":\"Ideopsychoteror &#8211; pozn\u00e1mka\",\"datePublished\":\"2025-03-29T17:11:11+00:00\",\"dateModified\":\"2025-03-30T19:32:00+00:00\",\"mainEntityOfPage\":{\"@id\":\"https:\\\/\\\/www.antikvar.sk\\\/blog\\\/ideopsychoteror-poznamka\\\/\"},\"wordCount\":232,\"commentCount\":0,\"publisher\":{\"@id\":\"https:\\\/\\\/www.antikvar.sk\\\/blog\\\/#\\\/schema\\\/person\\\/960f1c7c0f38d050499287d3a7924469\"},\"image\":{\"@id\":\"https:\\\/\\\/www.antikvar.sk\\\/blog\\\/ideopsychoteror-poznamka\\\/#primaryimage\"},\"thumbnailUrl\":\"https:\\\/\\\/www.antikvar.sk\\\/blog\\\/wp-content\\\/uploads\\\/2025\\\/03\\\/Johnson2-scaled.jpg\",\"keywords\":[\"psychoteror\"],\"articleSection\":[\"Aktu\u00e1lne postrehy a \u00favahy\"],\"inLanguage\":\"sk-SK\",\"potentialAction\":[{\"@type\":\"CommentAction\",\"name\":\"Comment\",\"target\":[\"https:\\\/\\\/www.antikvar.sk\\\/blog\\\/ideopsychoteror-poznamka\\\/#respond\"]}]},{\"@type\":\"WebPage\",\"@id\":\"https:\\\/\\\/www.antikvar.sk\\\/blog\\\/ideopsychoteror-poznamka\\\/\",\"url\":\"https:\\\/\\\/www.antikvar.sk\\\/blog\\\/ideopsychoteror-poznamka\\\/\",\"name\":\"Ideopsychoteror - pozn\u00e1mka - DOMOVINA\",\"isPartOf\":{\"@id\":\"https:\\\/\\\/www.antikvar.sk\\\/blog\\\/#website\"},\"primaryImageOfPage\":{\"@id\":\"https:\\\/\\\/www.antikvar.sk\\\/blog\\\/ideopsychoteror-poznamka\\\/#primaryimage\"},\"image\":{\"@id\":\"https:\\\/\\\/www.antikvar.sk\\\/blog\\\/ideopsychoteror-poznamka\\\/#primaryimage\"},\"thumbnailUrl\":\"https:\\\/\\\/www.antikvar.sk\\\/blog\\\/wp-content\\\/uploads\\\/2025\\\/03\\\/Johnson2-scaled.jpg\",\"datePublished\":\"2025-03-29T17:11:11+00:00\",\"dateModified\":\"2025-03-30T19:32:00+00:00\",\"breadcrumb\":{\"@id\":\"https:\\\/\\\/www.antikvar.sk\\\/blog\\\/ideopsychoteror-poznamka\\\/#breadcrumb\"},\"inLanguage\":\"sk-SK\",\"potentialAction\":[{\"@type\":\"ReadAction\",\"target\":[\"https:\\\/\\\/www.antikvar.sk\\\/blog\\\/ideopsychoteror-poznamka\\\/\"]}]},{\"@type\":\"ImageObject\",\"inLanguage\":\"sk-SK\",\"@id\":\"https:\\\/\\\/www.antikvar.sk\\\/blog\\\/ideopsychoteror-poznamka\\\/#primaryimage\",\"url\":\"https:\\\/\\\/www.antikvar.sk\\\/blog\\\/wp-content\\\/uploads\\\/2025\\\/03\\\/Johnson2-scaled.jpg\",\"contentUrl\":\"https:\\\/\\\/www.antikvar.sk\\\/blog\\\/wp-content\\\/uploads\\\/2025\\\/03\\\/Johnson2-scaled.jpg\",\"width\":2237,\"height\":2560},{\"@type\":\"BreadcrumbList\",\"@id\":\"https:\\\/\\\/www.antikvar.sk\\\/blog\\\/ideopsychoteror-poznamka\\\/#breadcrumb\",\"itemListElement\":[{\"@type\":\"ListItem\",\"position\":1,\"name\":\"Domovsk\u00e1 str\u00e1nka\",\"item\":\"https:\\\/\\\/www.antikvar.sk\\\/blog\\\/\"},{\"@type\":\"ListItem\",\"position\":2,\"name\":\"Ideopsychoteror &#8211; pozn\u00e1mka\"}]},{\"@type\":\"WebSite\",\"@id\":\"https:\\\/\\\/www.antikvar.sk\\\/blog\\\/#website\",\"url\":\"https:\\\/\\\/www.antikvar.sk\\\/blog\\\/\",\"name\":\"DOMOVINA\",\"description\":\"Nezabudnite na svoje rodisko, bez neho je len do pekla schodisko\",\"publisher\":{\"@id\":\"https:\\\/\\\/www.antikvar.sk\\\/blog\\\/#\\\/schema\\\/person\\\/960f1c7c0f38d050499287d3a7924469\"},\"potentialAction\":[{\"@type\":\"SearchAction\",\"target\":{\"@type\":\"EntryPoint\",\"urlTemplate\":\"https:\\\/\\\/www.antikvar.sk\\\/blog\\\/?s={search_term_string}\"},\"query-input\":{\"@type\":\"PropertyValueSpecification\",\"valueRequired\":true,\"valueName\":\"search_term_string\"}}],\"inLanguage\":\"sk-SK\"},{\"@type\":[\"Person\",\"Organization\"],\"@id\":\"https:\\\/\\\/www.antikvar.sk\\\/blog\\\/#\\\/schema\\\/person\\\/960f1c7c0f38d050499287d3a7924469\",\"name\":\"jaropoky\",\"image\":{\"@type\":\"ImageObject\",\"inLanguage\":\"sk-SK\",\"@id\":\"https:\\\/\\\/www.antikvar.sk\\\/blog\\\/wp-content\\\/uploads\\\/2021\\\/04\\\/cropped-cropped-KoreszkaWEB-2.jpg\",\"url\":\"https:\\\/\\\/www.antikvar.sk\\\/blog\\\/wp-content\\\/uploads\\\/2021\\\/04\\\/cropped-cropped-KoreszkaWEB-2.jpg\",\"contentUrl\":\"https:\\\/\\\/www.antikvar.sk\\\/blog\\\/wp-content\\\/uploads\\\/2021\\\/04\\\/cropped-cropped-KoreszkaWEB-2.jpg\",\"width\":863,\"height\":597,\"caption\":\"jaropoky\"},\"logo\":{\"@id\":\"https:\\\/\\\/www.antikvar.sk\\\/blog\\\/wp-content\\\/uploads\\\/2021\\\/04\\\/cropped-cropped-KoreszkaWEB-2.jpg\"},\"description\":\"Zauj\u00edma sa o filozofiu, umenie, pr\u00edrodu a alternat\u00edvnu medic\u00ednu. Bol vedeck\u00fd pracovn\u00edk a \u0161t\u00e1tny zamestnanec, teraz je na d\u00f4chodku.\",\"sameAs\":[\"http:\\\/\\\/www.antikvar.sk\\\/blog\"],\"url\":\"https:\\\/\\\/www.antikvar.sk\\\/blog\\\/author\\\/jaro\\\/\"}]}<\/script>\n<!-- \/ Yoast SEO plugin. -->","yoast_head_json":{"title":"Ideopsychoteror - pozn\u00e1mka - DOMOVINA","robots":{"index":"index","follow":"follow","max-snippet":"max-snippet:-1","max-image-preview":"max-image-preview:large","max-video-preview":"max-video-preview:-1"},"canonical":"https:\/\/www.antikvar.sk\/blog\/ideopsychoteror-poznamka\/","og_locale":"sk_SK","og_type":"article","og_title":"Ideopsychoteror - pozn\u00e1mka - DOMOVINA","og_description":"&#8222;Najhor\u0161ia zo v\u0161etk\u00fdch krutovl\u00e1d je bezcitn\u00e1 tyrania ide\u00ed, znie posledn\u00e1 veta P. Johnsonovej knihy Itelektu\u00e1li.&#8220; Ideologick\u00fd teror je najz\u00e1kernej\u0161ia forma teroru, po \u0148om by mohol nasledova\u0165&nbsp; psychick\u00fd teror. Spojenie oboch sme za\u017eili a za\u017e\u00edvame na vlastnej ko\u017ei. Pr\u00edklady netreba uv\u00e1dza\u0165. Psychick\u00fd teror efekt\u00edvne likviduje jednotlivcov. Ideologick\u00fd teror n\u00e1rody a \u0161t\u00e1ty. Niekde medzi t\u00fdm stoj\u00ed dif\u00fazia [&hellip;]","og_url":"https:\/\/www.antikvar.sk\/blog\/ideopsychoteror-poznamka\/","og_site_name":"DOMOVINA","article_published_time":"2025-03-29T17:11:11+00:00","article_modified_time":"2025-03-30T19:32:00+00:00","og_image":[{"width":2237,"height":2560,"url":"https:\/\/www.antikvar.sk\/blog\/wp-content\/uploads\/2025\/03\/Johnson2-scaled.jpg","type":"image\/jpeg"}],"author":"jaropoky","twitter_card":"summary_large_image","twitter_misc":{"Autor":"jaropoky","Predpokladan\u00fd \u010das \u010d\u00edtania":"1 min\u00fata"},"schema":{"@context":"https:\/\/schema.org","@graph":[{"@type":"Article","@id":"https:\/\/www.antikvar.sk\/blog\/ideopsychoteror-poznamka\/#article","isPartOf":{"@id":"https:\/\/www.antikvar.sk\/blog\/ideopsychoteror-poznamka\/"},"author":{"name":"jaropoky","@id":"https:\/\/www.antikvar.sk\/blog\/#\/schema\/person\/960f1c7c0f38d050499287d3a7924469"},"headline":"Ideopsychoteror &#8211; pozn\u00e1mka","datePublished":"2025-03-29T17:11:11+00:00","dateModified":"2025-03-30T19:32:00+00:00","mainEntityOfPage":{"@id":"https:\/\/www.antikvar.sk\/blog\/ideopsychoteror-poznamka\/"},"wordCount":232,"commentCount":0,"publisher":{"@id":"https:\/\/www.antikvar.sk\/blog\/#\/schema\/person\/960f1c7c0f38d050499287d3a7924469"},"image":{"@id":"https:\/\/www.antikvar.sk\/blog\/ideopsychoteror-poznamka\/#primaryimage"},"thumbnailUrl":"https:\/\/www.antikvar.sk\/blog\/wp-content\/uploads\/2025\/03\/Johnson2-scaled.jpg","keywords":["psychoteror"],"articleSection":["Aktu\u00e1lne postrehy a \u00favahy"],"inLanguage":"sk-SK","potentialAction":[{"@type":"CommentAction","name":"Comment","target":["https:\/\/www.antikvar.sk\/blog\/ideopsychoteror-poznamka\/#respond"]}]},{"@type":"WebPage","@id":"https:\/\/www.antikvar.sk\/blog\/ideopsychoteror-poznamka\/","url":"https:\/\/www.antikvar.sk\/blog\/ideopsychoteror-poznamka\/","name":"Ideopsychoteror - pozn\u00e1mka - DOMOVINA","isPartOf":{"@id":"https:\/\/www.antikvar.sk\/blog\/#website"},"primaryImageOfPage":{"@id":"https:\/\/www.antikvar.sk\/blog\/ideopsychoteror-poznamka\/#primaryimage"},"image":{"@id":"https:\/\/www.antikvar.sk\/blog\/ideopsychoteror-poznamka\/#primaryimage"},"thumbnailUrl":"https:\/\/www.antikvar.sk\/blog\/wp-content\/uploads\/2025\/03\/Johnson2-scaled.jpg","datePublished":"2025-03-29T17:11:11+00:00","dateModified":"2025-03-30T19:32:00+00:00","breadcrumb":{"@id":"https:\/\/www.antikvar.sk\/blog\/ideopsychoteror-poznamka\/#breadcrumb"},"inLanguage":"sk-SK","potentialAction":[{"@type":"ReadAction","target":["https:\/\/www.antikvar.sk\/blog\/ideopsychoteror-poznamka\/"]}]},{"@type":"ImageObject","inLanguage":"sk-SK","@id":"https:\/\/www.antikvar.sk\/blog\/ideopsychoteror-poznamka\/#primaryimage","url":"https:\/\/www.antikvar.sk\/blog\/wp-content\/uploads\/2025\/03\/Johnson2-scaled.jpg","contentUrl":"https:\/\/www.antikvar.sk\/blog\/wp-content\/uploads\/2025\/03\/Johnson2-scaled.jpg","width":2237,"height":2560},{"@type":"BreadcrumbList","@id":"https:\/\/www.antikvar.sk\/blog\/ideopsychoteror-poznamka\/#breadcrumb","itemListElement":[{"@type":"ListItem","position":1,"name":"Domovsk\u00e1 str\u00e1nka","item":"https:\/\/www.antikvar.sk\/blog\/"},{"@type":"ListItem","position":2,"name":"Ideopsychoteror &#8211; pozn\u00e1mka"}]},{"@type":"WebSite","@id":"https:\/\/www.antikvar.sk\/blog\/#website","url":"https:\/\/www.antikvar.sk\/blog\/","name":"DOMOVINA","description":"Nezabudnite na svoje rodisko, bez neho je len do pekla schodisko","publisher":{"@id":"https:\/\/www.antikvar.sk\/blog\/#\/schema\/person\/960f1c7c0f38d050499287d3a7924469"},"potentialAction":[{"@type":"SearchAction","target":{"@type":"EntryPoint","urlTemplate":"https:\/\/www.antikvar.sk\/blog\/?s={search_term_string}"},"query-input":{"@type":"PropertyValueSpecification","valueRequired":true,"valueName":"search_term_string"}}],"inLanguage":"sk-SK"},{"@type":["Person","Organization"],"@id":"https:\/\/www.antikvar.sk\/blog\/#\/schema\/person\/960f1c7c0f38d050499287d3a7924469","name":"jaropoky","image":{"@type":"ImageObject","inLanguage":"sk-SK","@id":"https:\/\/www.antikvar.sk\/blog\/wp-content\/uploads\/2021\/04\/cropped-cropped-KoreszkaWEB-2.jpg","url":"https:\/\/www.antikvar.sk\/blog\/wp-content\/uploads\/2021\/04\/cropped-cropped-KoreszkaWEB-2.jpg","contentUrl":"https:\/\/www.antikvar.sk\/blog\/wp-content\/uploads\/2021\/04\/cropped-cropped-KoreszkaWEB-2.jpg","width":863,"height":597,"caption":"jaropoky"},"logo":{"@id":"https:\/\/www.antikvar.sk\/blog\/wp-content\/uploads\/2021\/04\/cropped-cropped-KoreszkaWEB-2.jpg"},"description":"Zauj\u00edma sa o filozofiu, umenie, pr\u00edrodu a alternat\u00edvnu medic\u00ednu. Bol vedeck\u00fd pracovn\u00edk a \u0161t\u00e1tny zamestnanec, teraz je na d\u00f4chodku.","sameAs":["http:\/\/www.antikvar.sk\/blog"],"url":"https:\/\/www.antikvar.sk\/blog\/author\/jaro\/"}]}},"uagb_featured_image_src":{"full":["https:\/\/www.antikvar.sk\/blog\/wp-content\/uploads\/2025\/03\/Johnson2-scaled.jpg",2237,2560,false],"thumbnail":["https:\/\/www.antikvar.sk\/blog\/wp-content\/uploads\/2025\/03\/Johnson2-150x150.jpg",150,150,true],"medium":["https:\/\/www.antikvar.sk\/blog\/wp-content\/uploads\/2025\/03\/Johnson2-262x300.jpg",262,300,true],"medium_large":["https:\/\/www.antikvar.sk\/blog\/wp-content\/uploads\/2025\/03\/Johnson2-768x879.jpg",768,879,true],"large":["https:\/\/www.antikvar.sk\/blog\/wp-content\/uploads\/2025\/03\/Johnson2-895x1024.jpg",895,1024,true],"1536x1536":["https:\/\/www.antikvar.sk\/blog\/wp-content\/uploads\/2025\/03\/Johnson2-1342x1536.jpg",1342,1536,true],"2048x2048":["https:\/\/www.antikvar.sk\/blog\/wp-content\/uploads\/2025\/03\/Johnson2-1790x2048.jpg",1790,2048,true],"crp_thumbnail":["https:\/\/www.antikvar.sk\/blog\/wp-content\/uploads\/2025\/03\/Johnson2-150x150.jpg",150,150,true]},"uagb_author_info":{"display_name":"jaropoky","author_link":"https:\/\/www.antikvar.sk\/blog\/author\/jaro\/"},"uagb_comment_info":0,"uagb_excerpt":"&#8222;Najhor\u0161ia zo v\u0161etk\u00fdch krutovl\u00e1d je bezcitn\u00e1 tyrania ide\u00ed, znie posledn\u00e1 veta P. Johnsonovej knihy Itelektu\u00e1li.&#8220; Ideologick\u00fd teror je najz\u00e1kernej\u0161ia forma teroru, po \u0148om by mohol nasledova\u0165&nbsp; psychick\u00fd teror. Spojenie oboch sme za\u017eili a za\u017e\u00edvame na vlastnej ko\u017ei. Pr\u00edklady netreba uv\u00e1dza\u0165. Psychick\u00fd teror efekt\u00edvne likviduje jednotlivcov. Ideologick\u00fd teror n\u00e1rody a \u0161t\u00e1ty. Niekde medzi t\u00fdm stoj\u00ed dif\u00fazia&hellip;","_links":{"self":[{"href":"https:\/\/www.antikvar.sk\/blog\/wp-json\/wp\/v2\/posts\/13141","targetHints":{"allow":["GET"]}}],"collection":[{"href":"https:\/\/www.antikvar.sk\/blog\/wp-json\/wp\/v2\/posts"}],"about":[{"href":"https:\/\/www.antikvar.sk\/blog\/wp-json\/wp\/v2\/types\/post"}],"author":[{"embeddable":true,"href":"https:\/\/www.antikvar.sk\/blog\/wp-json\/wp\/v2\/users\/1"}],"replies":[{"embeddable":true,"href":"https:\/\/www.antikvar.sk\/blog\/wp-json\/wp\/v2\/comments?post=13141"}],"version-history":[{"count":22,"href":"https:\/\/www.antikvar.sk\/blog\/wp-json\/wp\/v2\/posts\/13141\/revisions"}],"predecessor-version":[{"id":13170,"href":"https:\/\/www.antikvar.sk\/blog\/wp-json\/wp\/v2\/posts\/13141\/revisions\/13170"}],"wp:featuredmedia":[{"embeddable":true,"href":"https:\/\/www.antikvar.sk\/blog\/wp-json\/wp\/v2\/media\/13153"}],"wp:attachment":[{"href":"https:\/\/www.antikvar.sk\/blog\/wp-json\/wp\/v2\/media?parent=13141"}],"wp:term":[{"taxonomy":"category","embeddable":true,"href":"https:\/\/www.antikvar.sk\/blog\/wp-json\/wp\/v2\/categories?post=13141"},{"taxonomy":"post_tag","embeddable":true,"href":"https:\/\/www.antikvar.sk\/blog\/wp-json\/wp\/v2\/tags?post=13141"}],"curies":[{"name":"wp","href":"https:\/\/api.w.org\/{rel}","templated":true}]}}