{"id":13050,"date":"2025-03-01T15:02:42","date_gmt":"2025-03-01T14:02:42","guid":{"rendered":"https:\/\/www.antikvar.sk\/blog\/?p=13050"},"modified":"2025-03-01T15:10:14","modified_gmt":"2025-03-01T14:10:14","slug":"iba-marketing-poznamka","status":"publish","type":"post","link":"https:\/\/www.antikvar.sk\/blog\/iba-marketing-poznamka\/","title":{"rendered":"Iba marketing &#8211; pozn\u00e1mka"},"content":{"rendered":"<h1 class=\"custom-blue caricature-subtitle main-title\"><span style=\"font-size: 14pt;\"><a href=\"https:\/\/www.hlavnespravy.sk\/robert-fico-sa-vyjadril-k-vcerajsej-hadke-zelenskyj-trump\/3846086\" target=\"_blank\" rel=\"noopener\">Robert Fico sa vyjadril k v\u010deraj\u0161ej h\u00e1dke Zelenskyj \u2013 Trump<\/a><\/span><\/h1>\n<p><span style=\"font-size: 14pt;\"><img loading=\"lazy\" decoding=\"async\" class=\"lazyloaded\" src=\"https:\/\/www.hlavnespravy.sk\/img.php?aid=3846086\" alt=\"\" width=\"1\" height=\"1\" data-ll-status=\"loaded\"><a href=\"https:\/\/www.hlavnespravy.sk\/robert-fico-sa-vyjadril-k-vcerajsej-hadke-zelenskyj-trump\/3846086#google_vignette\" target=\"_blank\" rel=\"noopener\">Premi\u00e9r SR Robert Fico sa dnes na soci\u00e1lnej sieti vyjadril k v\u010deraj\u0161ej h\u00e1dke ku ktorej do\u0161lo v Ov\u00e1lnej pracovni medzi Zelensk\u00fdm a Trumpom priamo pred kamerami po\u010das priameho prenosu z jednan\u00ed. Premi\u00e9rove vyjadrenie v\u00e1m prin\u00e1\u0161ame v plnom znen\u00ed&#8230;<\/a><\/span><\/p>\n<p><strong><span style=\"font-size: 14pt;\">Z diskusie v Hlavn\u00fdch spr\u00e1vach:<\/span><\/strong><\/p>\n<header class=\"comment__header\"><span style=\"font-size: 14pt;\"><span class=\"post-byline\"> <span class=\"author publisher-anchor-color\"><a href=\"https:\/\/disqus.com\/by\/disqus_X4KfrD2Ffs\/\" target=\"_blank\" rel=\"noopener noreferrer\" data-action=\"profile\" data-tab=\"\" data-username=\"disqus_X4KfrD2Ffs\">Jaro<\/a><\/span> <\/span><span class=\"post-meta\"> <a class=\"time-ago\" title=\"sobota 1. marec 2025 14:58\" href=\"https:\/\/www.hlavnespravy.sk\/robert-fico-sa-vyjadril-k-vcerajsej-hadke-zelenskyj-trump\/3846086#comment-6661561719\" data-role=\"relative-time\">pred 3 min\u00fatami<\/a> <span class=\"has-edit\" data-role=\"has-edit\">upraven\u00fd<\/span><\/span><\/span><\/header>\n<div class=\"post-body-inner\">\n<div class=\"post-message-container\" data-role=\"message-container\">\n<div class=\"publisher-anchor-color\" data-role=\"message-content\">\n<div class=\"post-message \" dir=\"auto\" data-role=\"message\">\n<div>\n<p><span style=\"font-size: 14pt;\">K\u013e\u00fa\u010dov\u00e1 my\u0161lienka je v z\u00e1vere:<strong> &#8222;SR re\u0161pektuje potrebu zvy\u0161ovania obranyschopnosti Eur\u00f3py.&#8220;<\/strong> To je podstata, v\u0161etko ostatn\u00e9 bol obal, aby sa produkt dobre predal.<\/span><\/p>\n<\/div>\n<\/div>\n<\/div>\n<\/div>\n<\/div>\n","protected":false},"excerpt":{"rendered":"<p>Robert Fico sa vyjadril k v\u010deraj\u0161ej h\u00e1dke Zelenskyj \u2013 Trump Premi\u00e9r SR Robert Fico sa dnes na soci\u00e1lnej sieti vyjadril k v\u010deraj\u0161ej h\u00e1dke ku ktorej do\u0161lo v Ov\u00e1lnej pracovni medzi Zelensk\u00fdm a Trumpom priamo pred kamerami po\u010das priameho prenosu z jednan\u00ed. Premi\u00e9rove vyjadrenie v\u00e1m prin\u00e1\u0161ame v plnom znen\u00ed&#8230; Z diskusie v Hlavn\u00fdch spr\u00e1vach: Jaro pred [&hellip;]<\/p>\n","protected":false},"author":1,"featured_media":0,"comment_status":"open","ping_status":"open","sticky":false,"template":"","format":"standard","meta":{"_uag_custom_page_level_css":"","site-sidebar-layout":"default","site-content-layout":"","ast-site-content-layout":"default","site-content-style":"default","site-sidebar-style":"default","ast-global-header-display":"","ast-banner-title-visibility":"","ast-main-header-display":"","ast-hfb-above-header-display":"","ast-hfb-below-header-display":"","ast-hfb-mobile-header-display":"","site-post-title":"","ast-breadcrumbs-content":"","ast-featured-img":"","footer-sml-layout":"","ast-disable-related-posts":"","theme-transparent-header-meta":"default","adv-header-id-meta":"","stick-header-meta":"","header-above-stick-meta":"","header-main-stick-meta":"","header-below-stick-meta":"","astra-migrate-meta-layouts":"set","ast-page-background-enabled":"default","ast-page-background-meta":{"desktop":{"background-color":"","background-image":"","background-repeat":"repeat","background-position":"center center","background-size":"auto","background-attachment":"scroll","background-type":"","background-media":"","overlay-type":"","overlay-color":"","overlay-opacity":"","overlay-gradient":""},"tablet":{"background-color":"","background-image":"","background-repeat":"repeat","background-position":"center center","background-size":"auto","background-attachment":"scroll","background-type":"","background-media":"","overlay-type":"","overlay-color":"","overlay-opacity":"","overlay-gradient":""},"mobile":{"background-color":"","background-image":"","background-repeat":"repeat","background-position":"center center","background-size":"auto","background-attachment":"scroll","background-type":"","background-media":"","overlay-type":"","overlay-color":"","overlay-opacity":"","overlay-gradient":""}},"ast-content-background-meta":{"desktop":{"background-color":"var(--ast-global-color-5)","background-image":"","background-repeat":"repeat","background-position":"center center","background-size":"auto","background-attachment":"scroll","background-type":"","background-media":"","overlay-type":"","overlay-color":"","overlay-opacity":"","overlay-gradient":""},"tablet":{"background-color":"var(--ast-global-color-5)","background-image":"","background-repeat":"repeat","background-position":"center center","background-size":"auto","background-attachment":"scroll","background-type":"","background-media":"","overlay-type":"","overlay-color":"","overlay-opacity":"","overlay-gradient":""},"mobile":{"background-color":"var(--ast-global-color-5)","background-image":"","background-repeat":"repeat","background-position":"center center","background-size":"auto","background-attachment":"scroll","background-type":"","background-media":"","overlay-type":"","overlay-color":"","overlay-opacity":"","overlay-gradient":""}},"ngg_post_thumbnail":0,"footnotes":""},"categories":[1],"tags":[],"class_list":["post-13050","post","type-post","status-publish","format-standard","hentry","category-postrehy-uvahy-aktualne"],"yoast_head":"<!-- This site is optimized with the Yoast SEO plugin v27.5 - https:\/\/yoast.com\/product\/yoast-seo-wordpress\/ -->\n<title>Iba marketing - pozn\u00e1mka - DOMOVINA<\/title>\n<meta name=\"robots\" content=\"index, follow, max-snippet:-1, max-image-preview:large, max-video-preview:-1\" \/>\n<link rel=\"canonical\" href=\"https:\/\/www.antikvar.sk\/blog\/iba-marketing-poznamka\/\" \/>\n<meta property=\"og:locale\" content=\"sk_SK\" \/>\n<meta property=\"og:type\" content=\"article\" \/>\n<meta property=\"og:title\" content=\"Iba marketing - pozn\u00e1mka - DOMOVINA\" \/>\n<meta property=\"og:description\" content=\"Robert Fico sa vyjadril k v\u010deraj\u0161ej h\u00e1dke Zelenskyj \u2013 Trump Premi\u00e9r SR Robert Fico sa dnes na soci\u00e1lnej sieti vyjadril k v\u010deraj\u0161ej h\u00e1dke ku ktorej do\u0161lo v Ov\u00e1lnej pracovni medzi Zelensk\u00fdm a Trumpom priamo pred kamerami po\u010das priameho prenosu z jednan\u00ed. Premi\u00e9rove vyjadrenie v\u00e1m prin\u00e1\u0161ame v plnom znen\u00ed&#8230; Z diskusie v Hlavn\u00fdch spr\u00e1vach: Jaro pred [&hellip;]\" \/>\n<meta property=\"og:url\" content=\"https:\/\/www.antikvar.sk\/blog\/iba-marketing-poznamka\/\" \/>\n<meta property=\"og:site_name\" content=\"DOMOVINA\" \/>\n<meta property=\"article:published_time\" content=\"2025-03-01T14:02:42+00:00\" \/>\n<meta property=\"article:modified_time\" content=\"2025-03-01T14:10:14+00:00\" \/>\n<meta property=\"og:image\" content=\"https:\/\/www.hlavnespravy.sk\/img.php?aid=3846086\" \/>\n<meta name=\"author\" content=\"jaropoky\" \/>\n<meta name=\"twitter:card\" content=\"summary_large_image\" \/>\n<meta name=\"twitter:label1\" content=\"Autor\" \/>\n\t<meta name=\"twitter:data1\" content=\"jaropoky\" \/>\n\t<meta name=\"twitter:label2\" content=\"Predpokladan\u00fd \u010das \u010d\u00edtania\" \/>\n\t<meta name=\"twitter:data2\" content=\"1 min\u00fata\" \/>\n<script type=\"application\/ld+json\" class=\"yoast-schema-graph\">{\"@context\":\"https:\\\/\\\/schema.org\",\"@graph\":[{\"@type\":\"Article\",\"@id\":\"https:\\\/\\\/www.antikvar.sk\\\/blog\\\/iba-marketing-poznamka\\\/#article\",\"isPartOf\":{\"@id\":\"https:\\\/\\\/www.antikvar.sk\\\/blog\\\/iba-marketing-poznamka\\\/\"},\"author\":{\"name\":\"jaropoky\",\"@id\":\"https:\\\/\\\/www.antikvar.sk\\\/blog\\\/#\\\/schema\\\/person\\\/960f1c7c0f38d050499287d3a7924469\"},\"headline\":\"Iba marketing &#8211; pozn\u00e1mka\",\"datePublished\":\"2025-03-01T14:02:42+00:00\",\"dateModified\":\"2025-03-01T14:10:14+00:00\",\"mainEntityOfPage\":{\"@id\":\"https:\\\/\\\/www.antikvar.sk\\\/blog\\\/iba-marketing-poznamka\\\/\"},\"wordCount\":109,\"commentCount\":0,\"publisher\":{\"@id\":\"https:\\\/\\\/www.antikvar.sk\\\/blog\\\/#\\\/schema\\\/person\\\/960f1c7c0f38d050499287d3a7924469\"},\"image\":{\"@id\":\"https:\\\/\\\/www.antikvar.sk\\\/blog\\\/iba-marketing-poznamka\\\/#primaryimage\"},\"thumbnailUrl\":\"https:\\\/\\\/www.hlavnespravy.sk\\\/img.php?aid=3846086\",\"articleSection\":[\"Aktu\u00e1lne postrehy a \u00favahy\"],\"inLanguage\":\"sk-SK\",\"potentialAction\":[{\"@type\":\"CommentAction\",\"name\":\"Comment\",\"target\":[\"https:\\\/\\\/www.antikvar.sk\\\/blog\\\/iba-marketing-poznamka\\\/#respond\"]}]},{\"@type\":\"WebPage\",\"@id\":\"https:\\\/\\\/www.antikvar.sk\\\/blog\\\/iba-marketing-poznamka\\\/\",\"url\":\"https:\\\/\\\/www.antikvar.sk\\\/blog\\\/iba-marketing-poznamka\\\/\",\"name\":\"Iba marketing - pozn\u00e1mka - DOMOVINA\",\"isPartOf\":{\"@id\":\"https:\\\/\\\/www.antikvar.sk\\\/blog\\\/#website\"},\"primaryImageOfPage\":{\"@id\":\"https:\\\/\\\/www.antikvar.sk\\\/blog\\\/iba-marketing-poznamka\\\/#primaryimage\"},\"image\":{\"@id\":\"https:\\\/\\\/www.antikvar.sk\\\/blog\\\/iba-marketing-poznamka\\\/#primaryimage\"},\"thumbnailUrl\":\"https:\\\/\\\/www.hlavnespravy.sk\\\/img.php?aid=3846086\",\"datePublished\":\"2025-03-01T14:02:42+00:00\",\"dateModified\":\"2025-03-01T14:10:14+00:00\",\"breadcrumb\":{\"@id\":\"https:\\\/\\\/www.antikvar.sk\\\/blog\\\/iba-marketing-poznamka\\\/#breadcrumb\"},\"inLanguage\":\"sk-SK\",\"potentialAction\":[{\"@type\":\"ReadAction\",\"target\":[\"https:\\\/\\\/www.antikvar.sk\\\/blog\\\/iba-marketing-poznamka\\\/\"]}]},{\"@type\":\"ImageObject\",\"inLanguage\":\"sk-SK\",\"@id\":\"https:\\\/\\\/www.antikvar.sk\\\/blog\\\/iba-marketing-poznamka\\\/#primaryimage\",\"url\":\"https:\\\/\\\/www.hlavnespravy.sk\\\/img.php?aid=3846086\",\"contentUrl\":\"https:\\\/\\\/www.hlavnespravy.sk\\\/img.php?aid=3846086\"},{\"@type\":\"BreadcrumbList\",\"@id\":\"https:\\\/\\\/www.antikvar.sk\\\/blog\\\/iba-marketing-poznamka\\\/#breadcrumb\",\"itemListElement\":[{\"@type\":\"ListItem\",\"position\":1,\"name\":\"Domovsk\u00e1 str\u00e1nka\",\"item\":\"https:\\\/\\\/www.antikvar.sk\\\/blog\\\/\"},{\"@type\":\"ListItem\",\"position\":2,\"name\":\"Iba marketing &#8211; pozn\u00e1mka\"}]},{\"@type\":\"WebSite\",\"@id\":\"https:\\\/\\\/www.antikvar.sk\\\/blog\\\/#website\",\"url\":\"https:\\\/\\\/www.antikvar.sk\\\/blog\\\/\",\"name\":\"DOMOVINA\",\"description\":\"Nezabudnite na svoje rodisko, bez neho je len do pekla schodisko\",\"publisher\":{\"@id\":\"https:\\\/\\\/www.antikvar.sk\\\/blog\\\/#\\\/schema\\\/person\\\/960f1c7c0f38d050499287d3a7924469\"},\"potentialAction\":[{\"@type\":\"SearchAction\",\"target\":{\"@type\":\"EntryPoint\",\"urlTemplate\":\"https:\\\/\\\/www.antikvar.sk\\\/blog\\\/?s={search_term_string}\"},\"query-input\":{\"@type\":\"PropertyValueSpecification\",\"valueRequired\":true,\"valueName\":\"search_term_string\"}}],\"inLanguage\":\"sk-SK\"},{\"@type\":[\"Person\",\"Organization\"],\"@id\":\"https:\\\/\\\/www.antikvar.sk\\\/blog\\\/#\\\/schema\\\/person\\\/960f1c7c0f38d050499287d3a7924469\",\"name\":\"jaropoky\",\"image\":{\"@type\":\"ImageObject\",\"inLanguage\":\"sk-SK\",\"@id\":\"https:\\\/\\\/www.antikvar.sk\\\/blog\\\/wp-content\\\/uploads\\\/2021\\\/04\\\/cropped-cropped-KoreszkaWEB-2.jpg\",\"url\":\"https:\\\/\\\/www.antikvar.sk\\\/blog\\\/wp-content\\\/uploads\\\/2021\\\/04\\\/cropped-cropped-KoreszkaWEB-2.jpg\",\"contentUrl\":\"https:\\\/\\\/www.antikvar.sk\\\/blog\\\/wp-content\\\/uploads\\\/2021\\\/04\\\/cropped-cropped-KoreszkaWEB-2.jpg\",\"width\":863,\"height\":597,\"caption\":\"jaropoky\"},\"logo\":{\"@id\":\"https:\\\/\\\/www.antikvar.sk\\\/blog\\\/wp-content\\\/uploads\\\/2021\\\/04\\\/cropped-cropped-KoreszkaWEB-2.jpg\"},\"description\":\"Zauj\u00edma sa o filozofiu, umenie, pr\u00edrodu a alternat\u00edvnu medic\u00ednu. Bol vedeck\u00fd pracovn\u00edk a \u0161t\u00e1tny zamestnanec, teraz je na d\u00f4chodku.\",\"sameAs\":[\"http:\\\/\\\/www.antikvar.sk\\\/blog\"],\"url\":\"https:\\\/\\\/www.antikvar.sk\\\/blog\\\/author\\\/jaro\\\/\"}]}<\/script>\n<!-- \/ Yoast SEO plugin. -->","yoast_head_json":{"title":"Iba marketing - pozn\u00e1mka - DOMOVINA","robots":{"index":"index","follow":"follow","max-snippet":"max-snippet:-1","max-image-preview":"max-image-preview:large","max-video-preview":"max-video-preview:-1"},"canonical":"https:\/\/www.antikvar.sk\/blog\/iba-marketing-poznamka\/","og_locale":"sk_SK","og_type":"article","og_title":"Iba marketing - pozn\u00e1mka - DOMOVINA","og_description":"Robert Fico sa vyjadril k v\u010deraj\u0161ej h\u00e1dke Zelenskyj \u2013 Trump Premi\u00e9r SR Robert Fico sa dnes na soci\u00e1lnej sieti vyjadril k v\u010deraj\u0161ej h\u00e1dke ku ktorej do\u0161lo v Ov\u00e1lnej pracovni medzi Zelensk\u00fdm a Trumpom priamo pred kamerami po\u010das priameho prenosu z jednan\u00ed. Premi\u00e9rove vyjadrenie v\u00e1m prin\u00e1\u0161ame v plnom znen\u00ed&#8230; Z diskusie v Hlavn\u00fdch spr\u00e1vach: Jaro pred [&hellip;]","og_url":"https:\/\/www.antikvar.sk\/blog\/iba-marketing-poznamka\/","og_site_name":"DOMOVINA","article_published_time":"2025-03-01T14:02:42+00:00","article_modified_time":"2025-03-01T14:10:14+00:00","og_image":[{"url":"https:\/\/www.hlavnespravy.sk\/img.php?aid=3846086","type":"","width":"","height":""}],"author":"jaropoky","twitter_card":"summary_large_image","twitter_misc":{"Autor":"jaropoky","Predpokladan\u00fd \u010das \u010d\u00edtania":"1 min\u00fata"},"schema":{"@context":"https:\/\/schema.org","@graph":[{"@type":"Article","@id":"https:\/\/www.antikvar.sk\/blog\/iba-marketing-poznamka\/#article","isPartOf":{"@id":"https:\/\/www.antikvar.sk\/blog\/iba-marketing-poznamka\/"},"author":{"name":"jaropoky","@id":"https:\/\/www.antikvar.sk\/blog\/#\/schema\/person\/960f1c7c0f38d050499287d3a7924469"},"headline":"Iba marketing &#8211; pozn\u00e1mka","datePublished":"2025-03-01T14:02:42+00:00","dateModified":"2025-03-01T14:10:14+00:00","mainEntityOfPage":{"@id":"https:\/\/www.antikvar.sk\/blog\/iba-marketing-poznamka\/"},"wordCount":109,"commentCount":0,"publisher":{"@id":"https:\/\/www.antikvar.sk\/blog\/#\/schema\/person\/960f1c7c0f38d050499287d3a7924469"},"image":{"@id":"https:\/\/www.antikvar.sk\/blog\/iba-marketing-poznamka\/#primaryimage"},"thumbnailUrl":"https:\/\/www.hlavnespravy.sk\/img.php?aid=3846086","articleSection":["Aktu\u00e1lne postrehy a \u00favahy"],"inLanguage":"sk-SK","potentialAction":[{"@type":"CommentAction","name":"Comment","target":["https:\/\/www.antikvar.sk\/blog\/iba-marketing-poznamka\/#respond"]}]},{"@type":"WebPage","@id":"https:\/\/www.antikvar.sk\/blog\/iba-marketing-poznamka\/","url":"https:\/\/www.antikvar.sk\/blog\/iba-marketing-poznamka\/","name":"Iba marketing - pozn\u00e1mka - DOMOVINA","isPartOf":{"@id":"https:\/\/www.antikvar.sk\/blog\/#website"},"primaryImageOfPage":{"@id":"https:\/\/www.antikvar.sk\/blog\/iba-marketing-poznamka\/#primaryimage"},"image":{"@id":"https:\/\/www.antikvar.sk\/blog\/iba-marketing-poznamka\/#primaryimage"},"thumbnailUrl":"https:\/\/www.hlavnespravy.sk\/img.php?aid=3846086","datePublished":"2025-03-01T14:02:42+00:00","dateModified":"2025-03-01T14:10:14+00:00","breadcrumb":{"@id":"https:\/\/www.antikvar.sk\/blog\/iba-marketing-poznamka\/#breadcrumb"},"inLanguage":"sk-SK","potentialAction":[{"@type":"ReadAction","target":["https:\/\/www.antikvar.sk\/blog\/iba-marketing-poznamka\/"]}]},{"@type":"ImageObject","inLanguage":"sk-SK","@id":"https:\/\/www.antikvar.sk\/blog\/iba-marketing-poznamka\/#primaryimage","url":"https:\/\/www.hlavnespravy.sk\/img.php?aid=3846086","contentUrl":"https:\/\/www.hlavnespravy.sk\/img.php?aid=3846086"},{"@type":"BreadcrumbList","@id":"https:\/\/www.antikvar.sk\/blog\/iba-marketing-poznamka\/#breadcrumb","itemListElement":[{"@type":"ListItem","position":1,"name":"Domovsk\u00e1 str\u00e1nka","item":"https:\/\/www.antikvar.sk\/blog\/"},{"@type":"ListItem","position":2,"name":"Iba marketing &#8211; pozn\u00e1mka"}]},{"@type":"WebSite","@id":"https:\/\/www.antikvar.sk\/blog\/#website","url":"https:\/\/www.antikvar.sk\/blog\/","name":"DOMOVINA","description":"Nezabudnite na svoje rodisko, bez neho je len do pekla schodisko","publisher":{"@id":"https:\/\/www.antikvar.sk\/blog\/#\/schema\/person\/960f1c7c0f38d050499287d3a7924469"},"potentialAction":[{"@type":"SearchAction","target":{"@type":"EntryPoint","urlTemplate":"https:\/\/www.antikvar.sk\/blog\/?s={search_term_string}"},"query-input":{"@type":"PropertyValueSpecification","valueRequired":true,"valueName":"search_term_string"}}],"inLanguage":"sk-SK"},{"@type":["Person","Organization"],"@id":"https:\/\/www.antikvar.sk\/blog\/#\/schema\/person\/960f1c7c0f38d050499287d3a7924469","name":"jaropoky","image":{"@type":"ImageObject","inLanguage":"sk-SK","@id":"https:\/\/www.antikvar.sk\/blog\/wp-content\/uploads\/2021\/04\/cropped-cropped-KoreszkaWEB-2.jpg","url":"https:\/\/www.antikvar.sk\/blog\/wp-content\/uploads\/2021\/04\/cropped-cropped-KoreszkaWEB-2.jpg","contentUrl":"https:\/\/www.antikvar.sk\/blog\/wp-content\/uploads\/2021\/04\/cropped-cropped-KoreszkaWEB-2.jpg","width":863,"height":597,"caption":"jaropoky"},"logo":{"@id":"https:\/\/www.antikvar.sk\/blog\/wp-content\/uploads\/2021\/04\/cropped-cropped-KoreszkaWEB-2.jpg"},"description":"Zauj\u00edma sa o filozofiu, umenie, pr\u00edrodu a alternat\u00edvnu medic\u00ednu. Bol vedeck\u00fd pracovn\u00edk a \u0161t\u00e1tny zamestnanec, teraz je na d\u00f4chodku.","sameAs":["http:\/\/www.antikvar.sk\/blog"],"url":"https:\/\/www.antikvar.sk\/blog\/author\/jaro\/"}]}},"uagb_featured_image_src":{"full":false,"thumbnail":false,"medium":false,"medium_large":false,"large":false,"1536x1536":false,"2048x2048":false,"crp_thumbnail":false},"uagb_author_info":{"display_name":"jaropoky","author_link":"https:\/\/www.antikvar.sk\/blog\/author\/jaro\/"},"uagb_comment_info":0,"uagb_excerpt":"Robert Fico sa vyjadril k v\u010deraj\u0161ej h\u00e1dke Zelenskyj \u2013 Trump Premi\u00e9r SR Robert Fico sa dnes na soci\u00e1lnej sieti vyjadril k v\u010deraj\u0161ej h\u00e1dke ku ktorej do\u0161lo v Ov\u00e1lnej pracovni medzi Zelensk\u00fdm a Trumpom priamo pred kamerami po\u010das priameho prenosu z jednan\u00ed. Premi\u00e9rove vyjadrenie v\u00e1m prin\u00e1\u0161ame v plnom znen\u00ed&#8230; Z diskusie v Hlavn\u00fdch spr\u00e1vach: Jaro pred&hellip;","_links":{"self":[{"href":"https:\/\/www.antikvar.sk\/blog\/wp-json\/wp\/v2\/posts\/13050","targetHints":{"allow":["GET"]}}],"collection":[{"href":"https:\/\/www.antikvar.sk\/blog\/wp-json\/wp\/v2\/posts"}],"about":[{"href":"https:\/\/www.antikvar.sk\/blog\/wp-json\/wp\/v2\/types\/post"}],"author":[{"embeddable":true,"href":"https:\/\/www.antikvar.sk\/blog\/wp-json\/wp\/v2\/users\/1"}],"replies":[{"embeddable":true,"href":"https:\/\/www.antikvar.sk\/blog\/wp-json\/wp\/v2\/comments?post=13050"}],"version-history":[{"count":6,"href":"https:\/\/www.antikvar.sk\/blog\/wp-json\/wp\/v2\/posts\/13050\/revisions"}],"predecessor-version":[{"id":13056,"href":"https:\/\/www.antikvar.sk\/blog\/wp-json\/wp\/v2\/posts\/13050\/revisions\/13056"}],"wp:attachment":[{"href":"https:\/\/www.antikvar.sk\/blog\/wp-json\/wp\/v2\/media?parent=13050"}],"wp:term":[{"taxonomy":"category","embeddable":true,"href":"https:\/\/www.antikvar.sk\/blog\/wp-json\/wp\/v2\/categories?post=13050"},{"taxonomy":"post_tag","embeddable":true,"href":"https:\/\/www.antikvar.sk\/blog\/wp-json\/wp\/v2\/tags?post=13050"}],"curies":[{"name":"wp","href":"https:\/\/api.w.org\/{rel}","templated":true}]}}