{"id":13040,"date":"2025-03-01T09:34:31","date_gmt":"2025-03-01T08:34:31","guid":{"rendered":"https:\/\/www.antikvar.sk\/blog\/?p=13040"},"modified":"2025-03-23T21:36:53","modified_gmt":"2025-03-23T20:36:53","slug":"pasca-na-zelenskeho-poznanka","status":"publish","type":"post","link":"https:\/\/www.antikvar.sk\/blog\/pasca-na-zelenskeho-poznanka\/","title":{"rendered":"Pasca na Zelensk\u00e9ho &#8211; pozn\u00e1nka"},"content":{"rendered":"<p style=\"text-align: justify;\"><span style=\"font-size: 14pt;\">Svojho \u010dasu na prv\u00e9 rokovanie o mieri s Rusmi, pri\u0161la ukrajinsk\u00e1 deleg\u00e1cia&nbsp; v tri\u010dk\u00e1ch a \u0161iltovkami na hlave, Rusi mali \u010dierne obleky. V tedy som svojmu star\u00e9mu priate\u013eovi Zby\u0161kovi nap\u00edsal, \u017ee to je drzos\u0165 a provok\u00e1cia. Odpovedal mi, \u017ee Ukrajinci s\u00fa tak\u00ed neform\u00e1lni.&nbsp; Preto\u017ee Zby\u0161ek s\u00e1m bol neform\u00e1lny, chodil po SAV v zime aj v lete v kr\u00e1tkych nohaviciach, \u010do sa star\u0161\u00edm kolegom nep\u00e1\u010dilo, jeho reakciu som napriek tomu, \u017ee m\u00e1m v oblasti protokolu profesion\u00e1lne sk\u00fasenosti, nekomentoval.&nbsp; Po \u010dase som niekde narazil na vysvetlenie ved\u00faceho, alebo \u010dlena&nbsp; ukrajinskej deleg\u00e1cie, mysl\u00edm, \u017ee to bol minister vn\u00fatra, ktor\u00fd sa vyjadril tak, \u017ee ke\u010f u\u017e si nemohol zobra\u0165 baseballov\u00fa p\u00e1lku, tak si zobral aspo\u0148 \u0161iltovku. V ukrajinskej deleg\u00e1cii bol jeden \u010dlen v obleku, toho po kr\u00e1tkej dobe obvinili z kolabor\u00e1cie s Ruskom a zavra\u017edili<sup class=\"modern-footnotes-footnote \" data-mfn=\"1\" data-mfn-post-scope=\"000000001c93e44b000000004e423301_13040\"><a href=\"javascript:void(0)\"  title=\"Denis Kirejev bol po prv\u00fdch mierov\u00fdch vyjedn\u00e1vaniach 28. 2. 2022 v Bielorusku zavra\u017eden\u00fd ukrajinskou tajnou slu\u017ebou\"  role=\"button\" aria-pressed=\"false\" aria-describedby=\"mfn-content-000000001c93e44b000000004e423301_13040-1\">1<\/a><\/sup><span id=\"mfn-content-000000001c93e44b000000004e423301_13040-1\" role=\"tooltip\" class=\"modern-footnotes-footnote__note\" tabindex=\"0\" data-mfn=\"1\">Denis Kirejev bol po prv\u00fdch mierov\u00fdch vyjedn\u00e1vaniach 28. 2. 2022 v Bielorusku zavra\u017eden\u00fd ukrajinskou tajnou slu\u017ebou<\/span>.<\/span><\/p>\n<p style=\"text-align: justify;\"><span style=\"font-size: 14pt;\"><a href=\"https:\/\/spravy.pravda.sk\/svet\/clanok\/742829-trumpa-podrazdila-zelenskeho-mikina-v-obleku-do-bieleho-domu-neprisiel-cez-vojnu-ani-churchill\/?utm_source=pravda&amp;utm_medium=hp-box&amp;utm_campaign=shp_3clanok_box\" target=\"_blank\" rel=\"noopener\"><span style=\"text-decoration: underline;\"><strong>V\u010dera prezident Trump urobil to, \u010do mal urobi\u0165 ka\u017ed\u00fd ne\u00faplatn\u00fd a nevydierate\u013en\u00fd eur\u00f3psky politik a nemali by sme rozbit\u00fa Ukrajinu a stotis\u00edce m\u0155tvych.<\/strong><\/span>&nbsp;<\/a>&nbsp; Nebudem tu opisova\u0165, \u010do v\u0161etko som si predstavoval, by\u0165 na mieste t\u00fdchto zapredancov, a \u010do by som s t\u00fdm <a href=\"https:\/\/www.antikvar.sk\/blog\/drzi-arogantny-spratek\/\" target=\"_blank\" rel=\"noopener\">drz\u00fdm spratkom<\/a> urobil. Padla kosa na kame\u0148 a v\u010dera to <a href=\"https:\/\/www.antikvar.sk\/blog\/lstiva-zuzana-fejton\/\" target=\"_blank\" rel=\"noopener\">Alz\u00e1k<\/a>, ako sa u n\u00e1s prez\u00fdva, dostal tot\u00e1lne vy\u017era\u0165. Nebola to ur\u010dite n\u00e1hoda, ale pripraven\u00e1 &#8222;lovu\u0161ka&#8220; do ktorej dobrovo\u013ene vliezol.&nbsp; \u010co by malo nasledova\u0165, aby som bol \u00faplne spokojn\u00fd?&nbsp; Pou\u017eijem hyperbolu. V\u0161etci t\u00ed, \u010do sp\u00f4sobili zab\u00edjanie na&nbsp; Ukrajine by mali visie\u0165 na kandel\u00e1broch ulice pomenovanej po banderovecoch v Kyjeve, a t\u00ed \u010do na tom zarobili, \u010do i len dol\u00e1r alebo euro, by mali plati\u0165 repar\u00e1cie.<\/span><\/p>\n<p><strong><span style=\"font-size: 14pt;\">Dodatok 18. marca 2025<\/span><\/strong><\/p>\n<p>Pod\u013ea Pravdy Trump priznal, \u017ee h\u00e1dka s Z. bola planovan\u00e1<\/p>\n<p><a href=\"https:\/\/spravy.pravda.sk\/svet\/clanok\/744867-trump-priznal-ze-hadka-so-zelenskym-bola-planovana-vysvetlil-preco-vyvolal-konflikt-s-ukrajinskym-lidrom\/?utm_source=pravda&amp;utm_medium=hp-box&amp;utm_campaign=shp_3clanok_box\" target=\"_blank\" rel=\"noopener\">https:\/\/spravy.pravda.sk\/svet\/clanok\/744867-trump-priznal-ze-hadka-so-zelenskym-bola-planovana-vysvetlil-preco-vyvolal-konflikt-s-ukrajinskym-lidrom\/?utm_source=pravda&amp;utm_medium=hp-box&amp;utm_campaign=shp_3clanok_box<\/a><\/p>\n<p>&nbsp;<\/p>\n<p style=\"text-align: justify;\">&nbsp;<\/p>\n<p style=\"text-align: justify;\">&nbsp;<\/p>\n<h5 class=\"modern-footnotes-list-heading \">POZN\u00c1MKY<\/h5><ul class=\"modern-footnotes-list \"><li><span>1<\/span><div>Denis Kirejev bol po prv\u00fdch mierov\u00fdch vyjedn\u00e1vaniach 28. 2. 2022 v Bielorusku zavra\u017eden\u00fd ukrajinskou tajnou slu\u017ebou<\/div><\/li><\/ul>","protected":false},"excerpt":{"rendered":"<p>Svojho \u010dasu na prv\u00e9 rokovanie o mieri s Rusmi, pri\u0161la ukrajinsk\u00e1 deleg\u00e1cia&nbsp; v tri\u010dk\u00e1ch a \u0161iltovkami na hlave, Rusi mali \u010dierne obleky. V tedy som svojmu star\u00e9mu priate\u013eovi Zby\u0161kovi nap\u00edsal, \u017ee to je drzos\u0165 a provok\u00e1cia. Odpovedal mi, \u017ee Ukrajinci s\u00fa tak\u00ed neform\u00e1lni.&nbsp; Preto\u017ee Zby\u0161ek s\u00e1m bol neform\u00e1lny, chodil po SAV v zime aj v [&hellip;]<\/p>\n","protected":false},"author":1,"featured_media":13046,"comment_status":"open","ping_status":"open","sticky":false,"template":"","format":"standard","meta":{"_uag_custom_page_level_css":"","site-sidebar-layout":"default","site-content-layout":"","ast-site-content-layout":"default","site-content-style":"default","site-sidebar-style":"default","ast-global-header-display":"","ast-banner-title-visibility":"","ast-main-header-display":"","ast-hfb-above-header-display":"","ast-hfb-below-header-display":"","ast-hfb-mobile-header-display":"","site-post-title":"","ast-breadcrumbs-content":"","ast-featured-img":"","footer-sml-layout":"","ast-disable-related-posts":"","theme-transparent-header-meta":"default","adv-header-id-meta":"","stick-header-meta":"","header-above-stick-meta":"","header-main-stick-meta":"","header-below-stick-meta":"","astra-migrate-meta-layouts":"set","ast-page-background-enabled":"default","ast-page-background-meta":{"desktop":{"background-color":"","background-image":"","background-repeat":"repeat","background-position":"center center","background-size":"auto","background-attachment":"scroll","background-type":"","background-media":"","overlay-type":"","overlay-color":"","overlay-opacity":"","overlay-gradient":""},"tablet":{"background-color":"","background-image":"","background-repeat":"repeat","background-position":"center center","background-size":"auto","background-attachment":"scroll","background-type":"","background-media":"","overlay-type":"","overlay-color":"","overlay-opacity":"","overlay-gradient":""},"mobile":{"background-color":"","background-image":"","background-repeat":"repeat","background-position":"center center","background-size":"auto","background-attachment":"scroll","background-type":"","background-media":"","overlay-type":"","overlay-color":"","overlay-opacity":"","overlay-gradient":""}},"ast-content-background-meta":{"desktop":{"background-color":"var(--ast-global-color-5)","background-image":"","background-repeat":"repeat","background-position":"center center","background-size":"auto","background-attachment":"scroll","background-type":"","background-media":"","overlay-type":"","overlay-color":"","overlay-opacity":"","overlay-gradient":""},"tablet":{"background-color":"var(--ast-global-color-5)","background-image":"","background-repeat":"repeat","background-position":"center center","background-size":"auto","background-attachment":"scroll","background-type":"","background-media":"","overlay-type":"","overlay-color":"","overlay-opacity":"","overlay-gradient":""},"mobile":{"background-color":"var(--ast-global-color-5)","background-image":"","background-repeat":"repeat","background-position":"center center","background-size":"auto","background-attachment":"scroll","background-type":"","background-media":"","overlay-type":"","overlay-color":"","overlay-opacity":"","overlay-gradient":""}},"ngg_post_thumbnail":0,"footnotes":""},"categories":[1],"tags":[523,502],"class_list":["post-13040","post","type-post","status-publish","format-standard","has-post-thumbnail","hentry","category-postrehy-uvahy-aktualne","tag-drzy-spratek","tag-zelensky"],"yoast_head":"<!-- This site is optimized with the Yoast SEO plugin v27.5 - https:\/\/yoast.com\/product\/yoast-seo-wordpress\/ -->\n<title>Pasca na Zelensk\u00e9ho - pozn\u00e1nka - DOMOVINA<\/title>\n<meta name=\"robots\" content=\"index, follow, max-snippet:-1, max-image-preview:large, max-video-preview:-1\" \/>\n<link rel=\"canonical\" href=\"https:\/\/www.antikvar.sk\/blog\/pasca-na-zelenskeho-poznanka\/\" \/>\n<meta property=\"og:locale\" content=\"sk_SK\" \/>\n<meta property=\"og:type\" content=\"article\" \/>\n<meta property=\"og:title\" content=\"Pasca na Zelensk\u00e9ho - pozn\u00e1nka - DOMOVINA\" \/>\n<meta property=\"og:description\" content=\"Svojho \u010dasu na prv\u00e9 rokovanie o mieri s Rusmi, pri\u0161la ukrajinsk\u00e1 deleg\u00e1cia&nbsp; v tri\u010dk\u00e1ch a \u0161iltovkami na hlave, Rusi mali \u010dierne obleky. V tedy som svojmu star\u00e9mu priate\u013eovi Zby\u0161kovi nap\u00edsal, \u017ee to je drzos\u0165 a provok\u00e1cia. Odpovedal mi, \u017ee Ukrajinci s\u00fa tak\u00ed neform\u00e1lni.&nbsp; Preto\u017ee Zby\u0161ek s\u00e1m bol neform\u00e1lny, chodil po SAV v zime aj v [&hellip;]\" \/>\n<meta property=\"og:url\" content=\"https:\/\/www.antikvar.sk\/blog\/pasca-na-zelenskeho-poznanka\/\" \/>\n<meta property=\"og:site_name\" content=\"DOMOVINA\" \/>\n<meta property=\"article:published_time\" content=\"2025-03-01T08:34:31+00:00\" \/>\n<meta property=\"article:modified_time\" content=\"2025-03-23T20:36:53+00:00\" \/>\n<meta property=\"og:image\" content=\"https:\/\/www.antikvar.sk\/blog\/wp-content\/uploads\/2025\/03\/963-1024x768-1.jpg\" \/>\n\t<meta property=\"og:image:width\" content=\"1024\" \/>\n\t<meta property=\"og:image:height\" content=\"768\" \/>\n\t<meta property=\"og:image:type\" content=\"image\/jpeg\" \/>\n<meta name=\"author\" content=\"jaropoky\" \/>\n<meta name=\"twitter:card\" content=\"summary_large_image\" \/>\n<meta name=\"twitter:label1\" content=\"Autor\" \/>\n\t<meta name=\"twitter:data1\" content=\"jaropoky\" \/>\n\t<meta name=\"twitter:label2\" content=\"Predpokladan\u00fd \u010das \u010d\u00edtania\" \/>\n\t<meta name=\"twitter:data2\" content=\"2 min\u00faty\" \/>\n<script type=\"application\/ld+json\" class=\"yoast-schema-graph\">{\"@context\":\"https:\\\/\\\/schema.org\",\"@graph\":[{\"@type\":\"Article\",\"@id\":\"https:\\\/\\\/www.antikvar.sk\\\/blog\\\/pasca-na-zelenskeho-poznanka\\\/#article\",\"isPartOf\":{\"@id\":\"https:\\\/\\\/www.antikvar.sk\\\/blog\\\/pasca-na-zelenskeho-poznanka\\\/\"},\"author\":{\"name\":\"jaropoky\",\"@id\":\"https:\\\/\\\/www.antikvar.sk\\\/blog\\\/#\\\/schema\\\/person\\\/960f1c7c0f38d050499287d3a7924469\"},\"headline\":\"Pasca na Zelensk\u00e9ho &#8211; pozn\u00e1nka\",\"datePublished\":\"2025-03-01T08:34:31+00:00\",\"dateModified\":\"2025-03-23T20:36:53+00:00\",\"mainEntityOfPage\":{\"@id\":\"https:\\\/\\\/www.antikvar.sk\\\/blog\\\/pasca-na-zelenskeho-poznanka\\\/\"},\"wordCount\":378,\"commentCount\":0,\"publisher\":{\"@id\":\"https:\\\/\\\/www.antikvar.sk\\\/blog\\\/#\\\/schema\\\/person\\\/960f1c7c0f38d050499287d3a7924469\"},\"image\":{\"@id\":\"https:\\\/\\\/www.antikvar.sk\\\/blog\\\/pasca-na-zelenskeho-poznanka\\\/#primaryimage\"},\"thumbnailUrl\":\"https:\\\/\\\/www.antikvar.sk\\\/blog\\\/wp-content\\\/uploads\\\/2025\\\/03\\\/963-1024x768-1.jpg\",\"keywords\":[\"drz\u00fd spratek\",\"zelensk\u00fd\"],\"articleSection\":[\"Aktu\u00e1lne postrehy a \u00favahy\"],\"inLanguage\":\"sk-SK\",\"potentialAction\":[{\"@type\":\"CommentAction\",\"name\":\"Comment\",\"target\":[\"https:\\\/\\\/www.antikvar.sk\\\/blog\\\/pasca-na-zelenskeho-poznanka\\\/#respond\"]}]},{\"@type\":\"WebPage\",\"@id\":\"https:\\\/\\\/www.antikvar.sk\\\/blog\\\/pasca-na-zelenskeho-poznanka\\\/\",\"url\":\"https:\\\/\\\/www.antikvar.sk\\\/blog\\\/pasca-na-zelenskeho-poznanka\\\/\",\"name\":\"Pasca na Zelensk\u00e9ho - pozn\u00e1nka - DOMOVINA\",\"isPartOf\":{\"@id\":\"https:\\\/\\\/www.antikvar.sk\\\/blog\\\/#website\"},\"primaryImageOfPage\":{\"@id\":\"https:\\\/\\\/www.antikvar.sk\\\/blog\\\/pasca-na-zelenskeho-poznanka\\\/#primaryimage\"},\"image\":{\"@id\":\"https:\\\/\\\/www.antikvar.sk\\\/blog\\\/pasca-na-zelenskeho-poznanka\\\/#primaryimage\"},\"thumbnailUrl\":\"https:\\\/\\\/www.antikvar.sk\\\/blog\\\/wp-content\\\/uploads\\\/2025\\\/03\\\/963-1024x768-1.jpg\",\"datePublished\":\"2025-03-01T08:34:31+00:00\",\"dateModified\":\"2025-03-23T20:36:53+00:00\",\"breadcrumb\":{\"@id\":\"https:\\\/\\\/www.antikvar.sk\\\/blog\\\/pasca-na-zelenskeho-poznanka\\\/#breadcrumb\"},\"inLanguage\":\"sk-SK\",\"potentialAction\":[{\"@type\":\"ReadAction\",\"target\":[\"https:\\\/\\\/www.antikvar.sk\\\/blog\\\/pasca-na-zelenskeho-poznanka\\\/\"]}]},{\"@type\":\"ImageObject\",\"inLanguage\":\"sk-SK\",\"@id\":\"https:\\\/\\\/www.antikvar.sk\\\/blog\\\/pasca-na-zelenskeho-poznanka\\\/#primaryimage\",\"url\":\"https:\\\/\\\/www.antikvar.sk\\\/blog\\\/wp-content\\\/uploads\\\/2025\\\/03\\\/963-1024x768-1.jpg\",\"contentUrl\":\"https:\\\/\\\/www.antikvar.sk\\\/blog\\\/wp-content\\\/uploads\\\/2025\\\/03\\\/963-1024x768-1.jpg\",\"width\":1024,\"height\":768},{\"@type\":\"BreadcrumbList\",\"@id\":\"https:\\\/\\\/www.antikvar.sk\\\/blog\\\/pasca-na-zelenskeho-poznanka\\\/#breadcrumb\",\"itemListElement\":[{\"@type\":\"ListItem\",\"position\":1,\"name\":\"Domovsk\u00e1 str\u00e1nka\",\"item\":\"https:\\\/\\\/www.antikvar.sk\\\/blog\\\/\"},{\"@type\":\"ListItem\",\"position\":2,\"name\":\"Pasca na Zelensk\u00e9ho &#8211; pozn\u00e1nka\"}]},{\"@type\":\"WebSite\",\"@id\":\"https:\\\/\\\/www.antikvar.sk\\\/blog\\\/#website\",\"url\":\"https:\\\/\\\/www.antikvar.sk\\\/blog\\\/\",\"name\":\"DOMOVINA\",\"description\":\"Nezabudnite na svoje rodisko, bez neho je len do pekla schodisko\",\"publisher\":{\"@id\":\"https:\\\/\\\/www.antikvar.sk\\\/blog\\\/#\\\/schema\\\/person\\\/960f1c7c0f38d050499287d3a7924469\"},\"potentialAction\":[{\"@type\":\"SearchAction\",\"target\":{\"@type\":\"EntryPoint\",\"urlTemplate\":\"https:\\\/\\\/www.antikvar.sk\\\/blog\\\/?s={search_term_string}\"},\"query-input\":{\"@type\":\"PropertyValueSpecification\",\"valueRequired\":true,\"valueName\":\"search_term_string\"}}],\"inLanguage\":\"sk-SK\"},{\"@type\":[\"Person\",\"Organization\"],\"@id\":\"https:\\\/\\\/www.antikvar.sk\\\/blog\\\/#\\\/schema\\\/person\\\/960f1c7c0f38d050499287d3a7924469\",\"name\":\"jaropoky\",\"image\":{\"@type\":\"ImageObject\",\"inLanguage\":\"sk-SK\",\"@id\":\"https:\\\/\\\/www.antikvar.sk\\\/blog\\\/wp-content\\\/uploads\\\/2021\\\/04\\\/cropped-cropped-KoreszkaWEB-2.jpg\",\"url\":\"https:\\\/\\\/www.antikvar.sk\\\/blog\\\/wp-content\\\/uploads\\\/2021\\\/04\\\/cropped-cropped-KoreszkaWEB-2.jpg\",\"contentUrl\":\"https:\\\/\\\/www.antikvar.sk\\\/blog\\\/wp-content\\\/uploads\\\/2021\\\/04\\\/cropped-cropped-KoreszkaWEB-2.jpg\",\"width\":863,\"height\":597,\"caption\":\"jaropoky\"},\"logo\":{\"@id\":\"https:\\\/\\\/www.antikvar.sk\\\/blog\\\/wp-content\\\/uploads\\\/2021\\\/04\\\/cropped-cropped-KoreszkaWEB-2.jpg\"},\"description\":\"Zauj\u00edma sa o filozofiu, umenie, pr\u00edrodu a alternat\u00edvnu medic\u00ednu. Bol vedeck\u00fd pracovn\u00edk a \u0161t\u00e1tny zamestnanec, teraz je na d\u00f4chodku.\",\"sameAs\":[\"http:\\\/\\\/www.antikvar.sk\\\/blog\"],\"url\":\"https:\\\/\\\/www.antikvar.sk\\\/blog\\\/author\\\/jaro\\\/\"}]}<\/script>\n<!-- \/ Yoast SEO plugin. -->","yoast_head_json":{"title":"Pasca na Zelensk\u00e9ho - pozn\u00e1nka - DOMOVINA","robots":{"index":"index","follow":"follow","max-snippet":"max-snippet:-1","max-image-preview":"max-image-preview:large","max-video-preview":"max-video-preview:-1"},"canonical":"https:\/\/www.antikvar.sk\/blog\/pasca-na-zelenskeho-poznanka\/","og_locale":"sk_SK","og_type":"article","og_title":"Pasca na Zelensk\u00e9ho - pozn\u00e1nka - DOMOVINA","og_description":"Svojho \u010dasu na prv\u00e9 rokovanie o mieri s Rusmi, pri\u0161la ukrajinsk\u00e1 deleg\u00e1cia&nbsp; v tri\u010dk\u00e1ch a \u0161iltovkami na hlave, Rusi mali \u010dierne obleky. V tedy som svojmu star\u00e9mu priate\u013eovi Zby\u0161kovi nap\u00edsal, \u017ee to je drzos\u0165 a provok\u00e1cia. Odpovedal mi, \u017ee Ukrajinci s\u00fa tak\u00ed neform\u00e1lni.&nbsp; Preto\u017ee Zby\u0161ek s\u00e1m bol neform\u00e1lny, chodil po SAV v zime aj v [&hellip;]","og_url":"https:\/\/www.antikvar.sk\/blog\/pasca-na-zelenskeho-poznanka\/","og_site_name":"DOMOVINA","article_published_time":"2025-03-01T08:34:31+00:00","article_modified_time":"2025-03-23T20:36:53+00:00","og_image":[{"width":1024,"height":768,"url":"https:\/\/www.antikvar.sk\/blog\/wp-content\/uploads\/2025\/03\/963-1024x768-1.jpg","type":"image\/jpeg"}],"author":"jaropoky","twitter_card":"summary_large_image","twitter_misc":{"Autor":"jaropoky","Predpokladan\u00fd \u010das \u010d\u00edtania":"2 min\u00faty"},"schema":{"@context":"https:\/\/schema.org","@graph":[{"@type":"Article","@id":"https:\/\/www.antikvar.sk\/blog\/pasca-na-zelenskeho-poznanka\/#article","isPartOf":{"@id":"https:\/\/www.antikvar.sk\/blog\/pasca-na-zelenskeho-poznanka\/"},"author":{"name":"jaropoky","@id":"https:\/\/www.antikvar.sk\/blog\/#\/schema\/person\/960f1c7c0f38d050499287d3a7924469"},"headline":"Pasca na Zelensk\u00e9ho &#8211; pozn\u00e1nka","datePublished":"2025-03-01T08:34:31+00:00","dateModified":"2025-03-23T20:36:53+00:00","mainEntityOfPage":{"@id":"https:\/\/www.antikvar.sk\/blog\/pasca-na-zelenskeho-poznanka\/"},"wordCount":378,"commentCount":0,"publisher":{"@id":"https:\/\/www.antikvar.sk\/blog\/#\/schema\/person\/960f1c7c0f38d050499287d3a7924469"},"image":{"@id":"https:\/\/www.antikvar.sk\/blog\/pasca-na-zelenskeho-poznanka\/#primaryimage"},"thumbnailUrl":"https:\/\/www.antikvar.sk\/blog\/wp-content\/uploads\/2025\/03\/963-1024x768-1.jpg","keywords":["drz\u00fd spratek","zelensk\u00fd"],"articleSection":["Aktu\u00e1lne postrehy a \u00favahy"],"inLanguage":"sk-SK","potentialAction":[{"@type":"CommentAction","name":"Comment","target":["https:\/\/www.antikvar.sk\/blog\/pasca-na-zelenskeho-poznanka\/#respond"]}]},{"@type":"WebPage","@id":"https:\/\/www.antikvar.sk\/blog\/pasca-na-zelenskeho-poznanka\/","url":"https:\/\/www.antikvar.sk\/blog\/pasca-na-zelenskeho-poznanka\/","name":"Pasca na Zelensk\u00e9ho - pozn\u00e1nka - DOMOVINA","isPartOf":{"@id":"https:\/\/www.antikvar.sk\/blog\/#website"},"primaryImageOfPage":{"@id":"https:\/\/www.antikvar.sk\/blog\/pasca-na-zelenskeho-poznanka\/#primaryimage"},"image":{"@id":"https:\/\/www.antikvar.sk\/blog\/pasca-na-zelenskeho-poznanka\/#primaryimage"},"thumbnailUrl":"https:\/\/www.antikvar.sk\/blog\/wp-content\/uploads\/2025\/03\/963-1024x768-1.jpg","datePublished":"2025-03-01T08:34:31+00:00","dateModified":"2025-03-23T20:36:53+00:00","breadcrumb":{"@id":"https:\/\/www.antikvar.sk\/blog\/pasca-na-zelenskeho-poznanka\/#breadcrumb"},"inLanguage":"sk-SK","potentialAction":[{"@type":"ReadAction","target":["https:\/\/www.antikvar.sk\/blog\/pasca-na-zelenskeho-poznanka\/"]}]},{"@type":"ImageObject","inLanguage":"sk-SK","@id":"https:\/\/www.antikvar.sk\/blog\/pasca-na-zelenskeho-poznanka\/#primaryimage","url":"https:\/\/www.antikvar.sk\/blog\/wp-content\/uploads\/2025\/03\/963-1024x768-1.jpg","contentUrl":"https:\/\/www.antikvar.sk\/blog\/wp-content\/uploads\/2025\/03\/963-1024x768-1.jpg","width":1024,"height":768},{"@type":"BreadcrumbList","@id":"https:\/\/www.antikvar.sk\/blog\/pasca-na-zelenskeho-poznanka\/#breadcrumb","itemListElement":[{"@type":"ListItem","position":1,"name":"Domovsk\u00e1 str\u00e1nka","item":"https:\/\/www.antikvar.sk\/blog\/"},{"@type":"ListItem","position":2,"name":"Pasca na Zelensk\u00e9ho &#8211; pozn\u00e1nka"}]},{"@type":"WebSite","@id":"https:\/\/www.antikvar.sk\/blog\/#website","url":"https:\/\/www.antikvar.sk\/blog\/","name":"DOMOVINA","description":"Nezabudnite na svoje rodisko, bez neho je len do pekla schodisko","publisher":{"@id":"https:\/\/www.antikvar.sk\/blog\/#\/schema\/person\/960f1c7c0f38d050499287d3a7924469"},"potentialAction":[{"@type":"SearchAction","target":{"@type":"EntryPoint","urlTemplate":"https:\/\/www.antikvar.sk\/blog\/?s={search_term_string}"},"query-input":{"@type":"PropertyValueSpecification","valueRequired":true,"valueName":"search_term_string"}}],"inLanguage":"sk-SK"},{"@type":["Person","Organization"],"@id":"https:\/\/www.antikvar.sk\/blog\/#\/schema\/person\/960f1c7c0f38d050499287d3a7924469","name":"jaropoky","image":{"@type":"ImageObject","inLanguage":"sk-SK","@id":"https:\/\/www.antikvar.sk\/blog\/wp-content\/uploads\/2021\/04\/cropped-cropped-KoreszkaWEB-2.jpg","url":"https:\/\/www.antikvar.sk\/blog\/wp-content\/uploads\/2021\/04\/cropped-cropped-KoreszkaWEB-2.jpg","contentUrl":"https:\/\/www.antikvar.sk\/blog\/wp-content\/uploads\/2021\/04\/cropped-cropped-KoreszkaWEB-2.jpg","width":863,"height":597,"caption":"jaropoky"},"logo":{"@id":"https:\/\/www.antikvar.sk\/blog\/wp-content\/uploads\/2021\/04\/cropped-cropped-KoreszkaWEB-2.jpg"},"description":"Zauj\u00edma sa o filozofiu, umenie, pr\u00edrodu a alternat\u00edvnu medic\u00ednu. Bol vedeck\u00fd pracovn\u00edk a \u0161t\u00e1tny zamestnanec, teraz je na d\u00f4chodku.","sameAs":["http:\/\/www.antikvar.sk\/blog"],"url":"https:\/\/www.antikvar.sk\/blog\/author\/jaro\/"}]}},"uagb_featured_image_src":{"full":["https:\/\/www.antikvar.sk\/blog\/wp-content\/uploads\/2025\/03\/963-1024x768-1.jpg",1024,768,false],"thumbnail":["https:\/\/www.antikvar.sk\/blog\/wp-content\/uploads\/2025\/03\/963-1024x768-1-150x150.jpg",150,150,true],"medium":["https:\/\/www.antikvar.sk\/blog\/wp-content\/uploads\/2025\/03\/963-1024x768-1-300x225.jpg",300,225,true],"medium_large":["https:\/\/www.antikvar.sk\/blog\/wp-content\/uploads\/2025\/03\/963-1024x768-1-768x576.jpg",768,576,true],"large":["https:\/\/www.antikvar.sk\/blog\/wp-content\/uploads\/2025\/03\/963-1024x768-1.jpg",1024,768,false],"1536x1536":["https:\/\/www.antikvar.sk\/blog\/wp-content\/uploads\/2025\/03\/963-1024x768-1.jpg",1024,768,false],"2048x2048":["https:\/\/www.antikvar.sk\/blog\/wp-content\/uploads\/2025\/03\/963-1024x768-1.jpg",1024,768,false],"crp_thumbnail":["https:\/\/www.antikvar.sk\/blog\/wp-content\/uploads\/2025\/03\/963-1024x768-1-150x150.jpg",150,150,true]},"uagb_author_info":{"display_name":"jaropoky","author_link":"https:\/\/www.antikvar.sk\/blog\/author\/jaro\/"},"uagb_comment_info":0,"uagb_excerpt":"Svojho \u010dasu na prv\u00e9 rokovanie o mieri s Rusmi, pri\u0161la ukrajinsk\u00e1 deleg\u00e1cia&nbsp; v tri\u010dk\u00e1ch a \u0161iltovkami na hlave, Rusi mali \u010dierne obleky. V tedy som svojmu star\u00e9mu priate\u013eovi Zby\u0161kovi nap\u00edsal, \u017ee to je drzos\u0165 a provok\u00e1cia. Odpovedal mi, \u017ee Ukrajinci s\u00fa tak\u00ed neform\u00e1lni.&nbsp; Preto\u017ee Zby\u0161ek s\u00e1m bol neform\u00e1lny, chodil po SAV v zime aj v&hellip;","_links":{"self":[{"href":"https:\/\/www.antikvar.sk\/blog\/wp-json\/wp\/v2\/posts\/13040","targetHints":{"allow":["GET"]}}],"collection":[{"href":"https:\/\/www.antikvar.sk\/blog\/wp-json\/wp\/v2\/posts"}],"about":[{"href":"https:\/\/www.antikvar.sk\/blog\/wp-json\/wp\/v2\/types\/post"}],"author":[{"embeddable":true,"href":"https:\/\/www.antikvar.sk\/blog\/wp-json\/wp\/v2\/users\/1"}],"replies":[{"embeddable":true,"href":"https:\/\/www.antikvar.sk\/blog\/wp-json\/wp\/v2\/comments?post=13040"}],"version-history":[{"count":11,"href":"https:\/\/www.antikvar.sk\/blog\/wp-json\/wp\/v2\/posts\/13040\/revisions"}],"predecessor-version":[{"id":13107,"href":"https:\/\/www.antikvar.sk\/blog\/wp-json\/wp\/v2\/posts\/13040\/revisions\/13107"}],"wp:featuredmedia":[{"embeddable":true,"href":"https:\/\/www.antikvar.sk\/blog\/wp-json\/wp\/v2\/media\/13046"}],"wp:attachment":[{"href":"https:\/\/www.antikvar.sk\/blog\/wp-json\/wp\/v2\/media?parent=13040"}],"wp:term":[{"taxonomy":"category","embeddable":true,"href":"https:\/\/www.antikvar.sk\/blog\/wp-json\/wp\/v2\/categories?post=13040"},{"taxonomy":"post_tag","embeddable":true,"href":"https:\/\/www.antikvar.sk\/blog\/wp-json\/wp\/v2\/tags?post=13040"}],"curies":[{"name":"wp","href":"https:\/\/api.w.org\/{rel}","templated":true}]}}