{"id":11488,"date":"2024-05-17T18:03:19","date_gmt":"2024-05-17T16:03:19","guid":{"rendered":"https:\/\/www.antikvar.sk\/blog\/?p=11488"},"modified":"2024-05-19T09:37:43","modified_gmt":"2024-05-19T07:37:43","slug":"minsk-iii-fejton","status":"publish","type":"post","link":"https:\/\/www.antikvar.sk\/blog\/minsk-iii-fejton\/","title":{"rendered":"Minsk III &#8211; fejt\u00f3n"},"content":{"rendered":"<p style=\"text-align: justify;\"><span style=\"font-size: 14pt;\">Ke\u010f&nbsp; som dobre po\u010dul, \u010do hovorili dnes o 17.00 v Slovenskom rozhlase, prezidentka a Pellegrini organizuj\u00fa v utorok stretnutie politick\u00fdch str\u00e1n, ktor\u00e9 by malo vy\u00fasti\u0165 do podp\u00edsania akejsi dohody &#8222;o vz\u00e1jomnom ne\u00fato\u010den\u00ed&#8220;.<\/span><\/p>\n<p style=\"text-align: justify;\"><span style=\"font-size: 14pt;\">Hl\u00e1sate\u013eka \u010falej informovala, \u017ee v dezinforma\u010dnom r\u00e1diu Infovojna sa Danko vyjadril v tom zmysle, \u017ee na tak\u00e9ho rokovanie nep\u00f4jde, jedine, ak mu to prik\u00e1\u017ee Fico<sup class=\"modern-footnotes-footnote \" data-mfn=\"1\" data-mfn-post-scope=\"000000003bba31be000000002c0786dc_11488\"><a href=\"javascript:void(0)\"  title=\"O tomto ma u\u017e sk\u00f4r informoval P. O.\"  role=\"button\" aria-pressed=\"false\" aria-describedby=\"mfn-content-000000003bba31be000000002c0786dc_11488-1\">1<\/a><\/sup><span id=\"mfn-content-000000003bba31be000000002c0786dc_11488-1\" role=\"tooltip\" class=\"modern-footnotes-footnote__note\" tabindex=\"0\" data-mfn=\"1\">O tomto ma u\u017e sk\u00f4r informoval P. O.<\/span>.<\/span><\/p>\n<p style=\"text-align: justify;\"><span style=\"font-size: 14pt;\">To, \u017ee sa r\u00e1dio, kde m\u00e1te istotu, \u017ee nepo\u010d\u00favate dezinform\u00e1cie s\u00fa \u0161portov\u00e9 spr\u00e1vy, potom nasleduj\u00fa spr\u00e1vy o po\u010das\u00ed, si dovol\u00ed tak\u00e9to nie\u010do tvrdi\u0165 o na\u0161om najpo\u010d\u00favanej\u0161om alternat\u00edvnom r\u00e1diu, je drzos\u0165. S\u00fa\u010dasne t\u00fdmto obvinen\u00edm Infovojny, len potvrdilo nutnos\u0165 reformy RTVS. Danko na rozdiel \u017digu, ktor\u00fd v rozhovore s Bielikom v de\u0148 atent\u00e1tu avizoval dlhodob\u00fa rekonvalescenciu parlamentu (tak som to pochopil, no na druh\u00fd de\u0148 u\u017e sa mu chcelo do roboty, asi ho niekto popohnal) sa nez\u013eakol a s RTVS urob\u00ed poriadok.<\/span><\/p>\n<p style=\"text-align: justify;\"><span style=\"font-size: 14pt;\">Ja na mieste Danka, na stretnutie by som i\u0161iel, ruku pod\u00e1m len tomu, kto mi je sympatick\u00fd, preto\u017ee inak ma obvinia, \u017ee \u0161\u00edrim nen\u00e1vis\u0165. Rozhodne by som ale \u017eiadny, aj ke\u010f \u00faplne ne\u0161kodn\u00fd dokument z kuchyne \u010caputovej nepodp\u00edsal a neradil by som to nikomu z koal\u00edcie. Som si ist\u00fd, \u017ee dohodu zneu\u017eije opoz\u00edcia na \u010fal\u0161ie \u00fatoky, bude obvi\u0148ova\u0165 koal\u00edciu z jej nedodr\u017eiavania a jej efekt bude podobn\u00fd efektu doh\u00f4d Minsk I a II. Je celkom mo\u017en\u00e9, \u017ee pri rozl\u00fa\u010dkovej n\u00e1v\u0161teve v Kyjeve dostala prezidentka pre v\u0161etky pr\u00edpady inovovan\u00fa k\u00f3piu, ktor\u00fa v utorok vytiahne.<\/span><\/p>\n<p style=\"text-align: justify;\"><strong><span style=\"font-size: 14pt;\">Ak\u00e1ko\u013evek dohoda s opoz\u00edciou, po tom \u010do tu sp\u00f4sobila, aj pod z\u00e1mienkou upokojenia v\u00e1\u0161n\u00ed v spolo\u010dnosti, je jej v\u00ed\u0165azstvo a opoz\u00edcia ju tak \u010di onak zneu\u017eije. Nezab\u00fadajme na slov\u00e1 z rozpr\u00e1vky: &#8222;V \u00fastach med a v srdci jed&#8220;.<\/span><\/strong><\/p>\n<p style=\"text-align: justify;\"><span style=\"font-size: 14pt;\"><strong>Dodatky<\/strong><\/span><\/p>\n<p><a href=\"https:\/\/www.antikvar.sk\/blog\/najlepsi-komentar-atentatu-na-premiera-poznamka\/\" target=\"_blank\" rel=\"noopener\">Taraba trafil klinec po hlavi\u010dke a trochu d\u00f4chodcu, ktor\u00fd nestrie\u013ea, ale rad\u0161ej nie\u010do nap\u00ed\u0161e, i ke\u010f \u0165a\u017ekop\u00e1dne, upokojil.<\/a><\/p>\n<p>Do u\u0161\u00ed sa mi pr\u00e1ve dostalo prirovnanie prezidentky riadite\u013eke \u0161koly, ktor\u00e1 si zavolala neposlu\u0161n\u00fdch \u017eiakov na koberec.<\/p>\n<div class=\"ast-oembed-container \" style=\"height: 100%;\"><iframe loading=\"lazy\" title=\"Tom\u00e1\u0161 Taraba: Robert Fico bol dlh\u00e9 obdobie ter\u010dom absol\u00fatnej ni\u010divej kampane\" width=\"500\" height=\"375\" src=\"https:\/\/www.youtube.com\/embed\/YjXyNH-kH-w?feature=oembed\" frameborder=\"0\" allow=\"accelerometer; autoplay; clipboard-write; encrypted-media; gyroscope; picture-in-picture; web-share\" referrerpolicy=\"strict-origin-when-cross-origin\" allowfullscreen><\/iframe><\/div>\n<p>Dodatok 18.5.2024<\/p>\n<p>https:\/\/www.hlavnespravy.sk\/sns-ocakava-stanovisko-od-smeru-k-ucasti-na-stretnuti-v-prezidentskom-palaci\/3496064<\/p>\n<p>Vo fejt\u00f3ne je nutn\u00e9 korigova\u0165 jednu vec. Danko m\u00e1 \u00fapln\u00fa pravdu, ke\u010f na stretnutie p\u00f4jde, a\u017e mu to prik\u00e1\u017ee Fico, alebo Fico zorganizuje tak\u00e9 stretnutie. Ten jedin\u00fd m\u00e1 mor\u00e1lne pr\u00e1vo poda\u0165 ruku na zmierenie, ale ve\u013emi by som sa \u010dudoval, keby to urobil.<\/p>\n<p>&nbsp;<\/p>\n<p>&nbsp;<\/p>\n<p style=\"text-align: justify;\">&nbsp;<\/p>\n<h5 class=\"modern-footnotes-list-heading \">POZN\u00c1MKY<\/h5><ul class=\"modern-footnotes-list \"><li><span>1<\/span><div>O tomto ma u\u017e sk\u00f4r informoval P. O.<\/div><\/li><\/ul>","protected":false},"excerpt":{"rendered":"<p>Ke\u010f&nbsp; som dobre po\u010dul, \u010do hovorili dnes o 17.00 v Slovenskom rozhlase, prezidentka a Pellegrini organizuj\u00fa v utorok stretnutie politick\u00fdch str\u00e1n, ktor\u00e9 by malo vy\u00fasti\u0165 do podp\u00edsania akejsi dohody &#8222;o vz\u00e1jomnom ne\u00fato\u010den\u00ed&#8220;. Hl\u00e1sate\u013eka \u010falej informovala, \u017ee v dezinforma\u010dnom r\u00e1diu Infovojna sa Danko vyjadril v tom zmysle, \u017ee na tak\u00e9ho rokovanie nep\u00f4jde, jedine, ak mu to [&hellip;]<\/p>\n","protected":false},"author":1,"featured_media":0,"comment_status":"open","ping_status":"open","sticky":false,"template":"","format":"standard","meta":{"_uag_custom_page_level_css":"","site-sidebar-layout":"default","site-content-layout":"","ast-site-content-layout":"default","site-content-style":"default","site-sidebar-style":"default","ast-global-header-display":"","ast-banner-title-visibility":"","ast-main-header-display":"","ast-hfb-above-header-display":"","ast-hfb-below-header-display":"","ast-hfb-mobile-header-display":"","site-post-title":"","ast-breadcrumbs-content":"","ast-featured-img":"","footer-sml-layout":"","ast-disable-related-posts":"","theme-transparent-header-meta":"default","adv-header-id-meta":"","stick-header-meta":"","header-above-stick-meta":"","header-main-stick-meta":"","header-below-stick-meta":"","astra-migrate-meta-layouts":"set","ast-page-background-enabled":"default","ast-page-background-meta":{"desktop":{"background-color":"","background-image":"","background-repeat":"repeat","background-position":"center center","background-size":"auto","background-attachment":"scroll","background-type":"","background-media":"","overlay-type":"","overlay-color":"","overlay-opacity":"","overlay-gradient":""},"tablet":{"background-color":"","background-image":"","background-repeat":"repeat","background-position":"center center","background-size":"auto","background-attachment":"scroll","background-type":"","background-media":"","overlay-type":"","overlay-color":"","overlay-opacity":"","overlay-gradient":""},"mobile":{"background-color":"","background-image":"","background-repeat":"repeat","background-position":"center center","background-size":"auto","background-attachment":"scroll","background-type":"","background-media":"","overlay-type":"","overlay-color":"","overlay-opacity":"","overlay-gradient":""}},"ast-content-background-meta":{"desktop":{"background-color":"var(--ast-global-color-5)","background-image":"","background-repeat":"repeat","background-position":"center center","background-size":"auto","background-attachment":"scroll","background-type":"","background-media":"","overlay-type":"","overlay-color":"","overlay-opacity":"","overlay-gradient":""},"tablet":{"background-color":"var(--ast-global-color-5)","background-image":"","background-repeat":"repeat","background-position":"center center","background-size":"auto","background-attachment":"scroll","background-type":"","background-media":"","overlay-type":"","overlay-color":"","overlay-opacity":"","overlay-gradient":""},"mobile":{"background-color":"var(--ast-global-color-5)","background-image":"","background-repeat":"repeat","background-position":"center center","background-size":"auto","background-attachment":"scroll","background-type":"","background-media":"","overlay-type":"","overlay-color":"","overlay-opacity":"","overlay-gradient":""}},"ngg_post_thumbnail":0,"footnotes":""},"categories":[1],"tags":[369,419,418],"class_list":["post-11488","post","type-post","status-publish","format-standard","hentry","category-postrehy-uvahy-aktualne","tag-danko","tag-dohoda","tag-minsk"],"yoast_head":"<!-- This site is optimized with the Yoast SEO plugin v27.5 - https:\/\/yoast.com\/product\/yoast-seo-wordpress\/ -->\n<title>Minsk III - fejt\u00f3n - DOMOVINA<\/title>\n<meta name=\"robots\" content=\"index, follow, max-snippet:-1, max-image-preview:large, max-video-preview:-1\" \/>\n<link rel=\"canonical\" href=\"https:\/\/www.antikvar.sk\/blog\/minsk-iii-fejton\/\" \/>\n<meta property=\"og:locale\" content=\"sk_SK\" \/>\n<meta property=\"og:type\" content=\"article\" \/>\n<meta property=\"og:title\" content=\"Minsk III - fejt\u00f3n - DOMOVINA\" \/>\n<meta property=\"og:description\" content=\"Ke\u010f&nbsp; som dobre po\u010dul, \u010do hovorili dnes o 17.00 v Slovenskom rozhlase, prezidentka a Pellegrini organizuj\u00fa v utorok stretnutie politick\u00fdch str\u00e1n, ktor\u00e9 by malo vy\u00fasti\u0165 do podp\u00edsania akejsi dohody &#8222;o vz\u00e1jomnom ne\u00fato\u010den\u00ed&#8220;. Hl\u00e1sate\u013eka \u010falej informovala, \u017ee v dezinforma\u010dnom r\u00e1diu Infovojna sa Danko vyjadril v tom zmysle, \u017ee na tak\u00e9ho rokovanie nep\u00f4jde, jedine, ak mu to [&hellip;]\" \/>\n<meta property=\"og:url\" content=\"https:\/\/www.antikvar.sk\/blog\/minsk-iii-fejton\/\" \/>\n<meta property=\"og:site_name\" content=\"DOMOVINA\" \/>\n<meta property=\"article:published_time\" content=\"2024-05-17T16:03:19+00:00\" \/>\n<meta property=\"article:modified_time\" content=\"2024-05-19T07:37:43+00:00\" \/>\n<meta name=\"author\" content=\"jaropoky\" \/>\n<meta name=\"twitter:card\" content=\"summary_large_image\" \/>\n<meta name=\"twitter:label1\" content=\"Autor\" \/>\n\t<meta name=\"twitter:data1\" content=\"jaropoky\" \/>\n\t<meta name=\"twitter:label2\" content=\"Predpokladan\u00fd \u010das \u010d\u00edtania\" \/>\n\t<meta name=\"twitter:data2\" content=\"2 min\u00faty\" \/>\n<script type=\"application\/ld+json\" class=\"yoast-schema-graph\">{\"@context\":\"https:\\\/\\\/schema.org\",\"@graph\":[{\"@type\":\"Article\",\"@id\":\"https:\\\/\\\/www.antikvar.sk\\\/blog\\\/minsk-iii-fejton\\\/#article\",\"isPartOf\":{\"@id\":\"https:\\\/\\\/www.antikvar.sk\\\/blog\\\/minsk-iii-fejton\\\/\"},\"author\":{\"name\":\"jaropoky\",\"@id\":\"https:\\\/\\\/www.antikvar.sk\\\/blog\\\/#\\\/schema\\\/person\\\/960f1c7c0f38d050499287d3a7924469\"},\"headline\":\"Minsk III &#8211; fejt\u00f3n\",\"datePublished\":\"2024-05-17T16:03:19+00:00\",\"dateModified\":\"2024-05-19T07:37:43+00:00\",\"mainEntityOfPage\":{\"@id\":\"https:\\\/\\\/www.antikvar.sk\\\/blog\\\/minsk-iii-fejton\\\/\"},\"wordCount\":467,\"commentCount\":0,\"publisher\":{\"@id\":\"https:\\\/\\\/www.antikvar.sk\\\/blog\\\/#\\\/schema\\\/person\\\/960f1c7c0f38d050499287d3a7924469\"},\"keywords\":[\"Danko\",\"dohoda\",\"Minsk\"],\"articleSection\":[\"Aktu\u00e1lne postrehy a \u00favahy\"],\"inLanguage\":\"sk-SK\",\"potentialAction\":[{\"@type\":\"CommentAction\",\"name\":\"Comment\",\"target\":[\"https:\\\/\\\/www.antikvar.sk\\\/blog\\\/minsk-iii-fejton\\\/#respond\"]}]},{\"@type\":\"WebPage\",\"@id\":\"https:\\\/\\\/www.antikvar.sk\\\/blog\\\/minsk-iii-fejton\\\/\",\"url\":\"https:\\\/\\\/www.antikvar.sk\\\/blog\\\/minsk-iii-fejton\\\/\",\"name\":\"Minsk III - fejt\u00f3n - DOMOVINA\",\"isPartOf\":{\"@id\":\"https:\\\/\\\/www.antikvar.sk\\\/blog\\\/#website\"},\"datePublished\":\"2024-05-17T16:03:19+00:00\",\"dateModified\":\"2024-05-19T07:37:43+00:00\",\"breadcrumb\":{\"@id\":\"https:\\\/\\\/www.antikvar.sk\\\/blog\\\/minsk-iii-fejton\\\/#breadcrumb\"},\"inLanguage\":\"sk-SK\",\"potentialAction\":[{\"@type\":\"ReadAction\",\"target\":[\"https:\\\/\\\/www.antikvar.sk\\\/blog\\\/minsk-iii-fejton\\\/\"]}]},{\"@type\":\"BreadcrumbList\",\"@id\":\"https:\\\/\\\/www.antikvar.sk\\\/blog\\\/minsk-iii-fejton\\\/#breadcrumb\",\"itemListElement\":[{\"@type\":\"ListItem\",\"position\":1,\"name\":\"Domovsk\u00e1 str\u00e1nka\",\"item\":\"https:\\\/\\\/www.antikvar.sk\\\/blog\\\/\"},{\"@type\":\"ListItem\",\"position\":2,\"name\":\"Minsk III &#8211; fejt\u00f3n\"}]},{\"@type\":\"WebSite\",\"@id\":\"https:\\\/\\\/www.antikvar.sk\\\/blog\\\/#website\",\"url\":\"https:\\\/\\\/www.antikvar.sk\\\/blog\\\/\",\"name\":\"DOMOVINA\",\"description\":\"Nezabudnite na svoje rodisko, bez neho je len do pekla schodisko\",\"publisher\":{\"@id\":\"https:\\\/\\\/www.antikvar.sk\\\/blog\\\/#\\\/schema\\\/person\\\/960f1c7c0f38d050499287d3a7924469\"},\"potentialAction\":[{\"@type\":\"SearchAction\",\"target\":{\"@type\":\"EntryPoint\",\"urlTemplate\":\"https:\\\/\\\/www.antikvar.sk\\\/blog\\\/?s={search_term_string}\"},\"query-input\":{\"@type\":\"PropertyValueSpecification\",\"valueRequired\":true,\"valueName\":\"search_term_string\"}}],\"inLanguage\":\"sk-SK\"},{\"@type\":[\"Person\",\"Organization\"],\"@id\":\"https:\\\/\\\/www.antikvar.sk\\\/blog\\\/#\\\/schema\\\/person\\\/960f1c7c0f38d050499287d3a7924469\",\"name\":\"jaropoky\",\"image\":{\"@type\":\"ImageObject\",\"inLanguage\":\"sk-SK\",\"@id\":\"https:\\\/\\\/www.antikvar.sk\\\/blog\\\/wp-content\\\/uploads\\\/2021\\\/04\\\/cropped-cropped-KoreszkaWEB-2.jpg\",\"url\":\"https:\\\/\\\/www.antikvar.sk\\\/blog\\\/wp-content\\\/uploads\\\/2021\\\/04\\\/cropped-cropped-KoreszkaWEB-2.jpg\",\"contentUrl\":\"https:\\\/\\\/www.antikvar.sk\\\/blog\\\/wp-content\\\/uploads\\\/2021\\\/04\\\/cropped-cropped-KoreszkaWEB-2.jpg\",\"width\":863,\"height\":597,\"caption\":\"jaropoky\"},\"logo\":{\"@id\":\"https:\\\/\\\/www.antikvar.sk\\\/blog\\\/wp-content\\\/uploads\\\/2021\\\/04\\\/cropped-cropped-KoreszkaWEB-2.jpg\"},\"description\":\"Zauj\u00edma sa o filozofiu, umenie, pr\u00edrodu a alternat\u00edvnu medic\u00ednu. Bol vedeck\u00fd pracovn\u00edk a \u0161t\u00e1tny zamestnanec, teraz je na d\u00f4chodku.\",\"sameAs\":[\"http:\\\/\\\/www.antikvar.sk\\\/blog\"],\"url\":\"https:\\\/\\\/www.antikvar.sk\\\/blog\\\/author\\\/jaro\\\/\"}]}<\/script>\n<!-- \/ Yoast SEO plugin. -->","yoast_head_json":{"title":"Minsk III - fejt\u00f3n - DOMOVINA","robots":{"index":"index","follow":"follow","max-snippet":"max-snippet:-1","max-image-preview":"max-image-preview:large","max-video-preview":"max-video-preview:-1"},"canonical":"https:\/\/www.antikvar.sk\/blog\/minsk-iii-fejton\/","og_locale":"sk_SK","og_type":"article","og_title":"Minsk III - fejt\u00f3n - DOMOVINA","og_description":"Ke\u010f&nbsp; som dobre po\u010dul, \u010do hovorili dnes o 17.00 v Slovenskom rozhlase, prezidentka a Pellegrini organizuj\u00fa v utorok stretnutie politick\u00fdch str\u00e1n, ktor\u00e9 by malo vy\u00fasti\u0165 do podp\u00edsania akejsi dohody &#8222;o vz\u00e1jomnom ne\u00fato\u010den\u00ed&#8220;. Hl\u00e1sate\u013eka \u010falej informovala, \u017ee v dezinforma\u010dnom r\u00e1diu Infovojna sa Danko vyjadril v tom zmysle, \u017ee na tak\u00e9ho rokovanie nep\u00f4jde, jedine, ak mu to [&hellip;]","og_url":"https:\/\/www.antikvar.sk\/blog\/minsk-iii-fejton\/","og_site_name":"DOMOVINA","article_published_time":"2024-05-17T16:03:19+00:00","article_modified_time":"2024-05-19T07:37:43+00:00","author":"jaropoky","twitter_card":"summary_large_image","twitter_misc":{"Autor":"jaropoky","Predpokladan\u00fd \u010das \u010d\u00edtania":"2 min\u00faty"},"schema":{"@context":"https:\/\/schema.org","@graph":[{"@type":"Article","@id":"https:\/\/www.antikvar.sk\/blog\/minsk-iii-fejton\/#article","isPartOf":{"@id":"https:\/\/www.antikvar.sk\/blog\/minsk-iii-fejton\/"},"author":{"name":"jaropoky","@id":"https:\/\/www.antikvar.sk\/blog\/#\/schema\/person\/960f1c7c0f38d050499287d3a7924469"},"headline":"Minsk III &#8211; fejt\u00f3n","datePublished":"2024-05-17T16:03:19+00:00","dateModified":"2024-05-19T07:37:43+00:00","mainEntityOfPage":{"@id":"https:\/\/www.antikvar.sk\/blog\/minsk-iii-fejton\/"},"wordCount":467,"commentCount":0,"publisher":{"@id":"https:\/\/www.antikvar.sk\/blog\/#\/schema\/person\/960f1c7c0f38d050499287d3a7924469"},"keywords":["Danko","dohoda","Minsk"],"articleSection":["Aktu\u00e1lne postrehy a \u00favahy"],"inLanguage":"sk-SK","potentialAction":[{"@type":"CommentAction","name":"Comment","target":["https:\/\/www.antikvar.sk\/blog\/minsk-iii-fejton\/#respond"]}]},{"@type":"WebPage","@id":"https:\/\/www.antikvar.sk\/blog\/minsk-iii-fejton\/","url":"https:\/\/www.antikvar.sk\/blog\/minsk-iii-fejton\/","name":"Minsk III - fejt\u00f3n - DOMOVINA","isPartOf":{"@id":"https:\/\/www.antikvar.sk\/blog\/#website"},"datePublished":"2024-05-17T16:03:19+00:00","dateModified":"2024-05-19T07:37:43+00:00","breadcrumb":{"@id":"https:\/\/www.antikvar.sk\/blog\/minsk-iii-fejton\/#breadcrumb"},"inLanguage":"sk-SK","potentialAction":[{"@type":"ReadAction","target":["https:\/\/www.antikvar.sk\/blog\/minsk-iii-fejton\/"]}]},{"@type":"BreadcrumbList","@id":"https:\/\/www.antikvar.sk\/blog\/minsk-iii-fejton\/#breadcrumb","itemListElement":[{"@type":"ListItem","position":1,"name":"Domovsk\u00e1 str\u00e1nka","item":"https:\/\/www.antikvar.sk\/blog\/"},{"@type":"ListItem","position":2,"name":"Minsk III &#8211; fejt\u00f3n"}]},{"@type":"WebSite","@id":"https:\/\/www.antikvar.sk\/blog\/#website","url":"https:\/\/www.antikvar.sk\/blog\/","name":"DOMOVINA","description":"Nezabudnite na svoje rodisko, bez neho je len do pekla schodisko","publisher":{"@id":"https:\/\/www.antikvar.sk\/blog\/#\/schema\/person\/960f1c7c0f38d050499287d3a7924469"},"potentialAction":[{"@type":"SearchAction","target":{"@type":"EntryPoint","urlTemplate":"https:\/\/www.antikvar.sk\/blog\/?s={search_term_string}"},"query-input":{"@type":"PropertyValueSpecification","valueRequired":true,"valueName":"search_term_string"}}],"inLanguage":"sk-SK"},{"@type":["Person","Organization"],"@id":"https:\/\/www.antikvar.sk\/blog\/#\/schema\/person\/960f1c7c0f38d050499287d3a7924469","name":"jaropoky","image":{"@type":"ImageObject","inLanguage":"sk-SK","@id":"https:\/\/www.antikvar.sk\/blog\/wp-content\/uploads\/2021\/04\/cropped-cropped-KoreszkaWEB-2.jpg","url":"https:\/\/www.antikvar.sk\/blog\/wp-content\/uploads\/2021\/04\/cropped-cropped-KoreszkaWEB-2.jpg","contentUrl":"https:\/\/www.antikvar.sk\/blog\/wp-content\/uploads\/2021\/04\/cropped-cropped-KoreszkaWEB-2.jpg","width":863,"height":597,"caption":"jaropoky"},"logo":{"@id":"https:\/\/www.antikvar.sk\/blog\/wp-content\/uploads\/2021\/04\/cropped-cropped-KoreszkaWEB-2.jpg"},"description":"Zauj\u00edma sa o filozofiu, umenie, pr\u00edrodu a alternat\u00edvnu medic\u00ednu. Bol vedeck\u00fd pracovn\u00edk a \u0161t\u00e1tny zamestnanec, teraz je na d\u00f4chodku.","sameAs":["http:\/\/www.antikvar.sk\/blog"],"url":"https:\/\/www.antikvar.sk\/blog\/author\/jaro\/"}]}},"uagb_featured_image_src":{"full":false,"thumbnail":false,"medium":false,"medium_large":false,"large":false,"1536x1536":false,"2048x2048":false,"crp_thumbnail":false},"uagb_author_info":{"display_name":"jaropoky","author_link":"https:\/\/www.antikvar.sk\/blog\/author\/jaro\/"},"uagb_comment_info":0,"uagb_excerpt":"Ke\u010f&nbsp; som dobre po\u010dul, \u010do hovorili dnes o 17.00 v Slovenskom rozhlase, prezidentka a Pellegrini organizuj\u00fa v utorok stretnutie politick\u00fdch str\u00e1n, ktor\u00e9 by malo vy\u00fasti\u0165 do podp\u00edsania akejsi dohody &#8222;o vz\u00e1jomnom ne\u00fato\u010den\u00ed&#8220;. Hl\u00e1sate\u013eka \u010falej informovala, \u017ee v dezinforma\u010dnom r\u00e1diu Infovojna sa Danko vyjadril v tom zmysle, \u017ee na tak\u00e9ho rokovanie nep\u00f4jde, jedine, ak mu to&hellip;","_links":{"self":[{"href":"https:\/\/www.antikvar.sk\/blog\/wp-json\/wp\/v2\/posts\/11488","targetHints":{"allow":["GET"]}}],"collection":[{"href":"https:\/\/www.antikvar.sk\/blog\/wp-json\/wp\/v2\/posts"}],"about":[{"href":"https:\/\/www.antikvar.sk\/blog\/wp-json\/wp\/v2\/types\/post"}],"author":[{"embeddable":true,"href":"https:\/\/www.antikvar.sk\/blog\/wp-json\/wp\/v2\/users\/1"}],"replies":[{"embeddable":true,"href":"https:\/\/www.antikvar.sk\/blog\/wp-json\/wp\/v2\/comments?post=11488"}],"version-history":[{"count":0,"href":"https:\/\/www.antikvar.sk\/blog\/wp-json\/wp\/v2\/posts\/11488\/revisions"}],"wp:attachment":[{"href":"https:\/\/www.antikvar.sk\/blog\/wp-json\/wp\/v2\/media?parent=11488"}],"wp:term":[{"taxonomy":"category","embeddable":true,"href":"https:\/\/www.antikvar.sk\/blog\/wp-json\/wp\/v2\/categories?post=11488"},{"taxonomy":"post_tag","embeddable":true,"href":"https:\/\/www.antikvar.sk\/blog\/wp-json\/wp\/v2\/tags?post=11488"}],"curies":[{"name":"wp","href":"https:\/\/api.w.org\/{rel}","templated":true}]}}