{"id":11437,"date":"2024-05-15T22:44:54","date_gmt":"2024-05-15T20:44:54","guid":{"rendered":"https:\/\/www.antikvar.sk\/blog\/?p=11437"},"modified":"2024-05-16T18:35:58","modified_gmt":"2024-05-16T16:35:58","slug":"najlepsi-komentar-atentatu-na-premiera-poznamka","status":"publish","type":"post","link":"https:\/\/www.antikvar.sk\/blog\/najlepsi-komentar-atentatu-na-premiera-poznamka\/","title":{"rendered":"Najlep\u0161\u00ed koment\u00e1r atent\u00e1tu na premi\u00e9ra &#8211; pozn\u00e1mka"},"content":{"rendered":"<p>&nbsp;<\/p>\n<p><span style=\"font-size: 14pt;\"><a href=\"https:\/\/www.hlavnespravy.sk\/atentatnik-prehovoril\/3493542\" target=\"_blank\" rel=\"noopener\">&#8222;T<em>ento 71-ro\u010dn\u00fd p\u00e1n kedysi robil poctiv\u00fa pr\u00e1cu ako esb\u00e9esk\u00e1r. Realizoval sa aj v umeleckej sf\u00e9re ako b\u00e1snik, bol dokonca \u010dlenom umeleck\u00e9ho spolku D\u00faha.<\/em><\/a><\/span><\/p>\n<p><span style=\"font-size: 14pt;\"><strong><em>D\u00f4chodca, ktor\u00fd mohol v pr\u00edpade nes\u00fahlasu protestova\u0165 s ostatn\u00fdmi. Mohol p\u00edsa\u0165 \u010dl\u00e1nky \u2013 ve\u010f mu to s perom o\u010dividne i\u0161lo \u2013 kritiku vl\u00e1dy, koment\u00e1re, glosy\u2026 Mohol pokojnou, demokratickou cestou necha\u0165 znie\u0165 svoj ob\u010diansky hlas<\/em>&#8222;<\/strong>, uva\u017euje nad atent\u00e1tnikom Cintulom autor \u010dl\u00e1nku M. Kluvanec v Hlavn\u00fdch spr\u00e1vach. <a href=\"https:\/\/www.antikvar.sk\/blog\/category\/texty-covid-postrehy-fejtony-prostonarodne\/\" target=\"_blank\" rel=\"noopener\">V podstate uv\u00e1dza d\u00f4vody, pre\u010do som ja, tie\u017e d\u00f4chodca, za\u010dal v \u010dase Covidu p\u00edsa\u0165 pozn\u00e1mky a fejt\u00f3ny.<\/a><\/span><\/p>\n<p><span style=\"font-size: 14pt;\">Samozrejme som chcel primerane reagova\u0165 na trag\u00e9diu, ktor\u00e1 sa stala.&nbsp; Ke\u010f som si pre\u010d\u00edtal koment\u00e1r v Telegrame, uvedomil som si, \u017ee toto je to najlep\u0161ie, \u010do sa dalo nap\u00edsa\u0165:<\/span><\/p>\n<p><span style=\"font-size: 14pt;\"><em>&#8222;Robert R. Indor, [15. 5. 2024 21:12]<\/em><\/span><br \/>\n<span style=\"font-size: 14pt;\"><em>[In reply to Casus Belli Live]<\/em><\/span><br \/>\n<span style=\"font-size: 14pt;\"><em>Pokia\u013e sa z toho re\u00e1lne dostane a do par dni postav\u00ed pred \u013eud\u00ed tak nie len bl\u00e1znom ale aj Svetu od Putina a\u017e po Bideta uk\u00e1\u017ee silu a zmen\u00ed ve\u013ea&#8230;ako kedysi Bob Marley, ktor\u00fd po atent\u00e1te spieval mysl\u00edm, \u017ee na druh\u00fd de\u0148 ale ten na tom.nebol tak zle&#8230;takto mu dali silu&#8230;to v\u00e1m vrav\u00edm ak je. Ak ten chlap do mesiaca bude za mikrof\u00f3nom tak to bude ma\u0165 celosvetov\u00fd dosah. Tak sa rodia \u017eij\u00face legendy. (Nen\u00ed som voli\u010d Fica ne\u017eijem na SK nem\u00e1m pr\u00e1vo voli\u0165 na SK) len aby bolo jasne. Ale to je realita. Ten b\u00e1snik nevie ak\u00fa siln\u00fa b\u00e1se\u0148 dnes nap\u00edsal \ud83d\udc4c&#8220;<\/em><\/span><\/p>\n<p><span style=\"font-size: 14pt;\"><em>https:\/\/t.me\/casusbellilive\/163410?comment=1355387<\/em><\/span><\/p>\n<p><strong><span style=\"font-size: 14pt;\">Atent\u00e1tnik bol <a href=\"https:\/\/www.antikvar.sk\/blog\/cui-bono\/\" target=\"_blank\" rel=\"noopener\">mand\u017eusk\u00fd kandid\u00e1t<\/a>, ktor\u00e9ho nemusela naprogramova\u0165 na atent\u00e1t priamo d\u00e1ka zahrani\u010dn\u00e1 agent\u00fara, ale podstate nebezpe\u010dnej\u0161ia jej m\u00e4kk\u00e1 forma:&nbsp; m\u00e9dia, m\u00edtingy, politici, blogeri &#8230;<\/span><\/strong><\/p>\n<p>&nbsp;<\/p>\n<p>&nbsp;<\/p>\n<p>&nbsp;<\/p>\n","protected":false},"excerpt":{"rendered":"<p>&nbsp; &#8222;Tento 71-ro\u010dn\u00fd p\u00e1n kedysi robil poctiv\u00fa pr\u00e1cu ako esb\u00e9esk\u00e1r. Realizoval sa aj v umeleckej sf\u00e9re ako b\u00e1snik, bol dokonca \u010dlenom umeleck\u00e9ho spolku D\u00faha. D\u00f4chodca, ktor\u00fd mohol v pr\u00edpade nes\u00fahlasu protestova\u0165 s ostatn\u00fdmi. Mohol p\u00edsa\u0165 \u010dl\u00e1nky \u2013 ve\u010f mu to s perom o\u010dividne i\u0161lo \u2013 kritiku vl\u00e1dy, koment\u00e1re, glosy\u2026 Mohol pokojnou, demokratickou cestou necha\u0165 znie\u0165 [&hellip;]<\/p>\n","protected":false},"author":1,"featured_media":0,"comment_status":"open","ping_status":"open","sticky":false,"template":"","format":"standard","meta":{"_uag_custom_page_level_css":"","site-sidebar-layout":"default","site-content-layout":"","ast-site-content-layout":"default","site-content-style":"default","site-sidebar-style":"default","ast-global-header-display":"","ast-banner-title-visibility":"","ast-main-header-display":"","ast-hfb-above-header-display":"","ast-hfb-below-header-display":"","ast-hfb-mobile-header-display":"","site-post-title":"","ast-breadcrumbs-content":"","ast-featured-img":"","footer-sml-layout":"","ast-disable-related-posts":"","theme-transparent-header-meta":"default","adv-header-id-meta":"","stick-header-meta":"","header-above-stick-meta":"","header-main-stick-meta":"","header-below-stick-meta":"","astra-migrate-meta-layouts":"set","ast-page-background-enabled":"default","ast-page-background-meta":{"desktop":{"background-color":"","background-image":"","background-repeat":"repeat","background-position":"center center","background-size":"auto","background-attachment":"scroll","background-type":"","background-media":"","overlay-type":"","overlay-color":"","overlay-opacity":"","overlay-gradient":""},"tablet":{"background-color":"","background-image":"","background-repeat":"repeat","background-position":"center center","background-size":"auto","background-attachment":"scroll","background-type":"","background-media":"","overlay-type":"","overlay-color":"","overlay-opacity":"","overlay-gradient":""},"mobile":{"background-color":"","background-image":"","background-repeat":"repeat","background-position":"center center","background-size":"auto","background-attachment":"scroll","background-type":"","background-media":"","overlay-type":"","overlay-color":"","overlay-opacity":"","overlay-gradient":""}},"ast-content-background-meta":{"desktop":{"background-color":"var(--ast-global-color-5)","background-image":"","background-repeat":"repeat","background-position":"center center","background-size":"auto","background-attachment":"scroll","background-type":"","background-media":"","overlay-type":"","overlay-color":"","overlay-opacity":"","overlay-gradient":""},"tablet":{"background-color":"var(--ast-global-color-5)","background-image":"","background-repeat":"repeat","background-position":"center center","background-size":"auto","background-attachment":"scroll","background-type":"","background-media":"","overlay-type":"","overlay-color":"","overlay-opacity":"","overlay-gradient":""},"mobile":{"background-color":"var(--ast-global-color-5)","background-image":"","background-repeat":"repeat","background-position":"center center","background-size":"auto","background-attachment":"scroll","background-type":"","background-media":"","overlay-type":"","overlay-color":"","overlay-opacity":"","overlay-gradient":""}},"ngg_post_thumbnail":0,"footnotes":""},"categories":[1],"tags":[416],"class_list":["post-11437","post","type-post","status-publish","format-standard","hentry","category-postrehy-uvahy-aktualne","tag-atentat"],"yoast_head":"<!-- This site is optimized with the Yoast SEO plugin v27.5 - https:\/\/yoast.com\/product\/yoast-seo-wordpress\/ -->\n<title>Najlep\u0161\u00ed koment\u00e1r atent\u00e1tu na premi\u00e9ra - pozn\u00e1mka - DOMOVINA<\/title>\n<meta name=\"robots\" content=\"index, follow, max-snippet:-1, max-image-preview:large, max-video-preview:-1\" \/>\n<link rel=\"canonical\" href=\"https:\/\/www.antikvar.sk\/blog\/najlepsi-komentar-atentatu-na-premiera-poznamka\/\" \/>\n<meta property=\"og:locale\" content=\"sk_SK\" \/>\n<meta property=\"og:type\" content=\"article\" \/>\n<meta property=\"og:title\" content=\"Najlep\u0161\u00ed koment\u00e1r atent\u00e1tu na premi\u00e9ra - pozn\u00e1mka - DOMOVINA\" \/>\n<meta property=\"og:description\" content=\"&nbsp; &#8222;Tento 71-ro\u010dn\u00fd p\u00e1n kedysi robil poctiv\u00fa pr\u00e1cu ako esb\u00e9esk\u00e1r. Realizoval sa aj v umeleckej sf\u00e9re ako b\u00e1snik, bol dokonca \u010dlenom umeleck\u00e9ho spolku D\u00faha. D\u00f4chodca, ktor\u00fd mohol v pr\u00edpade nes\u00fahlasu protestova\u0165 s ostatn\u00fdmi. Mohol p\u00edsa\u0165 \u010dl\u00e1nky \u2013 ve\u010f mu to s perom o\u010dividne i\u0161lo \u2013 kritiku vl\u00e1dy, koment\u00e1re, glosy\u2026 Mohol pokojnou, demokratickou cestou necha\u0165 znie\u0165 [&hellip;]\" \/>\n<meta property=\"og:url\" content=\"https:\/\/www.antikvar.sk\/blog\/najlepsi-komentar-atentatu-na-premiera-poznamka\/\" \/>\n<meta property=\"og:site_name\" content=\"DOMOVINA\" \/>\n<meta property=\"article:published_time\" content=\"2024-05-15T20:44:54+00:00\" \/>\n<meta property=\"article:modified_time\" content=\"2024-05-16T16:35:58+00:00\" \/>\n<meta name=\"author\" content=\"jaropoky\" \/>\n<meta name=\"twitter:card\" content=\"summary_large_image\" \/>\n<meta name=\"twitter:label1\" content=\"Autor\" \/>\n\t<meta name=\"twitter:data1\" content=\"jaropoky\" \/>\n\t<meta name=\"twitter:label2\" content=\"Predpokladan\u00fd \u010das \u010d\u00edtania\" \/>\n\t<meta name=\"twitter:data2\" content=\"2 min\u00faty\" \/>\n<script type=\"application\/ld+json\" class=\"yoast-schema-graph\">{\"@context\":\"https:\\\/\\\/schema.org\",\"@graph\":[{\"@type\":\"Article\",\"@id\":\"https:\\\/\\\/www.antikvar.sk\\\/blog\\\/najlepsi-komentar-atentatu-na-premiera-poznamka\\\/#article\",\"isPartOf\":{\"@id\":\"https:\\\/\\\/www.antikvar.sk\\\/blog\\\/najlepsi-komentar-atentatu-na-premiera-poznamka\\\/\"},\"author\":{\"name\":\"jaropoky\",\"@id\":\"https:\\\/\\\/www.antikvar.sk\\\/blog\\\/#\\\/schema\\\/person\\\/960f1c7c0f38d050499287d3a7924469\"},\"headline\":\"Najlep\u0161\u00ed koment\u00e1r atent\u00e1tu na premi\u00e9ra &#8211; pozn\u00e1mka\",\"datePublished\":\"2024-05-15T20:44:54+00:00\",\"dateModified\":\"2024-05-16T16:35:58+00:00\",\"mainEntityOfPage\":{\"@id\":\"https:\\\/\\\/www.antikvar.sk\\\/blog\\\/najlepsi-komentar-atentatu-na-premiera-poznamka\\\/\"},\"wordCount\":339,\"commentCount\":0,\"publisher\":{\"@id\":\"https:\\\/\\\/www.antikvar.sk\\\/blog\\\/#\\\/schema\\\/person\\\/960f1c7c0f38d050499287d3a7924469\"},\"keywords\":[\"atent\u00e1t\"],\"articleSection\":[\"Aktu\u00e1lne postrehy a \u00favahy\"],\"inLanguage\":\"sk-SK\",\"potentialAction\":[{\"@type\":\"CommentAction\",\"name\":\"Comment\",\"target\":[\"https:\\\/\\\/www.antikvar.sk\\\/blog\\\/najlepsi-komentar-atentatu-na-premiera-poznamka\\\/#respond\"]}]},{\"@type\":\"WebPage\",\"@id\":\"https:\\\/\\\/www.antikvar.sk\\\/blog\\\/najlepsi-komentar-atentatu-na-premiera-poznamka\\\/\",\"url\":\"https:\\\/\\\/www.antikvar.sk\\\/blog\\\/najlepsi-komentar-atentatu-na-premiera-poznamka\\\/\",\"name\":\"Najlep\u0161\u00ed koment\u00e1r atent\u00e1tu na premi\u00e9ra - pozn\u00e1mka - DOMOVINA\",\"isPartOf\":{\"@id\":\"https:\\\/\\\/www.antikvar.sk\\\/blog\\\/#website\"},\"datePublished\":\"2024-05-15T20:44:54+00:00\",\"dateModified\":\"2024-05-16T16:35:58+00:00\",\"breadcrumb\":{\"@id\":\"https:\\\/\\\/www.antikvar.sk\\\/blog\\\/najlepsi-komentar-atentatu-na-premiera-poznamka\\\/#breadcrumb\"},\"inLanguage\":\"sk-SK\",\"potentialAction\":[{\"@type\":\"ReadAction\",\"target\":[\"https:\\\/\\\/www.antikvar.sk\\\/blog\\\/najlepsi-komentar-atentatu-na-premiera-poznamka\\\/\"]}]},{\"@type\":\"BreadcrumbList\",\"@id\":\"https:\\\/\\\/www.antikvar.sk\\\/blog\\\/najlepsi-komentar-atentatu-na-premiera-poznamka\\\/#breadcrumb\",\"itemListElement\":[{\"@type\":\"ListItem\",\"position\":1,\"name\":\"Domovsk\u00e1 str\u00e1nka\",\"item\":\"https:\\\/\\\/www.antikvar.sk\\\/blog\\\/\"},{\"@type\":\"ListItem\",\"position\":2,\"name\":\"Najlep\u0161\u00ed koment\u00e1r atent\u00e1tu na premi\u00e9ra &#8211; pozn\u00e1mka\"}]},{\"@type\":\"WebSite\",\"@id\":\"https:\\\/\\\/www.antikvar.sk\\\/blog\\\/#website\",\"url\":\"https:\\\/\\\/www.antikvar.sk\\\/blog\\\/\",\"name\":\"DOMOVINA\",\"description\":\"Nezabudnite na svoje rodisko, bez neho je len do pekla schodisko\",\"publisher\":{\"@id\":\"https:\\\/\\\/www.antikvar.sk\\\/blog\\\/#\\\/schema\\\/person\\\/960f1c7c0f38d050499287d3a7924469\"},\"potentialAction\":[{\"@type\":\"SearchAction\",\"target\":{\"@type\":\"EntryPoint\",\"urlTemplate\":\"https:\\\/\\\/www.antikvar.sk\\\/blog\\\/?s={search_term_string}\"},\"query-input\":{\"@type\":\"PropertyValueSpecification\",\"valueRequired\":true,\"valueName\":\"search_term_string\"}}],\"inLanguage\":\"sk-SK\"},{\"@type\":[\"Person\",\"Organization\"],\"@id\":\"https:\\\/\\\/www.antikvar.sk\\\/blog\\\/#\\\/schema\\\/person\\\/960f1c7c0f38d050499287d3a7924469\",\"name\":\"jaropoky\",\"image\":{\"@type\":\"ImageObject\",\"inLanguage\":\"sk-SK\",\"@id\":\"https:\\\/\\\/www.antikvar.sk\\\/blog\\\/wp-content\\\/uploads\\\/2021\\\/04\\\/cropped-cropped-KoreszkaWEB-2.jpg\",\"url\":\"https:\\\/\\\/www.antikvar.sk\\\/blog\\\/wp-content\\\/uploads\\\/2021\\\/04\\\/cropped-cropped-KoreszkaWEB-2.jpg\",\"contentUrl\":\"https:\\\/\\\/www.antikvar.sk\\\/blog\\\/wp-content\\\/uploads\\\/2021\\\/04\\\/cropped-cropped-KoreszkaWEB-2.jpg\",\"width\":863,\"height\":597,\"caption\":\"jaropoky\"},\"logo\":{\"@id\":\"https:\\\/\\\/www.antikvar.sk\\\/blog\\\/wp-content\\\/uploads\\\/2021\\\/04\\\/cropped-cropped-KoreszkaWEB-2.jpg\"},\"description\":\"Zauj\u00edma sa o filozofiu, umenie, pr\u00edrodu a alternat\u00edvnu medic\u00ednu. Bol vedeck\u00fd pracovn\u00edk a \u0161t\u00e1tny zamestnanec, teraz je na d\u00f4chodku.\",\"sameAs\":[\"http:\\\/\\\/www.antikvar.sk\\\/blog\"],\"url\":\"https:\\\/\\\/www.antikvar.sk\\\/blog\\\/author\\\/jaro\\\/\"}]}<\/script>\n<!-- \/ Yoast SEO plugin. -->","yoast_head_json":{"title":"Najlep\u0161\u00ed koment\u00e1r atent\u00e1tu na premi\u00e9ra - pozn\u00e1mka - DOMOVINA","robots":{"index":"index","follow":"follow","max-snippet":"max-snippet:-1","max-image-preview":"max-image-preview:large","max-video-preview":"max-video-preview:-1"},"canonical":"https:\/\/www.antikvar.sk\/blog\/najlepsi-komentar-atentatu-na-premiera-poznamka\/","og_locale":"sk_SK","og_type":"article","og_title":"Najlep\u0161\u00ed koment\u00e1r atent\u00e1tu na premi\u00e9ra - pozn\u00e1mka - DOMOVINA","og_description":"&nbsp; &#8222;Tento 71-ro\u010dn\u00fd p\u00e1n kedysi robil poctiv\u00fa pr\u00e1cu ako esb\u00e9esk\u00e1r. Realizoval sa aj v umeleckej sf\u00e9re ako b\u00e1snik, bol dokonca \u010dlenom umeleck\u00e9ho spolku D\u00faha. D\u00f4chodca, ktor\u00fd mohol v pr\u00edpade nes\u00fahlasu protestova\u0165 s ostatn\u00fdmi. Mohol p\u00edsa\u0165 \u010dl\u00e1nky \u2013 ve\u010f mu to s perom o\u010dividne i\u0161lo \u2013 kritiku vl\u00e1dy, koment\u00e1re, glosy\u2026 Mohol pokojnou, demokratickou cestou necha\u0165 znie\u0165 [&hellip;]","og_url":"https:\/\/www.antikvar.sk\/blog\/najlepsi-komentar-atentatu-na-premiera-poznamka\/","og_site_name":"DOMOVINA","article_published_time":"2024-05-15T20:44:54+00:00","article_modified_time":"2024-05-16T16:35:58+00:00","author":"jaropoky","twitter_card":"summary_large_image","twitter_misc":{"Autor":"jaropoky","Predpokladan\u00fd \u010das \u010d\u00edtania":"2 min\u00faty"},"schema":{"@context":"https:\/\/schema.org","@graph":[{"@type":"Article","@id":"https:\/\/www.antikvar.sk\/blog\/najlepsi-komentar-atentatu-na-premiera-poznamka\/#article","isPartOf":{"@id":"https:\/\/www.antikvar.sk\/blog\/najlepsi-komentar-atentatu-na-premiera-poznamka\/"},"author":{"name":"jaropoky","@id":"https:\/\/www.antikvar.sk\/blog\/#\/schema\/person\/960f1c7c0f38d050499287d3a7924469"},"headline":"Najlep\u0161\u00ed koment\u00e1r atent\u00e1tu na premi\u00e9ra &#8211; pozn\u00e1mka","datePublished":"2024-05-15T20:44:54+00:00","dateModified":"2024-05-16T16:35:58+00:00","mainEntityOfPage":{"@id":"https:\/\/www.antikvar.sk\/blog\/najlepsi-komentar-atentatu-na-premiera-poznamka\/"},"wordCount":339,"commentCount":0,"publisher":{"@id":"https:\/\/www.antikvar.sk\/blog\/#\/schema\/person\/960f1c7c0f38d050499287d3a7924469"},"keywords":["atent\u00e1t"],"articleSection":["Aktu\u00e1lne postrehy a \u00favahy"],"inLanguage":"sk-SK","potentialAction":[{"@type":"CommentAction","name":"Comment","target":["https:\/\/www.antikvar.sk\/blog\/najlepsi-komentar-atentatu-na-premiera-poznamka\/#respond"]}]},{"@type":"WebPage","@id":"https:\/\/www.antikvar.sk\/blog\/najlepsi-komentar-atentatu-na-premiera-poznamka\/","url":"https:\/\/www.antikvar.sk\/blog\/najlepsi-komentar-atentatu-na-premiera-poznamka\/","name":"Najlep\u0161\u00ed koment\u00e1r atent\u00e1tu na premi\u00e9ra - pozn\u00e1mka - DOMOVINA","isPartOf":{"@id":"https:\/\/www.antikvar.sk\/blog\/#website"},"datePublished":"2024-05-15T20:44:54+00:00","dateModified":"2024-05-16T16:35:58+00:00","breadcrumb":{"@id":"https:\/\/www.antikvar.sk\/blog\/najlepsi-komentar-atentatu-na-premiera-poznamka\/#breadcrumb"},"inLanguage":"sk-SK","potentialAction":[{"@type":"ReadAction","target":["https:\/\/www.antikvar.sk\/blog\/najlepsi-komentar-atentatu-na-premiera-poznamka\/"]}]},{"@type":"BreadcrumbList","@id":"https:\/\/www.antikvar.sk\/blog\/najlepsi-komentar-atentatu-na-premiera-poznamka\/#breadcrumb","itemListElement":[{"@type":"ListItem","position":1,"name":"Domovsk\u00e1 str\u00e1nka","item":"https:\/\/www.antikvar.sk\/blog\/"},{"@type":"ListItem","position":2,"name":"Najlep\u0161\u00ed koment\u00e1r atent\u00e1tu na premi\u00e9ra &#8211; pozn\u00e1mka"}]},{"@type":"WebSite","@id":"https:\/\/www.antikvar.sk\/blog\/#website","url":"https:\/\/www.antikvar.sk\/blog\/","name":"DOMOVINA","description":"Nezabudnite na svoje rodisko, bez neho je len do pekla schodisko","publisher":{"@id":"https:\/\/www.antikvar.sk\/blog\/#\/schema\/person\/960f1c7c0f38d050499287d3a7924469"},"potentialAction":[{"@type":"SearchAction","target":{"@type":"EntryPoint","urlTemplate":"https:\/\/www.antikvar.sk\/blog\/?s={search_term_string}"},"query-input":{"@type":"PropertyValueSpecification","valueRequired":true,"valueName":"search_term_string"}}],"inLanguage":"sk-SK"},{"@type":["Person","Organization"],"@id":"https:\/\/www.antikvar.sk\/blog\/#\/schema\/person\/960f1c7c0f38d050499287d3a7924469","name":"jaropoky","image":{"@type":"ImageObject","inLanguage":"sk-SK","@id":"https:\/\/www.antikvar.sk\/blog\/wp-content\/uploads\/2021\/04\/cropped-cropped-KoreszkaWEB-2.jpg","url":"https:\/\/www.antikvar.sk\/blog\/wp-content\/uploads\/2021\/04\/cropped-cropped-KoreszkaWEB-2.jpg","contentUrl":"https:\/\/www.antikvar.sk\/blog\/wp-content\/uploads\/2021\/04\/cropped-cropped-KoreszkaWEB-2.jpg","width":863,"height":597,"caption":"jaropoky"},"logo":{"@id":"https:\/\/www.antikvar.sk\/blog\/wp-content\/uploads\/2021\/04\/cropped-cropped-KoreszkaWEB-2.jpg"},"description":"Zauj\u00edma sa o filozofiu, umenie, pr\u00edrodu a alternat\u00edvnu medic\u00ednu. Bol vedeck\u00fd pracovn\u00edk a \u0161t\u00e1tny zamestnanec, teraz je na d\u00f4chodku.","sameAs":["http:\/\/www.antikvar.sk\/blog"],"url":"https:\/\/www.antikvar.sk\/blog\/author\/jaro\/"}]}},"uagb_featured_image_src":{"full":false,"thumbnail":false,"medium":false,"medium_large":false,"large":false,"1536x1536":false,"2048x2048":false,"crp_thumbnail":false},"uagb_author_info":{"display_name":"jaropoky","author_link":"https:\/\/www.antikvar.sk\/blog\/author\/jaro\/"},"uagb_comment_info":0,"uagb_excerpt":"&nbsp; &#8222;Tento 71-ro\u010dn\u00fd p\u00e1n kedysi robil poctiv\u00fa pr\u00e1cu ako esb\u00e9esk\u00e1r. Realizoval sa aj v umeleckej sf\u00e9re ako b\u00e1snik, bol dokonca \u010dlenom umeleck\u00e9ho spolku D\u00faha. D\u00f4chodca, ktor\u00fd mohol v pr\u00edpade nes\u00fahlasu protestova\u0165 s ostatn\u00fdmi. Mohol p\u00edsa\u0165 \u010dl\u00e1nky \u2013 ve\u010f mu to s perom o\u010dividne i\u0161lo \u2013 kritiku vl\u00e1dy, koment\u00e1re, glosy\u2026 Mohol pokojnou, demokratickou cestou necha\u0165 znie\u0165&hellip;","_links":{"self":[{"href":"https:\/\/www.antikvar.sk\/blog\/wp-json\/wp\/v2\/posts\/11437","targetHints":{"allow":["GET"]}}],"collection":[{"href":"https:\/\/www.antikvar.sk\/blog\/wp-json\/wp\/v2\/posts"}],"about":[{"href":"https:\/\/www.antikvar.sk\/blog\/wp-json\/wp\/v2\/types\/post"}],"author":[{"embeddable":true,"href":"https:\/\/www.antikvar.sk\/blog\/wp-json\/wp\/v2\/users\/1"}],"replies":[{"embeddable":true,"href":"https:\/\/www.antikvar.sk\/blog\/wp-json\/wp\/v2\/comments?post=11437"}],"version-history":[{"count":0,"href":"https:\/\/www.antikvar.sk\/blog\/wp-json\/wp\/v2\/posts\/11437\/revisions"}],"wp:attachment":[{"href":"https:\/\/www.antikvar.sk\/blog\/wp-json\/wp\/v2\/media?parent=11437"}],"wp:term":[{"taxonomy":"category","embeddable":true,"href":"https:\/\/www.antikvar.sk\/blog\/wp-json\/wp\/v2\/categories?post=11437"},{"taxonomy":"post_tag","embeddable":true,"href":"https:\/\/www.antikvar.sk\/blog\/wp-json\/wp\/v2\/tags?post=11437"}],"curies":[{"name":"wp","href":"https:\/\/api.w.org\/{rel}","templated":true}]}}