{"id":10718,"date":"2024-02-01T14:10:39","date_gmt":"2024-02-01T13:10:39","guid":{"rendered":"https:\/\/www.antikvar.sk\/blog\/?p=10718"},"modified":"2024-02-07T14:10:10","modified_gmt":"2024-02-07T13:10:10","slug":"progresivne-riesenia-iii-fejton","status":"publish","type":"post","link":"https:\/\/www.antikvar.sk\/blog\/progresivne-riesenia-iii-fejton\/","title":{"rendered":"Progres\u00edvne rie\u0161enia III &#8211; fejt\u00f3n"},"content":{"rendered":"<div class=\"col-12 col-md-7\">\n<div class=\"row q-col-gutter-md\">\n<div class=\"col-12 text-left\">\n<div>&nbsp;<\/div>\n<div><span style=\"font-size: 14pt;\"><a href=\"https:\/\/podnety.petrzalka.sk\/podnet\/1074\" target=\"_blank\" rel=\"noopener\">&#8222;(17. 01. 2024) &#8211; Dobr\u00fd de\u0148. Na ulici Blagoevova &#8211; najm\u00e4 zo strany gar\u00e1\u017e\u00ed je ne\u00fanosna situ\u00e1cia pri parkovan\u00ed, sp\u00f4soben\u00e1 ve\u013ek\u00fdm k\u0155d\u013eom havranov, ktor\u00ed svojim trusom po\u0161kodzuj\u00fa zaparkovan\u00e9 vozidl\u00e1 a ohrozuj\u00fa \u013eud\u00ed.&#8220;, <\/a><\/span><span style=\"font-size: 14pt;\">s\u0165a\u017eoval sa na str\u00e1nke starostu Petr\u017ealky m\u00f4j sused. Nepreh\u00e1\u0148al to aj&nbsp; s t\u00fdm ohrozovan\u00edm \u013eud\u00ed. Na moju dc\u00e9ru za\u00fato\u010dila vrana, len, len sa jej ubr\u00e1nila.&nbsp; Pr\u00ed\u010dinou bola ur\u010dite fenka Lara, ktor\u00fa ven\u010dila. Najprv sa vrhla na ps\u00edka a ke\u010f ju pani\u010dka chcela odohna\u0165, vrhla sa jej priamo na tv\u00e1r. S fenkou Jack Russella i\u0161la&nbsp; po frekventovanom chodn\u00edku, nie niekde pod stromom, kde mohla ma\u0165 vrana hniezdo.&nbsp; Ke\u010f mi to popisovala, bola to hotov\u00e1 sc\u00e9na do hororu Ft\u00e1ci II.&nbsp;<strong> Ft\u00e1ci<\/strong> nie <strong>Fauci<\/strong>, aby si to n\u00e1hodou niekto nepoplietol, ten sme za\u017eili a ur\u010dite bude sfilmovan\u00fd. U\u017e m\u00e1m aj tip na hlavn\u00e9ho predstavite\u013ea &#8211;&nbsp; protagonistu filmu<a href=\"https:\/\/www.csfd.sk\/film\/7232-smrtiaca-epidemia\/prehlad\/\" target=\"_blank\" rel=\"noopener\"> Smrtiaca epid\u00e9mia<\/a>. V \u0148om gener\u00e1li navrhli zlikvidovanie mesta s infekciou zhoden\u00edm at\u00f3movej bomby. U n\u00e1s sme &#8222;at\u00f3mofku&#8220; tie\u017e za\u017eili po\u010das <a href=\"https:\/\/www.antikvar.sk\/blog\/ockovanie-genocida-prokuratura\/\" target=\"_blank\" rel=\"noopener\">Matovi\u010dovho boja s covidom.<\/a> Na\u0161\u0165astie sme ako pam\u00e4tn\u00edci niektor\u00ed pre\u017eili.<br \/>\n<\/span><\/div>\n<div>&nbsp;<\/div>\n<div><span style=\"font-size: 14pt;\">O mimoriadnej inteligencii vr\u00e1n sved\u010d\u00ed napr\u00edklad fakt, \u017ee na rozb\u00edjanie orechov pou\u017e\u00edvaj\u00fa koles\u00e1 \u00e1ut. Ke\u010f \u017eiadne v bl\u00edzkosti nie je, nev\u00e1haj\u00fa chodcovi hodi\u0165 pod nohy orech. Mne vrana, ktor\u00e1 striehla na strome s orechom v zob\u00e1ku, orech pod nohy nechcela&nbsp; hodi\u0165. \u010cudoval som sa. Ke\u010f som po\u010dul, ako za mnou typicky orechovo \u0165uklo o chodn\u00edk&nbsp; a oto\u010dil som sa, uvidel som za sebou d\u00e1mu, ktor\u00e1 bola asi 2x \u0165a\u017e\u0161ia ako ja. Mudra vrana p<\/span><span style=\"font-size: 14pt;\">resne odhadla moju mu\u0161iu v\u00e1hu a to, \u017ee by som jej orech zjedol. &nbsp; <\/span><\/div>\n<div><span style=\"font-size: 14pt;\">No, to sme ale odbo\u010dili.<\/span><\/div>\n<div>&nbsp;<\/div>\n<\/div>\n<\/div>\n<\/div>\n<div><span style=\"font-size: 14pt;\"><strong>Refer\u00e1t \u017eivotn\u00e9ho prostredia Petr\u017ealky nezav\u00e1hal a odpovedal:<\/strong><\/span><\/div>\n<div><span style=\"font-size: 14pt;\"><em>&#8222;Dobr\u00fd de\u0148, posielame stanovisko refer\u00e1tu \u017eivotn\u00e9ho prostredia: V zmysle Zoznamu chr\u00e1nen\u00fdch \u017eivo\u010d\u00edchov, ktor\u00fd tvor\u00ed pr\u00edlohu \u010d. 5 vyhl\u00e1\u0161ky M\u017dP SR \u010d. 170\/2021, ktorou sa vykon\u00e1va z\u00e1kon \u010d. 543\/2002 Z. z. o ochrane pr\u00edrody a krajiny v znen\u00ed neskor\u0161\u00edch predpisov s\u00fa vrana \u010dierna a havran \u010dierny chr\u00e1nen\u00e9 \u017eivo\u010d\u00edchy. Pod\u013ea z\u00e1kona o ochrane pr\u00edrody \u00a7 35 ods. 2 je zak\u00e1zan\u00e9: &#8211; zbiera\u0165 alebo \u00famyselne po\u0161kodzova\u0165 alebo ni\u010di\u0165 vajcia chr\u00e1nen\u00e9ho \u017eivo\u010d\u00edcha v jeho prirodzenom are\u00e1li vo vo\u013enej pr\u00edrode alebo dr\u017ea\u0165 ich vr\u00e1tane pr\u00e1zdnych vajec, &#8211; odstra\u0148ova\u0165 alebo \u00famyselne po\u0161kodzova\u0165 alebo ni\u010di\u0165 hniezda chr\u00e1nen\u00e9ho \u017eivo\u010d\u00edcha v jeho prirodzenom are\u00e1li, &#8211; po\u0161kodzova\u0165 alebo ni\u010di\u0165 miesta rozmno\u017eovania alebo miesta odpo\u010dinku chr\u00e1nen\u00e9ho \u017eivo\u010d\u00edcha v jeho prirodzenom are\u00e1li. Pri bytovom dome sa kol\u00f3nie havranov m\u00f4\u017eu zhroma\u017e\u010fova\u0165 najm\u00e4 vtedy, ke\u010f h\u013eadaj\u00fa miesto s potravou, napr. vo\u013ene pr\u00edstupn\u00e9 odpadky alebo prikrmovanie zo strany obyvate\u013eov. Na z\u00e1klade ter\u00e9nnej obhliadky d\u0148a 23.1.2024 nebolo zisten\u00e9 premno\u017eenie havranov. V \u010dase obhliadky na danom mieste a v jeho okol\u00ed sa \u017eiadne havrany nenach\u00e1dzali. Aut\u00e1 z fotografi\u00ed v podnete, ktor\u00e9 boli extr\u00e9mne zne\u010disten\u00e9 od trusu vt\u00e1kov sa nach\u00e1dzali v \u010da,se obhliadky na tom istom mieste ako na fotografi\u00e1ch v podnete. Z toho mo\u017eno tvrdi\u0165, \u017ee aut\u00e1 s\u00fa dlhodobo odstaven\u00e9 (bez jazdy, um\u00fdvania) na tom istom mieste a s\u00fa dlhodobo zne\u010dis\u0165ovan\u00e9 trusom vt\u00e1kov, \u010do nie je d\u00f4kazom premno\u017eenia havranov. V \u010dase obhliadky sa na niektor\u00fdch aut\u00e1ch nach\u00e1dzal trus od vt\u00e1kov (1 \u2013 2 trusy; vi\u010f fotografia vyhotoven\u00e1 po\u010das obhliadky 23.1.2024), pri\u010dom tak\u00e1to situ\u00e1cia sa m\u00f4\u017ee sta\u0165 pod ak\u00fdmko\u013evek stromom od ak\u00e9hoko\u013evek druhu vt\u00e1kov. V podnete sa spom\u00edna ohrozovanie \u013eud\u00ed, av\u0161ak nie s\u00fa moment\u00e1lne \u017eiadne hl\u00e1senia o prenose chor\u00f4b z havranov na \u010dloveka, z tohto d\u00f4vodu teda nie je d\u00f4vod vyd\u00e1va\u0165 opatrenia na ich pla\u0161enie alebo in\u00e9 v\u00e1\u017enej\u0161ie opatrenia<sup class=\"modern-footnotes-footnote \" data-mfn=\"1\" data-mfn-post-scope=\"0000000060087a8200000000203af863_10718\"><a href=\"javascript:void(0)\"  title=\"Toto mi nie\u010do pripomenulo, viac v Progres\u00edvne rie\u0161enia I\"  role=\"button\" aria-pressed=\"false\" aria-describedby=\"mfn-content-0000000060087a8200000000203af863_10718-1\">1<\/a><\/sup><span id=\"mfn-content-0000000060087a8200000000203af863_10718-1\" role=\"tooltip\" class=\"modern-footnotes-footnote__note\" tabindex=\"0\" data-mfn=\"1\">Toto mi nie\u010do pripomenulo, viac v Progres\u00edvne rie\u0161enia I<\/span>. \u010eakujeme za porozumenie.&#8220;<\/em><\/span><\/div>\n<div>\n<div class=\"q-carousel q-panel-parent q-carousel--without-padding fullscreenoff\" data-v-2183ee16=\"\">\n<div class=\"q-carousel__slides-container\">\n<div class=\"q-panel scroll\" role=\"tabpanel\">\n<div data-v-2183ee16=\"\">&nbsp;<\/div>\n<div class=\"q-carousel__slide\" data-v-2183ee16=\"\"><span style=\"font-size: 14pt;\"><strong>Samozrejme suseda som musel podpori\u0165<sup class=\"modern-footnotes-footnote \" data-mfn=\"2\" data-mfn-post-scope=\"0000000060087a8200000000203af863_10718\"><a href=\"javascript:void(0)\"  title=\"Odpove\u010f refer\u00e1tu \u017e.p. som prevent\u00edvne ne\u010d\u00edtal, aby moja reakcia a tento fejt\u00f3n nemali 10 str\u00e1n, stru\u010dne mi problematiku pribl\u00ed\u017eil sused predv\u010derom pri pive\"  role=\"button\" aria-pressed=\"false\" aria-describedby=\"mfn-content-0000000060087a8200000000203af863_10718-2\">2<\/a><\/sup><span id=\"mfn-content-0000000060087a8200000000203af863_10718-2\" role=\"tooltip\" class=\"modern-footnotes-footnote__note\" tabindex=\"0\" data-mfn=\"2\">Odpove\u010f refer\u00e1tu \u017e.p. som prevent\u00edvne ne\u010d\u00edtal, aby moja reakcia a tento fejt\u00f3n nemali 10 str\u00e1n, stru\u010dne mi problematiku pribl\u00ed\u017eil sused predv\u010derom pri pive<\/span>:<\/strong><\/span><\/div>\n<\/div>\n<\/div>\n<\/div>\n<\/div>\n<p><span style=\"font-size: 14pt;\"><em>&#8222;Prid\u00e1vam sa k podnetu. Viem, \u017ee vrany, havrany a straky s\u00fa chr\u00e1nen\u00e9, ale aj keby neboli, treba k nim pristupova\u0165 ako k v\u0161etk\u00e9mu \u017eiv\u00e9mu. Ich inteligencia a schopnos\u0165 prisp\u00f4sobi\u0165 sa sp\u00f4sobili ich premno\u017eenie a n\u00e1sledn\u00fd \u00fabytok ostatn\u00fdch spevavcov. Ke\u010f som sa nas\u0165ahoval do Petr\u017ealky, boli tu s\u00fdkorky, vrabce, drozdy. Teraz ich havranovit\u00e9 vt\u00e1ky vytla\u010dili. Nepozn\u00e1m \u0161t\u00fadiu, ktor\u00e1 by sa t\u00fdmto probl\u00e9mom zaoberala. Pre ochran\u00e1rov bude zrejme neprijate\u013en\u00e1 redukcia ich po\u010dtu, ale by sa mali zauj\u00edma\u0165 o ochranu ostatn\u00fdch spevavcov, ktor\u00e9 havranovit\u00e9 vt\u00e1ky likviduj\u00fa. Preto v z\u00e1ujme ochrany napr. s\u00fdkoriek, drozdov a vrabcov by mohli n\u00e1js\u0165 rie\u0161enie. S\u00fa\u010dasne by prispeli k vyrie\u0161eniu probl\u00e9mu majite\u013eov \u00e1ut.<\/em><\/span><\/p>\n<p><span style=\"font-size: 14pt;\"><em>Trochu ironicky dopln\u00edm svoju reakciu na podnet: V \u010c\u00edne svojho \u010dasu rie\u0161ili probl\u00e9m s vrabcami, ktor\u00ed sp\u00f4sobovali po\u010das Kult\u00farnej revol\u00facie \u0161kody na obil\u00ed, ich pla\u0161en\u00edm. Mili\u00f3ny \u010c\u00ed\u0148anov vy\u0161li do pol\u00ed s gongmi a s in\u00fdmi n\u00e1strojmi vyd\u00e1vaj\u00facimi poriadny hluk. \u010co tak zapoji\u0165 na\u0161ich petr\u017ealsk\u00fdch d\u00f4chodcov a psi\u010dk\u00e1rov? Na ka\u017ed\u00fd strom, kde s\u00eddlia vrany treba upevni\u0165 zvon\u010dek, pri prech\u00e1dzke alebo ven\u010den\u00ed by sta\u010dilo potiahnu\u0165 za ozna\u010den\u00fd a led lampou osvetlen\u00fd mot\u00faz ved\u00faci k zvon\u010deku (vrany vyu\u017e\u00edvaj\u00fa stromy nad autami na odpo\u010dinok v noci, nie cez \u00faradn\u00e9 hodiny). V \u010dase progres\u00edvnych rie\u0161en\u00ed, by sa dalo vymyslie\u0165 vhodn\u00e9 smart pla\u0161enie vr\u00e1n. Len, aby to nedopadlo ako v mnoh\u00fdch <a href=\"https:\/\/www.antikvar.sk\/blog\/progresivne-riesenia-fejton\/\" target=\"_blank\" rel=\"noopener\">in\u00fdch progres\u00edvnych bratislavsk\u00fdch rie\u0161eniach<\/a> tak, \u017ee spolu s vranami bud\u00fa odlieta\u0165 zo svojich okolit\u00fdch bytov aj obyvatelia Petr\u017ealky. Preto to treba riadne premyslie\u0165.&#8220;<\/em><\/span><\/p>\n<p><span style=\"font-size: 14pt;\">Nie som iba teoretik, preto som bol m\u00f4j smart pla\u0161i\u010d vr\u00e1n ostestova\u0165 v praxi, s\u00edce nie zvonen\u00edm, ale poklepan\u00edm na strom. To ste mali vidie\u0165 t\u00fa reakciu. Rad\u0161ej som sa be\u017eal domov, nechcel som dopadn\u00fa\u0165 ako dc\u00e9ra, Alfr\u00e9da Hitchcocka&nbsp; m\u00e1m v \u017eivej pam\u00e4ti.<\/span><\/p>\n<p><img loading=\"lazy\" decoding=\"async\" class=\"alignnone size-medium wp-image-10742\" src=\"https:\/\/www.antikvar.sk\/blog\/wp-content\/uploads\/2024\/02\/alfred-hitchcock-vtaci-horor-08963391-300x212.png\" alt=\"\" width=\"300\" height=\"212\" srcset=\"https:\/\/www.antikvar.sk\/blog\/wp-content\/uploads\/2024\/02\/alfred-hitchcock-vtaci-horor-08963391-300x212.png 300w, https:\/\/www.antikvar.sk\/blog\/wp-content\/uploads\/2024\/02\/alfred-hitchcock-vtaci-horor-08963391-768x541.png 768w, https:\/\/www.antikvar.sk\/blog\/wp-content\/uploads\/2024\/02\/alfred-hitchcock-vtaci-horor-08963391.png 1000w\" sizes=\"auto, (max-width: 300px) 100vw, 300px\" \/><\/p>\n<p><strong><span style=\"font-size: 14pt;\">Zdroj<\/span><\/strong><\/p>\n<p><span style=\"font-size: 14pt;\">https:\/\/podnety.petrzalka.sk\/podnet\/1074<\/span><\/p>\n<p><span style=\"font-size: 14pt;\">Pozri tie\u017e Progres\u00edvne rie\u0161enia I.<\/span><\/p>\n<p><a href=\"https:\/\/www.antikvar.sk\/blog\/progresivne-riesenia-fejton\/\" target=\"_blank\" rel=\"noopener\"><span style=\"font-size: 14pt;\">https:\/\/www.antikvar.sk\/blog\/progresivne-riesenia-fejton\/<\/span><\/a><\/p>\n<p>&nbsp;<\/p>\n<h5 class=\"modern-footnotes-list-heading \">POZN\u00c1MKY<\/h5><ul class=\"modern-footnotes-list \"><li><span>1<\/span><div>Toto mi nie\u010do pripomenulo, viac v Progres\u00edvne rie\u0161enia I<\/div><\/li><li><span>2<\/span><div>Odpove\u010f refer\u00e1tu \u017e.p. som prevent\u00edvne ne\u010d\u00edtal, aby moja reakcia a tento fejt\u00f3n nemali 10 str\u00e1n, stru\u010dne mi problematiku pribl\u00ed\u017eil sused predv\u010derom pri pive<\/div><\/li><\/ul>","protected":false},"excerpt":{"rendered":"<p>&nbsp; &#8222;(17. 01. 2024) &#8211; Dobr\u00fd de\u0148. Na ulici Blagoevova &#8211; najm\u00e4 zo strany gar\u00e1\u017e\u00ed je ne\u00fanosna situ\u00e1cia pri parkovan\u00ed, sp\u00f4soben\u00e1 ve\u013ek\u00fdm k\u0155d\u013eom havranov, ktor\u00ed svojim trusom po\u0161kodzuj\u00fa zaparkovan\u00e9 vozidl\u00e1 a ohrozuj\u00fa \u013eud\u00ed.&#8220;, s\u0165a\u017eoval sa na str\u00e1nke starostu Petr\u017ealky m\u00f4j sused. Nepreh\u00e1\u0148al to aj&nbsp; s t\u00fdm ohrozovan\u00edm \u013eud\u00ed. Na moju dc\u00e9ru za\u00fato\u010dila vrana, len, len [&hellip;]<\/p>\n","protected":false},"author":1,"featured_media":10720,"comment_status":"open","ping_status":"open","sticky":false,"template":"","format":"standard","meta":{"_uag_custom_page_level_css":"","site-sidebar-layout":"default","site-content-layout":"","ast-site-content-layout":"default","site-content-style":"default","site-sidebar-style":"default","ast-global-header-display":"","ast-banner-title-visibility":"","ast-main-header-display":"","ast-hfb-above-header-display":"","ast-hfb-below-header-display":"","ast-hfb-mobile-header-display":"","site-post-title":"","ast-breadcrumbs-content":"","ast-featured-img":"","footer-sml-layout":"","ast-disable-related-posts":"","theme-transparent-header-meta":"default","adv-header-id-meta":"","stick-header-meta":"","header-above-stick-meta":"","header-main-stick-meta":"","header-below-stick-meta":"","astra-migrate-meta-layouts":"set","ast-page-background-enabled":"default","ast-page-background-meta":{"desktop":{"background-color":"","background-image":"","background-repeat":"repeat","background-position":"center center","background-size":"auto","background-attachment":"scroll","background-type":"","background-media":"","overlay-type":"","overlay-color":"","overlay-opacity":"","overlay-gradient":""},"tablet":{"background-color":"","background-image":"","background-repeat":"repeat","background-position":"center center","background-size":"auto","background-attachment":"scroll","background-type":"","background-media":"","overlay-type":"","overlay-color":"","overlay-opacity":"","overlay-gradient":""},"mobile":{"background-color":"","background-image":"","background-repeat":"repeat","background-position":"center center","background-size":"auto","background-attachment":"scroll","background-type":"","background-media":"","overlay-type":"","overlay-color":"","overlay-opacity":"","overlay-gradient":""}},"ast-content-background-meta":{"desktop":{"background-color":"var(--ast-global-color-5)","background-image":"","background-repeat":"repeat","background-position":"center center","background-size":"auto","background-attachment":"scroll","background-type":"","background-media":"","overlay-type":"","overlay-color":"","overlay-opacity":"","overlay-gradient":""},"tablet":{"background-color":"var(--ast-global-color-5)","background-image":"","background-repeat":"repeat","background-position":"center center","background-size":"auto","background-attachment":"scroll","background-type":"","background-media":"","overlay-type":"","overlay-color":"","overlay-opacity":"","overlay-gradient":""},"mobile":{"background-color":"var(--ast-global-color-5)","background-image":"","background-repeat":"repeat","background-position":"center center","background-size":"auto","background-attachment":"scroll","background-type":"","background-media":"","overlay-type":"","overlay-color":"","overlay-opacity":"","overlay-gradient":""}},"ngg_post_thumbnail":0,"footnotes":""},"categories":[1,6],"tags":[386],"class_list":["post-10718","post","type-post","status-publish","format-standard","has-post-thumbnail","hentry","category-postrehy-uvahy-aktualne","category-fejtony","tag-vrany"],"yoast_head":"<!-- This site is optimized with the Yoast SEO plugin v27.5 - https:\/\/yoast.com\/product\/yoast-seo-wordpress\/ -->\n<title>Progres\u00edvne rie\u0161enia III - fejt\u00f3n - DOMOVINA<\/title>\n<meta name=\"robots\" content=\"index, follow, max-snippet:-1, max-image-preview:large, max-video-preview:-1\" \/>\n<link rel=\"canonical\" href=\"https:\/\/www.antikvar.sk\/blog\/progresivne-riesenia-iii-fejton\/\" \/>\n<meta property=\"og:locale\" content=\"sk_SK\" \/>\n<meta property=\"og:type\" content=\"article\" \/>\n<meta property=\"og:title\" content=\"Progres\u00edvne rie\u0161enia III - fejt\u00f3n - DOMOVINA\" \/>\n<meta property=\"og:description\" content=\"&nbsp; &#8222;(17. 01. 2024) &#8211; Dobr\u00fd de\u0148. Na ulici Blagoevova &#8211; najm\u00e4 zo strany gar\u00e1\u017e\u00ed je ne\u00fanosna situ\u00e1cia pri parkovan\u00ed, sp\u00f4soben\u00e1 ve\u013ek\u00fdm k\u0155d\u013eom havranov, ktor\u00ed svojim trusom po\u0161kodzuj\u00fa zaparkovan\u00e9 vozidl\u00e1 a ohrozuj\u00fa \u013eud\u00ed.&#8220;, s\u0165a\u017eoval sa na str\u00e1nke starostu Petr\u017ealky m\u00f4j sused. Nepreh\u00e1\u0148al to aj&nbsp; s t\u00fdm ohrozovan\u00edm \u013eud\u00ed. Na moju dc\u00e9ru za\u00fato\u010dila vrana, len, len [&hellip;]\" \/>\n<meta property=\"og:url\" content=\"https:\/\/www.antikvar.sk\/blog\/progresivne-riesenia-iii-fejton\/\" \/>\n<meta property=\"og:site_name\" content=\"DOMOVINA\" \/>\n<meta property=\"article:published_time\" content=\"2024-02-01T13:10:39+00:00\" \/>\n<meta property=\"article:modified_time\" content=\"2024-02-07T13:10:10+00:00\" \/>\n<meta property=\"og:image\" content=\"https:\/\/www.antikvar.sk\/blog\/wp-content\/uploads\/2024\/02\/Xe6wP5J1JSzZ82uyJWwYyJfoFRWoFOVeHhzGqnQw-scaled.jpg\" \/>\n\t<meta property=\"og:image:width\" content=\"2560\" \/>\n\t<meta property=\"og:image:height\" content=\"1920\" \/>\n\t<meta property=\"og:image:type\" content=\"image\/jpeg\" \/>\n<meta name=\"author\" content=\"jaropoky\" \/>\n<meta name=\"twitter:card\" content=\"summary_large_image\" \/>\n<meta name=\"twitter:label1\" content=\"Autor\" \/>\n\t<meta name=\"twitter:data1\" content=\"jaropoky\" \/>\n\t<meta name=\"twitter:label2\" content=\"Predpokladan\u00fd \u010das \u010d\u00edtania\" \/>\n\t<meta name=\"twitter:data2\" content=\"6 min\u00fat\" \/>\n<script type=\"application\/ld+json\" class=\"yoast-schema-graph\">{\"@context\":\"https:\\\/\\\/schema.org\",\"@graph\":[{\"@type\":\"Article\",\"@id\":\"https:\\\/\\\/www.antikvar.sk\\\/blog\\\/progresivne-riesenia-iii-fejton\\\/#article\",\"isPartOf\":{\"@id\":\"https:\\\/\\\/www.antikvar.sk\\\/blog\\\/progresivne-riesenia-iii-fejton\\\/\"},\"author\":{\"name\":\"jaropoky\",\"@id\":\"https:\\\/\\\/www.antikvar.sk\\\/blog\\\/#\\\/schema\\\/person\\\/960f1c7c0f38d050499287d3a7924469\"},\"headline\":\"Progres\u00edvne rie\u0161enia III &#8211; fejt\u00f3n\",\"datePublished\":\"2024-02-01T13:10:39+00:00\",\"dateModified\":\"2024-02-07T13:10:10+00:00\",\"mainEntityOfPage\":{\"@id\":\"https:\\\/\\\/www.antikvar.sk\\\/blog\\\/progresivne-riesenia-iii-fejton\\\/\"},\"wordCount\":1152,\"commentCount\":0,\"publisher\":{\"@id\":\"https:\\\/\\\/www.antikvar.sk\\\/blog\\\/#\\\/schema\\\/person\\\/960f1c7c0f38d050499287d3a7924469\"},\"image\":{\"@id\":\"https:\\\/\\\/www.antikvar.sk\\\/blog\\\/progresivne-riesenia-iii-fejton\\\/#primaryimage\"},\"thumbnailUrl\":\"https:\\\/\\\/www.antikvar.sk\\\/blog\\\/wp-content\\\/uploads\\\/2024\\\/02\\\/Xe6wP5J1JSzZ82uyJWwYyJfoFRWoFOVeHhzGqnQw-scaled.jpg\",\"keywords\":[\"vrany\"],\"articleSection\":[\"Aktu\u00e1lne postrehy a \u00favahy\",\"Fejt\u00f3ny\"],\"inLanguage\":\"sk-SK\",\"potentialAction\":[{\"@type\":\"CommentAction\",\"name\":\"Comment\",\"target\":[\"https:\\\/\\\/www.antikvar.sk\\\/blog\\\/progresivne-riesenia-iii-fejton\\\/#respond\"]}]},{\"@type\":\"WebPage\",\"@id\":\"https:\\\/\\\/www.antikvar.sk\\\/blog\\\/progresivne-riesenia-iii-fejton\\\/\",\"url\":\"https:\\\/\\\/www.antikvar.sk\\\/blog\\\/progresivne-riesenia-iii-fejton\\\/\",\"name\":\"Progres\u00edvne rie\u0161enia III - fejt\u00f3n - DOMOVINA\",\"isPartOf\":{\"@id\":\"https:\\\/\\\/www.antikvar.sk\\\/blog\\\/#website\"},\"primaryImageOfPage\":{\"@id\":\"https:\\\/\\\/www.antikvar.sk\\\/blog\\\/progresivne-riesenia-iii-fejton\\\/#primaryimage\"},\"image\":{\"@id\":\"https:\\\/\\\/www.antikvar.sk\\\/blog\\\/progresivne-riesenia-iii-fejton\\\/#primaryimage\"},\"thumbnailUrl\":\"https:\\\/\\\/www.antikvar.sk\\\/blog\\\/wp-content\\\/uploads\\\/2024\\\/02\\\/Xe6wP5J1JSzZ82uyJWwYyJfoFRWoFOVeHhzGqnQw-scaled.jpg\",\"datePublished\":\"2024-02-01T13:10:39+00:00\",\"dateModified\":\"2024-02-07T13:10:10+00:00\",\"breadcrumb\":{\"@id\":\"https:\\\/\\\/www.antikvar.sk\\\/blog\\\/progresivne-riesenia-iii-fejton\\\/#breadcrumb\"},\"inLanguage\":\"sk-SK\",\"potentialAction\":[{\"@type\":\"ReadAction\",\"target\":[\"https:\\\/\\\/www.antikvar.sk\\\/blog\\\/progresivne-riesenia-iii-fejton\\\/\"]}]},{\"@type\":\"ImageObject\",\"inLanguage\":\"sk-SK\",\"@id\":\"https:\\\/\\\/www.antikvar.sk\\\/blog\\\/progresivne-riesenia-iii-fejton\\\/#primaryimage\",\"url\":\"https:\\\/\\\/www.antikvar.sk\\\/blog\\\/wp-content\\\/uploads\\\/2024\\\/02\\\/Xe6wP5J1JSzZ82uyJWwYyJfoFRWoFOVeHhzGqnQw-scaled.jpg\",\"contentUrl\":\"https:\\\/\\\/www.antikvar.sk\\\/blog\\\/wp-content\\\/uploads\\\/2024\\\/02\\\/Xe6wP5J1JSzZ82uyJWwYyJfoFRWoFOVeHhzGqnQw-scaled.jpg\",\"width\":2560,\"height\":1920},{\"@type\":\"BreadcrumbList\",\"@id\":\"https:\\\/\\\/www.antikvar.sk\\\/blog\\\/progresivne-riesenia-iii-fejton\\\/#breadcrumb\",\"itemListElement\":[{\"@type\":\"ListItem\",\"position\":1,\"name\":\"Domovsk\u00e1 str\u00e1nka\",\"item\":\"https:\\\/\\\/www.antikvar.sk\\\/blog\\\/\"},{\"@type\":\"ListItem\",\"position\":2,\"name\":\"Progres\u00edvne rie\u0161enia III &#8211; fejt\u00f3n\"}]},{\"@type\":\"WebSite\",\"@id\":\"https:\\\/\\\/www.antikvar.sk\\\/blog\\\/#website\",\"url\":\"https:\\\/\\\/www.antikvar.sk\\\/blog\\\/\",\"name\":\"DOMOVINA\",\"description\":\"Nezabudnite na svoje rodisko, bez neho je len do pekla schodisko\",\"publisher\":{\"@id\":\"https:\\\/\\\/www.antikvar.sk\\\/blog\\\/#\\\/schema\\\/person\\\/960f1c7c0f38d050499287d3a7924469\"},\"potentialAction\":[{\"@type\":\"SearchAction\",\"target\":{\"@type\":\"EntryPoint\",\"urlTemplate\":\"https:\\\/\\\/www.antikvar.sk\\\/blog\\\/?s={search_term_string}\"},\"query-input\":{\"@type\":\"PropertyValueSpecification\",\"valueRequired\":true,\"valueName\":\"search_term_string\"}}],\"inLanguage\":\"sk-SK\"},{\"@type\":[\"Person\",\"Organization\"],\"@id\":\"https:\\\/\\\/www.antikvar.sk\\\/blog\\\/#\\\/schema\\\/person\\\/960f1c7c0f38d050499287d3a7924469\",\"name\":\"jaropoky\",\"image\":{\"@type\":\"ImageObject\",\"inLanguage\":\"sk-SK\",\"@id\":\"https:\\\/\\\/www.antikvar.sk\\\/blog\\\/wp-content\\\/uploads\\\/2021\\\/04\\\/cropped-cropped-KoreszkaWEB-2.jpg\",\"url\":\"https:\\\/\\\/www.antikvar.sk\\\/blog\\\/wp-content\\\/uploads\\\/2021\\\/04\\\/cropped-cropped-KoreszkaWEB-2.jpg\",\"contentUrl\":\"https:\\\/\\\/www.antikvar.sk\\\/blog\\\/wp-content\\\/uploads\\\/2021\\\/04\\\/cropped-cropped-KoreszkaWEB-2.jpg\",\"width\":863,\"height\":597,\"caption\":\"jaropoky\"},\"logo\":{\"@id\":\"https:\\\/\\\/www.antikvar.sk\\\/blog\\\/wp-content\\\/uploads\\\/2021\\\/04\\\/cropped-cropped-KoreszkaWEB-2.jpg\"},\"description\":\"Zauj\u00edma sa o filozofiu, umenie, pr\u00edrodu a alternat\u00edvnu medic\u00ednu. Bol vedeck\u00fd pracovn\u00edk a \u0161t\u00e1tny zamestnanec, teraz je na d\u00f4chodku.\",\"sameAs\":[\"http:\\\/\\\/www.antikvar.sk\\\/blog\"],\"url\":\"https:\\\/\\\/www.antikvar.sk\\\/blog\\\/author\\\/jaro\\\/\"}]}<\/script>\n<!-- \/ Yoast SEO plugin. -->","yoast_head_json":{"title":"Progres\u00edvne rie\u0161enia III - fejt\u00f3n - DOMOVINA","robots":{"index":"index","follow":"follow","max-snippet":"max-snippet:-1","max-image-preview":"max-image-preview:large","max-video-preview":"max-video-preview:-1"},"canonical":"https:\/\/www.antikvar.sk\/blog\/progresivne-riesenia-iii-fejton\/","og_locale":"sk_SK","og_type":"article","og_title":"Progres\u00edvne rie\u0161enia III - fejt\u00f3n - DOMOVINA","og_description":"&nbsp; &#8222;(17. 01. 2024) &#8211; Dobr\u00fd de\u0148. Na ulici Blagoevova &#8211; najm\u00e4 zo strany gar\u00e1\u017e\u00ed je ne\u00fanosna situ\u00e1cia pri parkovan\u00ed, sp\u00f4soben\u00e1 ve\u013ek\u00fdm k\u0155d\u013eom havranov, ktor\u00ed svojim trusom po\u0161kodzuj\u00fa zaparkovan\u00e9 vozidl\u00e1 a ohrozuj\u00fa \u013eud\u00ed.&#8220;, s\u0165a\u017eoval sa na str\u00e1nke starostu Petr\u017ealky m\u00f4j sused. Nepreh\u00e1\u0148al to aj&nbsp; s t\u00fdm ohrozovan\u00edm \u013eud\u00ed. Na moju dc\u00e9ru za\u00fato\u010dila vrana, len, len [&hellip;]","og_url":"https:\/\/www.antikvar.sk\/blog\/progresivne-riesenia-iii-fejton\/","og_site_name":"DOMOVINA","article_published_time":"2024-02-01T13:10:39+00:00","article_modified_time":"2024-02-07T13:10:10+00:00","og_image":[{"width":2560,"height":1920,"url":"https:\/\/www.antikvar.sk\/blog\/wp-content\/uploads\/2024\/02\/Xe6wP5J1JSzZ82uyJWwYyJfoFRWoFOVeHhzGqnQw-scaled.jpg","type":"image\/jpeg"}],"author":"jaropoky","twitter_card":"summary_large_image","twitter_misc":{"Autor":"jaropoky","Predpokladan\u00fd \u010das \u010d\u00edtania":"6 min\u00fat"},"schema":{"@context":"https:\/\/schema.org","@graph":[{"@type":"Article","@id":"https:\/\/www.antikvar.sk\/blog\/progresivne-riesenia-iii-fejton\/#article","isPartOf":{"@id":"https:\/\/www.antikvar.sk\/blog\/progresivne-riesenia-iii-fejton\/"},"author":{"name":"jaropoky","@id":"https:\/\/www.antikvar.sk\/blog\/#\/schema\/person\/960f1c7c0f38d050499287d3a7924469"},"headline":"Progres\u00edvne rie\u0161enia III &#8211; fejt\u00f3n","datePublished":"2024-02-01T13:10:39+00:00","dateModified":"2024-02-07T13:10:10+00:00","mainEntityOfPage":{"@id":"https:\/\/www.antikvar.sk\/blog\/progresivne-riesenia-iii-fejton\/"},"wordCount":1152,"commentCount":0,"publisher":{"@id":"https:\/\/www.antikvar.sk\/blog\/#\/schema\/person\/960f1c7c0f38d050499287d3a7924469"},"image":{"@id":"https:\/\/www.antikvar.sk\/blog\/progresivne-riesenia-iii-fejton\/#primaryimage"},"thumbnailUrl":"https:\/\/www.antikvar.sk\/blog\/wp-content\/uploads\/2024\/02\/Xe6wP5J1JSzZ82uyJWwYyJfoFRWoFOVeHhzGqnQw-scaled.jpg","keywords":["vrany"],"articleSection":["Aktu\u00e1lne postrehy a \u00favahy","Fejt\u00f3ny"],"inLanguage":"sk-SK","potentialAction":[{"@type":"CommentAction","name":"Comment","target":["https:\/\/www.antikvar.sk\/blog\/progresivne-riesenia-iii-fejton\/#respond"]}]},{"@type":"WebPage","@id":"https:\/\/www.antikvar.sk\/blog\/progresivne-riesenia-iii-fejton\/","url":"https:\/\/www.antikvar.sk\/blog\/progresivne-riesenia-iii-fejton\/","name":"Progres\u00edvne rie\u0161enia III - fejt\u00f3n - DOMOVINA","isPartOf":{"@id":"https:\/\/www.antikvar.sk\/blog\/#website"},"primaryImageOfPage":{"@id":"https:\/\/www.antikvar.sk\/blog\/progresivne-riesenia-iii-fejton\/#primaryimage"},"image":{"@id":"https:\/\/www.antikvar.sk\/blog\/progresivne-riesenia-iii-fejton\/#primaryimage"},"thumbnailUrl":"https:\/\/www.antikvar.sk\/blog\/wp-content\/uploads\/2024\/02\/Xe6wP5J1JSzZ82uyJWwYyJfoFRWoFOVeHhzGqnQw-scaled.jpg","datePublished":"2024-02-01T13:10:39+00:00","dateModified":"2024-02-07T13:10:10+00:00","breadcrumb":{"@id":"https:\/\/www.antikvar.sk\/blog\/progresivne-riesenia-iii-fejton\/#breadcrumb"},"inLanguage":"sk-SK","potentialAction":[{"@type":"ReadAction","target":["https:\/\/www.antikvar.sk\/blog\/progresivne-riesenia-iii-fejton\/"]}]},{"@type":"ImageObject","inLanguage":"sk-SK","@id":"https:\/\/www.antikvar.sk\/blog\/progresivne-riesenia-iii-fejton\/#primaryimage","url":"https:\/\/www.antikvar.sk\/blog\/wp-content\/uploads\/2024\/02\/Xe6wP5J1JSzZ82uyJWwYyJfoFRWoFOVeHhzGqnQw-scaled.jpg","contentUrl":"https:\/\/www.antikvar.sk\/blog\/wp-content\/uploads\/2024\/02\/Xe6wP5J1JSzZ82uyJWwYyJfoFRWoFOVeHhzGqnQw-scaled.jpg","width":2560,"height":1920},{"@type":"BreadcrumbList","@id":"https:\/\/www.antikvar.sk\/blog\/progresivne-riesenia-iii-fejton\/#breadcrumb","itemListElement":[{"@type":"ListItem","position":1,"name":"Domovsk\u00e1 str\u00e1nka","item":"https:\/\/www.antikvar.sk\/blog\/"},{"@type":"ListItem","position":2,"name":"Progres\u00edvne rie\u0161enia III &#8211; fejt\u00f3n"}]},{"@type":"WebSite","@id":"https:\/\/www.antikvar.sk\/blog\/#website","url":"https:\/\/www.antikvar.sk\/blog\/","name":"DOMOVINA","description":"Nezabudnite na svoje rodisko, bez neho je len do pekla schodisko","publisher":{"@id":"https:\/\/www.antikvar.sk\/blog\/#\/schema\/person\/960f1c7c0f38d050499287d3a7924469"},"potentialAction":[{"@type":"SearchAction","target":{"@type":"EntryPoint","urlTemplate":"https:\/\/www.antikvar.sk\/blog\/?s={search_term_string}"},"query-input":{"@type":"PropertyValueSpecification","valueRequired":true,"valueName":"search_term_string"}}],"inLanguage":"sk-SK"},{"@type":["Person","Organization"],"@id":"https:\/\/www.antikvar.sk\/blog\/#\/schema\/person\/960f1c7c0f38d050499287d3a7924469","name":"jaropoky","image":{"@type":"ImageObject","inLanguage":"sk-SK","@id":"https:\/\/www.antikvar.sk\/blog\/wp-content\/uploads\/2021\/04\/cropped-cropped-KoreszkaWEB-2.jpg","url":"https:\/\/www.antikvar.sk\/blog\/wp-content\/uploads\/2021\/04\/cropped-cropped-KoreszkaWEB-2.jpg","contentUrl":"https:\/\/www.antikvar.sk\/blog\/wp-content\/uploads\/2021\/04\/cropped-cropped-KoreszkaWEB-2.jpg","width":863,"height":597,"caption":"jaropoky"},"logo":{"@id":"https:\/\/www.antikvar.sk\/blog\/wp-content\/uploads\/2021\/04\/cropped-cropped-KoreszkaWEB-2.jpg"},"description":"Zauj\u00edma sa o filozofiu, umenie, pr\u00edrodu a alternat\u00edvnu medic\u00ednu. Bol vedeck\u00fd pracovn\u00edk a \u0161t\u00e1tny zamestnanec, teraz je na d\u00f4chodku.","sameAs":["http:\/\/www.antikvar.sk\/blog"],"url":"https:\/\/www.antikvar.sk\/blog\/author\/jaro\/"}]}},"uagb_featured_image_src":{"full":["https:\/\/www.antikvar.sk\/blog\/wp-content\/uploads\/2024\/02\/Xe6wP5J1JSzZ82uyJWwYyJfoFRWoFOVeHhzGqnQw-scaled.jpg",2560,1920,false],"thumbnail":["https:\/\/www.antikvar.sk\/blog\/wp-content\/uploads\/2024\/02\/Xe6wP5J1JSzZ82uyJWwYyJfoFRWoFOVeHhzGqnQw-150x150.jpg",150,150,true],"medium":["https:\/\/www.antikvar.sk\/blog\/wp-content\/uploads\/2024\/02\/Xe6wP5J1JSzZ82uyJWwYyJfoFRWoFOVeHhzGqnQw-300x225.jpg",300,225,true],"medium_large":["https:\/\/www.antikvar.sk\/blog\/wp-content\/uploads\/2024\/02\/Xe6wP5J1JSzZ82uyJWwYyJfoFRWoFOVeHhzGqnQw-768x576.jpg",768,576,true],"large":["https:\/\/www.antikvar.sk\/blog\/wp-content\/uploads\/2024\/02\/Xe6wP5J1JSzZ82uyJWwYyJfoFRWoFOVeHhzGqnQw-1024x768.jpg",1024,768,true],"1536x1536":["https:\/\/www.antikvar.sk\/blog\/wp-content\/uploads\/2024\/02\/Xe6wP5J1JSzZ82uyJWwYyJfoFRWoFOVeHhzGqnQw-1536x1152.jpg",1536,1152,true],"2048x2048":["https:\/\/www.antikvar.sk\/blog\/wp-content\/uploads\/2024\/02\/Xe6wP5J1JSzZ82uyJWwYyJfoFRWoFOVeHhzGqnQw-2048x1536.jpg",2048,1536,true],"crp_thumbnail":["https:\/\/www.antikvar.sk\/blog\/wp-content\/uploads\/2024\/02\/Xe6wP5J1JSzZ82uyJWwYyJfoFRWoFOVeHhzGqnQw-150x150.jpg",150,150,true]},"uagb_author_info":{"display_name":"jaropoky","author_link":"https:\/\/www.antikvar.sk\/blog\/author\/jaro\/"},"uagb_comment_info":0,"uagb_excerpt":"&nbsp; &#8222;(17. 01. 2024) &#8211; Dobr\u00fd de\u0148. Na ulici Blagoevova &#8211; najm\u00e4 zo strany gar\u00e1\u017e\u00ed je ne\u00fanosna situ\u00e1cia pri parkovan\u00ed, sp\u00f4soben\u00e1 ve\u013ek\u00fdm k\u0155d\u013eom havranov, ktor\u00ed svojim trusom po\u0161kodzuj\u00fa zaparkovan\u00e9 vozidl\u00e1 a ohrozuj\u00fa \u013eud\u00ed.&#8220;, s\u0165a\u017eoval sa na str\u00e1nke starostu Petr\u017ealky m\u00f4j sused. Nepreh\u00e1\u0148al to aj&nbsp; s t\u00fdm ohrozovan\u00edm \u013eud\u00ed. Na moju dc\u00e9ru za\u00fato\u010dila vrana, len, len&hellip;","_links":{"self":[{"href":"https:\/\/www.antikvar.sk\/blog\/wp-json\/wp\/v2\/posts\/10718","targetHints":{"allow":["GET"]}}],"collection":[{"href":"https:\/\/www.antikvar.sk\/blog\/wp-json\/wp\/v2\/posts"}],"about":[{"href":"https:\/\/www.antikvar.sk\/blog\/wp-json\/wp\/v2\/types\/post"}],"author":[{"embeddable":true,"href":"https:\/\/www.antikvar.sk\/blog\/wp-json\/wp\/v2\/users\/1"}],"replies":[{"embeddable":true,"href":"https:\/\/www.antikvar.sk\/blog\/wp-json\/wp\/v2\/comments?post=10718"}],"version-history":[{"count":0,"href":"https:\/\/www.antikvar.sk\/blog\/wp-json\/wp\/v2\/posts\/10718\/revisions"}],"wp:featuredmedia":[{"embeddable":true,"href":"https:\/\/www.antikvar.sk\/blog\/wp-json\/wp\/v2\/media\/10720"}],"wp:attachment":[{"href":"https:\/\/www.antikvar.sk\/blog\/wp-json\/wp\/v2\/media?parent=10718"}],"wp:term":[{"taxonomy":"category","embeddable":true,"href":"https:\/\/www.antikvar.sk\/blog\/wp-json\/wp\/v2\/categories?post=10718"},{"taxonomy":"post_tag","embeddable":true,"href":"https:\/\/www.antikvar.sk\/blog\/wp-json\/wp\/v2\/tags?post=10718"}],"curies":[{"name":"wp","href":"https:\/\/api.w.org\/{rel}","templated":true}]}}