{"id":10655,"date":"2024-01-24T13:14:41","date_gmt":"2024-01-24T12:14:41","guid":{"rendered":"https:\/\/www.antikvar.sk\/blog\/?p=10655"},"modified":"2025-11-01T10:54:08","modified_gmt":"2025-11-01T09:54:08","slug":"nebezpecna-kultura-fejton","status":"publish","type":"post","link":"https:\/\/www.antikvar.sk\/blog\/nebezpecna-kultura-fejton\/","title":{"rendered":"Nebezpe\u010dn\u00e1 kult\u00fara &#8211; fejt\u00f3n"},"content":{"rendered":"<p style=\"text-align: justify;\"><span style=\"font-size: 14pt;\"><a href=\"http:\/\/Akademick\u00fd sen\u00e1t V\u0160MU ostro odsudzuje formu i obsah komunik\u00e1cie Ministerstva kult\u00fary Slovenskej republiky, ktor\u00e1 pod\u013ea neho odv\u00e1dza pozornos\u0165 od rie\u0161enia naliehav\u00fdch probl\u00e9mov person\u00e1lne i finan\u010dne poddimenzovan\u00e9ho sektora kult\u00fary prostredn\u00edctvom \u0161\u00edrenia nen\u00e1visti vo\u010di LGBTI+ \u013eu\u010fom a organiz\u00e1ci\u00e1m a \u00fa\u010delovou manipul\u00e1ciou s faktami.\" target=\"_blank\" rel=\"noopener\">&#8222;Akademick\u00fd sen\u00e1t V\u0160MU ostro odsudzuje formu i obsah komunik\u00e1cie Ministerstva kult\u00fary Slovenskej republiky, ktor\u00e1 pod\u013ea neho odv\u00e1dza pozornos\u0165 od rie\u0161enia naliehav\u00fdch probl\u00e9mov person\u00e1lne i finan\u010dne poddimenzovan\u00e9ho sektora kult\u00fary prostredn\u00edctvom \u0161\u00edrenia nen\u00e1visti vo\u010di LGBTI+ \u013eu\u010fom a organiz\u00e1ci\u00e1m a \u00fa\u010delovou manipul\u00e1ciou s faktami&#8220;.<\/a><\/span><\/p>\n<p style=\"text-align: justify;\"><span style=\"font-size: 14pt;\">Sen\u00e1t V\u0160MU sa c\u00edti ohrozen\u00fd ministerstvom kult\u00fary. <a href=\"https:\/\/www.antikvar.sk\/blog\/pridte-do-sng-a-zoberte-zo-sebou-vnucata-fejton\/\" target=\"_blank\" rel=\"noopener\">Ja som bol zase exempl\u00e1rne kult\u00farne ohrozen\u00fd<\/a>,&nbsp; ke\u010f som si bol pred Vianocami pozrie\u0165 jednu v\u00fdstavu v SNG, a keby som u\u017e nie\u010do nepre\u017eil, dorazili&nbsp; by ma v\u00fdroky rektorky V\u0160MU v&nbsp; Interview: 24&nbsp; a <a href=\"https:\/\/www.antikvar.sk\/blog\/autor-je-predsa-znamy-fejton\/\" target=\"_blank\" rel=\"noopener\">riadite\u013eky DPOH v Bratislave<\/a>, ktor\u00e9 pova\u017euj\u00fa slovensk\u00fa kult\u00faru pre ich progresivistik\u00fa kult\u00faru a umeleck\u00fa prax za pre\u017eitok a v\u00e1\u017ene nebezpe\u010die.<br \/>\n<\/span><\/p>\n<p style=\"text-align: justify;\"><span style=\"font-size: 14pt;\">Svojho \u010dasu som sedel na pravidelnej porade vedenia ministerstva, ktor\u00e9 v tom \u010dase viedol minister Hudec. Ministerstvo vtedy&nbsp; ako teraz s\u00eddlilo v budove b\u00fdvalej Tatrabanky na N\u00e1mesti SNP v Bratislave.&nbsp; Do budovy ministerstva sa po\u010das spomenutej porady zrazu nahrnuli a ju okupovali samozvan\u00ed &#8222;z\u00e1chrancovia kult\u00fary&#8220;, rozva\u013eovali sa po schodoch a pchali sa pizzou, pop\u00edjali &#8211; bol tam \u00fa\u017easn\u00fd bordel. Pre nich to bol happening, alebo performancia (Nebolo to a\u017e tak\u00e9 hrozn\u00e9, ako ke\u010f&nbsp; Snopko v Kostole klarisiek zorganizoval orgie).<\/span><\/p>\n<p style=\"text-align: justify;\"><span style=\"font-size: 14pt;\">Po\u010das vtedy medi\u00e1lne&nbsp; ve\u013emi sledovan\u00e9ho \u0161trajku hercov, umelcov a podobne som sa dostal dokonca do telev\u00edzie. <strong>B\u00e1l som sa, \u017ee mi niekto z okupantov ministerstva ukradne na chodbe zavesen\u00fd kab\u00e1t, tak som si ho bol vzia\u0165 a zachytila ma kamera.<\/strong> Po\u010das ministerskej porady som nap\u00edsal fejt\u00f3n s n\u00e1zvom Tatrabanka v ohrozen\u00ed. E\u0161te v r\u00e1mci porady ho redigoval kolega D. Machala,&nbsp; dop\u00edsal pozn\u00e1mku &#8211; vynikaj\u00faci fejt\u00f3n &#8211; uverejni\u0165 a faxom i\u0161iel do tla\u010de. Pochv\u00e1lili ma tie\u017e ako autora najlep\u0161ieho politick\u00e9ho fejt\u00f3nu, \u010do v poslednej dobe \u010d\u00edtali spolu s ministrom,&nbsp; aj&nbsp; moji kolegovia z vedenia ministerstva, ktor\u00ed by mali by\u0165 v u\u010debniciach literat\u00fary, samozrejme, pokia\u013e to niekto ideologicky nezatrhol. V\u00f4bec by som sa tomu nedivil. Mysl\u00edm si, \u017ee fejt\u00f3n nebol a\u017e tak\u00fd \u00fa\u017easn\u00fd, ocenili na \u0148om najm\u00e4 aktu\u00e1lnos\u0165, r\u00fdchlos\u0165 a odvahu, \u017ee som ho nap\u00edsal pod nosom ministra<sup class=\"modern-footnotes-footnote \" data-mfn=\"1\" data-mfn-post-scope=\"0000000031450d3d000000002438d1a6_10655\"><a href=\"javascript:void(0)\"  title=\"Ak origin\u00e1l spom\u00ednan\u00e9ho fejt\u00f3nu n\u00e1jdem, ur\u010dite ho pripoj\u00edm. Viem, \u017ee samochv\u00e1la smrd\u00ed, ale ke\u010f sa nepochv\u00e1lite, nik v\u00e1s nepochv\u00e1li.\"  role=\"button\" aria-pressed=\"false\" aria-describedby=\"mfn-content-0000000031450d3d000000002438d1a6_10655-1\">1<\/a><\/sup><span id=\"mfn-content-0000000031450d3d000000002438d1a6_10655-1\" role=\"tooltip\" class=\"modern-footnotes-footnote__note\" tabindex=\"0\" data-mfn=\"1\">Ak origin\u00e1l spom\u00ednan\u00e9ho fejt\u00f3nu n\u00e1jdem, ur\u010dite ho pripoj\u00edm. Viem, \u017ee samochv\u00e1la smrd\u00ed, ale ke\u010f sa nepochv\u00e1lite, nik v\u00e1s nepochv\u00e1li.<\/span>.<\/span><\/p>\n<p style=\"text-align: justify;\"><span style=\"font-size: 14pt;\">Fejt\u00f3n bol v podstate o tom, ako vodcovia \u00fatoku&nbsp;&nbsp; na ministerstvo K\u0148a\u017eko, Snopko a spol,&nbsp; <a href=\"https:\/\/sk.wikipedia.org\/wiki\/Bankov%C3%BD_pal%C3%A1c_Tatra_banky\" target=\"_blank\" rel=\"noopener\">za\u00fato\u010dili na Tatrabanku<\/a>, v ktorej mali ulo\u017een\u00e9 jud\u00e1\u0161ske gro\u0161e po tom, \u010do sa dozvedeli, \u017ee banka je pred krachom. <\/span><\/p>\n<p style=\"text-align: justify;\"><span style=\"font-size: 14pt;\"><strong>Teraz ide&nbsp; o to ist\u00e9 &#8211; o prachy.<\/strong><br \/>\n<\/span><\/p>\n<p style=\"text-align: justify;\"><span style=\"font-size: 14pt;\">V tej dobe v Nemecku nieko\u013eko \u0161trajkuj\u00facich robotn\u00edkov preniklo do ministerstva hospod\u00e1rstva, v momente nast\u00fapila pol\u00edcia a v put\u00e1ch ich vyniesla z ministerstva.&nbsp; Mrzelo ma, \u017ee sa podobne nepostupovalo aj na ministerstve kult\u00fary. Ja&nbsp; by som v tomto pr\u00edpade pridal zaplatenie n\u00e1kladov na upratanie, vyma\u013eovanie chodieb a <strong>n\u00e1klady na exorcistu.<\/strong><\/span><\/p>\n<p style=\"text-align: justify;\"><span style=\"font-size: 14pt;\">Ir\u00f3niou osudu bolo, \u017ee medzi okupantmi ministerstva bola aj dc\u00e9ra jedn\u00e9ho m\u00f4jho ve\u013emi v\u00e1\u017een\u00e9ho kolegu, ktor\u00fd sedel so mnou na porade. U\u017e vtedy teda boli n\u00e1zorov\u00e9 rozdiely medzi rodi\u010dmi a de\u0165mi&nbsp; priepastn\u00e9 a to sme nemali ani <a href=\"https:\/\/www.antikvar.sk\/blog\/olano-na-vecne-casy-fejton\/\" target=\"_blank\" rel=\"noopener\">Matovi\u010da a covid.<\/a><\/span><\/p>\n<p style=\"text-align: justify;\"><span style=\"font-size: 14pt;\">Na p\u00f4du \u0161t\u00e1tnych in\u0161tit\u00facii nem\u00f4\u017ee nik len tak nez\u00e1konne vstupova\u0165. Preto rad\u00edm pani ministerke, preto\u017ee k nie\u010domu podobn\u00e9mu to tu smeruje, aby ani na sekundu nezav\u00e1hala a zavolala pol\u00edciu.&nbsp; Pr\u00eddem si to pozrie\u0165 a na svoje osobn\u00e9 veci si budem d\u00e1va\u0165 tentoraz lep\u0161\u00ed pozor.<br \/>\n<\/span><\/p>\n<p style=\"text-align: justify;\"><span style=\"font-size: 14pt;\">V pr\u00edpade, \u017ee by nebola zase politick\u00e1 v\u00f4la, navrhujem zamaskova\u0165 ministerstvo aspo\u0148 takto:<\/span><\/p>\n<p style=\"text-align: justify;\"><span style=\"font-size: 14pt;\"><img loading=\"lazy\" decoding=\"async\" class=\"alignnone size-medium wp-image-10662\" src=\"https:\/\/www.antikvar.sk\/blog\/wp-content\/uploads\/2024\/01\/316326821_589066739885397_5142247983170353778_n-300x225.jpg\" alt=\"\" width=\"300\" height=\"225\" srcset=\"https:\/\/www.antikvar.sk\/blog\/wp-content\/uploads\/2024\/01\/316326821_589066739885397_5142247983170353778_n-300x225.jpg 300w, https:\/\/www.antikvar.sk\/blog\/wp-content\/uploads\/2024\/01\/316326821_589066739885397_5142247983170353778_n.jpg 720w\" sizes=\"auto, (max-width: 300px) 100vw, 300px\" \/><\/span><\/p>\n<p style=\"text-align: justify;\">&nbsp;<\/p>\n<p style=\"text-align: justify;\"><span style=\"font-size: 14pt;\"><strong>Dodatok 1.10.2025<\/strong><\/span><\/p>\n<p>pekne zhrnut\u00e9, \u010do n\u00e1m hrozilo<\/p>\n<p><span style=\"font-size: 14pt;\"><strong>https:\/\/www.hlavnespravy.sk\/lotyssky-parlament-schvalil-odstupenie-od-zmluvy-o-prevencii-nasilia-pachaneho-na-zenach\/4113332<\/strong><\/span><\/p>\n<p style=\"text-align: justify;\">&nbsp;<\/p>\n<h5 class=\"modern-footnotes-list-heading \">POZN\u00c1MKY<\/h5><ul class=\"modern-footnotes-list \"><li><span>1<\/span><div>Ak origin\u00e1l spom\u00ednan\u00e9ho fejt\u00f3nu n\u00e1jdem, ur\u010dite ho pripoj\u00edm. Viem, \u017ee samochv\u00e1la smrd\u00ed, ale ke\u010f sa nepochv\u00e1lite, nik v\u00e1s nepochv\u00e1li.<\/div><\/li><\/ul>","protected":false},"excerpt":{"rendered":"<p>&#8222;Akademick\u00fd sen\u00e1t V\u0160MU ostro odsudzuje formu i obsah komunik\u00e1cie Ministerstva kult\u00fary Slovenskej republiky, ktor\u00e1 pod\u013ea neho odv\u00e1dza pozornos\u0165 od rie\u0161enia naliehav\u00fdch probl\u00e9mov person\u00e1lne i finan\u010dne poddimenzovan\u00e9ho sektora kult\u00fary prostredn\u00edctvom \u0161\u00edrenia nen\u00e1visti vo\u010di LGBTI+ \u013eu\u010fom a organiz\u00e1ci\u00e1m a \u00fa\u010delovou manipul\u00e1ciou s faktami&#8220;. Sen\u00e1t V\u0160MU sa c\u00edti ohrozen\u00fd ministerstvom kult\u00fary. Ja som bol zase exempl\u00e1rne kult\u00farne ohrozen\u00fd,&nbsp; [&hellip;]<\/p>\n","protected":false},"author":1,"featured_media":10661,"comment_status":"open","ping_status":"open","sticky":false,"template":"","format":"standard","meta":{"_uag_custom_page_level_css":"","site-sidebar-layout":"default","site-content-layout":"","ast-site-content-layout":"default","site-content-style":"default","site-sidebar-style":"default","ast-global-header-display":"","ast-banner-title-visibility":"","ast-main-header-display":"","ast-hfb-above-header-display":"","ast-hfb-below-header-display":"","ast-hfb-mobile-header-display":"","site-post-title":"","ast-breadcrumbs-content":"","ast-featured-img":"","footer-sml-layout":"","ast-disable-related-posts":"","theme-transparent-header-meta":"default","adv-header-id-meta":"","stick-header-meta":"","header-above-stick-meta":"","header-main-stick-meta":"","header-below-stick-meta":"","astra-migrate-meta-layouts":"set","ast-page-background-enabled":"default","ast-page-background-meta":{"desktop":{"background-color":"","background-image":"","background-repeat":"repeat","background-position":"center center","background-size":"auto","background-attachment":"scroll","background-type":"","background-media":"","overlay-type":"","overlay-color":"","overlay-opacity":"","overlay-gradient":""},"tablet":{"background-color":"","background-image":"","background-repeat":"repeat","background-position":"center center","background-size":"auto","background-attachment":"scroll","background-type":"","background-media":"","overlay-type":"","overlay-color":"","overlay-opacity":"","overlay-gradient":""},"mobile":{"background-color":"","background-image":"","background-repeat":"repeat","background-position":"center center","background-size":"auto","background-attachment":"scroll","background-type":"","background-media":"","overlay-type":"","overlay-color":"","overlay-opacity":"","overlay-gradient":""}},"ast-content-background-meta":{"desktop":{"background-color":"var(--ast-global-color-5)","background-image":"","background-repeat":"repeat","background-position":"center center","background-size":"auto","background-attachment":"scroll","background-type":"","background-media":"","overlay-type":"","overlay-color":"","overlay-opacity":"","overlay-gradient":""},"tablet":{"background-color":"var(--ast-global-color-5)","background-image":"","background-repeat":"repeat","background-position":"center center","background-size":"auto","background-attachment":"scroll","background-type":"","background-media":"","overlay-type":"","overlay-color":"","overlay-opacity":"","overlay-gradient":""},"mobile":{"background-color":"var(--ast-global-color-5)","background-image":"","background-repeat":"repeat","background-position":"center center","background-size":"auto","background-attachment":"scroll","background-type":"","background-media":"","overlay-type":"","overlay-color":"","overlay-opacity":"","overlay-gradient":""}},"ngg_post_thumbnail":0,"footnotes":""},"categories":[1,6],"tags":[383,384],"class_list":["post-10655","post","type-post","status-publish","format-standard","has-post-thumbnail","hentry","category-postrehy-uvahy-aktualne","category-fejtony","tag-ministerstvo-kultury","tag-zachrante-kulturu"],"yoast_head":"<!-- This site is optimized with the Yoast SEO plugin v27.5 - https:\/\/yoast.com\/product\/yoast-seo-wordpress\/ -->\n<title>Nebezpe\u010dn\u00e1 kult\u00fara - fejt\u00f3n - DOMOVINA<\/title>\n<meta name=\"robots\" content=\"index, follow, max-snippet:-1, max-image-preview:large, max-video-preview:-1\" \/>\n<link rel=\"canonical\" href=\"https:\/\/www.antikvar.sk\/blog\/nebezpecna-kultura-fejton\/\" \/>\n<meta property=\"og:locale\" content=\"sk_SK\" \/>\n<meta property=\"og:type\" content=\"article\" \/>\n<meta property=\"og:title\" content=\"Nebezpe\u010dn\u00e1 kult\u00fara - fejt\u00f3n - DOMOVINA\" \/>\n<meta property=\"og:description\" content=\"&#8222;Akademick\u00fd sen\u00e1t V\u0160MU ostro odsudzuje formu i obsah komunik\u00e1cie Ministerstva kult\u00fary Slovenskej republiky, ktor\u00e1 pod\u013ea neho odv\u00e1dza pozornos\u0165 od rie\u0161enia naliehav\u00fdch probl\u00e9mov person\u00e1lne i finan\u010dne poddimenzovan\u00e9ho sektora kult\u00fary prostredn\u00edctvom \u0161\u00edrenia nen\u00e1visti vo\u010di LGBTI+ \u013eu\u010fom a organiz\u00e1ci\u00e1m a \u00fa\u010delovou manipul\u00e1ciou s faktami&#8220;. Sen\u00e1t V\u0160MU sa c\u00edti ohrozen\u00fd ministerstvom kult\u00fary. Ja som bol zase exempl\u00e1rne kult\u00farne ohrozen\u00fd,&nbsp; [&hellip;]\" \/>\n<meta property=\"og:url\" content=\"https:\/\/www.antikvar.sk\/blog\/nebezpecna-kultura-fejton\/\" \/>\n<meta property=\"og:site_name\" content=\"DOMOVINA\" \/>\n<meta property=\"article:published_time\" content=\"2024-01-24T12:14:41+00:00\" \/>\n<meta property=\"article:modified_time\" content=\"2025-11-01T09:54:08+00:00\" \/>\n<meta property=\"og:image\" content=\"https:\/\/www.antikvar.sk\/blog\/wp-content\/uploads\/2024\/01\/4-d22939959f997a17c33700653c109255979f929b.jpg\" \/>\n\t<meta property=\"og:image:width\" content=\"950\" \/>\n\t<meta property=\"og:image:height\" content=\"634\" \/>\n\t<meta property=\"og:image:type\" content=\"image\/jpeg\" \/>\n<meta name=\"author\" content=\"jaropoky\" \/>\n<meta name=\"twitter:card\" content=\"summary_large_image\" \/>\n<meta name=\"twitter:label1\" content=\"Autor\" \/>\n\t<meta name=\"twitter:data1\" content=\"jaropoky\" \/>\n\t<meta name=\"twitter:label2\" content=\"Predpokladan\u00fd \u010das \u010d\u00edtania\" \/>\n\t<meta name=\"twitter:data2\" content=\"3 min\u00faty\" \/>\n<script type=\"application\/ld+json\" class=\"yoast-schema-graph\">{\"@context\":\"https:\\\/\\\/schema.org\",\"@graph\":[{\"@type\":\"Article\",\"@id\":\"https:\\\/\\\/www.antikvar.sk\\\/blog\\\/nebezpecna-kultura-fejton\\\/#article\",\"isPartOf\":{\"@id\":\"https:\\\/\\\/www.antikvar.sk\\\/blog\\\/nebezpecna-kultura-fejton\\\/\"},\"author\":{\"name\":\"jaropoky\",\"@id\":\"https:\\\/\\\/www.antikvar.sk\\\/blog\\\/#\\\/schema\\\/person\\\/960f1c7c0f38d050499287d3a7924469\"},\"headline\":\"Nebezpe\u010dn\u00e1 kult\u00fara &#8211; fejt\u00f3n\",\"datePublished\":\"2024-01-24T12:14:41+00:00\",\"dateModified\":\"2025-11-01T09:54:08+00:00\",\"mainEntityOfPage\":{\"@id\":\"https:\\\/\\\/www.antikvar.sk\\\/blog\\\/nebezpecna-kultura-fejton\\\/\"},\"wordCount\":701,\"commentCount\":0,\"publisher\":{\"@id\":\"https:\\\/\\\/www.antikvar.sk\\\/blog\\\/#\\\/schema\\\/person\\\/960f1c7c0f38d050499287d3a7924469\"},\"image\":{\"@id\":\"https:\\\/\\\/www.antikvar.sk\\\/blog\\\/nebezpecna-kultura-fejton\\\/#primaryimage\"},\"thumbnailUrl\":\"https:\\\/\\\/www.antikvar.sk\\\/blog\\\/wp-content\\\/uploads\\\/2024\\\/01\\\/4-d22939959f997a17c33700653c109255979f929b.jpg\",\"keywords\":[\"ministerstvo kultury\",\"zachr\u00e1\u0148te kult\u00faru\"],\"articleSection\":[\"Aktu\u00e1lne postrehy a \u00favahy\",\"Fejt\u00f3ny\"],\"inLanguage\":\"sk-SK\",\"potentialAction\":[{\"@type\":\"CommentAction\",\"name\":\"Comment\",\"target\":[\"https:\\\/\\\/www.antikvar.sk\\\/blog\\\/nebezpecna-kultura-fejton\\\/#respond\"]}]},{\"@type\":\"WebPage\",\"@id\":\"https:\\\/\\\/www.antikvar.sk\\\/blog\\\/nebezpecna-kultura-fejton\\\/\",\"url\":\"https:\\\/\\\/www.antikvar.sk\\\/blog\\\/nebezpecna-kultura-fejton\\\/\",\"name\":\"Nebezpe\u010dn\u00e1 kult\u00fara - fejt\u00f3n - DOMOVINA\",\"isPartOf\":{\"@id\":\"https:\\\/\\\/www.antikvar.sk\\\/blog\\\/#website\"},\"primaryImageOfPage\":{\"@id\":\"https:\\\/\\\/www.antikvar.sk\\\/blog\\\/nebezpecna-kultura-fejton\\\/#primaryimage\"},\"image\":{\"@id\":\"https:\\\/\\\/www.antikvar.sk\\\/blog\\\/nebezpecna-kultura-fejton\\\/#primaryimage\"},\"thumbnailUrl\":\"https:\\\/\\\/www.antikvar.sk\\\/blog\\\/wp-content\\\/uploads\\\/2024\\\/01\\\/4-d22939959f997a17c33700653c109255979f929b.jpg\",\"datePublished\":\"2024-01-24T12:14:41+00:00\",\"dateModified\":\"2025-11-01T09:54:08+00:00\",\"breadcrumb\":{\"@id\":\"https:\\\/\\\/www.antikvar.sk\\\/blog\\\/nebezpecna-kultura-fejton\\\/#breadcrumb\"},\"inLanguage\":\"sk-SK\",\"potentialAction\":[{\"@type\":\"ReadAction\",\"target\":[\"https:\\\/\\\/www.antikvar.sk\\\/blog\\\/nebezpecna-kultura-fejton\\\/\"]}]},{\"@type\":\"ImageObject\",\"inLanguage\":\"sk-SK\",\"@id\":\"https:\\\/\\\/www.antikvar.sk\\\/blog\\\/nebezpecna-kultura-fejton\\\/#primaryimage\",\"url\":\"https:\\\/\\\/www.antikvar.sk\\\/blog\\\/wp-content\\\/uploads\\\/2024\\\/01\\\/4-d22939959f997a17c33700653c109255979f929b.jpg\",\"contentUrl\":\"https:\\\/\\\/www.antikvar.sk\\\/blog\\\/wp-content\\\/uploads\\\/2024\\\/01\\\/4-d22939959f997a17c33700653c109255979f929b.jpg\",\"width\":950,\"height\":634},{\"@type\":\"BreadcrumbList\",\"@id\":\"https:\\\/\\\/www.antikvar.sk\\\/blog\\\/nebezpecna-kultura-fejton\\\/#breadcrumb\",\"itemListElement\":[{\"@type\":\"ListItem\",\"position\":1,\"name\":\"Domovsk\u00e1 str\u00e1nka\",\"item\":\"https:\\\/\\\/www.antikvar.sk\\\/blog\\\/\"},{\"@type\":\"ListItem\",\"position\":2,\"name\":\"Nebezpe\u010dn\u00e1 kult\u00fara &#8211; fejt\u00f3n\"}]},{\"@type\":\"WebSite\",\"@id\":\"https:\\\/\\\/www.antikvar.sk\\\/blog\\\/#website\",\"url\":\"https:\\\/\\\/www.antikvar.sk\\\/blog\\\/\",\"name\":\"DOMOVINA\",\"description\":\"Nezabudnite na svoje rodisko, bez neho je len do pekla schodisko\",\"publisher\":{\"@id\":\"https:\\\/\\\/www.antikvar.sk\\\/blog\\\/#\\\/schema\\\/person\\\/960f1c7c0f38d050499287d3a7924469\"},\"potentialAction\":[{\"@type\":\"SearchAction\",\"target\":{\"@type\":\"EntryPoint\",\"urlTemplate\":\"https:\\\/\\\/www.antikvar.sk\\\/blog\\\/?s={search_term_string}\"},\"query-input\":{\"@type\":\"PropertyValueSpecification\",\"valueRequired\":true,\"valueName\":\"search_term_string\"}}],\"inLanguage\":\"sk-SK\"},{\"@type\":[\"Person\",\"Organization\"],\"@id\":\"https:\\\/\\\/www.antikvar.sk\\\/blog\\\/#\\\/schema\\\/person\\\/960f1c7c0f38d050499287d3a7924469\",\"name\":\"jaropoky\",\"image\":{\"@type\":\"ImageObject\",\"inLanguage\":\"sk-SK\",\"@id\":\"https:\\\/\\\/www.antikvar.sk\\\/blog\\\/wp-content\\\/uploads\\\/2021\\\/04\\\/cropped-cropped-KoreszkaWEB-2.jpg\",\"url\":\"https:\\\/\\\/www.antikvar.sk\\\/blog\\\/wp-content\\\/uploads\\\/2021\\\/04\\\/cropped-cropped-KoreszkaWEB-2.jpg\",\"contentUrl\":\"https:\\\/\\\/www.antikvar.sk\\\/blog\\\/wp-content\\\/uploads\\\/2021\\\/04\\\/cropped-cropped-KoreszkaWEB-2.jpg\",\"width\":863,\"height\":597,\"caption\":\"jaropoky\"},\"logo\":{\"@id\":\"https:\\\/\\\/www.antikvar.sk\\\/blog\\\/wp-content\\\/uploads\\\/2021\\\/04\\\/cropped-cropped-KoreszkaWEB-2.jpg\"},\"description\":\"Zauj\u00edma sa o filozofiu, umenie, pr\u00edrodu a alternat\u00edvnu medic\u00ednu. Bol vedeck\u00fd pracovn\u00edk a \u0161t\u00e1tny zamestnanec, teraz je na d\u00f4chodku.\",\"sameAs\":[\"http:\\\/\\\/www.antikvar.sk\\\/blog\"],\"url\":\"https:\\\/\\\/www.antikvar.sk\\\/blog\\\/author\\\/jaro\\\/\"}]}<\/script>\n<!-- \/ Yoast SEO plugin. -->","yoast_head_json":{"title":"Nebezpe\u010dn\u00e1 kult\u00fara - fejt\u00f3n - DOMOVINA","robots":{"index":"index","follow":"follow","max-snippet":"max-snippet:-1","max-image-preview":"max-image-preview:large","max-video-preview":"max-video-preview:-1"},"canonical":"https:\/\/www.antikvar.sk\/blog\/nebezpecna-kultura-fejton\/","og_locale":"sk_SK","og_type":"article","og_title":"Nebezpe\u010dn\u00e1 kult\u00fara - fejt\u00f3n - DOMOVINA","og_description":"&#8222;Akademick\u00fd sen\u00e1t V\u0160MU ostro odsudzuje formu i obsah komunik\u00e1cie Ministerstva kult\u00fary Slovenskej republiky, ktor\u00e1 pod\u013ea neho odv\u00e1dza pozornos\u0165 od rie\u0161enia naliehav\u00fdch probl\u00e9mov person\u00e1lne i finan\u010dne poddimenzovan\u00e9ho sektora kult\u00fary prostredn\u00edctvom \u0161\u00edrenia nen\u00e1visti vo\u010di LGBTI+ \u013eu\u010fom a organiz\u00e1ci\u00e1m a \u00fa\u010delovou manipul\u00e1ciou s faktami&#8220;. Sen\u00e1t V\u0160MU sa c\u00edti ohrozen\u00fd ministerstvom kult\u00fary. Ja som bol zase exempl\u00e1rne kult\u00farne ohrozen\u00fd,&nbsp; [&hellip;]","og_url":"https:\/\/www.antikvar.sk\/blog\/nebezpecna-kultura-fejton\/","og_site_name":"DOMOVINA","article_published_time":"2024-01-24T12:14:41+00:00","article_modified_time":"2025-11-01T09:54:08+00:00","og_image":[{"width":950,"height":634,"url":"https:\/\/www.antikvar.sk\/blog\/wp-content\/uploads\/2024\/01\/4-d22939959f997a17c33700653c109255979f929b.jpg","type":"image\/jpeg"}],"author":"jaropoky","twitter_card":"summary_large_image","twitter_misc":{"Autor":"jaropoky","Predpokladan\u00fd \u010das \u010d\u00edtania":"3 min\u00faty"},"schema":{"@context":"https:\/\/schema.org","@graph":[{"@type":"Article","@id":"https:\/\/www.antikvar.sk\/blog\/nebezpecna-kultura-fejton\/#article","isPartOf":{"@id":"https:\/\/www.antikvar.sk\/blog\/nebezpecna-kultura-fejton\/"},"author":{"name":"jaropoky","@id":"https:\/\/www.antikvar.sk\/blog\/#\/schema\/person\/960f1c7c0f38d050499287d3a7924469"},"headline":"Nebezpe\u010dn\u00e1 kult\u00fara &#8211; fejt\u00f3n","datePublished":"2024-01-24T12:14:41+00:00","dateModified":"2025-11-01T09:54:08+00:00","mainEntityOfPage":{"@id":"https:\/\/www.antikvar.sk\/blog\/nebezpecna-kultura-fejton\/"},"wordCount":701,"commentCount":0,"publisher":{"@id":"https:\/\/www.antikvar.sk\/blog\/#\/schema\/person\/960f1c7c0f38d050499287d3a7924469"},"image":{"@id":"https:\/\/www.antikvar.sk\/blog\/nebezpecna-kultura-fejton\/#primaryimage"},"thumbnailUrl":"https:\/\/www.antikvar.sk\/blog\/wp-content\/uploads\/2024\/01\/4-d22939959f997a17c33700653c109255979f929b.jpg","keywords":["ministerstvo kultury","zachr\u00e1\u0148te kult\u00faru"],"articleSection":["Aktu\u00e1lne postrehy a \u00favahy","Fejt\u00f3ny"],"inLanguage":"sk-SK","potentialAction":[{"@type":"CommentAction","name":"Comment","target":["https:\/\/www.antikvar.sk\/blog\/nebezpecna-kultura-fejton\/#respond"]}]},{"@type":"WebPage","@id":"https:\/\/www.antikvar.sk\/blog\/nebezpecna-kultura-fejton\/","url":"https:\/\/www.antikvar.sk\/blog\/nebezpecna-kultura-fejton\/","name":"Nebezpe\u010dn\u00e1 kult\u00fara - fejt\u00f3n - DOMOVINA","isPartOf":{"@id":"https:\/\/www.antikvar.sk\/blog\/#website"},"primaryImageOfPage":{"@id":"https:\/\/www.antikvar.sk\/blog\/nebezpecna-kultura-fejton\/#primaryimage"},"image":{"@id":"https:\/\/www.antikvar.sk\/blog\/nebezpecna-kultura-fejton\/#primaryimage"},"thumbnailUrl":"https:\/\/www.antikvar.sk\/blog\/wp-content\/uploads\/2024\/01\/4-d22939959f997a17c33700653c109255979f929b.jpg","datePublished":"2024-01-24T12:14:41+00:00","dateModified":"2025-11-01T09:54:08+00:00","breadcrumb":{"@id":"https:\/\/www.antikvar.sk\/blog\/nebezpecna-kultura-fejton\/#breadcrumb"},"inLanguage":"sk-SK","potentialAction":[{"@type":"ReadAction","target":["https:\/\/www.antikvar.sk\/blog\/nebezpecna-kultura-fejton\/"]}]},{"@type":"ImageObject","inLanguage":"sk-SK","@id":"https:\/\/www.antikvar.sk\/blog\/nebezpecna-kultura-fejton\/#primaryimage","url":"https:\/\/www.antikvar.sk\/blog\/wp-content\/uploads\/2024\/01\/4-d22939959f997a17c33700653c109255979f929b.jpg","contentUrl":"https:\/\/www.antikvar.sk\/blog\/wp-content\/uploads\/2024\/01\/4-d22939959f997a17c33700653c109255979f929b.jpg","width":950,"height":634},{"@type":"BreadcrumbList","@id":"https:\/\/www.antikvar.sk\/blog\/nebezpecna-kultura-fejton\/#breadcrumb","itemListElement":[{"@type":"ListItem","position":1,"name":"Domovsk\u00e1 str\u00e1nka","item":"https:\/\/www.antikvar.sk\/blog\/"},{"@type":"ListItem","position":2,"name":"Nebezpe\u010dn\u00e1 kult\u00fara &#8211; fejt\u00f3n"}]},{"@type":"WebSite","@id":"https:\/\/www.antikvar.sk\/blog\/#website","url":"https:\/\/www.antikvar.sk\/blog\/","name":"DOMOVINA","description":"Nezabudnite na svoje rodisko, bez neho je len do pekla schodisko","publisher":{"@id":"https:\/\/www.antikvar.sk\/blog\/#\/schema\/person\/960f1c7c0f38d050499287d3a7924469"},"potentialAction":[{"@type":"SearchAction","target":{"@type":"EntryPoint","urlTemplate":"https:\/\/www.antikvar.sk\/blog\/?s={search_term_string}"},"query-input":{"@type":"PropertyValueSpecification","valueRequired":true,"valueName":"search_term_string"}}],"inLanguage":"sk-SK"},{"@type":["Person","Organization"],"@id":"https:\/\/www.antikvar.sk\/blog\/#\/schema\/person\/960f1c7c0f38d050499287d3a7924469","name":"jaropoky","image":{"@type":"ImageObject","inLanguage":"sk-SK","@id":"https:\/\/www.antikvar.sk\/blog\/wp-content\/uploads\/2021\/04\/cropped-cropped-KoreszkaWEB-2.jpg","url":"https:\/\/www.antikvar.sk\/blog\/wp-content\/uploads\/2021\/04\/cropped-cropped-KoreszkaWEB-2.jpg","contentUrl":"https:\/\/www.antikvar.sk\/blog\/wp-content\/uploads\/2021\/04\/cropped-cropped-KoreszkaWEB-2.jpg","width":863,"height":597,"caption":"jaropoky"},"logo":{"@id":"https:\/\/www.antikvar.sk\/blog\/wp-content\/uploads\/2021\/04\/cropped-cropped-KoreszkaWEB-2.jpg"},"description":"Zauj\u00edma sa o filozofiu, umenie, pr\u00edrodu a alternat\u00edvnu medic\u00ednu. Bol vedeck\u00fd pracovn\u00edk a \u0161t\u00e1tny zamestnanec, teraz je na d\u00f4chodku.","sameAs":["http:\/\/www.antikvar.sk\/blog"],"url":"https:\/\/www.antikvar.sk\/blog\/author\/jaro\/"}]}},"uagb_featured_image_src":{"full":["https:\/\/www.antikvar.sk\/blog\/wp-content\/uploads\/2024\/01\/4-d22939959f997a17c33700653c109255979f929b.jpg",950,634,false],"thumbnail":["https:\/\/www.antikvar.sk\/blog\/wp-content\/uploads\/2024\/01\/4-d22939959f997a17c33700653c109255979f929b-150x150.jpg",150,150,true],"medium":["https:\/\/www.antikvar.sk\/blog\/wp-content\/uploads\/2024\/01\/4-d22939959f997a17c33700653c109255979f929b-300x200.jpg",300,200,true],"medium_large":["https:\/\/www.antikvar.sk\/blog\/wp-content\/uploads\/2024\/01\/4-d22939959f997a17c33700653c109255979f929b-768x513.jpg",768,513,true],"large":["https:\/\/www.antikvar.sk\/blog\/wp-content\/uploads\/2024\/01\/4-d22939959f997a17c33700653c109255979f929b.jpg",950,634,false],"1536x1536":["https:\/\/www.antikvar.sk\/blog\/wp-content\/uploads\/2024\/01\/4-d22939959f997a17c33700653c109255979f929b.jpg",950,634,false],"2048x2048":["https:\/\/www.antikvar.sk\/blog\/wp-content\/uploads\/2024\/01\/4-d22939959f997a17c33700653c109255979f929b.jpg",950,634,false],"crp_thumbnail":["https:\/\/www.antikvar.sk\/blog\/wp-content\/uploads\/2024\/01\/4-d22939959f997a17c33700653c109255979f929b-150x150.jpg",150,150,true]},"uagb_author_info":{"display_name":"jaropoky","author_link":"https:\/\/www.antikvar.sk\/blog\/author\/jaro\/"},"uagb_comment_info":1,"uagb_excerpt":"&#8222;Akademick\u00fd sen\u00e1t V\u0160MU ostro odsudzuje formu i obsah komunik\u00e1cie Ministerstva kult\u00fary Slovenskej republiky, ktor\u00e1 pod\u013ea neho odv\u00e1dza pozornos\u0165 od rie\u0161enia naliehav\u00fdch probl\u00e9mov person\u00e1lne i finan\u010dne poddimenzovan\u00e9ho sektora kult\u00fary prostredn\u00edctvom \u0161\u00edrenia nen\u00e1visti vo\u010di LGBTI+ \u013eu\u010fom a organiz\u00e1ci\u00e1m a \u00fa\u010delovou manipul\u00e1ciou s faktami&#8220;. Sen\u00e1t V\u0160MU sa c\u00edti ohrozen\u00fd ministerstvom kult\u00fary. Ja som bol zase exempl\u00e1rne kult\u00farne ohrozen\u00fd,&nbsp;&hellip;","_links":{"self":[{"href":"https:\/\/www.antikvar.sk\/blog\/wp-json\/wp\/v2\/posts\/10655","targetHints":{"allow":["GET"]}}],"collection":[{"href":"https:\/\/www.antikvar.sk\/blog\/wp-json\/wp\/v2\/posts"}],"about":[{"href":"https:\/\/www.antikvar.sk\/blog\/wp-json\/wp\/v2\/types\/post"}],"author":[{"embeddable":true,"href":"https:\/\/www.antikvar.sk\/blog\/wp-json\/wp\/v2\/users\/1"}],"replies":[{"embeddable":true,"href":"https:\/\/www.antikvar.sk\/blog\/wp-json\/wp\/v2\/comments?post=10655"}],"version-history":[{"count":1,"href":"https:\/\/www.antikvar.sk\/blog\/wp-json\/wp\/v2\/posts\/10655\/revisions"}],"predecessor-version":[{"id":13950,"href":"https:\/\/www.antikvar.sk\/blog\/wp-json\/wp\/v2\/posts\/10655\/revisions\/13950"}],"wp:featuredmedia":[{"embeddable":true,"href":"https:\/\/www.antikvar.sk\/blog\/wp-json\/wp\/v2\/media\/10661"}],"wp:attachment":[{"href":"https:\/\/www.antikvar.sk\/blog\/wp-json\/wp\/v2\/media?parent=10655"}],"wp:term":[{"taxonomy":"category","embeddable":true,"href":"https:\/\/www.antikvar.sk\/blog\/wp-json\/wp\/v2\/categories?post=10655"},{"taxonomy":"post_tag","embeddable":true,"href":"https:\/\/www.antikvar.sk\/blog\/wp-json\/wp\/v2\/tags?post=10655"}],"curies":[{"name":"wp","href":"https:\/\/api.w.org\/{rel}","templated":true}]}}