{"id":10633,"date":"2024-01-17T19:04:12","date_gmt":"2024-01-17T18:04:12","guid":{"rendered":"https:\/\/www.antikvar.sk\/blog\/?p=10633"},"modified":"2024-05-19T23:29:51","modified_gmt":"2024-05-19T21:29:51","slug":"vsetko-bolo-inak-fejton","status":"publish","type":"post","link":"https:\/\/www.antikvar.sk\/blog\/vsetko-bolo-inak-fejton\/","title":{"rendered":"V\u0161etko bolo inak &#8211; fejt\u00f3n"},"content":{"rendered":"<p style=\"text-align: justify;\"><span style=\"font-size: 14pt;\">Predseda SNS a podpredseda parlamentu A. Danko sa nezrazil so st\u013apom semaforu ale so \u0160ime\u010dkom, preto\u017ee pod\u013ea klasika je najhor\u0161ia zr\u00e1\u017eka s blbcom, utrpel nemal\u00fa r\u00f4znorod\u00fa ujmu.<\/span><\/p>\n<p class=\"custom-blue font-24 caricature-subtitle\" style=\"text-align: justify;\"><span style=\"font-size: 14pt;\">Eur\u00f3psky parlament schv\u00e1lil aj&nbsp; hlasmi slovensk\u00fdch opozi\u010dn\u00fdch europoslancov uznesenie kritick\u00e9 vo\u010di slovenskej vl\u00e1de &#8211; n\u00e1m radostne ozn\u00e1mili m\u00e9dia. Aj v tomto pr\u00edpade, po vytriezven\u00ed z opi\u00e1tov pod spolo\u010dn\u00fdm n\u00e1zvom eur\u00f3pske hodnoty,&nbsp; uznesenie bolo kritick\u00e9 ku zvy\u0161ku Ukrajiny a nie Slovensku.<\/span><\/p>\n<p style=\"text-align: justify;\"><span style=\"font-size: 14pt;\">Premi\u00e9r Fico zachytil p\u00f4vodn\u00fa nepravdiv\u00fa inform\u00e1ciu a pohrozil zradnej opoz\u00edcii odvetou. To v\u0161etko sa udialo cestou na rokovanie Svetov\u00e9ho ekonomick\u00e9ho f\u00f3ra v Davose.&nbsp; Premi\u00e9rov vodi\u010d sa nechal unies\u0165 spravodliv\u00fdm hnevom premi\u00e9ra a chv\u00ed\u013ea jeho nepozornosti sp\u00f4sobila, \u017ee vl\u00e1dne BMW sa po\u0161myklo na akomsi lajne a pre\u0161lo \u0161v\u00e1ba.<\/span><\/p>\n<p style=\"text-align: justify;\"><span style=\"font-size: 14pt;\">T\u00e1to &#8222;tragick\u00e1, ods\u00fadeniahodn\u00e1 udalos\u0165&#8220;&nbsp; sa ve\u013emi r\u00fdchlo dostala do Prezidentsk\u00e9ho pal\u00e1ca, kde sa zabudnut\u00e1 koza po\u0161mykla na&nbsp; rozliatom sorosovom gul\u00e1\u0161i a zlomila si nohu (ak\u00e1 to ir\u00f3nia osudu!),&nbsp; ke\u010f be\u017eala na pracovn\u00fa poradu o dopadoch motorizovan\u00e9ho \u00fatoku Fica na \u0161pi\u010dky globalizmu, ktor\u00fa iniciat\u00edvne nar\u00fdchlo zvolala.<br \/>\n<\/span><\/p>\n<p style=\"text-align: justify;\"><span style=\"font-size: 14pt;\">Medzit\u00fdm Fica a Orb\u00e1na v Davose omilostili napriek tomu, \u017ee presadzovali princ\u00edp v\u00ed\u0165az berie v\u0161etko a nes\u00fahlasili s modelom Z\u00e1padn\u00e9ho Berl\u00edna pre Kyjev a Odesy ako slobodn\u00e9 pr\u00edstavn\u00e9 mesto.<\/span><\/p>\n<p style=\"text-align: justify;\"><span style=\"font-size: 14pt;\">V\u017edy sa deje nie\u010do,&nbsp; \u010do n\u00e1s napln\u00ed optimizmom, alebo sa na tom aspo\u0148 pousmejeme,&nbsp; len veci treba spr\u00e1vnym sp\u00f4sobom nez\u00e1visle od ofici\u00e1lnej verzie interpretova\u0165.<\/span><\/p>\n<p style=\"text-align: justify;\">&nbsp;<\/p>\n<p style=\"text-align: justify;\">&nbsp;<\/p>\n<p style=\"text-align: justify;\"><span style=\"font-size: 14pt;\"><strong>Literat\u00fara<\/strong><\/span><\/p>\n<p style=\"text-align: justify;\"><a href=\"https:\/\/spravy.pravda.sk\/domace\/clanok\/696277-danko-prisiel-o-vodicak-magistrat-mu-k-tomu-vystavi-fakturu-2500-eur\/?utm_source=pravda&amp;utm_medium=hp-box&amp;utm_campaign=shp_3clanok_box\" target=\"_blank\" rel=\"noopener\"><span style=\"font-size: 14pt;\">https:\/\/spravy.pravda.sk\/domace\/clanok\/696277-danko-prisiel-o-vodicak-magistrat-mu-k-tomu-vystavi-fakturu-2500-eur\/?utm_source=pravda&amp;utm_medium=hp-box&amp;utm_campaign=shp_3clanok_box<\/span><\/a><\/p>\n<p style=\"text-align: justify;\"><a href=\"https:\/\/www.hlavnespravy.sk\/europsky-parlament-schvalil-uznesenie-kriticke-voci-slovenskej-vlade\/3376610\" target=\"_blank\" rel=\"noopener\"><span style=\"font-size: 14pt;\">https:\/\/www.hlavnespravy.sk\/europsky-parlament-schvalil-uznesenie-kriticke-voci-slovenskej-vlade\/3376610<\/span><\/a><\/p>\n<p style=\"text-align: justify;\"><a href=\"https:\/\/www.hlavnespravy.sk\/premier-rukopis-uznesenia-ep-je-rukopisom-slovenskych-opozicnych-europoslancov\/3376784\" target=\"_blank\" rel=\"noopener\"><span style=\"font-size: 14pt;\">https:\/\/www.hlavnespravy.sk\/premier-rukopis-uznesenia-ep-je-rukopisom-slovenskych-opozicnych-europoslancov\/3376784<\/span><\/a><\/p>\n<header class=\"comment__header\">Dodatky<\/header>\n<header>Z diskusie k \u010dl\u00e1nku<\/header>\n<header><a href=\"https:\/\/www.hlavnespravy.sk\/andrej-danko-mal-byt-akterom-incidentu-na-cerpacej-stanici-v-den-atentatu-na-fica\/3497024\" target=\"_blank\" rel=\"noopener\">https:\/\/www.hlavnespravy.sk\/andrej-danko-mal-byt-akterom-incidentu-na-cerpacej-stanici-v-den-atentatu-na-fica\/3497024<\/a><\/header>\n<header class=\"comment__header\"><span class=\"post-byline\"><span class=\"author publisher-anchor-color\"><a href=\"https:\/\/disqus.com\/by\/disqus_2spIZARCYc\/\" target=\"_blank\" rel=\"noopener noreferrer\" data-action=\"profile\" data-tab=\"\" data-username=\"disqus_2spIZARCYc\">lubo58<\/a><\/span> <\/span> <span class=\"post-meta\"> <a class=\"time-ago\" title=\"nede\u013ea 19. m\u00e1j 2024 21:41\" href=\"https:\/\/www.hlavnespravy.sk\/andrej-danko-mal-byt-akterom-incidentu-na-cerpacej-stanici-v-den-atentatu-na-fica\/3497024#comment-6462581540\" data-role=\"relative-time\">pred 2 hodinami<\/a> <\/span><\/header>\n<p>A sme, n, a, mark\u00edza, joj, ta3, rtvs, a &#8230; tich\u00fa\u010dko.<br \/>\n(27.apr\u00edla) bolo v kalend\u00e1ri \u00faplnou n\u00e1hodou Jaroslava. A jeden Jaroslav, konkr\u00e9tne Spi\u0161iak z Progres\u00edvneho Slovenska, svoj ve\u013ek\u00fd de\u0148 \u00fadajne prespal. Av\u0161ak za volantom. Nikto sa nep\u00fdta, \u010di p\u00e1n Spi\u0161iak n\u00e1hodou neoslavoval svoje meniny \ud83e\udd26\ud83c\udffb\u200d\u2642\ufe0f<\/p>\n<p>O tomto Spi\u0161iakovom \u201czaparkovan\u00ed\u201d je v na\u0161ich progres\u00edvnych m\u00e9di\u00e1ch ohlu\u0161uj\u00face ticho \ud83e\udd2b &#8222;chud\u00e1k&#8220; Spi\u0161iak tak &#8222;zmasakroval&#8220; svoju limuz\u00ednu, \u017ee bola nepojazdn\u00e1.<\/p>\n<p>Tak\u00fd Andrej Danko podobn\u00e9 \u0161\u0165astie nemal a mainstream urobil z jedn\u00e9ho semaforu p\u00fatnick\u00e9 miesto.<\/p>\n<p>&nbsp;<\/p>\n<p style=\"text-align: justify;\"><img decoding=\"async\" src=\"https:\/\/uploads.disquscdn.com\/images\/aee91f8f822b52f68f6e528fbbf94f773788b1e86504f4c021fda8c3fa08e47d.jpg?w=600&amp;h=343\" alt=\"N\u00e1h\u013ead\" height=\"343\"><\/p>\n<p style=\"text-align: justify;\">&nbsp;<\/p>\n<p style=\"text-align: justify;\">&nbsp;<\/p>\n","protected":false},"excerpt":{"rendered":"<p>Predseda SNS a podpredseda parlamentu A. Danko sa nezrazil so st\u013apom semaforu ale so \u0160ime\u010dkom, preto\u017ee pod\u013ea klasika je najhor\u0161ia zr\u00e1\u017eka s blbcom, utrpel nemal\u00fa r\u00f4znorod\u00fa ujmu. Eur\u00f3psky parlament schv\u00e1lil aj&nbsp; hlasmi slovensk\u00fdch opozi\u010dn\u00fdch europoslancov uznesenie kritick\u00e9 vo\u010di slovenskej vl\u00e1de &#8211; n\u00e1m radostne ozn\u00e1mili m\u00e9dia. Aj v tomto pr\u00edpade, po vytriezven\u00ed z opi\u00e1tov pod spolo\u010dn\u00fdm [&hellip;]<\/p>\n","protected":false},"author":1,"featured_media":10643,"comment_status":"open","ping_status":"open","sticky":false,"template":"","format":"standard","meta":{"_uag_custom_page_level_css":"","site-sidebar-layout":"default","site-content-layout":"","ast-site-content-layout":"default","site-content-style":"default","site-sidebar-style":"default","ast-global-header-display":"","ast-banner-title-visibility":"","ast-main-header-display":"","ast-hfb-above-header-display":"","ast-hfb-below-header-display":"","ast-hfb-mobile-header-display":"","site-post-title":"","ast-breadcrumbs-content":"","ast-featured-img":"","footer-sml-layout":"","ast-disable-related-posts":"","theme-transparent-header-meta":"default","adv-header-id-meta":"","stick-header-meta":"","header-above-stick-meta":"","header-main-stick-meta":"","header-below-stick-meta":"","astra-migrate-meta-layouts":"set","ast-page-background-enabled":"default","ast-page-background-meta":{"desktop":{"background-color":"","background-image":"","background-repeat":"repeat","background-position":"center center","background-size":"auto","background-attachment":"scroll","background-type":"","background-media":"","overlay-type":"","overlay-color":"","overlay-opacity":"","overlay-gradient":""},"tablet":{"background-color":"","background-image":"","background-repeat":"repeat","background-position":"center center","background-size":"auto","background-attachment":"scroll","background-type":"","background-media":"","overlay-type":"","overlay-color":"","overlay-opacity":"","overlay-gradient":""},"mobile":{"background-color":"","background-image":"","background-repeat":"repeat","background-position":"center center","background-size":"auto","background-attachment":"scroll","background-type":"","background-media":"","overlay-type":"","overlay-color":"","overlay-opacity":"","overlay-gradient":""}},"ast-content-background-meta":{"desktop":{"background-color":"var(--ast-global-color-5)","background-image":"","background-repeat":"repeat","background-position":"center center","background-size":"auto","background-attachment":"scroll","background-type":"","background-media":"","overlay-type":"","overlay-color":"","overlay-opacity":"","overlay-gradient":""},"tablet":{"background-color":"var(--ast-global-color-5)","background-image":"","background-repeat":"repeat","background-position":"center center","background-size":"auto","background-attachment":"scroll","background-type":"","background-media":"","overlay-type":"","overlay-color":"","overlay-opacity":"","overlay-gradient":""},"mobile":{"background-color":"var(--ast-global-color-5)","background-image":"","background-repeat":"repeat","background-position":"center center","background-size":"auto","background-attachment":"scroll","background-type":"","background-media":"","overlay-type":"","overlay-color":"","overlay-opacity":"","overlay-gradient":""}},"ngg_post_thumbnail":0,"footnotes":""},"categories":[1],"tags":[377,379,378],"class_list":["post-10633","post","type-post","status-publish","format-standard","has-post-thumbnail","hentry","category-postrehy-uvahy-aktualne","tag-davos","tag-svab","tag-uznesenie"],"yoast_head":"<!-- This site is optimized with the Yoast SEO plugin v27.5 - https:\/\/yoast.com\/product\/yoast-seo-wordpress\/ -->\n<title>V\u0161etko bolo inak - fejt\u00f3n - DOMOVINA<\/title>\n<meta name=\"robots\" content=\"index, follow, max-snippet:-1, max-image-preview:large, max-video-preview:-1\" \/>\n<link rel=\"canonical\" href=\"https:\/\/www.antikvar.sk\/blog\/vsetko-bolo-inak-fejton\/\" \/>\n<meta property=\"og:locale\" content=\"sk_SK\" \/>\n<meta property=\"og:type\" content=\"article\" \/>\n<meta property=\"og:title\" content=\"V\u0161etko bolo inak - fejt\u00f3n - DOMOVINA\" \/>\n<meta property=\"og:description\" content=\"Predseda SNS a podpredseda parlamentu A. Danko sa nezrazil so st\u013apom semaforu ale so \u0160ime\u010dkom, preto\u017ee pod\u013ea klasika je najhor\u0161ia zr\u00e1\u017eka s blbcom, utrpel nemal\u00fa r\u00f4znorod\u00fa ujmu. Eur\u00f3psky parlament schv\u00e1lil aj&nbsp; hlasmi slovensk\u00fdch opozi\u010dn\u00fdch europoslancov uznesenie kritick\u00e9 vo\u010di slovenskej vl\u00e1de &#8211; n\u00e1m radostne ozn\u00e1mili m\u00e9dia. Aj v tomto pr\u00edpade, po vytriezven\u00ed z opi\u00e1tov pod spolo\u010dn\u00fdm [&hellip;]\" \/>\n<meta property=\"og:url\" content=\"https:\/\/www.antikvar.sk\/blog\/vsetko-bolo-inak-fejton\/\" \/>\n<meta property=\"og:site_name\" content=\"DOMOVINA\" \/>\n<meta property=\"article:published_time\" content=\"2024-01-17T18:04:12+00:00\" \/>\n<meta property=\"article:modified_time\" content=\"2024-05-19T21:29:51+00:00\" \/>\n<meta property=\"og:image\" content=\"https:\/\/www.antikvar.sk\/blog\/wp-content\/uploads\/2024\/01\/semafor.jpg.webp\" \/>\n\t<meta property=\"og:image:width\" content=\"280\" \/>\n\t<meta property=\"og:image:height\" content=\"350\" \/>\n\t<meta property=\"og:image:type\" content=\"image\/webp\" \/>\n<meta name=\"author\" content=\"jaropoky\" \/>\n<meta name=\"twitter:card\" content=\"summary_large_image\" \/>\n<meta name=\"twitter:label1\" content=\"Autor\" \/>\n\t<meta name=\"twitter:data1\" content=\"jaropoky\" \/>\n\t<meta name=\"twitter:label2\" content=\"Predpokladan\u00fd \u010das \u010d\u00edtania\" \/>\n\t<meta name=\"twitter:data2\" content=\"2 min\u00faty\" \/>\n<script type=\"application\/ld+json\" class=\"yoast-schema-graph\">{\"@context\":\"https:\\\/\\\/schema.org\",\"@graph\":[{\"@type\":\"Article\",\"@id\":\"https:\\\/\\\/www.antikvar.sk\\\/blog\\\/vsetko-bolo-inak-fejton\\\/#article\",\"isPartOf\":{\"@id\":\"https:\\\/\\\/www.antikvar.sk\\\/blog\\\/vsetko-bolo-inak-fejton\\\/\"},\"author\":{\"name\":\"jaropoky\",\"@id\":\"https:\\\/\\\/www.antikvar.sk\\\/blog\\\/#\\\/schema\\\/person\\\/960f1c7c0f38d050499287d3a7924469\"},\"headline\":\"V\u0161etko bolo inak &#8211; fejt\u00f3n\",\"datePublished\":\"2024-01-17T18:04:12+00:00\",\"dateModified\":\"2024-05-19T21:29:51+00:00\",\"mainEntityOfPage\":{\"@id\":\"https:\\\/\\\/www.antikvar.sk\\\/blog\\\/vsetko-bolo-inak-fejton\\\/\"},\"wordCount\":454,\"commentCount\":0,\"publisher\":{\"@id\":\"https:\\\/\\\/www.antikvar.sk\\\/blog\\\/#\\\/schema\\\/person\\\/960f1c7c0f38d050499287d3a7924469\"},\"image\":{\"@id\":\"https:\\\/\\\/www.antikvar.sk\\\/blog\\\/vsetko-bolo-inak-fejton\\\/#primaryimage\"},\"thumbnailUrl\":\"https:\\\/\\\/www.antikvar.sk\\\/blog\\\/wp-content\\\/uploads\\\/2024\\\/01\\\/semafor.jpg.webp\",\"keywords\":[\"Davos\",\"\u0161v\u00e1b\",\"uznesenie\"],\"articleSection\":[\"Aktu\u00e1lne postrehy a \u00favahy\"],\"inLanguage\":\"sk-SK\",\"potentialAction\":[{\"@type\":\"CommentAction\",\"name\":\"Comment\",\"target\":[\"https:\\\/\\\/www.antikvar.sk\\\/blog\\\/vsetko-bolo-inak-fejton\\\/#respond\"]}]},{\"@type\":\"WebPage\",\"@id\":\"https:\\\/\\\/www.antikvar.sk\\\/blog\\\/vsetko-bolo-inak-fejton\\\/\",\"url\":\"https:\\\/\\\/www.antikvar.sk\\\/blog\\\/vsetko-bolo-inak-fejton\\\/\",\"name\":\"V\u0161etko bolo inak - fejt\u00f3n - DOMOVINA\",\"isPartOf\":{\"@id\":\"https:\\\/\\\/www.antikvar.sk\\\/blog\\\/#website\"},\"primaryImageOfPage\":{\"@id\":\"https:\\\/\\\/www.antikvar.sk\\\/blog\\\/vsetko-bolo-inak-fejton\\\/#primaryimage\"},\"image\":{\"@id\":\"https:\\\/\\\/www.antikvar.sk\\\/blog\\\/vsetko-bolo-inak-fejton\\\/#primaryimage\"},\"thumbnailUrl\":\"https:\\\/\\\/www.antikvar.sk\\\/blog\\\/wp-content\\\/uploads\\\/2024\\\/01\\\/semafor.jpg.webp\",\"datePublished\":\"2024-01-17T18:04:12+00:00\",\"dateModified\":\"2024-05-19T21:29:51+00:00\",\"breadcrumb\":{\"@id\":\"https:\\\/\\\/www.antikvar.sk\\\/blog\\\/vsetko-bolo-inak-fejton\\\/#breadcrumb\"},\"inLanguage\":\"sk-SK\",\"potentialAction\":[{\"@type\":\"ReadAction\",\"target\":[\"https:\\\/\\\/www.antikvar.sk\\\/blog\\\/vsetko-bolo-inak-fejton\\\/\"]}]},{\"@type\":\"ImageObject\",\"inLanguage\":\"sk-SK\",\"@id\":\"https:\\\/\\\/www.antikvar.sk\\\/blog\\\/vsetko-bolo-inak-fejton\\\/#primaryimage\",\"url\":\"https:\\\/\\\/www.antikvar.sk\\\/blog\\\/wp-content\\\/uploads\\\/2024\\\/01\\\/semafor.jpg.webp\",\"contentUrl\":\"https:\\\/\\\/www.antikvar.sk\\\/blog\\\/wp-content\\\/uploads\\\/2024\\\/01\\\/semafor.jpg.webp\",\"width\":280,\"height\":350},{\"@type\":\"BreadcrumbList\",\"@id\":\"https:\\\/\\\/www.antikvar.sk\\\/blog\\\/vsetko-bolo-inak-fejton\\\/#breadcrumb\",\"itemListElement\":[{\"@type\":\"ListItem\",\"position\":1,\"name\":\"Domovsk\u00e1 str\u00e1nka\",\"item\":\"https:\\\/\\\/www.antikvar.sk\\\/blog\\\/\"},{\"@type\":\"ListItem\",\"position\":2,\"name\":\"V\u0161etko bolo inak &#8211; fejt\u00f3n\"}]},{\"@type\":\"WebSite\",\"@id\":\"https:\\\/\\\/www.antikvar.sk\\\/blog\\\/#website\",\"url\":\"https:\\\/\\\/www.antikvar.sk\\\/blog\\\/\",\"name\":\"DOMOVINA\",\"description\":\"Nezabudnite na svoje rodisko, bez neho je len do pekla schodisko\",\"publisher\":{\"@id\":\"https:\\\/\\\/www.antikvar.sk\\\/blog\\\/#\\\/schema\\\/person\\\/960f1c7c0f38d050499287d3a7924469\"},\"potentialAction\":[{\"@type\":\"SearchAction\",\"target\":{\"@type\":\"EntryPoint\",\"urlTemplate\":\"https:\\\/\\\/www.antikvar.sk\\\/blog\\\/?s={search_term_string}\"},\"query-input\":{\"@type\":\"PropertyValueSpecification\",\"valueRequired\":true,\"valueName\":\"search_term_string\"}}],\"inLanguage\":\"sk-SK\"},{\"@type\":[\"Person\",\"Organization\"],\"@id\":\"https:\\\/\\\/www.antikvar.sk\\\/blog\\\/#\\\/schema\\\/person\\\/960f1c7c0f38d050499287d3a7924469\",\"name\":\"jaropoky\",\"image\":{\"@type\":\"ImageObject\",\"inLanguage\":\"sk-SK\",\"@id\":\"https:\\\/\\\/www.antikvar.sk\\\/blog\\\/wp-content\\\/uploads\\\/2021\\\/04\\\/cropped-cropped-KoreszkaWEB-2.jpg\",\"url\":\"https:\\\/\\\/www.antikvar.sk\\\/blog\\\/wp-content\\\/uploads\\\/2021\\\/04\\\/cropped-cropped-KoreszkaWEB-2.jpg\",\"contentUrl\":\"https:\\\/\\\/www.antikvar.sk\\\/blog\\\/wp-content\\\/uploads\\\/2021\\\/04\\\/cropped-cropped-KoreszkaWEB-2.jpg\",\"width\":863,\"height\":597,\"caption\":\"jaropoky\"},\"logo\":{\"@id\":\"https:\\\/\\\/www.antikvar.sk\\\/blog\\\/wp-content\\\/uploads\\\/2021\\\/04\\\/cropped-cropped-KoreszkaWEB-2.jpg\"},\"description\":\"Zauj\u00edma sa o filozofiu, umenie, pr\u00edrodu a alternat\u00edvnu medic\u00ednu. Bol vedeck\u00fd pracovn\u00edk a \u0161t\u00e1tny zamestnanec, teraz je na d\u00f4chodku.\",\"sameAs\":[\"http:\\\/\\\/www.antikvar.sk\\\/blog\"],\"url\":\"https:\\\/\\\/www.antikvar.sk\\\/blog\\\/author\\\/jaro\\\/\"}]}<\/script>\n<!-- \/ Yoast SEO plugin. -->","yoast_head_json":{"title":"V\u0161etko bolo inak - fejt\u00f3n - DOMOVINA","robots":{"index":"index","follow":"follow","max-snippet":"max-snippet:-1","max-image-preview":"max-image-preview:large","max-video-preview":"max-video-preview:-1"},"canonical":"https:\/\/www.antikvar.sk\/blog\/vsetko-bolo-inak-fejton\/","og_locale":"sk_SK","og_type":"article","og_title":"V\u0161etko bolo inak - fejt\u00f3n - DOMOVINA","og_description":"Predseda SNS a podpredseda parlamentu A. Danko sa nezrazil so st\u013apom semaforu ale so \u0160ime\u010dkom, preto\u017ee pod\u013ea klasika je najhor\u0161ia zr\u00e1\u017eka s blbcom, utrpel nemal\u00fa r\u00f4znorod\u00fa ujmu. Eur\u00f3psky parlament schv\u00e1lil aj&nbsp; hlasmi slovensk\u00fdch opozi\u010dn\u00fdch europoslancov uznesenie kritick\u00e9 vo\u010di slovenskej vl\u00e1de &#8211; n\u00e1m radostne ozn\u00e1mili m\u00e9dia. Aj v tomto pr\u00edpade, po vytriezven\u00ed z opi\u00e1tov pod spolo\u010dn\u00fdm [&hellip;]","og_url":"https:\/\/www.antikvar.sk\/blog\/vsetko-bolo-inak-fejton\/","og_site_name":"DOMOVINA","article_published_time":"2024-01-17T18:04:12+00:00","article_modified_time":"2024-05-19T21:29:51+00:00","og_image":[{"width":280,"height":350,"url":"https:\/\/www.antikvar.sk\/blog\/wp-content\/uploads\/2024\/01\/semafor.jpg.webp","type":"image\/webp"}],"author":"jaropoky","twitter_card":"summary_large_image","twitter_misc":{"Autor":"jaropoky","Predpokladan\u00fd \u010das \u010d\u00edtania":"2 min\u00faty"},"schema":{"@context":"https:\/\/schema.org","@graph":[{"@type":"Article","@id":"https:\/\/www.antikvar.sk\/blog\/vsetko-bolo-inak-fejton\/#article","isPartOf":{"@id":"https:\/\/www.antikvar.sk\/blog\/vsetko-bolo-inak-fejton\/"},"author":{"name":"jaropoky","@id":"https:\/\/www.antikvar.sk\/blog\/#\/schema\/person\/960f1c7c0f38d050499287d3a7924469"},"headline":"V\u0161etko bolo inak &#8211; fejt\u00f3n","datePublished":"2024-01-17T18:04:12+00:00","dateModified":"2024-05-19T21:29:51+00:00","mainEntityOfPage":{"@id":"https:\/\/www.antikvar.sk\/blog\/vsetko-bolo-inak-fejton\/"},"wordCount":454,"commentCount":0,"publisher":{"@id":"https:\/\/www.antikvar.sk\/blog\/#\/schema\/person\/960f1c7c0f38d050499287d3a7924469"},"image":{"@id":"https:\/\/www.antikvar.sk\/blog\/vsetko-bolo-inak-fejton\/#primaryimage"},"thumbnailUrl":"https:\/\/www.antikvar.sk\/blog\/wp-content\/uploads\/2024\/01\/semafor.jpg.webp","keywords":["Davos","\u0161v\u00e1b","uznesenie"],"articleSection":["Aktu\u00e1lne postrehy a \u00favahy"],"inLanguage":"sk-SK","potentialAction":[{"@type":"CommentAction","name":"Comment","target":["https:\/\/www.antikvar.sk\/blog\/vsetko-bolo-inak-fejton\/#respond"]}]},{"@type":"WebPage","@id":"https:\/\/www.antikvar.sk\/blog\/vsetko-bolo-inak-fejton\/","url":"https:\/\/www.antikvar.sk\/blog\/vsetko-bolo-inak-fejton\/","name":"V\u0161etko bolo inak - fejt\u00f3n - DOMOVINA","isPartOf":{"@id":"https:\/\/www.antikvar.sk\/blog\/#website"},"primaryImageOfPage":{"@id":"https:\/\/www.antikvar.sk\/blog\/vsetko-bolo-inak-fejton\/#primaryimage"},"image":{"@id":"https:\/\/www.antikvar.sk\/blog\/vsetko-bolo-inak-fejton\/#primaryimage"},"thumbnailUrl":"https:\/\/www.antikvar.sk\/blog\/wp-content\/uploads\/2024\/01\/semafor.jpg.webp","datePublished":"2024-01-17T18:04:12+00:00","dateModified":"2024-05-19T21:29:51+00:00","breadcrumb":{"@id":"https:\/\/www.antikvar.sk\/blog\/vsetko-bolo-inak-fejton\/#breadcrumb"},"inLanguage":"sk-SK","potentialAction":[{"@type":"ReadAction","target":["https:\/\/www.antikvar.sk\/blog\/vsetko-bolo-inak-fejton\/"]}]},{"@type":"ImageObject","inLanguage":"sk-SK","@id":"https:\/\/www.antikvar.sk\/blog\/vsetko-bolo-inak-fejton\/#primaryimage","url":"https:\/\/www.antikvar.sk\/blog\/wp-content\/uploads\/2024\/01\/semafor.jpg.webp","contentUrl":"https:\/\/www.antikvar.sk\/blog\/wp-content\/uploads\/2024\/01\/semafor.jpg.webp","width":280,"height":350},{"@type":"BreadcrumbList","@id":"https:\/\/www.antikvar.sk\/blog\/vsetko-bolo-inak-fejton\/#breadcrumb","itemListElement":[{"@type":"ListItem","position":1,"name":"Domovsk\u00e1 str\u00e1nka","item":"https:\/\/www.antikvar.sk\/blog\/"},{"@type":"ListItem","position":2,"name":"V\u0161etko bolo inak &#8211; fejt\u00f3n"}]},{"@type":"WebSite","@id":"https:\/\/www.antikvar.sk\/blog\/#website","url":"https:\/\/www.antikvar.sk\/blog\/","name":"DOMOVINA","description":"Nezabudnite na svoje rodisko, bez neho je len do pekla schodisko","publisher":{"@id":"https:\/\/www.antikvar.sk\/blog\/#\/schema\/person\/960f1c7c0f38d050499287d3a7924469"},"potentialAction":[{"@type":"SearchAction","target":{"@type":"EntryPoint","urlTemplate":"https:\/\/www.antikvar.sk\/blog\/?s={search_term_string}"},"query-input":{"@type":"PropertyValueSpecification","valueRequired":true,"valueName":"search_term_string"}}],"inLanguage":"sk-SK"},{"@type":["Person","Organization"],"@id":"https:\/\/www.antikvar.sk\/blog\/#\/schema\/person\/960f1c7c0f38d050499287d3a7924469","name":"jaropoky","image":{"@type":"ImageObject","inLanguage":"sk-SK","@id":"https:\/\/www.antikvar.sk\/blog\/wp-content\/uploads\/2021\/04\/cropped-cropped-KoreszkaWEB-2.jpg","url":"https:\/\/www.antikvar.sk\/blog\/wp-content\/uploads\/2021\/04\/cropped-cropped-KoreszkaWEB-2.jpg","contentUrl":"https:\/\/www.antikvar.sk\/blog\/wp-content\/uploads\/2021\/04\/cropped-cropped-KoreszkaWEB-2.jpg","width":863,"height":597,"caption":"jaropoky"},"logo":{"@id":"https:\/\/www.antikvar.sk\/blog\/wp-content\/uploads\/2021\/04\/cropped-cropped-KoreszkaWEB-2.jpg"},"description":"Zauj\u00edma sa o filozofiu, umenie, pr\u00edrodu a alternat\u00edvnu medic\u00ednu. Bol vedeck\u00fd pracovn\u00edk a \u0161t\u00e1tny zamestnanec, teraz je na d\u00f4chodku.","sameAs":["http:\/\/www.antikvar.sk\/blog"],"url":"https:\/\/www.antikvar.sk\/blog\/author\/jaro\/"}]}},"uagb_featured_image_src":{"full":["https:\/\/www.antikvar.sk\/blog\/wp-content\/uploads\/2024\/01\/semafor.jpg.webp",280,350,false],"thumbnail":["https:\/\/www.antikvar.sk\/blog\/wp-content\/uploads\/2024\/01\/semafor.jpg-150x150.webp",150,150,true],"medium":["https:\/\/www.antikvar.sk\/blog\/wp-content\/uploads\/2024\/01\/semafor.jpg-240x300.webp",240,300,true],"medium_large":["https:\/\/www.antikvar.sk\/blog\/wp-content\/uploads\/2024\/01\/semafor.jpg.webp",280,350,false],"large":["https:\/\/www.antikvar.sk\/blog\/wp-content\/uploads\/2024\/01\/semafor.jpg.webp",280,350,false],"1536x1536":["https:\/\/www.antikvar.sk\/blog\/wp-content\/uploads\/2024\/01\/semafor.jpg.webp",280,350,false],"2048x2048":["https:\/\/www.antikvar.sk\/blog\/wp-content\/uploads\/2024\/01\/semafor.jpg.webp",280,350,false],"crp_thumbnail":["https:\/\/www.antikvar.sk\/blog\/wp-content\/uploads\/2024\/01\/semafor.jpg-150x150.webp",150,150,true]},"uagb_author_info":{"display_name":"jaropoky","author_link":"https:\/\/www.antikvar.sk\/blog\/author\/jaro\/"},"uagb_comment_info":0,"uagb_excerpt":"Predseda SNS a podpredseda parlamentu A. Danko sa nezrazil so st\u013apom semaforu ale so \u0160ime\u010dkom, preto\u017ee pod\u013ea klasika je najhor\u0161ia zr\u00e1\u017eka s blbcom, utrpel nemal\u00fa r\u00f4znorod\u00fa ujmu. Eur\u00f3psky parlament schv\u00e1lil aj&nbsp; hlasmi slovensk\u00fdch opozi\u010dn\u00fdch europoslancov uznesenie kritick\u00e9 vo\u010di slovenskej vl\u00e1de &#8211; n\u00e1m radostne ozn\u00e1mili m\u00e9dia. Aj v tomto pr\u00edpade, po vytriezven\u00ed z opi\u00e1tov pod spolo\u010dn\u00fdm&hellip;","_links":{"self":[{"href":"https:\/\/www.antikvar.sk\/blog\/wp-json\/wp\/v2\/posts\/10633","targetHints":{"allow":["GET"]}}],"collection":[{"href":"https:\/\/www.antikvar.sk\/blog\/wp-json\/wp\/v2\/posts"}],"about":[{"href":"https:\/\/www.antikvar.sk\/blog\/wp-json\/wp\/v2\/types\/post"}],"author":[{"embeddable":true,"href":"https:\/\/www.antikvar.sk\/blog\/wp-json\/wp\/v2\/users\/1"}],"replies":[{"embeddable":true,"href":"https:\/\/www.antikvar.sk\/blog\/wp-json\/wp\/v2\/comments?post=10633"}],"version-history":[{"count":0,"href":"https:\/\/www.antikvar.sk\/blog\/wp-json\/wp\/v2\/posts\/10633\/revisions"}],"wp:featuredmedia":[{"embeddable":true,"href":"https:\/\/www.antikvar.sk\/blog\/wp-json\/wp\/v2\/media\/10643"}],"wp:attachment":[{"href":"https:\/\/www.antikvar.sk\/blog\/wp-json\/wp\/v2\/media?parent=10633"}],"wp:term":[{"taxonomy":"category","embeddable":true,"href":"https:\/\/www.antikvar.sk\/blog\/wp-json\/wp\/v2\/categories?post=10633"},{"taxonomy":"post_tag","embeddable":true,"href":"https:\/\/www.antikvar.sk\/blog\/wp-json\/wp\/v2\/tags?post=10633"}],"curies":[{"name":"wp","href":"https:\/\/api.w.org\/{rel}","templated":true}]}}