{"id":10320,"date":"2023-11-06T21:34:54","date_gmt":"2023-11-06T20:34:54","guid":{"rendered":"https:\/\/www.antikvar.sk\/blog\/?p=10320"},"modified":"2025-05-30T09:26:44","modified_gmt":"2025-05-30T07:26:44","slug":"nerozumeli-sme-sa-poznamka","status":"publish","type":"post","link":"https:\/\/www.antikvar.sk\/blog\/nerozumeli-sme-sa-poznamka\/","title":{"rendered":"Nerozumeli sme sa &#8211; fejt\u00f3n"},"content":{"rendered":"<p style=\"text-align: justify;\"><span style=\"font-size: 14pt;\">V pr\u00edpade, \u017ee politici Smeru v predvolebnej kampani s\u013eubuj\u00fa, \u017ee ukon\u010dia dod\u00e1vanie zbran\u00ed&nbsp; na Ukrajinu a s\u00fa&nbsp; <strong>iba za mierov\u00e9 rie\u0161enie,<\/strong> nem\u00f4\u017ee by\u0165 nesk\u00f4r premi\u00e9r Fico prekvapen\u00fd, <a href=\"https:\/\/www.antikvar.sk\/blog\/vytriezvenie-poznamka\/\" target=\"_blank\" rel=\"noopener\">pre\u010do nie v\u0161etci pokladaj\u00fa&nbsp; za splnenie predvolebn\u00fdch s\u013eubov<\/a>, <strong>ke\u010f nedod\u00e1 Ukrajine zbrane, ktor\u00e9 u\u017e nem\u00e1.<\/strong><\/span><\/p>\n<p style=\"text-align: justify;\"><span style=\"font-size: 14pt;\">Pri\u010dom on aj minister zahrani\u010dn\u00fdch vec\u00ed vyhl\u00e1sia, \u017ee s\u00fakromn\u00fdm zbroj\u00e1rskym firm\u00e1m vo v\u00fdvoze nem\u00f4\u017ee vl\u00e1da zabr\u00e1ni\u0165.&nbsp; Obaja povedia vo &#8222;vo v\u00fdvoze&#8220;, ako keby sa myslelo nie\u010doho niekde do zahrani\u010dia, ale z kontextu jasne vypl\u00fdva, \u017ee zbran\u00ed do Ukrajiny.&nbsp;<\/span><\/p>\n<p style=\"text-align: justify;\"><span style=\"font-size: 14pt;\">Ak i\u0161lo o v\u00fdvoz ban\u00e1nov, ktor\u00e9 tie\u017e nem\u00e1me, ako zbrane v \u0161t\u00e1tnych skladoch,&nbsp; bolo by zrejme v\u0161etko v poriadku.<\/span><\/p>\n<p style=\"text-align: justify;\"><span style=\"font-size: 14pt;\">Len\u017ee nie je to tak d\u00e1vno, \u010do platilo, \u017ee zbrane sa nem\u00f4\u017eu vyv\u00e1\u017ea\u0165 do miest vojnov\u00e9ho konfliktu a je to pr\u00e1ve vl\u00e1da (mysl\u00edm MH SR), ktor\u00e1 vyd\u00e1va licencie na v\u00fdvoz zbran\u00ed.<br \/>\n<\/span><\/p>\n<p style=\"text-align: justify;\"><span style=\"font-size: 14pt;\">\u017deby sa&nbsp; v z\u00e1ujme obrany <a href=\"https:\/\/www.antikvar.sk\/blog\/nenavist-sa-vyzaduje-fejton\/\" target=\"_blank\" rel=\"noopener\">eur\u00f3pskych hodn\u00f4t<\/a> nie\u010do zmenilo?&nbsp; Voli\u010d Smeru, ktor\u00fd nie je analytik <a href=\"https:\/\/www.antikvar.sk\/blog\/preco-az-teraz\/\" target=\"_blank\" rel=\"noopener\">napr. kalibru Chmel\u00e1ra<\/a><sup class=\"modern-footnotes-footnote \" data-mfn=\"1\" data-mfn-post-scope=\"00000000551908bf00000000161e12b1_10320\"><a href=\"javascript:void(0)\"  title=\"\u010cak\u00e1m, \u017ee n\u00e1m tieto v\u00fdvrtky vysvetl\u00ed.\"  role=\"button\" aria-pressed=\"false\" aria-describedby=\"mfn-content-00000000551908bf00000000161e12b1_10320-1\">1<\/a><\/sup><span id=\"mfn-content-00000000551908bf00000000161e12b1_10320-1\" role=\"tooltip\" class=\"modern-footnotes-footnote__note\" tabindex=\"0\" data-mfn=\"1\">\u010cak\u00e1m, \u017ee n\u00e1m tieto v\u00fdvrtky vysvetl\u00ed.<\/span>, nem\u00f4\u017ee ani tu\u0161i\u0165, \u010do sa vlastne deje. Orientova\u0165 sa m\u00f4\u017ee jedine pod\u013ea toho, \u017ee nepriate\u013esk\u00ed novin\u00e1ri \u00fato\u010dia na Fica pre nesplnen\u00e9 s\u013euby, preto m\u00e1 ur\u010dite pravdu!<br \/>\n<\/span><\/p>\n<p style=\"text-align: justify;\"><span style=\"font-size: 14pt;\"><strong>\u010co takto, ke\u010f sa chyst\u00e1me dodato\u010dne zdani\u0165 banky, zdani\u0165 podobne aj na\u0161e zbroj\u00e1rske firmy? Mo\u017eno by to na zalepenie jedn\u00e9ho oka podobn\u00fdm nech\u00e1pavcom ako som ja, sta\u010dilo, ke\u010f u\u017e rovno nechceme zru\u0161i\u0165 v\u00fdvozn\u00e9 licencie.<\/strong> <\/span><\/p>\n<p style=\"text-align: justify;\"><span style=\"font-size: 14pt;\">Samozrejme, pokia\u013e vlastn\u00edkmi nie s\u00fa &#8222;na\u0161i chlapci&#8220;. Ch\u00e1pem, \u017ee v tom pr\u00edpade to bude ve\u013emi \u0165a\u017ek\u00e9.<\/span><\/p>\n<p style=\"text-align: justify;\"><span style=\"font-size: 14pt;\">Potom ale m\u00e1me napor\u00fadzi oblig\u00e1tne medi\u00e1lne vysvetlenie: v\u00e1\u017ene t\u00fdm zv\u00fd\u0161ime<\/span><span style=\"font-size: 14pt;\"> nezamestnanos\u0165 v regi\u00f3ne, ke\u010f nepred\u00e1me zbrane my priamo Ukrajine, pred\u00e1 ich sprostredkovane so ziskom&nbsp; niekto in\u00fd.&nbsp; <\/span><\/p>\n<p style=\"text-align: justify;\"><span style=\"font-size: 14pt;\">Bolo by to v\u0161etko fajn, keby na\u0161a vl\u00e1da svojim v\u00fdkladom a&nbsp; praktickou realiz\u00e1ciou predvolebn\u00fdch s\u013eubov nepodporovala biznis ukrajinsk\u00fdch a rusk\u00fdch pohrebn\u00fdch slu\u017eieb. <\/span><\/p>\n<p style=\"text-align: justify;\"><span style=\"font-size: 14pt;\">Vl\u00e1dni politici by mali ve\u013emi r\u00fdchlo&nbsp; presta\u0165 pou\u017e\u00edva\u0165 u\u017e teraz len fr\u00e1zy typu: dod\u00e1van\u00edm zbran\u00ed sa vojna na Ukrajine neskon\u010d\u00ed, sme proti dod\u00e1vkam zbran\u00ed, Slovensko nebude dod\u00e1va\u0165 zbrane a podobne,&nbsp; pokia\u013e nechc\u00fa, aby boli pova\u017eovan\u00ed za pokrytcov. Alebo n\u00e1m chc\u00fa sn\u00e1\u010f uk\u00e1za\u0165, \u017ee treba by\u0165 progres\u00edvnym humanistom, pre ktor\u00e9ho pokia\u013e nezabije\u0161 svojho bl\u00ed\u017eneho vlastn\u00fdmi rukami, to nie je vra\u017eda ale iba chv\u00e1lyhodn\u00fd biznis?<br \/>\n<\/span><\/p>\n<p>&nbsp;<\/p>\n<p style=\"text-align: justify;\"><span style=\"font-size: 14pt;\"><strong>Dodatok<\/strong><\/span><\/p>\n<p style=\"text-align: justify;\"><span style=\"font-size: 14pt;\">Pri tejto pr\u00edle\u017eitosti som si spomenul na jednu riekanku, ktor\u00e1 ma napadla niekedy ve\u013emi d\u00e1vno za minul\u00e9ho re\u017eimu:<\/span><\/p>\n<p style=\"text-align: justify;\"><span style=\"font-size: 14pt;\"><strong><em>Zablysklo sa nad horami zo tri razy,<\/em><\/strong><\/span><\/p>\n<p style=\"text-align: justify;\"><span style=\"font-size: 14pt;\"><strong><em>k\u00fdm som nevymyslel do prejavu fr\u00e1zy.<\/em><\/strong><\/span><\/p>\n<p style=\"text-align: justify;\"><span style=\"font-size: 14pt;\">Op\u00e4\u0165 sa potvrdzuje motto tejto str\u00e1nky, ktor\u00e9 sa d\u00e1 stru\u010dne vyjadri\u0165 tak, \u017ee v\u0161etko tu u\u017e bolo, len sme na to niektor\u00ed zabudli.<\/span><\/p>\n<p><span style=\"font-size: 14pt;\">Dodatok z 8.11.2023<\/span><\/p>\n<p><span style=\"font-size: 14pt;\">https:\/\/www.hlavnespravy.sk\/vlada-neschvalila-balik-vojenskej-pomoci-pre-ukrajinu-v-hodnote-403-miliona-eur\/3312034<\/span><\/p>\n<p><span style=\"font-size: 14pt;\">https:\/\/t.me\/InfoVojnaOfficial\/7422<\/span><\/p>\n<p><span style=\"font-size: 14pt;\">Dodatok 3.1.2024<\/span><\/p>\n<p><span style=\"font-size: 14pt;\">https:\/\/www.infovojna.bz\/article\/nad-je-spokojny-s-fungovanim-rezortu-obrany-pod-vedenim-kalinaka<\/span><\/p>\n<p><span style=\"font-size: 14pt;\">Dodatok 29.5.2025<\/span><\/p>\n<p><span style=\"font-size: 14pt;\"><strong>Srbsko, ktor\u00e9ho prezident sa 9. m\u00e1ja z\u00fa\u010dastnil na prehliadke v Moskve, dod\u00e1va Ukrajine zbrane cez tretie krajiny, tvrd\u00ed Feder\u00e1lna slu\u017eba vonkaj\u0161ej rozviedky Ruskej feder\u00e1cie (SVR)<\/strong><\/span><\/p>\n<p><span style=\"font-size: 14pt;\"><a href=\"https:\/\/www.hlavnespravy.sk\/rusko-obvinilo-srbsko-z-neferoveho-pristupu\/3945468\" target=\"_blank\" rel=\"noopener\">https:\/\/www.hlavnespravy.sk\/rusko-obvinilo-srbsko-z-neferoveho-pristupu\/3945468<\/a><\/span><\/p>\n<p style=\"text-align: justify;\"><span style=\"font-size: 14pt;\"><strong>Literat\u00fara<\/strong><\/span><\/p>\n<p style=\"text-align: justify;\"><span style=\"font-size: 14pt;\"><a href=\"https:\/\/www.csfd.sk\/film\/189557-obchodnik-so-smrtou\/prehlad\/\" target=\"_blank\" rel=\"noopener\">https:\/\/www.csfd.sk\/film\/189557-obchodnik-so-smrtou\/prehlad\/<\/a><\/span><\/p>\n<p style=\"text-align: justify;\">&nbsp;<\/p>\n<div class=\"ast-oembed-container \" style=\"height: 100%;\"><iframe loading=\"lazy\" title=\"Dnes sa naplno uk\u00e1zalo, ak\u00fd obojok nasadili nepriate\u013esk\u00e9 m\u00e9di\u00e1 a mimovl\u00e1dky p\u00e1novi \u0160ime\u010dkovi z PS.\" width=\"500\" height=\"281\" src=\"https:\/\/www.youtube.com\/embed\/r1abYvtkfHQ?feature=oembed\" frameborder=\"0\" allow=\"accelerometer; autoplay; clipboard-write; encrypted-media; gyroscope; picture-in-picture; web-share\" referrerpolicy=\"strict-origin-when-cross-origin\" allowfullscreen><\/iframe><\/div>\n<h5 class=\"modern-footnotes-list-heading \">POZN\u00c1MKY<\/h5><ul class=\"modern-footnotes-list \"><li><span>1<\/span><div>\u010cak\u00e1m, \u017ee n\u00e1m tieto v\u00fdvrtky vysvetl\u00ed.<\/div><\/li><\/ul>","protected":false},"excerpt":{"rendered":"<p>V pr\u00edpade, \u017ee politici Smeru v predvolebnej kampani s\u013eubuj\u00fa, \u017ee ukon\u010dia dod\u00e1vanie zbran\u00ed&nbsp; na Ukrajinu a s\u00fa&nbsp; iba za mierov\u00e9 rie\u0161enie, nem\u00f4\u017ee by\u0165 nesk\u00f4r premi\u00e9r Fico prekvapen\u00fd, pre\u010do nie v\u0161etci pokladaj\u00fa&nbsp; za splnenie predvolebn\u00fdch s\u013eubov, ke\u010f nedod\u00e1 Ukrajine zbrane, ktor\u00e9 u\u017e nem\u00e1. Pri\u010dom on aj minister zahrani\u010dn\u00fdch vec\u00ed vyhl\u00e1sia, \u017ee s\u00fakromn\u00fdm zbroj\u00e1rskym firm\u00e1m vo v\u00fdvoze [&hellip;]<\/p>\n","protected":false},"author":1,"featured_media":10330,"comment_status":"open","ping_status":"open","sticky":false,"template":"","format":"standard","meta":{"_uag_custom_page_level_css":"","site-sidebar-layout":"default","site-content-layout":"","ast-site-content-layout":"default","site-content-style":"default","site-sidebar-style":"default","ast-global-header-display":"","ast-banner-title-visibility":"","ast-main-header-display":"","ast-hfb-above-header-display":"","ast-hfb-below-header-display":"","ast-hfb-mobile-header-display":"","site-post-title":"","ast-breadcrumbs-content":"","ast-featured-img":"","footer-sml-layout":"","ast-disable-related-posts":"","theme-transparent-header-meta":"default","adv-header-id-meta":"","stick-header-meta":"","header-above-stick-meta":"","header-main-stick-meta":"","header-below-stick-meta":"","astra-migrate-meta-layouts":"set","ast-page-background-enabled":"default","ast-page-background-meta":{"desktop":{"background-color":"","background-image":"","background-repeat":"repeat","background-position":"center center","background-size":"auto","background-attachment":"scroll","background-type":"","background-media":"","overlay-type":"","overlay-color":"","overlay-opacity":"","overlay-gradient":""},"tablet":{"background-color":"","background-image":"","background-repeat":"repeat","background-position":"center center","background-size":"auto","background-attachment":"scroll","background-type":"","background-media":"","overlay-type":"","overlay-color":"","overlay-opacity":"","overlay-gradient":""},"mobile":{"background-color":"","background-image":"","background-repeat":"repeat","background-position":"center center","background-size":"auto","background-attachment":"scroll","background-type":"","background-media":"","overlay-type":"","overlay-color":"","overlay-opacity":"","overlay-gradient":""}},"ast-content-background-meta":{"desktop":{"background-color":"var(--ast-global-color-5)","background-image":"","background-repeat":"repeat","background-position":"center center","background-size":"auto","background-attachment":"scroll","background-type":"","background-media":"","overlay-type":"","overlay-color":"","overlay-opacity":"","overlay-gradient":""},"tablet":{"background-color":"var(--ast-global-color-5)","background-image":"","background-repeat":"repeat","background-position":"center center","background-size":"auto","background-attachment":"scroll","background-type":"","background-media":"","overlay-type":"","overlay-color":"","overlay-opacity":"","overlay-gradient":""},"mobile":{"background-color":"var(--ast-global-color-5)","background-image":"","background-repeat":"repeat","background-position":"center center","background-size":"auto","background-attachment":"scroll","background-type":"","background-media":"","overlay-type":"","overlay-color":"","overlay-opacity":"","overlay-gradient":""}},"ngg_post_thumbnail":0,"footnotes":""},"categories":[1,6],"tags":[],"class_list":["post-10320","post","type-post","status-publish","format-standard","has-post-thumbnail","hentry","category-postrehy-uvahy-aktualne","category-fejtony"],"yoast_head":"<!-- This site is optimized with the Yoast SEO plugin v27.5 - https:\/\/yoast.com\/product\/yoast-seo-wordpress\/ -->\n<title>Nerozumeli sme sa - fejt\u00f3n - DOMOVINA<\/title>\n<meta name=\"robots\" content=\"index, follow, max-snippet:-1, max-image-preview:large, max-video-preview:-1\" \/>\n<link rel=\"canonical\" href=\"https:\/\/www.antikvar.sk\/blog\/nerozumeli-sme-sa-poznamka\/\" \/>\n<meta property=\"og:locale\" content=\"sk_SK\" \/>\n<meta property=\"og:type\" content=\"article\" \/>\n<meta property=\"og:title\" content=\"Nerozumeli sme sa - fejt\u00f3n - DOMOVINA\" \/>\n<meta property=\"og:description\" content=\"V pr\u00edpade, \u017ee politici Smeru v predvolebnej kampani s\u013eubuj\u00fa, \u017ee ukon\u010dia dod\u00e1vanie zbran\u00ed&nbsp; na Ukrajinu a s\u00fa&nbsp; iba za mierov\u00e9 rie\u0161enie, nem\u00f4\u017ee by\u0165 nesk\u00f4r premi\u00e9r Fico prekvapen\u00fd, pre\u010do nie v\u0161etci pokladaj\u00fa&nbsp; za splnenie predvolebn\u00fdch s\u013eubov, ke\u010f nedod\u00e1 Ukrajine zbrane, ktor\u00e9 u\u017e nem\u00e1. Pri\u010dom on aj minister zahrani\u010dn\u00fdch vec\u00ed vyhl\u00e1sia, \u017ee s\u00fakromn\u00fdm zbroj\u00e1rskym firm\u00e1m vo v\u00fdvoze [&hellip;]\" \/>\n<meta property=\"og:url\" content=\"https:\/\/www.antikvar.sk\/blog\/nerozumeli-sme-sa-poznamka\/\" \/>\n<meta property=\"og:site_name\" content=\"DOMOVINA\" \/>\n<meta property=\"article:published_time\" content=\"2023-11-06T20:34:54+00:00\" \/>\n<meta property=\"article:modified_time\" content=\"2025-05-30T07:26:44+00:00\" \/>\n<meta property=\"og:image\" content=\"https:\/\/www.antikvar.sk\/blog\/wp-content\/uploads\/2023\/11\/banany.jpg\" \/>\n\t<meta property=\"og:image:width\" content=\"450\" \/>\n\t<meta property=\"og:image:height\" content=\"337\" \/>\n\t<meta property=\"og:image:type\" content=\"image\/jpeg\" \/>\n<meta name=\"author\" content=\"jaropoky\" \/>\n<meta name=\"twitter:card\" content=\"summary_large_image\" \/>\n<meta name=\"twitter:label1\" content=\"Autor\" \/>\n\t<meta name=\"twitter:data1\" content=\"jaropoky\" \/>\n\t<meta name=\"twitter:label2\" content=\"Predpokladan\u00fd \u010das \u010d\u00edtania\" \/>\n\t<meta name=\"twitter:data2\" content=\"3 min\u00faty\" \/>\n<script type=\"application\/ld+json\" class=\"yoast-schema-graph\">{\"@context\":\"https:\\\/\\\/schema.org\",\"@graph\":[{\"@type\":\"Article\",\"@id\":\"https:\\\/\\\/www.antikvar.sk\\\/blog\\\/nerozumeli-sme-sa-poznamka\\\/#article\",\"isPartOf\":{\"@id\":\"https:\\\/\\\/www.antikvar.sk\\\/blog\\\/nerozumeli-sme-sa-poznamka\\\/\"},\"author\":{\"name\":\"jaropoky\",\"@id\":\"https:\\\/\\\/www.antikvar.sk\\\/blog\\\/#\\\/schema\\\/person\\\/960f1c7c0f38d050499287d3a7924469\"},\"headline\":\"Nerozumeli sme sa &#8211; fejt\u00f3n\",\"datePublished\":\"2023-11-06T20:34:54+00:00\",\"dateModified\":\"2025-05-30T07:26:44+00:00\",\"mainEntityOfPage\":{\"@id\":\"https:\\\/\\\/www.antikvar.sk\\\/blog\\\/nerozumeli-sme-sa-poznamka\\\/\"},\"wordCount\":620,\"commentCount\":0,\"publisher\":{\"@id\":\"https:\\\/\\\/www.antikvar.sk\\\/blog\\\/#\\\/schema\\\/person\\\/960f1c7c0f38d050499287d3a7924469\"},\"image\":{\"@id\":\"https:\\\/\\\/www.antikvar.sk\\\/blog\\\/nerozumeli-sme-sa-poznamka\\\/#primaryimage\"},\"thumbnailUrl\":\"https:\\\/\\\/www.antikvar.sk\\\/blog\\\/wp-content\\\/uploads\\\/2023\\\/11\\\/banany.jpg\",\"articleSection\":[\"Aktu\u00e1lne postrehy a \u00favahy\",\"Fejt\u00f3ny\"],\"inLanguage\":\"sk-SK\",\"potentialAction\":[{\"@type\":\"CommentAction\",\"name\":\"Comment\",\"target\":[\"https:\\\/\\\/www.antikvar.sk\\\/blog\\\/nerozumeli-sme-sa-poznamka\\\/#respond\"]}]},{\"@type\":\"WebPage\",\"@id\":\"https:\\\/\\\/www.antikvar.sk\\\/blog\\\/nerozumeli-sme-sa-poznamka\\\/\",\"url\":\"https:\\\/\\\/www.antikvar.sk\\\/blog\\\/nerozumeli-sme-sa-poznamka\\\/\",\"name\":\"Nerozumeli sme sa - fejt\u00f3n - DOMOVINA\",\"isPartOf\":{\"@id\":\"https:\\\/\\\/www.antikvar.sk\\\/blog\\\/#website\"},\"primaryImageOfPage\":{\"@id\":\"https:\\\/\\\/www.antikvar.sk\\\/blog\\\/nerozumeli-sme-sa-poznamka\\\/#primaryimage\"},\"image\":{\"@id\":\"https:\\\/\\\/www.antikvar.sk\\\/blog\\\/nerozumeli-sme-sa-poznamka\\\/#primaryimage\"},\"thumbnailUrl\":\"https:\\\/\\\/www.antikvar.sk\\\/blog\\\/wp-content\\\/uploads\\\/2023\\\/11\\\/banany.jpg\",\"datePublished\":\"2023-11-06T20:34:54+00:00\",\"dateModified\":\"2025-05-30T07:26:44+00:00\",\"breadcrumb\":{\"@id\":\"https:\\\/\\\/www.antikvar.sk\\\/blog\\\/nerozumeli-sme-sa-poznamka\\\/#breadcrumb\"},\"inLanguage\":\"sk-SK\",\"potentialAction\":[{\"@type\":\"ReadAction\",\"target\":[\"https:\\\/\\\/www.antikvar.sk\\\/blog\\\/nerozumeli-sme-sa-poznamka\\\/\"]}]},{\"@type\":\"ImageObject\",\"inLanguage\":\"sk-SK\",\"@id\":\"https:\\\/\\\/www.antikvar.sk\\\/blog\\\/nerozumeli-sme-sa-poznamka\\\/#primaryimage\",\"url\":\"https:\\\/\\\/www.antikvar.sk\\\/blog\\\/wp-content\\\/uploads\\\/2023\\\/11\\\/banany.jpg\",\"contentUrl\":\"https:\\\/\\\/www.antikvar.sk\\\/blog\\\/wp-content\\\/uploads\\\/2023\\\/11\\\/banany.jpg\",\"width\":450,\"height\":337},{\"@type\":\"BreadcrumbList\",\"@id\":\"https:\\\/\\\/www.antikvar.sk\\\/blog\\\/nerozumeli-sme-sa-poznamka\\\/#breadcrumb\",\"itemListElement\":[{\"@type\":\"ListItem\",\"position\":1,\"name\":\"Domovsk\u00e1 str\u00e1nka\",\"item\":\"https:\\\/\\\/www.antikvar.sk\\\/blog\\\/\"},{\"@type\":\"ListItem\",\"position\":2,\"name\":\"Nerozumeli sme sa &#8211; fejt\u00f3n\"}]},{\"@type\":\"WebSite\",\"@id\":\"https:\\\/\\\/www.antikvar.sk\\\/blog\\\/#website\",\"url\":\"https:\\\/\\\/www.antikvar.sk\\\/blog\\\/\",\"name\":\"DOMOVINA\",\"description\":\"Nezabudnite na svoje rodisko, bez neho je len do pekla schodisko\",\"publisher\":{\"@id\":\"https:\\\/\\\/www.antikvar.sk\\\/blog\\\/#\\\/schema\\\/person\\\/960f1c7c0f38d050499287d3a7924469\"},\"potentialAction\":[{\"@type\":\"SearchAction\",\"target\":{\"@type\":\"EntryPoint\",\"urlTemplate\":\"https:\\\/\\\/www.antikvar.sk\\\/blog\\\/?s={search_term_string}\"},\"query-input\":{\"@type\":\"PropertyValueSpecification\",\"valueRequired\":true,\"valueName\":\"search_term_string\"}}],\"inLanguage\":\"sk-SK\"},{\"@type\":[\"Person\",\"Organization\"],\"@id\":\"https:\\\/\\\/www.antikvar.sk\\\/blog\\\/#\\\/schema\\\/person\\\/960f1c7c0f38d050499287d3a7924469\",\"name\":\"jaropoky\",\"image\":{\"@type\":\"ImageObject\",\"inLanguage\":\"sk-SK\",\"@id\":\"https:\\\/\\\/www.antikvar.sk\\\/blog\\\/wp-content\\\/uploads\\\/2021\\\/04\\\/cropped-cropped-KoreszkaWEB-2.jpg\",\"url\":\"https:\\\/\\\/www.antikvar.sk\\\/blog\\\/wp-content\\\/uploads\\\/2021\\\/04\\\/cropped-cropped-KoreszkaWEB-2.jpg\",\"contentUrl\":\"https:\\\/\\\/www.antikvar.sk\\\/blog\\\/wp-content\\\/uploads\\\/2021\\\/04\\\/cropped-cropped-KoreszkaWEB-2.jpg\",\"width\":863,\"height\":597,\"caption\":\"jaropoky\"},\"logo\":{\"@id\":\"https:\\\/\\\/www.antikvar.sk\\\/blog\\\/wp-content\\\/uploads\\\/2021\\\/04\\\/cropped-cropped-KoreszkaWEB-2.jpg\"},\"description\":\"Zauj\u00edma sa o filozofiu, umenie, pr\u00edrodu a alternat\u00edvnu medic\u00ednu. Bol vedeck\u00fd pracovn\u00edk a \u0161t\u00e1tny zamestnanec, teraz je na d\u00f4chodku.\",\"sameAs\":[\"http:\\\/\\\/www.antikvar.sk\\\/blog\"],\"url\":\"https:\\\/\\\/www.antikvar.sk\\\/blog\\\/author\\\/jaro\\\/\"}]}<\/script>\n<!-- \/ Yoast SEO plugin. -->","yoast_head_json":{"title":"Nerozumeli sme sa - fejt\u00f3n - DOMOVINA","robots":{"index":"index","follow":"follow","max-snippet":"max-snippet:-1","max-image-preview":"max-image-preview:large","max-video-preview":"max-video-preview:-1"},"canonical":"https:\/\/www.antikvar.sk\/blog\/nerozumeli-sme-sa-poznamka\/","og_locale":"sk_SK","og_type":"article","og_title":"Nerozumeli sme sa - fejt\u00f3n - DOMOVINA","og_description":"V pr\u00edpade, \u017ee politici Smeru v predvolebnej kampani s\u013eubuj\u00fa, \u017ee ukon\u010dia dod\u00e1vanie zbran\u00ed&nbsp; na Ukrajinu a s\u00fa&nbsp; iba za mierov\u00e9 rie\u0161enie, nem\u00f4\u017ee by\u0165 nesk\u00f4r premi\u00e9r Fico prekvapen\u00fd, pre\u010do nie v\u0161etci pokladaj\u00fa&nbsp; za splnenie predvolebn\u00fdch s\u013eubov, ke\u010f nedod\u00e1 Ukrajine zbrane, ktor\u00e9 u\u017e nem\u00e1. Pri\u010dom on aj minister zahrani\u010dn\u00fdch vec\u00ed vyhl\u00e1sia, \u017ee s\u00fakromn\u00fdm zbroj\u00e1rskym firm\u00e1m vo v\u00fdvoze [&hellip;]","og_url":"https:\/\/www.antikvar.sk\/blog\/nerozumeli-sme-sa-poznamka\/","og_site_name":"DOMOVINA","article_published_time":"2023-11-06T20:34:54+00:00","article_modified_time":"2025-05-30T07:26:44+00:00","og_image":[{"width":450,"height":337,"url":"https:\/\/www.antikvar.sk\/blog\/wp-content\/uploads\/2023\/11\/banany.jpg","type":"image\/jpeg"}],"author":"jaropoky","twitter_card":"summary_large_image","twitter_misc":{"Autor":"jaropoky","Predpokladan\u00fd \u010das \u010d\u00edtania":"3 min\u00faty"},"schema":{"@context":"https:\/\/schema.org","@graph":[{"@type":"Article","@id":"https:\/\/www.antikvar.sk\/blog\/nerozumeli-sme-sa-poznamka\/#article","isPartOf":{"@id":"https:\/\/www.antikvar.sk\/blog\/nerozumeli-sme-sa-poznamka\/"},"author":{"name":"jaropoky","@id":"https:\/\/www.antikvar.sk\/blog\/#\/schema\/person\/960f1c7c0f38d050499287d3a7924469"},"headline":"Nerozumeli sme sa &#8211; fejt\u00f3n","datePublished":"2023-11-06T20:34:54+00:00","dateModified":"2025-05-30T07:26:44+00:00","mainEntityOfPage":{"@id":"https:\/\/www.antikvar.sk\/blog\/nerozumeli-sme-sa-poznamka\/"},"wordCount":620,"commentCount":0,"publisher":{"@id":"https:\/\/www.antikvar.sk\/blog\/#\/schema\/person\/960f1c7c0f38d050499287d3a7924469"},"image":{"@id":"https:\/\/www.antikvar.sk\/blog\/nerozumeli-sme-sa-poznamka\/#primaryimage"},"thumbnailUrl":"https:\/\/www.antikvar.sk\/blog\/wp-content\/uploads\/2023\/11\/banany.jpg","articleSection":["Aktu\u00e1lne postrehy a \u00favahy","Fejt\u00f3ny"],"inLanguage":"sk-SK","potentialAction":[{"@type":"CommentAction","name":"Comment","target":["https:\/\/www.antikvar.sk\/blog\/nerozumeli-sme-sa-poznamka\/#respond"]}]},{"@type":"WebPage","@id":"https:\/\/www.antikvar.sk\/blog\/nerozumeli-sme-sa-poznamka\/","url":"https:\/\/www.antikvar.sk\/blog\/nerozumeli-sme-sa-poznamka\/","name":"Nerozumeli sme sa - fejt\u00f3n - DOMOVINA","isPartOf":{"@id":"https:\/\/www.antikvar.sk\/blog\/#website"},"primaryImageOfPage":{"@id":"https:\/\/www.antikvar.sk\/blog\/nerozumeli-sme-sa-poznamka\/#primaryimage"},"image":{"@id":"https:\/\/www.antikvar.sk\/blog\/nerozumeli-sme-sa-poznamka\/#primaryimage"},"thumbnailUrl":"https:\/\/www.antikvar.sk\/blog\/wp-content\/uploads\/2023\/11\/banany.jpg","datePublished":"2023-11-06T20:34:54+00:00","dateModified":"2025-05-30T07:26:44+00:00","breadcrumb":{"@id":"https:\/\/www.antikvar.sk\/blog\/nerozumeli-sme-sa-poznamka\/#breadcrumb"},"inLanguage":"sk-SK","potentialAction":[{"@type":"ReadAction","target":["https:\/\/www.antikvar.sk\/blog\/nerozumeli-sme-sa-poznamka\/"]}]},{"@type":"ImageObject","inLanguage":"sk-SK","@id":"https:\/\/www.antikvar.sk\/blog\/nerozumeli-sme-sa-poznamka\/#primaryimage","url":"https:\/\/www.antikvar.sk\/blog\/wp-content\/uploads\/2023\/11\/banany.jpg","contentUrl":"https:\/\/www.antikvar.sk\/blog\/wp-content\/uploads\/2023\/11\/banany.jpg","width":450,"height":337},{"@type":"BreadcrumbList","@id":"https:\/\/www.antikvar.sk\/blog\/nerozumeli-sme-sa-poznamka\/#breadcrumb","itemListElement":[{"@type":"ListItem","position":1,"name":"Domovsk\u00e1 str\u00e1nka","item":"https:\/\/www.antikvar.sk\/blog\/"},{"@type":"ListItem","position":2,"name":"Nerozumeli sme sa &#8211; fejt\u00f3n"}]},{"@type":"WebSite","@id":"https:\/\/www.antikvar.sk\/blog\/#website","url":"https:\/\/www.antikvar.sk\/blog\/","name":"DOMOVINA","description":"Nezabudnite na svoje rodisko, bez neho je len do pekla schodisko","publisher":{"@id":"https:\/\/www.antikvar.sk\/blog\/#\/schema\/person\/960f1c7c0f38d050499287d3a7924469"},"potentialAction":[{"@type":"SearchAction","target":{"@type":"EntryPoint","urlTemplate":"https:\/\/www.antikvar.sk\/blog\/?s={search_term_string}"},"query-input":{"@type":"PropertyValueSpecification","valueRequired":true,"valueName":"search_term_string"}}],"inLanguage":"sk-SK"},{"@type":["Person","Organization"],"@id":"https:\/\/www.antikvar.sk\/blog\/#\/schema\/person\/960f1c7c0f38d050499287d3a7924469","name":"jaropoky","image":{"@type":"ImageObject","inLanguage":"sk-SK","@id":"https:\/\/www.antikvar.sk\/blog\/wp-content\/uploads\/2021\/04\/cropped-cropped-KoreszkaWEB-2.jpg","url":"https:\/\/www.antikvar.sk\/blog\/wp-content\/uploads\/2021\/04\/cropped-cropped-KoreszkaWEB-2.jpg","contentUrl":"https:\/\/www.antikvar.sk\/blog\/wp-content\/uploads\/2021\/04\/cropped-cropped-KoreszkaWEB-2.jpg","width":863,"height":597,"caption":"jaropoky"},"logo":{"@id":"https:\/\/www.antikvar.sk\/blog\/wp-content\/uploads\/2021\/04\/cropped-cropped-KoreszkaWEB-2.jpg"},"description":"Zauj\u00edma sa o filozofiu, umenie, pr\u00edrodu a alternat\u00edvnu medic\u00ednu. Bol vedeck\u00fd pracovn\u00edk a \u0161t\u00e1tny zamestnanec, teraz je na d\u00f4chodku.","sameAs":["http:\/\/www.antikvar.sk\/blog"],"url":"https:\/\/www.antikvar.sk\/blog\/author\/jaro\/"}]}},"uagb_featured_image_src":{"full":["https:\/\/www.antikvar.sk\/blog\/wp-content\/uploads\/2023\/11\/banany.jpg",450,337,false],"thumbnail":["https:\/\/www.antikvar.sk\/blog\/wp-content\/uploads\/2023\/11\/banany-150x150.jpg",150,150,true],"medium":["https:\/\/www.antikvar.sk\/blog\/wp-content\/uploads\/2023\/11\/banany-300x225.jpg",300,225,true],"medium_large":["https:\/\/www.antikvar.sk\/blog\/wp-content\/uploads\/2023\/11\/banany.jpg",450,337,false],"large":["https:\/\/www.antikvar.sk\/blog\/wp-content\/uploads\/2023\/11\/banany.jpg",450,337,false],"1536x1536":["https:\/\/www.antikvar.sk\/blog\/wp-content\/uploads\/2023\/11\/banany.jpg",450,337,false],"2048x2048":["https:\/\/www.antikvar.sk\/blog\/wp-content\/uploads\/2023\/11\/banany.jpg",450,337,false],"crp_thumbnail":["https:\/\/www.antikvar.sk\/blog\/wp-content\/uploads\/2023\/11\/banany-150x150.jpg",150,150,true]},"uagb_author_info":{"display_name":"jaropoky","author_link":"https:\/\/www.antikvar.sk\/blog\/author\/jaro\/"},"uagb_comment_info":0,"uagb_excerpt":"V pr\u00edpade, \u017ee politici Smeru v predvolebnej kampani s\u013eubuj\u00fa, \u017ee ukon\u010dia dod\u00e1vanie zbran\u00ed&nbsp; na Ukrajinu a s\u00fa&nbsp; iba za mierov\u00e9 rie\u0161enie, nem\u00f4\u017ee by\u0165 nesk\u00f4r premi\u00e9r Fico prekvapen\u00fd, pre\u010do nie v\u0161etci pokladaj\u00fa&nbsp; za splnenie predvolebn\u00fdch s\u013eubov, ke\u010f nedod\u00e1 Ukrajine zbrane, ktor\u00e9 u\u017e nem\u00e1. Pri\u010dom on aj minister zahrani\u010dn\u00fdch vec\u00ed vyhl\u00e1sia, \u017ee s\u00fakromn\u00fdm zbroj\u00e1rskym firm\u00e1m vo v\u00fdvoze&hellip;","_links":{"self":[{"href":"https:\/\/www.antikvar.sk\/blog\/wp-json\/wp\/v2\/posts\/10320","targetHints":{"allow":["GET"]}}],"collection":[{"href":"https:\/\/www.antikvar.sk\/blog\/wp-json\/wp\/v2\/posts"}],"about":[{"href":"https:\/\/www.antikvar.sk\/blog\/wp-json\/wp\/v2\/types\/post"}],"author":[{"embeddable":true,"href":"https:\/\/www.antikvar.sk\/blog\/wp-json\/wp\/v2\/users\/1"}],"replies":[{"embeddable":true,"href":"https:\/\/www.antikvar.sk\/blog\/wp-json\/wp\/v2\/comments?post=10320"}],"version-history":[{"count":3,"href":"https:\/\/www.antikvar.sk\/blog\/wp-json\/wp\/v2\/posts\/10320\/revisions"}],"predecessor-version":[{"id":13474,"href":"https:\/\/www.antikvar.sk\/blog\/wp-json\/wp\/v2\/posts\/10320\/revisions\/13474"}],"wp:featuredmedia":[{"embeddable":true,"href":"https:\/\/www.antikvar.sk\/blog\/wp-json\/wp\/v2\/media\/10330"}],"wp:attachment":[{"href":"https:\/\/www.antikvar.sk\/blog\/wp-json\/wp\/v2\/media?parent=10320"}],"wp:term":[{"taxonomy":"category","embeddable":true,"href":"https:\/\/www.antikvar.sk\/blog\/wp-json\/wp\/v2\/categories?post=10320"},{"taxonomy":"post_tag","embeddable":true,"href":"https:\/\/www.antikvar.sk\/blog\/wp-json\/wp\/v2\/tags?post=10320"}],"curies":[{"name":"wp","href":"https:\/\/api.w.org\/{rel}","templated":true}]}}